{"id":6241,"date":"2023-11-25T11:00:42","date_gmt":"2023-11-25T14:00:42","guid":{"rendered":"https:\/\/noticiasribeiraopreto.com.br\/index.php\/2023\/11\/25\/presidente-da-caixa-anuncia-possivel-redirecionamento-do-fgts\/"},"modified":"2023-11-25T11:00:42","modified_gmt":"2023-11-25T14:00:42","slug":"presidente-da-caixa-anuncia-possivel-redirecionamento-do-fgts","status":"publish","type":"post","link":"https:\/\/noticiasribeiraopreto.com.br\/index.php\/2023\/11\/25\/presidente-da-caixa-anuncia-possivel-redirecionamento-do-fgts\/","title":{"rendered":"Presidente da Caixa anuncia poss\u00edvel redirecionamento do FGTS"},"content":{"rendered":"<div class='code-block code-block-1' style='margin: 8px 0 8px auto; text-align: right; display: block; clear: both;'>\n<p><a href=\"https:\/\/wa.link\/vpicfd\"><img data-recalc-dims=\"1\" class=\"wp-image-4922\" style=\"aspect-ratio: 2.0253164556962027; width: 561px; height: auto;\" src=\"https:\/\/i0.wp.com\/ismaelcolosi.com.br\/wp-content\/uploads\/2023\/11\/grupo-de-empregos-whatsapp-e-facebook-ismael-colosi-vagas.jpg?ssl=1\" alt=\"\" \/><\/a><\/p>\n<!-- \/wp:image -->\n<\/div>\n<p> <br \/>\n<\/p>\n<div>\n<div id=\"attachment_2267120\" class=\"wp-caption alignnone\">\n<div class=\"d-flex justify-content-center\" data-attachment-id=\"2267120\">\n<div class=\"position-relative d-inline-block\"><img data-recalc-dims=\"1\" data-portal-copyright=\"Ag\u00eancia Brasil\/Marcello Casal Jr\" decoding=\"async\" fetchpriority=\"high\" class=\"size-full wp-image-2267120\" src=\"https:\/\/i0.wp.com\/catracalivre.com.br\/wp-content\/uploads\/2023\/04\/stf-vai-avaliar-mudancas-significativas-no-fgts-veja-o-que-pode-mudar.jpg?resize=1164%2C694&#038;ssl=1\" alt=\"STF vai avaliar mudan\u00e7as significativas no FGTS; veja o que pode mudar\" width=\"1164\" height=\"694\" srcset=\"https:\/\/catracalivre.com.br\/wp-content\/uploads\/2023\/04\/stf-vai-avaliar-mudancas-significativas-no-fgts-veja-o-que-pode-mudar.jpg 1164w, https:\/\/catracalivre.com.br\/wp-content\/uploads\/2023\/04\/stf-vai-avaliar-mudancas-significativas-no-fgts-veja-o-que-pode-mudar-450x268.jpg 450w, https:\/\/catracalivre.com.br\/wp-content\/uploads\/2023\/04\/stf-vai-avaliar-mudancas-significativas-no-fgts-veja-o-que-pode-mudar-768x458.jpg 768w\" sizes=\"(max-width: 1164px) 100vw, 1164px\"\/><\/p>\n<p>Cr\u00e9ditos: Ag\u00eancia Brasil\/Marcello Casal Jr<\/p>\n<\/div>\n<\/div>\n<p><span class=\"post-imagem__legenda\">STF vai avaliar mudan\u00e7as significativas no FGTS; veja o que pode mudar<\/span><\/p>\n<\/div>\n<p>Em um pronunciamento recente, o presidente da Caixa, em conjunto com a possibilidade de cria\u00e7\u00e3o de um fundo de infraestrutura, levantou questionamentos sobre o futuro dos recursos do Fundo de Garantia do Tempo de Servi\u00e7o (FGTS). A proposta sugere uma nova destina\u00e7\u00e3o para o dinheiro do fundo, com foco em obras de grande relev\u00e2ncia para o desenvolvimento do pa\u00eds.<\/p>\n<h2>Fundo de Infraestrutura e suas implica\u00e7\u00f5es<\/h2>\n<p>O an\u00fancio prop\u00f5e a cria\u00e7\u00e3o de um fundo de infraestrutura que ter\u00e1 como objetivo financiar projetos nas \u00e1reas de saneamento, mobilidade urbana e ferrovias em todo o territ\u00f3rio nacional. Essa medida surge como uma estrat\u00e9gia para alavancar o desenvolvimento da infraestrutura brasileira e enfrentar desafios cruciais para o crescimento sustent\u00e1vel do pa\u00eds.<\/p>\n<p>Atualmente, o fundo de investimentos do <a href=\"https:\/\/catracalivre.com.br\/cidadania\/fim-do-saque-aniversario-do-fgts-em-2024-saiba-da-proposta\/\">FGTS<\/a> j\u00e1 conta com uma reserva significativa, ultrapassando a marca dos R$ 20 milh\u00f5es. No entanto, a expectativa \u00e9 que o novo fundo destinado \u00e0 infraestrutura consiga superar esse montante, especialmente com a possibilidade de atrair investidores estrangeiros e recursos provenientes de fundos de pens\u00e3o, que enfrentam desafios de baixo rendimento em suas aplica\u00e7\u00f5es.<\/p>\n<h2>Mudan\u00e7a no rendimento do FGTS<\/h2>\n<p>Paralelamente, tramita no Supremo Tribunal Federal um processo que visa atualizar a taxa de rendimento do <a href=\"https:\/\/catracalivre.com.br\/cidadania\/atencao-governo-anuncia-nova-mudanca-no-fgts\/\">FGTS.<\/a> Atualmente, essa taxa \u00e9 calculada com base na taxa referencial mais 3%, o que resulta em um rendimento considerado baixo em compara\u00e7\u00e3o a outras formas de investimento. Isso tem levado a perdas acumuladas ao longo dos anos para os trabalhadores que mant\u00eam saldos no fundo.<\/p>\n<p>A proposta em discuss\u00e3o no Supremo prev\u00ea uma mudan\u00e7a significativa nesse cen\u00e1rio, propondo que a taxa de rendimento do FGTS seja reajustada pelo mesmo \u00edndice da poupan\u00e7a. Essa medida tem o potencial de reduzir as perdas acumuladas pelos trabalhadores ao longo do tempo, garantindo um rendimento mais alinhado com a infla\u00e7\u00e3o e, consequentemente, uma preserva\u00e7\u00e3o mais eficaz do poder de compra.<\/p>\n<h2>Status do julgamento no Supremo<\/h2>\n<p>O julgamento sobre a mudan\u00e7a na taxa de rendimento do FGTS j\u00e1 teve tr\u00eas ministros votando de forma favor\u00e1vel ao projeto. No entanto, o processo foi paralisado ap\u00f3s um pedido de vista, e ainda n\u00e3o h\u00e1 um prazo definido para a retomada das discuss\u00f5es.<\/p>\n<p>Essa mudan\u00e7a proposta no Supremo, somada \u00e0 possibilidade de redirecionamento de recursos do FGTS para um fundo de infraestrutura, sugere uma fase de transforma\u00e7\u00f5es significativas no panorama dos investimentos e direitos dos trabalhadores. A an\u00e1lise atenta desses eventos \u00e9 essencial para compreender as implica\u00e7\u00f5es financeiras e sociais que podem surgir no cen\u00e1rio brasileiro nos pr\u00f3ximos meses.<\/p>\n<\/div>\n<p><script>\n\t\t! function(f, b, e, v, n, t, s) {\n\t\t\tif (f.fbq) return;\n\t\t\tn = f.fbq = function() {\n\t\t\t\tn.callMethod ?\n\t\t\t\t\tn.callMethod.apply(n, arguments) : n.queue.push(arguments)\n\t\t\t};\n\t\t\tif (!f._fbq) f._fbq = n;\n\t\t\tn.push = n;\n\t\t\tn.loaded = !0;\n\t\t\tn.version = '2.0';\n\t\t\tn.queue = [];\n\t\t\tt = b.createElement(e);\n\t\t\tt.async = !0;\n\t\t\tt.src = v;\n\t\t\ts = b.getElementsByTagName(e)[0];\n\t\t\ts.parentNode.insertBefore(t, s)\n\t\t}(window, document, 'script',\n\t\t\t'https:\/\/connect.facebook.net\/en_US\/fbevents.js');\n\t\tfbq('init', '338315473262380');\n\t\tfbq('track', 'PageView');\n\t<\/script><br \/>\n<br \/><br \/>\n<br \/><a href=\"https:\/\/catracalivre.com.br\/cidadania\/presidente-da-caixa-anuncia-possivel-redirecionamento-do-fgts\/\">Source link <\/a><\/p>\n<!-- CONTENT END 1 -->\n","protected":false},"excerpt":{"rendered":"<p>Cr\u00e9ditos: Ag\u00eancia Brasil\/Marcello Casal Jr STF vai avaliar mudan\u00e7as significativas no FGTS; veja o que pode mudar Em um pronunciamento recente, o presidente da Caixa,&#8230;<\/p>\n","protected":false},"author":1,"featured_media":6242,"comment_status":"open","ping_status":"open","sticky":false,"template":"","format":"standard","meta":{"advanced_seo_description":"","jetpack_seo_html_title":"","jetpack_seo_noindex":false,"jetpack_post_was_ever_published":false,"_jetpack_newsletter_access":"","_jetpack_dont_email_post_to_subs":false,"_jetpack_newsletter_tier_id":0,"_jetpack_memberships_contains_paywalled_content":false,"_jetpack_memberships_contains_paid_content":false,"footnotes":"","jetpack_publicize_message":"","jetpack_publicize_feature_enabled":true,"jetpack_social_post_already_shared":true,"jetpack_social_options":{"image_generator_settings":{"template":"highway","default_image_id":0,"font":"","enabled":false},"version":2}},"categories":[19],"tags":[],"class_list":["post-6241","post","type-post","status-publish","format-standard","has-post-thumbnail","hentry","category-variedades"],"jetpack_publicize_connections":[],"jetpack_featured_media_url":"https:\/\/i0.wp.com\/noticiasribeiraopreto.com.br\/wp-content\/uploads\/2023\/11\/caixa-libera-novo-lote-pis-pasep-veja-quem-recebe-ate-r-1-320.jpg?fit=1200%2C638&ssl=1","jetpack-related-posts":[{"id":4106,"url":"https:\/\/noticiasribeiraopreto.com.br\/index.php\/2023\/11\/20\/governo-anuncia-pagamentos-voltados-para-o-fgts\/","url_meta":{"origin":6241,"position":0},"title":"Governo anuncia pagamentos voltados para o FGTS","author":"noticiasribeiraopreto.com.br","date":"20 de November de 2023","format":false,"excerpt":"Cr\u00e9ditos: Ag\u00eancia Brasil\/Marcelo CamargoNovidade sobre corre\u00e7\u00e3o do FGTS SURPREENDE brasileiros\u00c0 medida que nos aproximamos do pr\u00f3ximo ano, os trabalhadores j\u00e1 come\u00e7am a se preparar para as possibilidades de saque do Fundo de Garantia do Tempo de Servi\u00e7o (FGTS) em 2024. O governo federal j\u00e1 anunciou algumas modalidades de pagamento que\u2026","rel":"","context":"In &quot;Variedades&quot;","block_context":{"text":"Variedades","link":"https:\/\/noticiasribeiraopreto.com.br\/index.php\/category\/variedades\/"},"img":{"alt_text":"","src":"https:\/\/i0.wp.com\/noticiasribeiraopreto.com.br\/wp-content\/uploads\/2023\/11\/1700523733_fgts-digital.jpg?fit=1200%2C638&ssl=1&resize=350%2C200","width":350,"height":200,"srcset":"https:\/\/i0.wp.com\/noticiasribeiraopreto.com.br\/wp-content\/uploads\/2023\/11\/1700523733_fgts-digital.jpg?fit=1200%2C638&ssl=1&resize=350%2C200 1x, https:\/\/i0.wp.com\/noticiasribeiraopreto.com.br\/wp-content\/uploads\/2023\/11\/1700523733_fgts-digital.jpg?fit=1200%2C638&ssl=1&resize=525%2C300 1.5x, https:\/\/i0.wp.com\/noticiasribeiraopreto.com.br\/wp-content\/uploads\/2023\/11\/1700523733_fgts-digital.jpg?fit=1200%2C638&ssl=1&resize=700%2C400 2x, https:\/\/i0.wp.com\/noticiasribeiraopreto.com.br\/wp-content\/uploads\/2023\/11\/1700523733_fgts-digital.jpg?fit=1200%2C638&ssl=1&resize=1050%2C600 3x"},"classes":[]},{"id":55619,"url":"https:\/\/noticiasribeiraopreto.com.br\/index.php\/2024\/08\/04\/caixa-anuncia-pagamento-do-lucro-do-fgts-descubra-a-data-que-voce-vai-receber-2\/","url_meta":{"origin":6241,"position":1},"title":"Caixa Anuncia Pagamento do Lucro do FGTS: Descubra a Data Que Voc\u00ea Vai Receber","author":"noticiasribeiraopreto.com.br","date":"4 de August de 2024","format":false,"excerpt":"A Caixa Econ\u00f4mica Federal anunciou uma importante medida que afeta diretamente os trabalhadores no Brasil. Com a \u00faltima decis\u00e3o, a institui\u00e7\u00e3o confirmou a libera\u00e7\u00e3o dos benef\u00edcios recebidos pelo FGTS e proporcionou al\u00edvio financeiro a muitos cidad\u00e3os. Este dividendo \u00e9 aguardado com ansiedade e promete grandes benef\u00edcios financeiros. Essa a\u00e7\u00e3o representa\u2026","rel":"","context":"In &quot;Dinheiro e Investimento&quot;","block_context":{"text":"Dinheiro e Investimento","link":"https:\/\/noticiasribeiraopreto.com.br\/index.php\/category\/dinheiro-e-investimento-como-fazer-como-ganhar\/"},"img":{"alt_text":"","src":"https:\/\/i0.wp.com\/noticiasribeiraopreto.com.br\/wp-content\/uploads\/2024\/07\/www.Financasbrasil.org_-2.webp.webp?fit=1200%2C630&ssl=1&resize=350%2C200","width":350,"height":200,"srcset":"https:\/\/i0.wp.com\/noticiasribeiraopreto.com.br\/wp-content\/uploads\/2024\/07\/www.Financasbrasil.org_-2.webp.webp?fit=1200%2C630&ssl=1&resize=350%2C200 1x, https:\/\/i0.wp.com\/noticiasribeiraopreto.com.br\/wp-content\/uploads\/2024\/07\/www.Financasbrasil.org_-2.webp.webp?fit=1200%2C630&ssl=1&resize=525%2C300 1.5x, https:\/\/i0.wp.com\/noticiasribeiraopreto.com.br\/wp-content\/uploads\/2024\/07\/www.Financasbrasil.org_-2.webp.webp?fit=1200%2C630&ssl=1&resize=700%2C400 2x, https:\/\/i0.wp.com\/noticiasribeiraopreto.com.br\/wp-content\/uploads\/2024\/07\/www.Financasbrasil.org_-2.webp.webp?fit=1200%2C630&ssl=1&resize=1050%2C600 3x"},"classes":[]},{"id":20024,"url":"https:\/\/noticiasribeiraopreto.com.br\/index.php\/2023\/12\/23\/fgts-anuncia-possibilidades-de-saques-em-janeiro-de-2024\/","url_meta":{"origin":6241,"position":2},"title":"FGTS anuncia possibilidades de saques em janeiro de 2024","author":"noticiasribeiraopreto.com.br","date":"23 de December de 2023","format":false,"excerpt":"Cr\u00e9ditos: Ag\u00eancia Brasil\/Marcelo CamargoNovidade sobre corre\u00e7\u00e3o do FGTS SURPREENDE brasileirosCom a chegada de 2024, o Fundo de Garantia do Tempo de Servi\u00e7o (FGTS) anuncia uma s\u00e9rie de possibilidades de saques, abrindo caminho para que os trabalhadores possam acessar recursos que podem fazer a diferen\u00e7a em suas vidas financeiras. Essas modalidades,\u2026","rel":"","context":"In &quot;Variedades&quot;","block_context":{"text":"Variedades","link":"https:\/\/noticiasribeiraopreto.com.br\/index.php\/category\/variedades\/"},"img":{"alt_text":"","src":"https:\/\/i0.wp.com\/noticiasribeiraopreto.com.br\/wp-content\/uploads\/2023\/12\/fique-ligado-voce-pode-ser-um-dos-beneficiados-com-o-lucro-do-fgts.png?fit=1200%2C638&ssl=1&resize=350%2C200","width":350,"height":200,"srcset":"https:\/\/i0.wp.com\/noticiasribeiraopreto.com.br\/wp-content\/uploads\/2023\/12\/fique-ligado-voce-pode-ser-um-dos-beneficiados-com-o-lucro-do-fgts.png?fit=1200%2C638&ssl=1&resize=350%2C200 1x, https:\/\/i0.wp.com\/noticiasribeiraopreto.com.br\/wp-content\/uploads\/2023\/12\/fique-ligado-voce-pode-ser-um-dos-beneficiados-com-o-lucro-do-fgts.png?fit=1200%2C638&ssl=1&resize=525%2C300 1.5x, https:\/\/i0.wp.com\/noticiasribeiraopreto.com.br\/wp-content\/uploads\/2023\/12\/fique-ligado-voce-pode-ser-um-dos-beneficiados-com-o-lucro-do-fgts.png?fit=1200%2C638&ssl=1&resize=700%2C400 2x, https:\/\/i0.wp.com\/noticiasribeiraopreto.com.br\/wp-content\/uploads\/2023\/12\/fique-ligado-voce-pode-ser-um-dos-beneficiados-com-o-lucro-do-fgts.png?fit=1200%2C638&ssl=1&resize=1050%2C600 3x"},"classes":[]},{"id":4036,"url":"https:\/\/noticiasribeiraopreto.com.br\/index.php\/2023\/11\/20\/caixa-economica-federal-anuncia-novo-concurso-publico\/","url_meta":{"origin":6241,"position":3},"title":"Caixa Econ\u00f4mica Federal anuncia novo concurso p\u00fablico","author":"noticiasribeiraopreto.com.br","date":"20 de November de 2023","format":false,"excerpt":"Cr\u00e9ditos: Ag\u00eancia Brasil\/Marcelo CamargoCaixa anuncia novidades e surpreende brasileiros O presidente da Caixa Econ\u00f4mica Federal, Carlos Vieira, realizou um comunicado urgente que pegou muitos brasileiros de surpresa. A institui\u00e7\u00e3o est\u00e1 planejando a realiza\u00e7\u00e3o de um novo concurso em 2024, como parte de um Plano de Demiss\u00e3o Volunt\u00e1ria (PDV) que visa\u2026","rel":"","context":"In &quot;Variedades&quot;","block_context":{"text":"Variedades","link":"https:\/\/noticiasribeiraopreto.com.br\/index.php\/category\/variedades\/"},"img":{"alt_text":"","src":"https:\/\/i0.wp.com\/noticiasribeiraopreto.com.br\/wp-content\/uploads\/2023\/11\/caixa-tem-concurso.jpg?fit=1200%2C638&ssl=1&resize=350%2C200","width":350,"height":200,"srcset":"https:\/\/i0.wp.com\/noticiasribeiraopreto.com.br\/wp-content\/uploads\/2023\/11\/caixa-tem-concurso.jpg?fit=1200%2C638&ssl=1&resize=350%2C200 1x, https:\/\/i0.wp.com\/noticiasribeiraopreto.com.br\/wp-content\/uploads\/2023\/11\/caixa-tem-concurso.jpg?fit=1200%2C638&ssl=1&resize=525%2C300 1.5x, https:\/\/i0.wp.com\/noticiasribeiraopreto.com.br\/wp-content\/uploads\/2023\/11\/caixa-tem-concurso.jpg?fit=1200%2C638&ssl=1&resize=700%2C400 2x, https:\/\/i0.wp.com\/noticiasribeiraopreto.com.br\/wp-content\/uploads\/2023\/11\/caixa-tem-concurso.jpg?fit=1200%2C638&ssl=1&resize=1050%2C600 3x"},"classes":[]},{"id":4274,"url":"https:\/\/noticiasribeiraopreto.com.br\/index.php\/2023\/11\/21\/caixa-anuncia-mega-leilao-de-imoveis-com-descontos-de-ate-90\/","url_meta":{"origin":6241,"position":4},"title":"Caixa anuncia mega leil\u00e3o de im\u00f3veis com descontos de at\u00e9 90%","author":"noticiasribeiraopreto.com.br","date":"21 de November de 2023","format":false,"excerpt":"Cr\u00e9ditos: Ag\u00eancia Brasil\/Marcelo CamargoCaixa anuncia novidades A Caixa Econ\u00f4mica Federal anuncia um novo e imperd\u00edvel leil\u00e3o de im\u00f3veis que promete ser a oportunidade dos sonhos para quem busca adquirir uma casa pr\u00f3pria. Com descontos incr\u00edveis de at\u00e9 90%, o certame disponibilizar\u00e1 cerca de 800 im\u00f3veis, incluindo resid\u00eancias, terrenos e estabelecimentos\u2026","rel":"","context":"In &quot;Variedades&quot;","block_context":{"text":"Variedades","link":"https:\/\/noticiasribeiraopreto.com.br\/index.php\/category\/variedades\/"},"img":{"alt_text":"","src":"https:\/\/i0.wp.com\/noticiasribeiraopreto.com.br\/wp-content\/uploads\/2023\/11\/1700562546_caixa-tem-concurso.jpg?fit=1200%2C638&ssl=1&resize=350%2C200","width":350,"height":200,"srcset":"https:\/\/i0.wp.com\/noticiasribeiraopreto.com.br\/wp-content\/uploads\/2023\/11\/1700562546_caixa-tem-concurso.jpg?fit=1200%2C638&ssl=1&resize=350%2C200 1x, https:\/\/i0.wp.com\/noticiasribeiraopreto.com.br\/wp-content\/uploads\/2023\/11\/1700562546_caixa-tem-concurso.jpg?fit=1200%2C638&ssl=1&resize=525%2C300 1.5x, https:\/\/i0.wp.com\/noticiasribeiraopreto.com.br\/wp-content\/uploads\/2023\/11\/1700562546_caixa-tem-concurso.jpg?fit=1200%2C638&ssl=1&resize=700%2C400 2x, https:\/\/i0.wp.com\/noticiasribeiraopreto.com.br\/wp-content\/uploads\/2023\/11\/1700562546_caixa-tem-concurso.jpg?fit=1200%2C638&ssl=1&resize=1050%2C600 3x"},"classes":[]},{"id":55008,"url":"https:\/\/noticiasribeiraopreto.com.br\/index.php\/2024\/07\/27\/caixa-anuncia-pagamento-do-lucro-do-fgts-descubra-a-data-que-voce-vai-receber\/","url_meta":{"origin":6241,"position":5},"title":"Caixa Anuncia Pagamento do Lucro do FGTS: Descubra a Data Que Voc\u00ea Vai Receber","author":"noticiasribeiraopreto.com.br","date":"27 de July de 2024","format":false,"excerpt":"A Caixa Econ\u00f4mica Federal anunciou uma importante medida que afeta diretamente os trabalhadores no Brasil. Com a \u00faltima decis\u00e3o, a institui\u00e7\u00e3o confirmou a libera\u00e7\u00e3o dos benef\u00edcios recebidos pelo FGTS e proporcionou al\u00edvio financeiro a muitos cidad\u00e3os. Este dividendo \u00e9 aguardado com ansiedade e promete grandes benef\u00edcios financeiros. Essa a\u00e7\u00e3o representa\u2026","rel":"","context":"In &quot;Dinheiro e Investimento&quot;","block_context":{"text":"Dinheiro e Investimento","link":"https:\/\/noticiasribeiraopreto.com.br\/index.php\/category\/dinheiro-e-investimento-como-fazer-como-ganhar\/"},"img":{"alt_text":"","src":"https:\/\/i0.wp.com\/noticiasribeiraopreto.com.br\/wp-content\/uploads\/2024\/07\/www.Financasbrasil.org_-2.webp.webp?fit=1200%2C630&ssl=1&resize=350%2C200","width":350,"height":200,"srcset":"https:\/\/i0.wp.com\/noticiasribeiraopreto.com.br\/wp-content\/uploads\/2024\/07\/www.Financasbrasil.org_-2.webp.webp?fit=1200%2C630&ssl=1&resize=350%2C200 1x, https:\/\/i0.wp.com\/noticiasribeiraopreto.com.br\/wp-content\/uploads\/2024\/07\/www.Financasbrasil.org_-2.webp.webp?fit=1200%2C630&ssl=1&resize=525%2C300 1.5x, https:\/\/i0.wp.com\/noticiasribeiraopreto.com.br\/wp-content\/uploads\/2024\/07\/www.Financasbrasil.org_-2.webp.webp?fit=1200%2C630&ssl=1&resize=700%2C400 2x, https:\/\/i0.wp.com\/noticiasribeiraopreto.com.br\/wp-content\/uploads\/2024\/07\/www.Financasbrasil.org_-2.webp.webp?fit=1200%2C630&ssl=1&resize=1050%2C600 3x"},"classes":[]}],"jetpack_sharing_enabled":true,"jetpack_shortlink":"https:\/\/wp.me\/peQAOb-1CF","_links":{"self":[{"href":"https:\/\/noticiasribeiraopreto.com.br\/index.php\/wp-json\/wp\/v2\/posts\/6241","targetHints":{"allow":["GET"]}}],"collection":[{"href":"https:\/\/noticiasribeiraopreto.com.br\/index.php\/wp-json\/wp\/v2\/posts"}],"about":[{"href":"https:\/\/noticiasribeiraopreto.com.br\/index.php\/wp-json\/wp\/v2\/types\/post"}],"author":[{"embeddable":true,"href":"https:\/\/noticiasribeiraopreto.com.br\/index.php\/wp-json\/wp\/v2\/users\/1"}],"replies":[{"embeddable":true,"href":"https:\/\/noticiasribeiraopreto.com.br\/index.php\/wp-json\/wp\/v2\/comments?post=6241"}],"version-history":[{"count":0,"href":"https:\/\/noticiasribeiraopreto.com.br\/index.php\/wp-json\/wp\/v2\/posts\/6241\/revisions"}],"wp:featuredmedia":[{"embeddable":true,"href":"https:\/\/noticiasribeiraopreto.com.br\/index.php\/wp-json\/wp\/v2\/media\/6242"}],"wp:attachment":[{"href":"https:\/\/noticiasribeiraopreto.com.br\/index.php\/wp-json\/wp\/v2\/media?parent=6241"}],"wp:term":[{"taxonomy":"category","embeddable":true,"href":"https:\/\/noticiasribeiraopreto.com.br\/index.php\/wp-json\/wp\/v2\/categories?post=6241"},{"taxonomy":"post_tag","embeddable":true,"href":"https:\/\/noticiasribeiraopreto.com.br\/index.php\/wp-json\/wp\/v2\/tags?post=6241"}],"curies":[{"name":"wp","href":"https:\/\/api.w.org\/{rel}","templated":true}]}}