{"id":6295,"date":"2023-11-25T11:44:00","date_gmt":"2023-11-25T14:44:00","guid":{"rendered":"https:\/\/noticiasribeiraopreto.com.br\/index.php\/2023\/11\/25\/paroquias-de-ribeirao-preto-recebem-apresentacao-gratuita-de-orquestra\/"},"modified":"2023-11-25T11:44:00","modified_gmt":"2023-11-25T14:44:00","slug":"paroquias-de-ribeirao-preto-recebem-apresentacao-gratuita-de-orquestra","status":"publish","type":"post","link":"https:\/\/noticiasribeiraopreto.com.br\/index.php\/2023\/11\/25\/paroquias-de-ribeirao-preto-recebem-apresentacao-gratuita-de-orquestra\/","title":{"rendered":"Par\u00f3quias de Ribeir\u00e3o Preto recebem apresenta\u00e7\u00e3o gratuita de orquestra\u00a0"},"content":{"rendered":"<div class='code-block code-block-1' style='margin: 8px 0 8px auto; text-align: right; display: block; clear: both;'>\n<p><a href=\"https:\/\/wa.link\/vpicfd\"><img data-recalc-dims=\"1\" class=\"wp-image-4922\" style=\"aspect-ratio: 2.0253164556962027; width: 561px; height: auto;\" src=\"https:\/\/i0.wp.com\/ismaelcolosi.com.br\/wp-content\/uploads\/2023\/11\/grupo-de-empregos-whatsapp-e-facebook-ismael-colosi-vagas.jpg?ssl=1\" alt=\"\" \/><\/a><\/p>\n<!-- \/wp:image -->\n<\/div>\n<p> <br \/>\n<\/p>\n<div>\n<p>A <strong>Academia Livre de M\u00fasica e Artes de Ribeir\u00e3o Preto (Alma)\u00a0<\/strong>realiza, neste s\u00e1bado (25) e domingo (26), apresenta\u00e7\u00f5es da<strong> Orquestra de C\u00e2mera da Alma<\/strong> em duas par\u00f3quias da cidade, com o projeto \u2018Encantando\u2019.\u00a0\u00a0 \u00a0<\/p>\n<p>Todos os concertos s\u00e3o <strong>gratuitos<\/strong> e re\u00fanem <strong>m\u00fasicas cl\u00e1ssicas <\/strong>de compositores de diferentes gera\u00e7\u00f5es. <span style=\"background-color:#f7cc62\" class=\"td_text_highlight_marker\">As apresenta\u00e7\u00f5es acontecem \u00e0s 20h, ap\u00f3s as missas, e t\u00eam dura\u00e7\u00e3o de 40 minutos.\u00a0\u00a0 \u00a0<\/span><\/p>\n<h4 class=\"wp-block-heading\"><strong>Confira as pr\u00f3ximas apresenta\u00e7\u00f5es: <\/strong>\u00a0<\/h4>\n<ul>\n<li>S\u00e1bado \u2013 25\/11 \u2013 Par\u00f3quia S\u00e3o Mateus Ap\u00f3stolo. Local: Rua Campinas, 3.250 \u2013 Quintino Facci I\u00a0<\/li>\n<\/ul>\n<ul>\n<li>Domingo \u2013 26\/11 \u2013 Par\u00f3quia Nossa Senhora das Gra\u00e7as. Local: Rua Domingos Isaac, 150, Parque dos Servidores\u00a0 \u00a0<\/li>\n<\/ul>\n<h4 class=\"wp-block-heading\"><strong>Programa\u00e7\u00e3o\u00a0<\/strong>\u00a0\u00a0<\/h4>\n<p>Entre as pe\u00e7as preparadas para encantar o p\u00fablico est\u00e3o \u201cGl\u00f3ria\u201d, de Vivaldi; \u201cJesus, alegria dos homens\u201d, de J.S. Bach; \u201cAve, Maria\u201d, de F. Schubert, \u201cThe last rose of summer\u201d, de T. Moore; \u201cPiet\u00e0, Signore\u201d; de A. Stradella, \u201cGarota de Ipanema\u201d, de Tom Jobim, entre outros.\u00a0\u00a0\u00a0<\/p>\n<p>Nesta temporada, al\u00e9m dos instrumentos de cordas, a forma\u00e7\u00e3o dos m\u00fasicos conta com clarinete, piano e um cantor tenor.\u00a0<\/p>\n<p><strong>SERVI\u00c7O<\/strong><\/p>\n<p><em>Projeto Encantando<br \/><\/em><br \/>Data: 25\/11 \u2013 s\u00e1bado<br \/>Hor\u00e1rio: 20h<br \/>Local: Par\u00f3quia S\u00e3o Mateus Ap\u00f3stolo \u2013 Rua Campinas, 3.250 \u2013 Quintino Facci I<\/p>\n<p>Data: 26\/11 \u2013 domingo<br \/>Hor\u00e1rio: 20h<br \/>Local: Par\u00f3quia Nossa Senhora da Gra\u00e7a \u2013 Rua Domingos Isaac, 150 \u2013 Parque dos Servidores<\/p>\n<p>VEJA TAMB\u00c9M<\/p>\n<p>Ribeir\u00e3o Preto recebe feira vegana com entrada gratuita\u00a0<\/p>\n<h4 class=\"wp-block-heading\"><span style=\"background-color:#f7cc62\" class=\"td_text_highlight_marker\"><strong>FIQUE ON <\/strong><\/span><\/h4>\n<p>Fique ligado em tudo que acontece em Ribeir\u00e3o Preto e regi\u00e3o. Siga os perfis do\u00a0<strong>acidade on<\/strong>\u00a0no\u00a0<a href=\"https:\/\/www.instagram.com\/acidadeonribeirao\" target=\"_blank\" rel=\"noreferrer noopener\">Instagram\u00a0<\/a>e no<a href=\"https:\/\/www.facebook.com\/acidadeonribeirao\" target=\"_blank\" rel=\"noreferrer noopener\">\u00a0Facebook.<\/a><\/p>\n<p>Receba not\u00edcias do\u00a0<strong>acidade on\u00a0<\/strong>no WhatsApp.\u00a0<a href=\"https:\/\/chat.whatsapp.com\/Bnv2w66ZT4VDyZW3oiZ69n\" target=\"_blank\" rel=\"noreferrer noopener\">Para entrar no grupo, basta clicar aqui.<\/a><\/p>\n<p>Fa\u00e7a uma den\u00fancia ou sugira uma reportagem sobre Ribeir\u00e3o Preto e regi\u00e3o pelo WhatsApp:\u00a0<strong>(16) 99117 7802.<\/strong><\/p>\n<h4 class=\"wp-block-heading\">LEIA MAIS <\/h4>\n<p><a href=\"https:\/\/www.tudoep.com\/ep-agro\/NOT,0,0,1868196,brasil-vence-premio-de-melhor-cafe-do-mundo-pela-1-vez.aspx\" target=\"_blank\" rel=\"noreferrer noopener\">Brasil vence pr\u00eamio de melhor caf\u00e9 do mundo pela 1\u00aa vez<\/a><\/p>\n<p><!-- AI CONTENT END 1 -->\n<\/div>\n<p><script async src=\"\/\/www.instagram.com\/embed.js\"><\/script><br \/>\n<br \/><br \/>\n<br \/><a href=\"https:\/\/www.acidadeon.com\/ribeiraopreto\/lazer-e-cultura\/paroquias-de-ribeirao-preto-recebem-apresentacao-gratuita-de-orquestra\/\">Source link <\/a><\/p>\n<!-- CONTENT END 1 -->\n","protected":false},"excerpt":{"rendered":"<p>A Academia Livre de M\u00fasica e Artes de Ribeir\u00e3o Preto (Alma)\u00a0realiza, neste s\u00e1bado (25) e domingo (26), apresenta\u00e7\u00f5es da Orquestra de C\u00e2mera da Alma em&#8230;<\/p>\n","protected":false},"author":1,"featured_media":6296,"comment_status":"open","ping_status":"open","sticky":false,"template":"","format":"standard","meta":{"advanced_seo_description":"","jetpack_seo_html_title":"","jetpack_seo_noindex":false,"jetpack_post_was_ever_published":false,"_jetpack_newsletter_access":"","_jetpack_dont_email_post_to_subs":false,"_jetpack_newsletter_tier_id":0,"_jetpack_memberships_contains_paywalled_content":false,"_jetpack_memberships_contains_paid_content":false,"footnotes":"","jetpack_publicize_message":"","jetpack_publicize_feature_enabled":true,"jetpack_social_post_already_shared":true,"jetpack_social_options":{"image_generator_settings":{"template":"highway","default_image_id":0,"font":"","enabled":false},"version":2}},"categories":[11],"tags":[342,343,344,733,27,734,26],"class_list":["post-6295","post","type-post","status-publish","format-standard","has-post-thumbnail","hentry","category-noticias-de-ribeirao-preto-sp-e-regiao-ismael-colosi","tag-apresentacao","tag-gratuita","tag-orquestra","tag-paroquias","tag-preto","tag-recebem","tag-ribeirao"],"jetpack_publicize_connections":[],"jetpack_featured_media_url":"https:\/\/i0.wp.com\/noticiasribeiraopreto.com.br\/wp-content\/uploads\/2023\/11\/Encantando_ALma-2-1.jpg?fit=1500%2C1000&ssl=1","jetpack-related-posts":[{"id":56881,"url":"https:\/\/noticiasribeiraopreto.com.br\/index.php\/2024\/08\/16\/igrejas-de-ribeirao-preto-recebem-apresentacoes-de-orquestras\/","url_meta":{"origin":6295,"position":0},"title":"Igrejas de Ribeir\u00e3o Preto recebem apresenta\u00e7\u00f5es de orquestras","author":"noticiasribeiraopreto.com.br","date":"16 de August de 2024","format":false,"excerpt":"A Alma (Academia Livre de M\u00fasica e Artes) inicia mais uma temporada do projeto \u201cEncantando\u201d, com apresenta\u00e7\u00f5es em igrejas de Ribeir\u00e3o Preto. Os concertos realizados por orquestras s\u00e3o gratuitos e acontecem ap\u00f3s o t\u00e9rmino das missas. A primeira apresenta\u00e7\u00e3o ser\u00e1 no domingo (18), \u00e0s 20h, na Par\u00f3quia S\u00e3o Paulo Ap\u00f3stolo,\u2026","rel":"","context":"In &quot;Not\u00edcias de Ribeir\u00e3o Preto-SP e Regi\u00e3o&quot;","block_context":{"text":"Not\u00edcias de Ribeir\u00e3o Preto-SP e Regi\u00e3o","link":"https:\/\/noticiasribeiraopreto.com.br\/index.php\/category\/noticias-de-ribeirao-preto-sp-e-regiao-ismael-colosi\/"},"img":{"alt_text":"","src":"https:\/\/i0.wp.com\/noticiasribeiraopreto.com.br\/wp-content\/uploads\/2024\/08\/Alma_Encantando2-3_2024-08-16_16-25-27_jpg_2024-08-16_16-25-27.webp.webp?fit=1200%2C800&ssl=1&resize=350%2C200","width":350,"height":200,"srcset":"https:\/\/i0.wp.com\/noticiasribeiraopreto.com.br\/wp-content\/uploads\/2024\/08\/Alma_Encantando2-3_2024-08-16_16-25-27_jpg_2024-08-16_16-25-27.webp.webp?fit=1200%2C800&ssl=1&resize=350%2C200 1x, https:\/\/i0.wp.com\/noticiasribeiraopreto.com.br\/wp-content\/uploads\/2024\/08\/Alma_Encantando2-3_2024-08-16_16-25-27_jpg_2024-08-16_16-25-27.webp.webp?fit=1200%2C800&ssl=1&resize=525%2C300 1.5x, https:\/\/i0.wp.com\/noticiasribeiraopreto.com.br\/wp-content\/uploads\/2024\/08\/Alma_Encantando2-3_2024-08-16_16-25-27_jpg_2024-08-16_16-25-27.webp.webp?fit=1200%2C800&ssl=1&resize=700%2C400 2x, https:\/\/i0.wp.com\/noticiasribeiraopreto.com.br\/wp-content\/uploads\/2024\/08\/Alma_Encantando2-3_2024-08-16_16-25-27_jpg_2024-08-16_16-25-27.webp.webp?fit=1200%2C800&ssl=1&resize=1050%2C600 3x"},"classes":[]},{"id":3585,"url":"https:\/\/noticiasribeiraopreto.com.br\/index.php\/2023\/11\/19\/paroquia-na-zona-oeste-de-ribeirao-tem-apresentacao-gratuita-com-orquestra\/","url_meta":{"origin":6295,"position":1},"title":"Par\u00f3quia na zona Oeste de Ribeir\u00e3o tem apresenta\u00e7\u00e3o gratuita com orquestra \u00a0 \u00a0","author":"noticiasribeiraopreto.com.br","date":"19 de November de 2023","format":false,"excerpt":"A Par\u00f3quia S\u00e3o Judas Tadeu, localizado no Parque das Andorinhas, recebe, neste domingo (19), \u00e0s 20h, o projeto \u2018Encantando\u2019 com apresenta\u00e7\u00e3o da Orquestra de C\u00e2mara da Academia Livre de M\u00fasica e Artes de Ribeir\u00e3o Preto (Alma). \u00a0 O concerto tem dura\u00e7\u00e3o de 40 minutos, \u00e9 gratuito e acontece ap\u00f3s a\u2026","rel":"","context":"In &quot;Not\u00edcias de Ribeir\u00e3o Preto-SP e Regi\u00e3o&quot;","block_context":{"text":"Not\u00edcias de Ribeir\u00e3o Preto-SP e Regi\u00e3o","link":"https:\/\/noticiasribeiraopreto.com.br\/index.php\/category\/noticias-de-ribeirao-preto-sp-e-regiao-ismael-colosi\/"},"img":{"alt_text":"","src":"https:\/\/i0.wp.com\/noticiasribeiraopreto.com.br\/wp-content\/uploads\/2023\/11\/Orquestra-de-Camara-da-Academia-Livre-de-Musica-e-Artes-Alma-3-1068x712-1.jpg?fit=1068%2C712&ssl=1&resize=350%2C200","width":350,"height":200,"srcset":"https:\/\/i0.wp.com\/noticiasribeiraopreto.com.br\/wp-content\/uploads\/2023\/11\/Orquestra-de-Camara-da-Academia-Livre-de-Musica-e-Artes-Alma-3-1068x712-1.jpg?fit=1068%2C712&ssl=1&resize=350%2C200 1x, https:\/\/i0.wp.com\/noticiasribeiraopreto.com.br\/wp-content\/uploads\/2023\/11\/Orquestra-de-Camara-da-Academia-Livre-de-Musica-e-Artes-Alma-3-1068x712-1.jpg?fit=1068%2C712&ssl=1&resize=525%2C300 1.5x, https:\/\/i0.wp.com\/noticiasribeiraopreto.com.br\/wp-content\/uploads\/2023\/11\/Orquestra-de-Camara-da-Academia-Livre-de-Musica-e-Artes-Alma-3-1068x712-1.jpg?fit=1068%2C712&ssl=1&resize=700%2C400 2x, https:\/\/i0.wp.com\/noticiasribeiraopreto.com.br\/wp-content\/uploads\/2023\/11\/Orquestra-de-Camara-da-Academia-Livre-de-Musica-e-Artes-Alma-3-1068x712-1.jpg?fit=1068%2C712&ssl=1&resize=1050%2C600 3x"},"classes":[]},{"id":6335,"url":"https:\/\/noticiasribeiraopreto.com.br\/index.php\/2023\/11\/25\/ribeirao-tem-encontro-de-brechos-com-entrada-gratuita-neste-domingo\/","url_meta":{"origin":6295,"position":2},"title":"Ribeir\u00e3o tem encontro de brech\u00f3s com entrada gratuita\u00a0neste domingo","author":"noticiasribeiraopreto.com.br","date":"25 de November de 2023","format":false,"excerpt":"Ribeir\u00e3o Preto recebe neste domingo (26) o \u2018Encontro de Brech\u00f3s\u2019 \u2013 edi\u00e7\u00e3o especial de 1 ano -, que re\u00fane moda sustent\u00e1vel, consumo consciente e diversidade, no Jardim Sumar\u00e9, na zona Sul da cidade. \u00a0 O evento acontece das 9h \u00e0s 17h e a entrada e o estacionamento s\u00e3o gratuitos. \u00a0\u2026","rel":"","context":"In &quot;Not\u00edcias de Ribeir\u00e3o Preto-SP e Regi\u00e3o&quot;","block_context":{"text":"Not\u00edcias de Ribeir\u00e3o Preto-SP e Regi\u00e3o","link":"https:\/\/noticiasribeiraopreto.com.br\/index.php\/category\/noticias-de-ribeirao-preto-sp-e-regiao-ismael-colosi\/"},"img":{"alt_text":"","src":"https:\/\/i0.wp.com\/noticiasribeiraopreto.com.br\/wp-content\/uploads\/2023\/11\/lindo-mercado-de-segunda-mao-1-scaled.jpg?fit=1200%2C800&ssl=1&resize=350%2C200","width":350,"height":200,"srcset":"https:\/\/i0.wp.com\/noticiasribeiraopreto.com.br\/wp-content\/uploads\/2023\/11\/lindo-mercado-de-segunda-mao-1-scaled.jpg?fit=1200%2C800&ssl=1&resize=350%2C200 1x, https:\/\/i0.wp.com\/noticiasribeiraopreto.com.br\/wp-content\/uploads\/2023\/11\/lindo-mercado-de-segunda-mao-1-scaled.jpg?fit=1200%2C800&ssl=1&resize=525%2C300 1.5x, https:\/\/i0.wp.com\/noticiasribeiraopreto.com.br\/wp-content\/uploads\/2023\/11\/lindo-mercado-de-segunda-mao-1-scaled.jpg?fit=1200%2C800&ssl=1&resize=700%2C400 2x, https:\/\/i0.wp.com\/noticiasribeiraopreto.com.br\/wp-content\/uploads\/2023\/11\/lindo-mercado-de-segunda-mao-1-scaled.jpg?fit=1200%2C800&ssl=1&resize=1050%2C600 3x"},"classes":[]},{"id":3049,"url":"https:\/\/noticiasribeiraopreto.com.br\/index.php\/2023\/11\/17\/drift-legiao-urbana-e-guilherme-de-sa-saiba-o-que-acontece-no-fim-de-semana-em-ribeirao\/","url_meta":{"origin":6295,"position":3},"title":"Drift, Legi\u00e3o Urbana e Guilherme de S\u00e1: Saiba o que acontece no fim de semana em Ribeir\u00e3o\u00a0","author":"noticiasribeiraopreto.com.br","date":"17 de November de 2023","format":false,"excerpt":"O fim de semana em Ribeir\u00e3o Preto conta com diversas apresenta\u00e7\u00f5es de m\u00fasica, espet\u00e1culos nos teatros e atividades gratuitas. \u00a0 H\u00e1 a final do Campeonato Brasileiro de Drift, show com integrantes da Legi\u00e3o Urbana, tributo \u00e0 Rita Lee, Guilherme de S\u00e1, festival de hip hop, entre outros. CHORINHO NA 7\u00a0\u2026","rel":"","context":"In &quot;Not\u00edcias de Ribeir\u00e3o Preto-SP e Regi\u00e3o&quot;","block_context":{"text":"Not\u00edcias de Ribeir\u00e3o Preto-SP e Regi\u00e3o","link":"https:\/\/noticiasribeiraopreto.com.br\/index.php\/category\/noticias-de-ribeirao-preto-sp-e-regiao-ismael-colosi\/"},"img":{"alt_text":"","src":"https:\/\/i0.wp.com\/noticiasribeiraopreto.com.br\/wp-content\/uploads\/2023\/11\/Pilotos-de-drift-em-acao-durante-a-temporada-em-2022-1-1024x683.jpg?fit=1024%2C683&ssl=1&resize=350%2C200","width":350,"height":200,"srcset":"https:\/\/i0.wp.com\/noticiasribeiraopreto.com.br\/wp-content\/uploads\/2023\/11\/Pilotos-de-drift-em-acao-durante-a-temporada-em-2022-1-1024x683.jpg?fit=1024%2C683&ssl=1&resize=350%2C200 1x, https:\/\/i0.wp.com\/noticiasribeiraopreto.com.br\/wp-content\/uploads\/2023\/11\/Pilotos-de-drift-em-acao-durante-a-temporada-em-2022-1-1024x683.jpg?fit=1024%2C683&ssl=1&resize=525%2C300 1.5x, https:\/\/i0.wp.com\/noticiasribeiraopreto.com.br\/wp-content\/uploads\/2023\/11\/Pilotos-de-drift-em-acao-durante-a-temporada-em-2022-1-1024x683.jpg?fit=1024%2C683&ssl=1&resize=700%2C400 2x"},"classes":[]},{"id":67746,"url":"https:\/\/noticiasribeiraopreto.com.br\/index.php\/2025\/04\/17\/jornal-da-franca-em-franca-paroquia-sao-judas-realiza-encenacao-da-paixao-de-cristo-nesta-sexta-18\/","url_meta":{"origin":6295,"position":4},"title":"Jornal da Franca &#8211; Em Franca, Par\u00f3quia S\u00e3o Judas realiza encena\u00e7\u00e3o da Paix\u00e3o de Cristo nesta sexta, 18","author":"noticiasribeiraopreto.com.br","date":"17 de April de 2025","format":false,"excerpt":"compartilhar no whatsapp compartilhar no telegram compartilhar no facebook compartilhar no linkedin A Par\u00f3quia S\u00e3o Judas se organiza para mais uma edi\u00e7\u00e3o da tradicional encena\u00e7\u00e3o da Paix\u00e3o de Cristo, que acontece h\u00e1 mais de tr\u00eas d\u00e9cadas Par\u00f3quia S\u00e3o Judas realiza encena\u00e7\u00e3o da Paix\u00e3o de Cristo h\u00e1 mais de 30 anos\u2026","rel":"","context":"In &quot;Not\u00edcias de Franca-SP&quot;","block_context":{"text":"Not\u00edcias de Franca-SP","link":"https:\/\/noticiasribeiraopreto.com.br\/index.php\/category\/noticias-de-ribeirao-preto-sp-e-regiao-ismael-colosi\/noticias-franca-sp\/"},"img":{"alt_text":"","src":"https:\/\/i0.wp.com\/noticiasribeiraopreto.com.br\/wp-content\/uploads\/2025\/04\/encenacao-paixao-de-cristo-franca-foto-divulgacao.jpg?fit=984%2C616&ssl=1&resize=350%2C200","width":350,"height":200,"srcset":"https:\/\/i0.wp.com\/noticiasribeiraopreto.com.br\/wp-content\/uploads\/2025\/04\/encenacao-paixao-de-cristo-franca-foto-divulgacao.jpg?fit=984%2C616&ssl=1&resize=350%2C200 1x, https:\/\/i0.wp.com\/noticiasribeiraopreto.com.br\/wp-content\/uploads\/2025\/04\/encenacao-paixao-de-cristo-franca-foto-divulgacao.jpg?fit=984%2C616&ssl=1&resize=525%2C300 1.5x, https:\/\/i0.wp.com\/noticiasribeiraopreto.com.br\/wp-content\/uploads\/2025\/04\/encenacao-paixao-de-cristo-franca-foto-divulgacao.jpg?fit=984%2C616&ssl=1&resize=700%2C400 2x"},"classes":[]},{"id":81145,"url":"https:\/\/noticiasribeiraopreto.com.br\/index.php\/2025\/12\/25\/confira-os-horarios-da-missa-do-galo-em-ribeirao-preto\/","url_meta":{"origin":6295,"position":5},"title":"Confira os hor\u00e1rios da Missa do Galo em Ribeir\u00e3o Preto","author":"noticiasribeiraopreto.com.br","date":"25 de December de 2025","format":false,"excerpt":"A chamada Missa do Galo ser\u00e1 celebrada nesta quarta-feira (24) em diversas igrejas de Ribeir\u00e3o Preto. Neste ano, por conta das obras de restauro, a Catedral Metropolitana de Ribeir\u00e3o Preto realiza a celebra\u00e7\u00e3o no Centro Social Dom Arnaldo Ribeiro. Confira a programa\u00e7\u00e3o Catedral Metropolitana de S\u00e3o Sebasti\u00e3o (Centro): A missa\u2026","rel":"","context":"In &quot;Not\u00edcias de Ribeir\u00e3o Preto-SP e Regi\u00e3o&quot;","block_context":{"text":"Not\u00edcias de Ribeir\u00e3o Preto-SP e Regi\u00e3o","link":"https:\/\/noticiasribeiraopreto.com.br\/index.php\/category\/noticias-de-ribeirao-preto-sp-e-regiao-ismael-colosi\/"},"img":{"alt_text":"","src":"https:\/\/i0.wp.com\/noticiasribeiraopreto.com.br\/wp-content\/uploads\/2025\/12\/Imagem-do-WhatsApp-de-2025-12-19-as-17.44.38_eb1bd2fd_2025-12-19_20-45-08.webp.webp?fit=1200%2C675&ssl=1&resize=350%2C200","width":350,"height":200,"srcset":"https:\/\/i0.wp.com\/noticiasribeiraopreto.com.br\/wp-content\/uploads\/2025\/12\/Imagem-do-WhatsApp-de-2025-12-19-as-17.44.38_eb1bd2fd_2025-12-19_20-45-08.webp.webp?fit=1200%2C675&ssl=1&resize=350%2C200 1x, https:\/\/i0.wp.com\/noticiasribeiraopreto.com.br\/wp-content\/uploads\/2025\/12\/Imagem-do-WhatsApp-de-2025-12-19-as-17.44.38_eb1bd2fd_2025-12-19_20-45-08.webp.webp?fit=1200%2C675&ssl=1&resize=525%2C300 1.5x, https:\/\/i0.wp.com\/noticiasribeiraopreto.com.br\/wp-content\/uploads\/2025\/12\/Imagem-do-WhatsApp-de-2025-12-19-as-17.44.38_eb1bd2fd_2025-12-19_20-45-08.webp.webp?fit=1200%2C675&ssl=1&resize=700%2C400 2x, https:\/\/i0.wp.com\/noticiasribeiraopreto.com.br\/wp-content\/uploads\/2025\/12\/Imagem-do-WhatsApp-de-2025-12-19-as-17.44.38_eb1bd2fd_2025-12-19_20-45-08.webp.webp?fit=1200%2C675&ssl=1&resize=1050%2C600 3x"},"classes":[]}],"jetpack_sharing_enabled":true,"jetpack_shortlink":"https:\/\/wp.me\/peQAOb-1Dx","_links":{"self":[{"href":"https:\/\/noticiasribeiraopreto.com.br\/index.php\/wp-json\/wp\/v2\/posts\/6295","targetHints":{"allow":["GET"]}}],"collection":[{"href":"https:\/\/noticiasribeiraopreto.com.br\/index.php\/wp-json\/wp\/v2\/posts"}],"about":[{"href":"https:\/\/noticiasribeiraopreto.com.br\/index.php\/wp-json\/wp\/v2\/types\/post"}],"author":[{"embeddable":true,"href":"https:\/\/noticiasribeiraopreto.com.br\/index.php\/wp-json\/wp\/v2\/users\/1"}],"replies":[{"embeddable":true,"href":"https:\/\/noticiasribeiraopreto.com.br\/index.php\/wp-json\/wp\/v2\/comments?post=6295"}],"version-history":[{"count":0,"href":"https:\/\/noticiasribeiraopreto.com.br\/index.php\/wp-json\/wp\/v2\/posts\/6295\/revisions"}],"wp:featuredmedia":[{"embeddable":true,"href":"https:\/\/noticiasribeiraopreto.com.br\/index.php\/wp-json\/wp\/v2\/media\/6296"}],"wp:attachment":[{"href":"https:\/\/noticiasribeiraopreto.com.br\/index.php\/wp-json\/wp\/v2\/media?parent=6295"}],"wp:term":[{"taxonomy":"category","embeddable":true,"href":"https:\/\/noticiasribeiraopreto.com.br\/index.php\/wp-json\/wp\/v2\/categories?post=6295"},{"taxonomy":"post_tag","embeddable":true,"href":"https:\/\/noticiasribeiraopreto.com.br\/index.php\/wp-json\/wp\/v2\/tags?post=6295"}],"curies":[{"name":"wp","href":"https:\/\/api.w.org\/{rel}","templated":true}]}}