{"id":6303,"date":"2023-11-25T13:42:24","date_gmt":"2023-11-25T16:42:24","guid":{"rendered":"https:\/\/noticiasribeiraopreto.com.br\/index.php\/2023\/11\/25\/descoberta-dieta-que-reduz-ondas-de-calor-da-menopausa-em-96\/"},"modified":"2023-11-25T13:42:24","modified_gmt":"2023-11-25T16:42:24","slug":"descoberta-dieta-que-reduz-ondas-de-calor-da-menopausa-em-96","status":"publish","type":"post","link":"https:\/\/noticiasribeiraopreto.com.br\/index.php\/2023\/11\/25\/descoberta-dieta-que-reduz-ondas-de-calor-da-menopausa-em-96\/","title":{"rendered":"Descoberta dieta que reduz ondas de calor da menopausa em 96%"},"content":{"rendered":"<div class='code-block code-block-1' style='margin: 8px 0 8px auto; text-align: right; display: block; clear: both;'>\n<p><a href=\"https:\/\/wa.link\/vpicfd\"><img data-recalc-dims=\"1\" class=\"wp-image-4922\" style=\"aspect-ratio: 2.0253164556962027; width: 561px; height: auto;\" src=\"https:\/\/i0.wp.com\/ismaelcolosi.com.br\/wp-content\/uploads\/2023\/11\/grupo-de-empregos-whatsapp-e-facebook-ismael-colosi-vagas.jpg?ssl=1\" alt=\"\" \/><\/a><\/p>\n<!-- \/wp:image -->\n<\/div>\n<p> <br \/>\n<\/p>\n<div>\n<p>Um novo <a href=\"https:\/\/linkinghub.elsevier.com\/retrieve\/pii\/S0965229923000894\" target=\"_blank\" rel=\"noopener\">estudo<\/a> do Comit\u00ea de M\u00e9dicos para Medicina Respons\u00e1vel revelou que uma dieta <a href=\"https:\/\/catracalivre.com.br\/saude-bem-estar\/veganismo-saiba-seguir-uma-dieta-vegana-barata-e-acessivel\/\">vegana<\/a> com baixo teor de gordura que inclui soja \u00e9 capaz de reduzir as ondas de calor da <a href=\"https:\/\/catracalivre.com.br\/saude-bem-estar\/estudo-diz-que-menopausa-tambem-afeta-emocional\/\">menopausa<\/a>, em cerca de 96%.<\/p>\n<p>Segundo os pesquisadores, essa dieta promove mudan\u00e7as no <a href=\"https:\/\/catracalivre.com.br\/saude-bem-estar\/o-impacto-do-microbioma-intestinal-na-doenca-de-alzheimer\/\">microbioma intestinal<\/a> que diminuem os sintomas vasomotores da p\u00f3s-menopausa.<\/p>\n<div id=\"attachment_2314252\" class=\"wp-caption alignnone\">\n<div class=\"d-flex justify-content-center\" data-attachment-id=\"2314252\">\n<div class=\"position-relative d-inline-block\"><img data-recalc-dims=\"1\" data-portal-copyright=\"Highwaystarz-Photography\/istock\" decoding=\"async\" fetchpriority=\"high\" class=\"size-large wp-image-2314252\" src=\"https:\/\/i0.wp.com\/catracalivre.com.br\/wp-content\/uploads\/2023\/11\/istock-1477775902-910x607.jpg?resize=910%2C607&#038;ssl=1\" alt=\"Estudo descobre que dieta vegana reduz ondas de calor da menopausa\" width=\"910\" height=\"607\" srcset=\"https:\/\/catracalivre.com.br\/wp-content\/uploads\/2023\/11\/istock-1477775902-910x607.jpg 910w, https:\/\/catracalivre.com.br\/wp-content\/uploads\/2023\/11\/istock-1477775902-450x300.jpg 450w, https:\/\/catracalivre.com.br\/wp-content\/uploads\/2023\/11\/istock-1477775902-768x512.jpg 768w\" sizes=\"(max-width: 910px) 100vw, 910px\"\/><\/p>\n<p>Cr\u00e9ditos: Highwaystarz-Photography\/istock<\/p>\n<\/div>\n<\/div>\n<p><span class=\"post-imagem__legenda\">Estudo descobre que dieta vegana reduz ondas de calor da menopausa<\/span><\/p>\n<\/div>\n<p>O estudo mostrou que a dieta n\u00e3o apenas erradicou completamente as ondas de calor graves, mas tamb\u00e9m resultou em uma redu\u00e7\u00e3o de 96% nos epis\u00f3dios moderados a graves.<\/p>\n<p>Al\u00e9m disso, reduziu efetivamente as ondas de calor diurnas e noturnas em 96% e 94%, respectivamente. Al\u00e9m disso, os participantes que seguiram esta dieta tiveram uma perda de peso m\u00e9dia de 2kg.<\/p>\n<p>\u201cAs mulheres que desejam combater as ondas de calor devem alimentar as bact\u00e9rias em seus intestinos com uma dieta vegana rica em <a href=\"https:\/\/catracalivre.com.br\/saude-bem-estar\/as-5-frutas-mais-saudaveis-do-mundo-sao-acessiveis-qual-voce-mais-consome\/\">frutas<\/a>, <a href=\"https:\/\/catracalivre.com.br\/saude-bem-estar\/estudo-aponta-estes-7-vegetais-como-os-mais-saudaveis-qual-voce-mais-come\/\">vegetais<\/a>, gr\u00e3os e feij\u00f5es, que tamb\u00e9m leva \u00e0 perda de peso e protege contra doen\u00e7as card\u00edacas e diabetes tipo 2\u201d, diz co-autor do estudo, a autora Hana Kahleova.<\/p>\n<div id=\"attachment_1974491\" class=\"wp-caption alignnone\">\n<div class=\"d-flex justify-content-center\" data-attachment-id=\"1974491\">\n<div class=\"position-relative d-inline-block\"><img data-recalc-dims=\"1\" loading=\"lazy\" data-portal-copyright=\"@Viktorcvetkovic\/iStock\" decoding=\"async\" class=\"size-large wp-image-1974491\" src=\"https:\/\/i0.wp.com\/catracalivre.com.br\/wp-content\/uploads\/2019\/10\/dieta-vegana-910x512.jpg?resize=910%2C512&#038;ssl=1\" alt=\"Altera\u00e7\u00f5es do microbioma intestinal foram respons\u00e1veis pelo al\u00edvio dos sintomas\" width=\"910\" height=\"512\" srcset=\"https:\/\/catracalivre.com.br\/wp-content\/uploads\/2019\/10\/dieta-vegana-910x512.jpg 910w, https:\/\/catracalivre.com.br\/wp-content\/uploads\/2019\/10\/dieta-vegana-450x253.jpg 450w, https:\/\/catracalivre.com.br\/wp-content\/uploads\/2019\/10\/dieta-vegana-768x432.jpg 768w\" sizes=\"auto, (max-width: 910px) 100vw, 910px\"\/><\/p>\n<p>Cr\u00e9ditos: @Viktorcvetkovic\/iStock<\/p>\n<\/div>\n<\/div>\n<p><span class=\"post-imagem__legenda\">Altera\u00e7\u00f5es do microbioma intestinal foram respons\u00e1veis pelo al\u00edvio dos sintomas<\/span><\/p>\n<\/div>\n<h2>\u00a0Detalhes do estudo<\/h2>\n<p>No estudo, 84 mulheres na p\u00f3s-menopausa que relataram duas ou mais ondas de calor moderadas a graves diariamente foram aleatoriamente designadas para o grupo de interven\u00e7\u00e3o ou para o grupo controle.<\/p>\n<p>No grupo de interven\u00e7\u00e3o, elas tiveram que seguir uma dieta vegana com baixo teor de gordura, incluindo meia x\u00edcara de soja cozida por dia.<\/p>\n<p>No grupo controle, essas participantes continuaram com suas dietas habituais, sem qualquer altera\u00e7\u00e3o.<\/p>\n<p>O acompanhamento durou 12 semanas.<\/p>\n<p>Para a an\u00e1lise secund\u00e1ria, amostras de fezes de um subconjunto de 11 participantes foram usadas para realizar uma an\u00e1lise do microbioma intestinal no in\u00edcio do estudo e ap\u00f3s 12 semanas de dieta vegana.<\/p>\n<p>Foram encontradas altera\u00e7\u00f5es na quantidade de diversas fam\u00edlias, g\u00eaneros e esp\u00e9cies de bact\u00e9rias.<\/p>\n<h2>Liga\u00e7\u00e3o entre o microbioma intestinal e as ondas de calor<\/h2>\n<p>O estudo \u00e9 o primeiro a descobrir que as redu\u00e7\u00f5es na abund\u00e2ncia das bact\u00e9rias Porphyromonas e Prevotella corporis est\u00e3o associadas a uma redu\u00e7\u00e3o nas ondas de calor intensas durante o dia.<\/p>\n<p>Prevotella corporis tamb\u00e9m foi encontrada no intestino de pessoas com artrite reumatoide e parece ter propriedades pr\u00f3-inflamat\u00f3rias.<\/p>\n<p>A diminui\u00e7\u00e3o na abund\u00e2ncia de Clostridium asparagiforme foi associada a uma redu\u00e7\u00e3o no total de ondas de calor noturnas intensas.<\/p>\n<p>Mudan\u00e7as na quantidade de outras bact\u00e9rias analisadas no estudo podem desempenhar um papel no al\u00edvio das ondas de calor, estabilizando os n\u00edveis de estrog\u00eanio e reduzindo a inflama\u00e7\u00e3o.<\/p>\n<\/div>\n<p><script>\n\t\t! function(f, b, e, v, n, t, s) {\n\t\t\tif (f.fbq) return;\n\t\t\tn = f.fbq = function() {\n\t\t\t\tn.callMethod ?\n\t\t\t\t\tn.callMethod.apply(n, arguments) : n.queue.push(arguments)\n\t\t\t};\n\t\t\tif (!f._fbq) f._fbq = n;\n\t\t\tn.push = n;\n\t\t\tn.loaded = !0;\n\t\t\tn.version = '2.0';\n\t\t\tn.queue = [];\n\t\t\tt = b.createElement(e);\n\t\t\tt.async = !0;\n\t\t\tt.src = v;\n\t\t\ts = b.getElementsByTagName(e)[0];\n\t\t\ts.parentNode.insertBefore(t, s)\n\t\t}(window, document, 'script',\n\t\t\t'https:\/\/connect.facebook.net\/en_US\/fbevents.js');\n\t\tfbq('init', '338315473262380');\n\t\tfbq('track', 'PageView');\n\t<\/script><br \/>\n<br \/><br \/>\n<br \/><a href=\"https:\/\/catracalivre.com.br\/saude-bem-estar\/descoberta-dieta-que-reduz-ondas-de-calor-da-menopausa-em-96\/\">Source link <\/a><\/p>\n<!-- CONTENT END 1 -->\n","protected":false},"excerpt":{"rendered":"<p>Um novo estudo do Comit\u00ea de M\u00e9dicos para Medicina Respons\u00e1vel revelou que uma dieta vegana com baixo teor de gordura que inclui soja \u00e9 capaz&#8230;<\/p>\n","protected":false},"author":1,"featured_media":6304,"comment_status":"open","ping_status":"open","sticky":false,"template":"","format":"standard","meta":{"advanced_seo_description":"","jetpack_seo_html_title":"","jetpack_seo_noindex":false,"jetpack_seo_schema_type":"","_jetpack_newsletter_access":"","_jetpack_dont_email_post_to_subs":false,"_jetpack_newsletter_tier_id":0,"_jetpack_memberships_contains_paywalled_content":false,"_jetpack_feature_clip_id":0,"_jetpack_memberships_contains_paid_content":false,"footnotes":"","jetpack_publicize_message":"","jetpack_publicize_feature_enabled":true,"jetpack_social_post_already_shared":true,"jetpack_social_options":{"image_generator_settings":{"template":"highway","default_image_id":0,"font":"","enabled":false},"version":2},"jetpack_post_was_ever_published":false},"categories":[19],"tags":[],"class_list":["post-6303","post","type-post","status-publish","format-standard","has-post-thumbnail","hentry","category-variedades"],"jetpack_publicize_connections":[],"jetpack-related-posts":[{"id":37355,"url":"https:\/\/noticiasribeiraopreto.com.br\/index.php\/2024\/02\/15\/menopausa-e-carreira-como-as-mudancas-hormonais-afetam-as-mulheres-no-trabalho\/","url_meta":{"origin":6303,"position":0},"title":"Menopausa e carreira: como as mudan\u00e7as hormonais afetam as mulheres no trabalho","author":"noticiasribeiraopreto.com.br","date":"15 de February de 2024","format":false,"excerpt":"Globalmente, as perdas de produtividade relacionadas \u00e0 menopausa podem exceder US$ 150 bilh\u00f5es anualmente Quando o assunto \u00e9 menopausa, existe uma pauta importante, mas que muitas vezes fica ofuscada: sua rela\u00e7\u00e3o com o trabalho e a lideran\u00e7a. Tasneem Bhatia, conhecida como Dra. Taz, \u00e9 uma especialista em sa\u00fade da mulher,\u2026","rel":"","context":"In &quot;Blog&quot;","block_context":{"text":"Blog","link":"https:\/\/noticiasribeiraopreto.com.br\/index.php\/category\/blog\/"},"img":{"alt_text":"","src":"https:\/\/i0.wp.com\/noticiasribeiraopreto.com.br\/wp-content\/uploads\/2024\/02\/mulher-menopausa-trabalho.jpg?fit=1200%2C800&ssl=1&resize=350%2C200","width":350,"height":200,"srcset":"https:\/\/i0.wp.com\/noticiasribeiraopreto.com.br\/wp-content\/uploads\/2024\/02\/mulher-menopausa-trabalho.jpg?fit=1200%2C800&ssl=1&resize=350%2C200 1x, https:\/\/i0.wp.com\/noticiasribeiraopreto.com.br\/wp-content\/uploads\/2024\/02\/mulher-menopausa-trabalho.jpg?fit=1200%2C800&ssl=1&resize=525%2C300 1.5x, https:\/\/i0.wp.com\/noticiasribeiraopreto.com.br\/wp-content\/uploads\/2024\/02\/mulher-menopausa-trabalho.jpg?fit=1200%2C800&ssl=1&resize=700%2C400 2x, https:\/\/i0.wp.com\/noticiasribeiraopreto.com.br\/wp-content\/uploads\/2024\/02\/mulher-menopausa-trabalho.jpg?fit=1200%2C800&ssl=1&resize=1050%2C600 3x"},"classes":[]},{"id":10137,"url":"https:\/\/noticiasribeiraopreto.com.br\/index.php\/2023\/12\/03\/menopausa-tambem-afeta-emocional-indica-estudo\/","url_meta":{"origin":6303,"position":1},"title":"Menopausa tamb\u00e9m afeta emocional, indica estudo","author":"noticiasribeiraopreto.com.br","date":"3 de December de 2023","format":false,"excerpt":"Cr\u00e9ditos: Getty ImagesPara al\u00e9m dos sintomas f\u00edsicos, sa\u00fade emocional da mulher durante a menopausa se tornou objeto de estudo revelador \u2013 iStock\/Getty Images Etapa esperada na vida de todas as mulheres entre 45 e 65 anos, a menopausa se define pela transi\u00e7\u00e3o da idade f\u00e9rtil para a idade n\u00e3o f\u00e9rtil\u2026","rel":"","context":"In &quot;Variedades&quot;","block_context":{"text":"Variedades","link":"https:\/\/noticiasribeiraopreto.com.br\/index.php\/category\/variedades\/"},"img":{"alt_text":"","src":"https:\/\/i0.wp.com\/noticiasribeiraopreto.com.br\/wp-content\/uploads\/2023\/12\/istock-1525380448.jpg?fit=1200%2C638&ssl=1&resize=350%2C200","width":350,"height":200,"srcset":"https:\/\/i0.wp.com\/noticiasribeiraopreto.com.br\/wp-content\/uploads\/2023\/12\/istock-1525380448.jpg?fit=1200%2C638&ssl=1&resize=350%2C200 1x, https:\/\/i0.wp.com\/noticiasribeiraopreto.com.br\/wp-content\/uploads\/2023\/12\/istock-1525380448.jpg?fit=1200%2C638&ssl=1&resize=525%2C300 1.5x, https:\/\/i0.wp.com\/noticiasribeiraopreto.com.br\/wp-content\/uploads\/2023\/12\/istock-1525380448.jpg?fit=1200%2C638&ssl=1&resize=700%2C400 2x, https:\/\/i0.wp.com\/noticiasribeiraopreto.com.br\/wp-content\/uploads\/2023\/12\/istock-1525380448.jpg?fit=1200%2C638&ssl=1&resize=1050%2C600 3x"},"classes":[]},{"id":72180,"url":"https:\/\/noticiasribeiraopreto.com.br\/index.php\/2025\/06\/14\/menopausa-induzida-novo-remedio-pode-aliviar-sintomas-em-mulheres-com-cancer-de-mama\/","url_meta":{"origin":6303,"position":2},"title":"Menopausa induzida? Novo rem\u00e9dio pode aliviar sintomas em mulheres com c\u00e2ncer de mama","author":"noticiasribeiraopreto.com.br","date":"14 de June de 2025","format":false,"excerpt":"A menopausa induzida por tratamento oncol\u00f3gico \u00e9 uma realidade para grande parte das mulheres com c\u00e2ncer de mama. Nos tumores hormonais positivos, o tratamento usa medicamentos que inibem estrog\u00eanio e progesterona, provocando a interrup\u00e7\u00e3o da fun\u00e7\u00e3o ovariana. Sem a possibilidade de fazer reposi\u00e7\u00e3o hormonal, essas pacientes convivem com ondas de\u2026","rel":"","context":"In &quot;Not\u00edcias de Ribeir\u00e3o Preto-SP e Regi\u00e3o&quot;","block_context":{"text":"Not\u00edcias de Ribeir\u00e3o Preto-SP e Regi\u00e3o","link":"https:\/\/noticiasribeiraopreto.com.br\/index.php\/category\/noticias-de-ribeirao-preto-sp-e-regiao-ismael-colosi\/"},"img":{"alt_text":"","src":"https:\/\/i0.wp.com\/noticiasribeiraopreto.com.br\/wp-content\/uploads\/2025\/06\/old-patient-suffering-from-parkinson_2025-06-13_20-35-33.webp.webp?fit=1200%2C800&ssl=1&resize=350%2C200","width":350,"height":200,"srcset":"https:\/\/i0.wp.com\/noticiasribeiraopreto.com.br\/wp-content\/uploads\/2025\/06\/old-patient-suffering-from-parkinson_2025-06-13_20-35-33.webp.webp?fit=1200%2C800&ssl=1&resize=350%2C200 1x, https:\/\/i0.wp.com\/noticiasribeiraopreto.com.br\/wp-content\/uploads\/2025\/06\/old-patient-suffering-from-parkinson_2025-06-13_20-35-33.webp.webp?fit=1200%2C800&ssl=1&resize=525%2C300 1.5x, https:\/\/i0.wp.com\/noticiasribeiraopreto.com.br\/wp-content\/uploads\/2025\/06\/old-patient-suffering-from-parkinson_2025-06-13_20-35-33.webp.webp?fit=1200%2C800&ssl=1&resize=700%2C400 2x, https:\/\/i0.wp.com\/noticiasribeiraopreto.com.br\/wp-content\/uploads\/2025\/06\/old-patient-suffering-from-parkinson_2025-06-13_20-35-33.webp.webp?fit=1200%2C800&ssl=1&resize=1050%2C600 3x"},"classes":[]},{"id":21661,"url":"https:\/\/noticiasribeiraopreto.com.br\/index.php\/2023\/12\/28\/menopausa-precoce-aumenta-o-risco-de-demencia-diz-estudo\/","url_meta":{"origin":6303,"position":3},"title":"Menopausa precoce aumenta o risco de dem\u00eancia, diz estudo","author":"noticiasribeiraopreto.com.br","date":"28 de December de 2023","format":false,"excerpt":"Cr\u00e9ditos: tommaso79\/istockPara entender a poss\u00edvel rela\u00e7\u00e3o entre a menopausa e a dem\u00eancia, a pesquisa observou 9.163 mulheres \u2013 iStock\/Getty Images Uma forte rela\u00e7\u00e3o entre o in\u00edcio precoce da menopausa e o risco elevado de desenvolvimento de comorbidades como o comprometimento cognitivo, e dem\u00eancia, foi observado em uma pesquisa realizada pela\u2026","rel":"","context":"In &quot;Variedades&quot;","block_context":{"text":"Variedades","link":"https:\/\/noticiasribeiraopreto.com.br\/index.php\/category\/variedades\/"},"img":{"alt_text":"","src":"https:\/\/i0.wp.com\/noticiasribeiraopreto.com.br\/wp-content\/uploads\/2023\/12\/menopausa-covid.jpg?fit=1200%2C638&ssl=1&resize=350%2C200","width":350,"height":200,"srcset":"https:\/\/i0.wp.com\/noticiasribeiraopreto.com.br\/wp-content\/uploads\/2023\/12\/menopausa-covid.jpg?fit=1200%2C638&ssl=1&resize=350%2C200 1x, https:\/\/i0.wp.com\/noticiasribeiraopreto.com.br\/wp-content\/uploads\/2023\/12\/menopausa-covid.jpg?fit=1200%2C638&ssl=1&resize=525%2C300 1.5x, https:\/\/i0.wp.com\/noticiasribeiraopreto.com.br\/wp-content\/uploads\/2023\/12\/menopausa-covid.jpg?fit=1200%2C638&ssl=1&resize=700%2C400 2x, https:\/\/i0.wp.com\/noticiasribeiraopreto.com.br\/wp-content\/uploads\/2023\/12\/menopausa-covid.jpg?fit=1200%2C638&ssl=1&resize=1050%2C600 3x"},"classes":[]},{"id":20056,"url":"https:\/\/noticiasribeiraopreto.com.br\/index.php\/2023\/12\/24\/5-causas-incomuns-relacionadas-a-falta-de-memoria\/","url_meta":{"origin":6303,"position":4},"title":"5 causas incomuns relacionadas \u00e0 falta de mem\u00f3ria","author":"noticiasribeiraopreto.com.br","date":"24 de December de 2023","format":false,"excerpt":"Cr\u00e9ditos: Deepak Sethi\/istockFalta de mem\u00f3ria afeta 40% dos brasileiros acima dos 50 anos, indica estudo recente sobre o tema \u2013 iStock\/Getty Images Problemas com a mem\u00f3ria podem afetar pessoas de todas as idades e, segundo pesquisas sobre o tema, as poss\u00edveis causas para suas dificuldades de recorda\u00e7\u00e3o s\u00e3o infinitas. Desde\u2026","rel":"","context":"In &quot;Variedades&quot;","block_context":{"text":"Variedades","link":"https:\/\/noticiasribeiraopreto.com.br\/index.php\/category\/variedades\/"},"img":{"alt_text":"","src":"https:\/\/i0.wp.com\/noticiasribeiraopreto.com.br\/wp-content\/uploads\/2023\/12\/istock-1369063073.jpg?fit=1200%2C638&ssl=1&resize=350%2C200","width":350,"height":200,"srcset":"https:\/\/i0.wp.com\/noticiasribeiraopreto.com.br\/wp-content\/uploads\/2023\/12\/istock-1369063073.jpg?fit=1200%2C638&ssl=1&resize=350%2C200 1x, https:\/\/i0.wp.com\/noticiasribeiraopreto.com.br\/wp-content\/uploads\/2023\/12\/istock-1369063073.jpg?fit=1200%2C638&ssl=1&resize=525%2C300 1.5x, https:\/\/i0.wp.com\/noticiasribeiraopreto.com.br\/wp-content\/uploads\/2023\/12\/istock-1369063073.jpg?fit=1200%2C638&ssl=1&resize=700%2C400 2x, https:\/\/i0.wp.com\/noticiasribeiraopreto.com.br\/wp-content\/uploads\/2023\/12\/istock-1369063073.jpg?fit=1200%2C638&ssl=1&resize=1050%2C600 3x"},"classes":[]},{"id":72202,"url":"https:\/\/noticiasribeiraopreto.com.br\/index.php\/2025\/06\/14\/comer-pao-frances-e-o-mesmo-que-beber-uma-latinha-de-cerveja-entenda\/","url_meta":{"origin":6303,"position":5},"title":"Comer p\u00e3o franc\u00eas \u00e9 o mesmo que beber uma latinha de cerveja; Entenda","author":"noticiasribeiraopreto.com.br","date":"14 de June de 2025","format":false,"excerpt":"Voc\u00ea sabia que o p\u00e3o franc\u00eas pode ter o mesmo impacto no corpo que uma latinha de cerveja? Ambos possuem, em m\u00e9dia, 150 calorias por por\u00e7\u00e3o. A especialista Danielle Fontes aponta que, apesar da mesma quantidade de calorias, a cerveja geralmente \u00e9 consumida com acompanhamentos como petiscos, frituras e beliscos,\u2026","rel":"","context":"In &quot;Not\u00edcias de Ribeir\u00e3o Preto-SP e Regi\u00e3o&quot;","block_context":{"text":"Not\u00edcias de Ribeir\u00e3o Preto-SP e Regi\u00e3o","link":"https:\/\/noticiasribeiraopreto.com.br\/index.php\/category\/noticias-de-ribeirao-preto-sp-e-regiao-ismael-colosi\/"},"img":{"alt_text":"","src":"https:\/\/i0.wp.com\/noticiasribeiraopreto.com.br\/wp-content\/uploads\/2025\/06\/pao-frances-e-cerveja_2025-06-14_13-16-18.webp.webp?fit=1200%2C675&ssl=1&resize=350%2C200","width":350,"height":200,"srcset":"https:\/\/i0.wp.com\/noticiasribeiraopreto.com.br\/wp-content\/uploads\/2025\/06\/pao-frances-e-cerveja_2025-06-14_13-16-18.webp.webp?fit=1200%2C675&ssl=1&resize=350%2C200 1x, https:\/\/i0.wp.com\/noticiasribeiraopreto.com.br\/wp-content\/uploads\/2025\/06\/pao-frances-e-cerveja_2025-06-14_13-16-18.webp.webp?fit=1200%2C675&ssl=1&resize=525%2C300 1.5x, https:\/\/i0.wp.com\/noticiasribeiraopreto.com.br\/wp-content\/uploads\/2025\/06\/pao-frances-e-cerveja_2025-06-14_13-16-18.webp.webp?fit=1200%2C675&ssl=1&resize=700%2C400 2x, https:\/\/i0.wp.com\/noticiasribeiraopreto.com.br\/wp-content\/uploads\/2025\/06\/pao-frances-e-cerveja_2025-06-14_13-16-18.webp.webp?fit=1200%2C675&ssl=1&resize=1050%2C600 3x"},"classes":[]}],"jetpack_sharing_enabled":true,"jetpack_shortlink":"https:\/\/wp.me\/peQAOb-1DF","jetpack_featured_media_url":"https:\/\/i0.wp.com\/noticiasribeiraopreto.com.br\/wp-content\/uploads\/2023\/11\/istock-1477775902.jpg?fit=1200%2C638&ssl=1","_links":{"self":[{"href":"https:\/\/noticiasribeiraopreto.com.br\/index.php\/wp-json\/wp\/v2\/posts\/6303","targetHints":{"allow":["GET"]}}],"collection":[{"href":"https:\/\/noticiasribeiraopreto.com.br\/index.php\/wp-json\/wp\/v2\/posts"}],"about":[{"href":"https:\/\/noticiasribeiraopreto.com.br\/index.php\/wp-json\/wp\/v2\/types\/post"}],"author":[{"embeddable":true,"href":"https:\/\/noticiasribeiraopreto.com.br\/index.php\/wp-json\/wp\/v2\/users\/1"}],"replies":[{"embeddable":true,"href":"https:\/\/noticiasribeiraopreto.com.br\/index.php\/wp-json\/wp\/v2\/comments?post=6303"}],"version-history":[{"count":0,"href":"https:\/\/noticiasribeiraopreto.com.br\/index.php\/wp-json\/wp\/v2\/posts\/6303\/revisions"}],"wp:featuredmedia":[{"embeddable":true,"href":"https:\/\/noticiasribeiraopreto.com.br\/index.php\/wp-json\/wp\/v2\/media\/6304"}],"wp:attachment":[{"href":"https:\/\/noticiasribeiraopreto.com.br\/index.php\/wp-json\/wp\/v2\/media?parent=6303"}],"wp:term":[{"taxonomy":"category","embeddable":true,"href":"https:\/\/noticiasribeiraopreto.com.br\/index.php\/wp-json\/wp\/v2\/categories?post=6303"},{"taxonomy":"post_tag","embeddable":true,"href":"https:\/\/noticiasribeiraopreto.com.br\/index.php\/wp-json\/wp\/v2\/tags?post=6303"}],"curies":[{"name":"wp","href":"https:\/\/api.w.org\/{rel}","templated":true}]}}