{"id":6323,"date":"2023-11-25T14:40:00","date_gmt":"2023-11-25T17:40:00","guid":{"rendered":"https:\/\/noticiasribeiraopreto.com.br\/index.php\/2023\/11\/25\/caso-do-pai-que-tirou-a-vida-do-proprio-filho-apos-visitar-neta-pode-ter-reviravolta-na-motivacao-detalhes-sao-expostos\/"},"modified":"2023-11-25T14:40:00","modified_gmt":"2023-11-25T17:40:00","slug":"caso-do-pai-que-tirou-a-vida-do-proprio-filho-apos-visitar-neta-pode-ter-reviravolta-na-motivacao-detalhes-sao-expostos","status":"publish","type":"post","link":"https:\/\/noticiasribeiraopreto.com.br\/index.php\/2023\/11\/25\/caso-do-pai-que-tirou-a-vida-do-proprio-filho-apos-visitar-neta-pode-ter-reviravolta-na-motivacao-detalhes-sao-expostos\/","title":{"rendered":"Caso do pai que tirou a vida do pr\u00f3prio filho ap\u00f3s visitar neta pode ter reviravolta na motiva\u00e7\u00e3o; detalhes s\u00e3o expostos"},"content":{"rendered":"<div class='code-block code-block-1' style='margin: 8px 0 8px auto; text-align: right; display: block; clear: both;'>\n<p><a href=\"https:\/\/wa.link\/vpicfd\"><img data-recalc-dims=\"1\" class=\"wp-image-4922\" style=\"aspect-ratio: 2.0253164556962027; width: 561px; height: auto;\" src=\"https:\/\/i0.wp.com\/ismaelcolosi.com.br\/wp-content\/uploads\/2023\/11\/grupo-de-empregos-whatsapp-e-facebook-ismael-colosi-vagas.jpg?ssl=1\" alt=\"\" \/><\/a><\/p>\n<!-- \/wp:image -->\n<\/div>\n<p> <br \/>\n<\/p>\n<div itemprop=\"text\">\n<p>Nesta \u00faltima quinta-feira, dia 23 de novembro, um pai foi preso ap\u00f3s ter tirado a vida do pr\u00f3prio filho, na regi\u00e3o de Ibi\u00fana, no interior de S\u00e3o Paulo.<\/p>\n<p>E diante de toda a situa\u00e7\u00e3o, a poss\u00edvel causa pra o crime b\u00e1rbaro acabou sendo exposta, pois aparentemente a morte teria sido devido a uma d\u00edvida de 5.000 reais, apesar do pai, Deusimar, de 66 anos, ter afirmado que a motiva\u00e7\u00e3o para o crime teria sido outra.<\/p>\n<p>Com isso, uma reviravolta pode ter acontecido no caso, com o real motivo da agress\u00e3o ter sido por conta de Vanderlei, de 36 anos, ter o agredido enquanto visitava sua neta.<\/p>\n<p>O homem tentou fugir ap\u00f3s o crime, mas acabou sendo encontrado e preso, na regi\u00e3o de Cotia, na Grande S\u00e3o Paulo. E na ocasi\u00e3o, ao ser interrogado, Deusmar alegou que o filho realmente devia dinheiro para ele, mas negou que a motiva\u00e7\u00e3o teria sido essa.<\/p>\n<p>Segundo os agentes respons\u00e1veis por abordar Deusmar, ele teria dito que efetuou os tiros em um \u2018momento de raiva\u2019, mas n\u00e3o teria demonstrado nenhum arrependimento pelas atitudes que teria tomado.<\/p>\n<p>Para as autoridades, o homem contou que teria ido \u00e0 casa de seu filho, com a inten\u00e7\u00e3o de visitar a neta, e ao chegar no local, teria sido recebido com xingamentos e amea\u00e7as. Revoltado, ele retornou com uma arma, decidido a tirar a vida de Vanderlei.<\/p>\n<p>O corpo da v\u00edtima foi sepultado e muitos lamentam toda a tr\u00e1gica situa\u00e7\u00e3o familiar.<\/p>\n<\/div>\n<p><br \/>\n<br \/><a href=\"https:\/\/fnmais.com\/caso-pai-que-tirou-vida-proprio-filho-apos-visitar-neta-pode-ter-reviravolta-na-motivacao-detalhes-sao-expostos\/\">Source link <\/a><\/p>\n<!-- CONTENT END 1 -->\n","protected":false},"excerpt":{"rendered":"<p>Nesta \u00faltima quinta-feira, dia 23 de novembro, um pai foi preso ap\u00f3s ter tirado a vida do pr\u00f3prio filho, na regi\u00e3o de Ibi\u00fana, no interior&#8230;<\/p>\n","protected":false},"author":1,"featured_media":6324,"comment_status":"open","ping_status":"open","sticky":false,"template":"","format":"standard","meta":{"advanced_seo_description":"","jetpack_seo_html_title":"","jetpack_seo_noindex":false,"jetpack_seo_schema_type":"","_jetpack_newsletter_access":"","_jetpack_dont_email_post_to_subs":false,"_jetpack_newsletter_tier_id":0,"_jetpack_memberships_contains_paywalled_content":false,"_jetpack_feature_clip_id":0,"_jetpack_memberships_contains_paid_content":false,"footnotes":"","jetpack_publicize_message":"","jetpack_publicize_feature_enabled":true,"jetpack_social_post_already_shared":true,"jetpack_social_options":{"image_generator_settings":{"template":"highway","default_image_id":0,"font":"","enabled":false},"version":2},"jetpack_post_was_ever_published":false},"categories":[1],"tags":[],"class_list":["post-6323","post","type-post","status-publish","format-standard","has-post-thumbnail","hentry","category-blog"],"jetpack_publicize_connections":[],"jetpack-related-posts":[{"id":6343,"url":"https:\/\/noticiasribeiraopreto.com.br\/index.php\/2023\/11\/25\/filho-tira-a-vida-da-propria-mae-e-tenta-fazer-o-mesmo-com-irmao-durante-velorio-da-vitima-no-pr-motivo-e-exposto\/","url_meta":{"origin":6323,"position":0},"title":"Filho tira a vida da pr\u00f3pria m\u00e3e e tenta fazer o mesmo com irm\u00e3o durante vel\u00f3rio da v\u00edtima no PR; motivo \u00e9 exposto","author":"noticiasribeiraopreto.com.br","date":"25 de November de 2023","format":false,"excerpt":"Nesta \u00faltima sexta-feira, dia 24 de novembro, um homem suspeito de ter tirado a vida da pr\u00f3pria m\u00e3e de cria\u00e7\u00e3o e ter tentado tirar a vida de tr\u00eas irm\u00e3os foi preso.O caso aconteceu na regi\u00e3o da Ponta Grossa, no Paran\u00e1.\u00a0 A v\u00edtima, foi identificada pelo nome de Sandra Mara Pinheiro,\u2026","rel":"","context":"In &quot;Blog&quot;","block_context":{"text":"Blog","link":"https:\/\/noticiasribeiraopreto.com.br\/index.php\/category\/blog\/"},"img":{"alt_text":"","src":"https:\/\/i0.wp.com\/noticiasribeiraopreto.com.br\/wp-content\/uploads\/2023\/11\/postimg-65621ef5209491063.jpg?fit=1200%2C628&ssl=1&resize=350%2C200","width":350,"height":200,"srcset":"https:\/\/i0.wp.com\/noticiasribeiraopreto.com.br\/wp-content\/uploads\/2023\/11\/postimg-65621ef5209491063.jpg?fit=1200%2C628&ssl=1&resize=350%2C200 1x, https:\/\/i0.wp.com\/noticiasribeiraopreto.com.br\/wp-content\/uploads\/2023\/11\/postimg-65621ef5209491063.jpg?fit=1200%2C628&ssl=1&resize=525%2C300 1.5x, https:\/\/i0.wp.com\/noticiasribeiraopreto.com.br\/wp-content\/uploads\/2023\/11\/postimg-65621ef5209491063.jpg?fit=1200%2C628&ssl=1&resize=700%2C400 2x, https:\/\/i0.wp.com\/noticiasribeiraopreto.com.br\/wp-content\/uploads\/2023\/11\/postimg-65621ef5209491063.jpg?fit=1200%2C628&ssl=1&resize=1050%2C600 3x"},"classes":[]},{"id":67250,"url":"https:\/\/noticiasribeiraopreto.com.br\/index.php\/2025\/04\/11\/pais-sao-presos-suspeitos-de-forjar-sequestro-do-proprio-filho-na-regiao-de-ribeirao-preto\/","url_meta":{"origin":6323,"position":1},"title":"Pais s\u00e3o presos suspeitos de forjar sequestro do pr\u00f3prio filho na regi\u00e3o de Ribeir\u00e3o Preto","author":"noticiasribeiraopreto.com.br","date":"11 de April de 2025","format":false,"excerpt":"O pais de um menino de 6 anos, que havia sido dado como desaparecido nesta quinta-feira (10), foram presos suspeitos de forjar o sequestro do pr\u00f3prio filho, em Jardin\u00f3polis, na regi\u00e3o de Ribeir\u00e3o Preto. A crian\u00e7a foi encontrada pela PM (Pol\u00edcia Militar), na manh\u00e3 desta sexta-feira (11), no porta-malas do\u2026","rel":"","context":"In &quot;Not\u00edcias de Ribeir\u00e3o Preto-SP e Regi\u00e3o&quot;","block_context":{"text":"Not\u00edcias de Ribeir\u00e3o Preto-SP e Regi\u00e3o","link":"https:\/\/noticiasribeiraopreto.com.br\/index.php\/category\/noticias-de-ribeirao-preto-sp-e-regiao-ismael-colosi\/"},"img":{"alt_text":"","src":"https:\/\/i0.wp.com\/noticiasribeiraopreto.com.br\/wp-content\/uploads\/2025\/04\/POLICIA_2025-04-11_15-15-04_jpg_2025-04-11_15-15-04.webp.webp?fit=1200%2C812&ssl=1&resize=350%2C200","width":350,"height":200,"srcset":"https:\/\/i0.wp.com\/noticiasribeiraopreto.com.br\/wp-content\/uploads\/2025\/04\/POLICIA_2025-04-11_15-15-04_jpg_2025-04-11_15-15-04.webp.webp?fit=1200%2C812&ssl=1&resize=350%2C200 1x, https:\/\/i0.wp.com\/noticiasribeiraopreto.com.br\/wp-content\/uploads\/2025\/04\/POLICIA_2025-04-11_15-15-04_jpg_2025-04-11_15-15-04.webp.webp?fit=1200%2C812&ssl=1&resize=525%2C300 1.5x, https:\/\/i0.wp.com\/noticiasribeiraopreto.com.br\/wp-content\/uploads\/2025\/04\/POLICIA_2025-04-11_15-15-04_jpg_2025-04-11_15-15-04.webp.webp?fit=1200%2C812&ssl=1&resize=700%2C400 2x, https:\/\/i0.wp.com\/noticiasribeiraopreto.com.br\/wp-content\/uploads\/2025\/04\/POLICIA_2025-04-11_15-15-04_jpg_2025-04-11_15-15-04.webp.webp?fit=1200%2C812&ssl=1&resize=1050%2C600 3x"},"classes":[]},{"id":66437,"url":"https:\/\/noticiasribeiraopreto.com.br\/index.php\/2025\/04\/01\/filho-e-preso-suspeito-de-matar-o-proprio-pai-a-facadas-na-regiao-de-ribeirao-preto\/","url_meta":{"origin":6323,"position":2},"title":"Filho \u00e9 preso suspeito de matar o pr\u00f3prio pai a facadas na regi\u00e3o de Ribeir\u00e3o Preto","author":"noticiasribeiraopreto.com.br","date":"1 de April de 2025","format":false,"excerpt":"Um homem de 29 anos foi preso na noite desta segunda-feira (31) suspeito de matar o pai com golpes de faca, na resid\u00eancia da fam\u00edlia, em Santa Rosa de Viterbo, cidade a aproximadamente 70 quil\u00f4metros de Ribeir\u00e3o Preto. Segundo o boletim de ocorr\u00eancia (BO), Jos\u00e9 Fernandes da Silva Filho, de\u2026","rel":"","context":"In &quot;Not\u00edcias de Ribeir\u00e3o Preto-SP e Regi\u00e3o&quot;","block_context":{"text":"Not\u00edcias de Ribeir\u00e3o Preto-SP e Regi\u00e3o","link":"https:\/\/noticiasribeiraopreto.com.br\/index.php\/category\/noticias-de-ribeirao-preto-sp-e-regiao-ismael-colosi\/"},"img":{"alt_text":"","src":"https:\/\/i0.wp.com\/noticiasribeiraopreto.com.br\/wp-content\/uploads\/2025\/04\/20220620_114539075_policia_qru_1024x576_25052021184749_jpg_715985292.jpg?fit=1200%2C606&ssl=1&resize=350%2C200","width":350,"height":200,"srcset":"https:\/\/i0.wp.com\/noticiasribeiraopreto.com.br\/wp-content\/uploads\/2025\/04\/20220620_114539075_policia_qru_1024x576_25052021184749_jpg_715985292.jpg?fit=1200%2C606&ssl=1&resize=350%2C200 1x, https:\/\/i0.wp.com\/noticiasribeiraopreto.com.br\/wp-content\/uploads\/2025\/04\/20220620_114539075_policia_qru_1024x576_25052021184749_jpg_715985292.jpg?fit=1200%2C606&ssl=1&resize=525%2C300 1.5x, https:\/\/i0.wp.com\/noticiasribeiraopreto.com.br\/wp-content\/uploads\/2025\/04\/20220620_114539075_policia_qru_1024x576_25052021184749_jpg_715985292.jpg?fit=1200%2C606&ssl=1&resize=700%2C400 2x, https:\/\/i0.wp.com\/noticiasribeiraopreto.com.br\/wp-content\/uploads\/2025\/04\/20220620_114539075_policia_qru_1024x576_25052021184749_jpg_715985292.jpg?fit=1200%2C606&ssl=1&resize=1050%2C600 3x"},"classes":[]},{"id":26271,"url":"https:\/\/noticiasribeiraopreto.com.br\/index.php\/2024\/01\/09\/neymar-teria-enviado-ajuda-financeira-a-daniel-alves-para-reduzir-pena-segundo-site\/","url_meta":{"origin":6323,"position":3},"title":"Neymar teria enviado ajuda financeira a Daniel Alves para reduzir pena, segundo site","author":"noticiasribeiraopreto.com.br","date":"9 de January de 2024","format":false,"excerpt":"O caso do jogador Daniel Alves, desde sua pris\u00e3o, tem dado o que falar. Com muitas controversas e quest\u00f5es de como\u00e7\u00e3o p\u00fablica, agora o caso vive uma reviravolta.Segundo site do Uol, Neymar Jr e fam\u00edla teria entrado no caso para dar ajuda ao ex colega de campo. Neymar Pai seria\u2026","rel":"","context":"In &quot;Blog&quot;","block_context":{"text":"Blog","link":"https:\/\/noticiasribeiraopreto.com.br\/index.php\/category\/blog\/"},"img":{"alt_text":"","src":"https:\/\/i0.wp.com\/noticiasribeiraopreto.com.br\/wp-content\/uploads\/2024\/01\/postimg-659da4c9569ee8849.jpg?fit=1200%2C628&ssl=1&resize=350%2C200","width":350,"height":200,"srcset":"https:\/\/i0.wp.com\/noticiasribeiraopreto.com.br\/wp-content\/uploads\/2024\/01\/postimg-659da4c9569ee8849.jpg?fit=1200%2C628&ssl=1&resize=350%2C200 1x, https:\/\/i0.wp.com\/noticiasribeiraopreto.com.br\/wp-content\/uploads\/2024\/01\/postimg-659da4c9569ee8849.jpg?fit=1200%2C628&ssl=1&resize=525%2C300 1.5x, https:\/\/i0.wp.com\/noticiasribeiraopreto.com.br\/wp-content\/uploads\/2024\/01\/postimg-659da4c9569ee8849.jpg?fit=1200%2C628&ssl=1&resize=700%2C400 2x, https:\/\/i0.wp.com\/noticiasribeiraopreto.com.br\/wp-content\/uploads\/2024\/01\/postimg-659da4c9569ee8849.jpg?fit=1200%2C628&ssl=1&resize=1050%2C600 3x"},"classes":[]},{"id":72182,"url":"https:\/\/noticiasribeiraopreto.com.br\/index.php\/2025\/06\/14\/suspeito-de-matar-empresario-pode-ter-fugido-do-pais\/","url_meta":{"origin":6323,"position":4},"title":"Suspeito de matar empres\u00e1rio pode ter fugido do pa\u00eds","author":"noticiasribeiraopreto.com.br","date":"14 de June de 2025","format":false,"excerpt":"Tr\u00eas pessoas est\u00e3o presas temporariamente por envolvimento no caso; corpo da v\u00edtima ainda n\u00e3o foi localizado. A Pol\u00edcia Civil investiga se o principal suspeito de matar o empres\u00e1rio Nelson Francisco Carreira Filho, de 43 anos, em Cravinhos (SP), deixou o pa\u00eds ap\u00f3s o crime. A informa\u00e7\u00e3o surgiu ap\u00f3s depoimento do\u2026","rel":"","context":"In &quot;Not\u00edcias de Ribeir\u00e3o Preto-SP e Regi\u00e3o&quot;","block_context":{"text":"Not\u00edcias de Ribeir\u00e3o Preto-SP e Regi\u00e3o","link":"https:\/\/noticiasribeiraopreto.com.br\/index.php\/category\/noticias-de-ribeirao-preto-sp-e-regiao-ismael-colosi\/"},"img":{"alt_text":"","src":"https:\/\/i0.wp.com\/noticiasribeiraopreto.com.br\/wp-content\/uploads\/2025\/06\/marlon_couto-scaled.jpeg?fit=702%2C500&ssl=1&resize=350%2C200","width":350,"height":200,"srcset":"https:\/\/i0.wp.com\/noticiasribeiraopreto.com.br\/wp-content\/uploads\/2025\/06\/marlon_couto-scaled.jpeg?fit=702%2C500&ssl=1&resize=350%2C200 1x, https:\/\/i0.wp.com\/noticiasribeiraopreto.com.br\/wp-content\/uploads\/2025\/06\/marlon_couto-scaled.jpeg?fit=702%2C500&ssl=1&resize=525%2C300 1.5x, https:\/\/i0.wp.com\/noticiasribeiraopreto.com.br\/wp-content\/uploads\/2025\/06\/marlon_couto-scaled.jpeg?fit=702%2C500&ssl=1&resize=700%2C400 2x"},"classes":[]},{"id":90163,"url":"https:\/\/noticiasribeiraopreto.com.br\/index.php\/2026\/08\/18\/video-pai-mata-filho-a-facadas-apos-brigarem-na-regiao\/","url_meta":{"origin":6323,"position":5},"title":"V\u00cdDEO &#8211; Pai mata filho a facadas ap\u00f3s brigarem na regi\u00e3o","author":"noticiasribeiraopreto.com.br","date":"18 de August de 2026","format":false,"excerpt":"\r \r \r Homem teria repreendido filho por agress\u00e3o \u00e0 m\u00e3e e acabou tamb\u00e9m sendo agredido, revidando em seguida\r \r 18 de agosto de 2026 11:59 \r Compartilhar0 \r | Por: Adalberto Luque | Um homem de 22 anos morreu ap\u00f3s ser esfaqueado pelo pr\u00f3prio pai, no domingo (16). O\u2026","rel":"","context":"In &quot;Not\u00edcias de Ribeir\u00e3o Preto-SP e Regi\u00e3o&quot;","block_context":{"text":"Not\u00edcias de Ribeir\u00e3o Preto-SP e Regi\u00e3o","link":"https:\/\/noticiasribeiraopreto.com.br\/index.php\/category\/noticias-de-ribeirao-preto-sp-e-regiao-ismael-colosi\/"},"img":{"alt_text":"","src":"https:\/\/i0.wp.com\/noticiasribeiraopreto.com.br\/wp-content\/uploads\/2026\/08\/18-ago-2026-paimatafilho-scaled.jpg?fit=1200%2C744&ssl=1&resize=350%2C200","width":350,"height":200,"srcset":"https:\/\/i0.wp.com\/noticiasribeiraopreto.com.br\/wp-content\/uploads\/2026\/08\/18-ago-2026-paimatafilho-scaled.jpg?fit=1200%2C744&ssl=1&resize=350%2C200 1x, https:\/\/i0.wp.com\/noticiasribeiraopreto.com.br\/wp-content\/uploads\/2026\/08\/18-ago-2026-paimatafilho-scaled.jpg?fit=1200%2C744&ssl=1&resize=525%2C300 1.5x, https:\/\/i0.wp.com\/noticiasribeiraopreto.com.br\/wp-content\/uploads\/2026\/08\/18-ago-2026-paimatafilho-scaled.jpg?fit=1200%2C744&ssl=1&resize=700%2C400 2x, https:\/\/i0.wp.com\/noticiasribeiraopreto.com.br\/wp-content\/uploads\/2026\/08\/18-ago-2026-paimatafilho-scaled.jpg?fit=1200%2C744&ssl=1&resize=1050%2C600 3x"},"classes":[]}],"jetpack_sharing_enabled":true,"jetpack_shortlink":"https:\/\/wp.me\/peQAOb-1DZ","jetpack_featured_media_url":"https:\/\/i0.wp.com\/noticiasribeiraopreto.com.br\/wp-content\/uploads\/2023\/11\/postimg-656223055a9a15109.jpg?fit=1200%2C628&ssl=1","_links":{"self":[{"href":"https:\/\/noticiasribeiraopreto.com.br\/index.php\/wp-json\/wp\/v2\/posts\/6323","targetHints":{"allow":["GET"]}}],"collection":[{"href":"https:\/\/noticiasribeiraopreto.com.br\/index.php\/wp-json\/wp\/v2\/posts"}],"about":[{"href":"https:\/\/noticiasribeiraopreto.com.br\/index.php\/wp-json\/wp\/v2\/types\/post"}],"author":[{"embeddable":true,"href":"https:\/\/noticiasribeiraopreto.com.br\/index.php\/wp-json\/wp\/v2\/users\/1"}],"replies":[{"embeddable":true,"href":"https:\/\/noticiasribeiraopreto.com.br\/index.php\/wp-json\/wp\/v2\/comments?post=6323"}],"version-history":[{"count":0,"href":"https:\/\/noticiasribeiraopreto.com.br\/index.php\/wp-json\/wp\/v2\/posts\/6323\/revisions"}],"wp:featuredmedia":[{"embeddable":true,"href":"https:\/\/noticiasribeiraopreto.com.br\/index.php\/wp-json\/wp\/v2\/media\/6324"}],"wp:attachment":[{"href":"https:\/\/noticiasribeiraopreto.com.br\/index.php\/wp-json\/wp\/v2\/media?parent=6323"}],"wp:term":[{"taxonomy":"category","embeddable":true,"href":"https:\/\/noticiasribeiraopreto.com.br\/index.php\/wp-json\/wp\/v2\/categories?post=6323"},{"taxonomy":"post_tag","embeddable":true,"href":"https:\/\/noticiasribeiraopreto.com.br\/index.php\/wp-json\/wp\/v2\/tags?post=6323"}],"curies":[{"name":"wp","href":"https:\/\/api.w.org\/{rel}","templated":true}]}}