{"id":63465,"date":"2025-02-13T20:12:05","date_gmt":"2025-02-13T23:12:05","guid":{"rendered":"https:\/\/noticiasribeiraopreto.com.br\/index.php\/2025\/02\/13\/sp-vai-contratar-nova-gestao-para-ame-apos-pacientes-perderem-a-visao\/"},"modified":"2025-02-13T20:12:05","modified_gmt":"2025-02-13T23:12:05","slug":"sp-vai-contratar-nova-gestao-para-ame-apos-pacientes-perderem-a-visao","status":"publish","type":"post","link":"https:\/\/noticiasribeiraopreto.com.br\/index.php\/2025\/02\/13\/sp-vai-contratar-nova-gestao-para-ame-apos-pacientes-perderem-a-visao\/","title":{"rendered":"SP vai contratar nova gest\u00e3o para AME ap\u00f3s pacientes perderem a vis\u00e3o"},"content":{"rendered":"<p> <br \/>\n<\/p>\n<div>\n<p>A<strong> Secretaria de Estado da Sa\u00fade de S\u00e3o Paulo (SES-SP)<\/strong> anunciou, nesta quinta-feira (13), um conjunto de medidas ap\u00f3s o incidente grave envolvendo pacientes do <strong>Ambulat\u00f3rio M\u00e9dico de Especialidades (AME) de Taquaritinga<\/strong>, ocorrido em outubro do ano passado. Entre elas, o<strong> descredenciamento da Santa Casa de Franca<\/strong> que administrava o AME.<\/p>\n<p>Como medida imediata, a <strong>SES-SP determinou a abertura de um chamamento p\u00fablico para a contrata\u00e7\u00e3o de uma nova institui\u00e7\u00e3o <\/strong>que ficar\u00e1 respons\u00e1vel pelo <strong>gerenciamento do AME de Taquaritinga. <\/strong><\/p>\n<p>Al\u00e9m disso, a <strong>Secretaria informou que foi instaurada uma sindic\u00e2ncia que envolver\u00e1 todas as unidades geridas pela OSS Santa Casa de Franca<\/strong>. <\/p>\n<p>A investiga\u00e7\u00e3o ser\u00e1 conduzida pela <strong>Coordenadoria de Gest\u00e3o de Contratos de Servi\u00e7os de Sa\u00fade<\/strong>, <strong>Coordenadoria de Regi\u00f5es de Sa\u00fade<\/strong>, <strong>Vigil\u00e2ncias Sanit\u00e1ria e Epidemiol\u00f3gica do Estado de S\u00e3o Paulo<\/strong>, e <strong>N\u00facleo de Humaniza\u00e7\u00e3o, Qualidade e Seguran\u00e7a do Paciente.<\/strong> O objetivo \u00e9 apurar poss\u00edveis irregularidades nos servi\u00e7os prestados e garantir que todos os envolvidos sejam responsabilizados, com o prazo de<strong> 30 dias para a apresenta\u00e7\u00e3o dos resultados.<\/strong><\/p>\n<p>A SES-SP tamb\u00e9m garantiu assist\u00eancia cont\u00ednua aos pacientes afetados. Eles ter\u00e3o acompanhamento e tratamento no <strong>Departamento de Oftalmologia do Hospital das Cl\u00ednicas da Faculdade de Medicina de Ribeir\u00e3o Preto.<\/strong><\/p>\n<p>Com a finalidade de reparar os danos causados, a <strong>Procuradoria Geral do Estado (PGE) <\/strong>e a <strong>Defensoria P\u00fablica do Estado <\/strong>est\u00e3o preparando uma proposta de indeniza\u00e7\u00e3o administrativa. A proposta dever\u00e1 ser apresentada nos pr\u00f3ximos dias.,<\/p>\n<h2 class=\"wp-block-heading\"><strong>Confira nota da \u00edntegra:<\/strong><\/h2>\n<p>A Secretaria de Estado da Sa\u00fade de S\u00e3o Paulo (SES-SP) lamenta profundamente o ocorrido com os pacientes do Ambulat\u00f3rio M\u00e9dico de Especialidades (AME) de Taquaritinga, em outubro do ano passado. Diante das graves den\u00fancias apresentadas, e da aus\u00eancia de notifica\u00e7\u00e3o \u00e0 SES-SP e aos \u00f3rg\u00e3os sanit\u00e1rios \u00e0 \u00e9poca dos fatos, a Pasta adota as seguintes medidas em rela\u00e7\u00e3o \u00e0 Organiza\u00e7\u00e3o Social de Sa\u00fade (OSS) Santa Casa de Franca e aos pacientes:<\/p>\n<ul>\n<li>Abertura imediata de chamamento p\u00fablico para a contrata\u00e7\u00e3o de uma nova institui\u00e7\u00e3o para o gerenciamento do AME de Taquaritinga;<\/li>\n<li>Instaura\u00e7\u00e3o imediata de sindic\u00e2ncia em todas as unidades gerenciadas pela OSS Santa Casa de Franca, com a condu\u00e7\u00e3o da Coordenadoria de Gest\u00e3o de Contratos de Servi\u00e7os de Sa\u00fade, da Coordenadoria de Regi\u00f5es de Sa\u00fade, das Vigil\u00e2ncias Sanit\u00e1ria e Epidemiol\u00f3gica do Estado de S\u00e3o Paulo e do N\u00facleo de Humaniza\u00e7\u00e3o, Qualidade e Seguran\u00e7a do Paciente, com resultados dentro de 30 dias;<\/li>\n<li>Assist\u00eancia cont\u00ednua em sa\u00fade aos pacientes, com acolhimento, acompanhamento e tratamento no Departamento de Oftalmologia do Hospital das Cl\u00ednicas da Faculdade de Medicina de Ribeir\u00e3o Preto;<\/li>\n<li>Apresenta\u00e7\u00e3o de proposta de indeniza\u00e7\u00e3o administrativa, nos pr\u00f3ximos dias, aos pacientes afetados pelas cirurgias, conduzida pela Procuradoria Geral do Estado (PGE) e pela Defensoria P\u00fablica do Estado.<\/li>\n<\/ul>\n<p>A SES-SP refor\u00e7a seu compromisso com a transpar\u00eancia, a qualidade da assist\u00eancia e a seguran\u00e7a\u00a0dos\u00a0pacientes.<\/p>\n<p><em><sup>Ainda n\u00e3o houve retorno da Santa Casa de Franca, espa\u00e7o segue aberto.<\/sup><\/em><\/p>\n<hr class=\"wp-block-separator has-alpha-channel-opacity\"\/>\n<p>SAIBA MAIS<br \/>Veja quem \u00e9 a ganhadora do pr\u00eamio de R$ 1 milh\u00e3o da Nota Fiscal Paulista<\/p>\n<h4 class=\"wp-block-heading\"><strong>FIQUE ON<\/strong><\/h4>\n<p>Fique ligado em tudo que acontece em Ribeir\u00e3o Preto e regi\u00e3o. Siga os perfis do <strong>acidade on<\/strong> no<a href=\"https:\/\/www.instagram.com\/acidadeonribeirao\" target=\"_blank\" rel=\"noreferrer noopener nofollow\"> Instagram <\/a>e no <a href=\"https:\/\/www.facebook.com\/acidadeonribeirao\/\" target=\"_blank\" rel=\"noreferrer noopener nofollow\">Facebook<\/a>.<\/p>\n<p>Receba not\u00edcias do <strong>acidade on<\/strong> no WhatsApp. <a href=\"https:\/\/chat.whatsapp.com\/BjKQZ9oJwlz8VVT50NuePq\" target=\"_blank\" rel=\"noreferrer noopener nofollow\">Para entrar no grupo, basta clicar aqui.<\/a><\/p>\n<p>Fa\u00e7a uma den\u00fancia ou sugira uma reportagem sobre Ribeir\u00e3o Preto e regi\u00e3o pelo WhatsApp: 16 99117 7802.<\/p>\n<p>VEJA TAMB\u00c9M<br \/>Por que a investiga\u00e7\u00e3o do acidente de JK ser\u00e1 retomado?<\/p>\n<p><!-- CONTENT END 1 -->\n<\/div>\n<p><script async src=\"\/\/www.instagram.com\/embed.js\"><\/script><br \/>\n<br \/><br \/>\n<br \/><a href=\"https:\/\/www.acidadeon.com\/ribeiraopreto\/cotidiano\/sp-vai-contratar-nova-gestao-para-ame-apos-pacientes-perderem-a-visao\/\">Source link <\/a><\/p>\n","protected":false},"excerpt":{"rendered":"<p>A Secretaria de Estado da Sa\u00fade de S\u00e3o Paulo (SES-SP) anunciou, nesta quinta-feira (13), um conjunto de medidas ap\u00f3s o incidente grave envolvendo pacientes do&#8230;<\/p>\n","protected":false},"author":1,"featured_media":63273,"comment_status":"open","ping_status":"open","sticky":false,"template":"","format":"standard","meta":{"advanced_seo_description":"","jetpack_seo_html_title":"","jetpack_seo_noindex":false,"jetpack_post_was_ever_published":false,"_jetpack_newsletter_access":"","_jetpack_dont_email_post_to_subs":false,"_jetpack_newsletter_tier_id":0,"_jetpack_memberships_contains_paywalled_content":false,"_jetpack_memberships_contains_paid_content":false,"footnotes":"","jetpack_publicize_message":"","jetpack_publicize_feature_enabled":true,"jetpack_social_post_already_shared":true,"jetpack_social_options":{"image_generator_settings":{"template":"highway","default_image_id":0,"font":"","enabled":false},"version":2}},"categories":[11],"tags":[],"class_list":["post-63465","post","type-post","status-publish","format-standard","has-post-thumbnail","hentry","category-noticias-de-ribeirao-preto-sp-e-regiao-ismael-colosi"],"jetpack_publicize_connections":[],"jetpack_featured_media_url":"https:\/\/i0.wp.com\/noticiasribeiraopreto.com.br\/wp-content\/uploads\/2025\/02\/Copia-de-Copia-de-Copia-de-TAMANHO-EXATO-PARA-FOTOS-NO-SISTEMA-NOVO-2025-02-07T211130.087_2025-02-08_00-11-43_png_2025-02-08_00-11-43.webp.webp?fit=1200%2C675&ssl=1","jetpack-related-posts":[{"id":63464,"url":"https:\/\/noticiasribeiraopreto.com.br\/index.php\/2025\/02\/13\/ses-sp-anuncia-medidas-apos-pacientes-perderem-a-visao-e-descredencia-santa-casa-de-franca\/","url_meta":{"origin":63465,"position":0},"title":"SES-SP anuncia medidas ap\u00f3s pacientes perderem a vis\u00e3o e descredencia Santa Casa de Franca","author":"noticiasribeiraopreto.com.br","date":"13 de February de 2025","format":false,"excerpt":"A Secretaria de Estado da Sa\u00fade de S\u00e3o Paulo (SES-SP) anunciou, nesta quinta-feira (13), um conjunto de medidas ap\u00f3s o incidente grave envolvendo pacientes do Ambulat\u00f3rio M\u00e9dico de Especialidades (AME) de Taquaritinga, ocorrido em outubro do ano passado. Entre elas, o descredenciamento da Santa Casa de Franca que administrava o\u2026","rel":"","context":"In &quot;Not\u00edcias de Ribeir\u00e3o Preto-SP e Regi\u00e3o&quot;","block_context":{"text":"Not\u00edcias de Ribeir\u00e3o Preto-SP e Regi\u00e3o","link":"https:\/\/noticiasribeiraopreto.com.br\/index.php\/category\/noticias-de-ribeirao-preto-sp-e-regiao-ismael-colosi\/"},"img":{"alt_text":"","src":"https:\/\/i0.wp.com\/noticiasribeiraopreto.com.br\/wp-content\/uploads\/2024\/11\/franca_2024-11-04_15-11-54_jpg_2024-11-04_15-11-54.webp.webp?fit=865%2C558&ssl=1&resize=350%2C200","width":350,"height":200,"srcset":"https:\/\/i0.wp.com\/noticiasribeiraopreto.com.br\/wp-content\/uploads\/2024\/11\/franca_2024-11-04_15-11-54_jpg_2024-11-04_15-11-54.webp.webp?fit=865%2C558&ssl=1&resize=350%2C200 1x, https:\/\/i0.wp.com\/noticiasribeiraopreto.com.br\/wp-content\/uploads\/2024\/11\/franca_2024-11-04_15-11-54_jpg_2024-11-04_15-11-54.webp.webp?fit=865%2C558&ssl=1&resize=525%2C300 1.5x, https:\/\/i0.wp.com\/noticiasribeiraopreto.com.br\/wp-content\/uploads\/2024\/11\/franca_2024-11-04_15-11-54_jpg_2024-11-04_15-11-54.webp.webp?fit=865%2C558&ssl=1&resize=700%2C400 2x"},"classes":[]},{"id":63424,"url":"https:\/\/noticiasribeiraopreto.com.br\/index.php\/2025\/02\/12\/acoes-judiciais-sao-iniciadas-por-pacientes-que-ficaram-cegos-apos-mutirao-de-catarata\/","url_meta":{"origin":63465,"position":1},"title":"A\u00e7\u00f5es judiciais s\u00e3o iniciadas por pacientes que ficaram cegos ap\u00f3s mutir\u00e3o de catarata","author":"noticiasribeiraopreto.com.br","date":"12 de February de 2025","format":false,"excerpt":"Ap\u00f3s perderem a vis\u00e3o durante um mutir\u00e3o de catarata em Taquaritinga, no interior de S\u00e3o Paulo, pacientes come\u00e7aram a ajuizar a\u00e7\u00f5es c\u00edveis contra os respons\u00e1veis pelas complica\u00e7\u00f5es. At\u00e9 esta quarta-feira (12), ao menos quatro pessoas que enfrentaram problemas ap\u00f3s as cirurgias j\u00e1 entraram com processos. As a\u00e7\u00f5es pedem valores entre\u2026","rel":"","context":"In &quot;Not\u00edcias de Ribeir\u00e3o Preto-SP e Regi\u00e3o&quot;","block_context":{"text":"Not\u00edcias de Ribeir\u00e3o Preto-SP e Regi\u00e3o","link":"https:\/\/noticiasribeiraopreto.com.br\/index.php\/category\/noticias-de-ribeirao-preto-sp-e-regiao-ismael-colosi\/"},"img":{"alt_text":"","src":"https:\/\/i0.wp.com\/noticiasribeiraopreto.com.br\/wp-content\/uploads\/2025\/02\/Copia-de-Copia-de-Copia-de-TAMANHO-EXATO-PARA-FOTOS-NO-SISTEMA-NOVO-2025-02-09T181404.616_2025-02-09_21-14-22_png_2025-02-09_21-14-22.webp.webp?fit=1200%2C675&ssl=1&resize=350%2C200","width":350,"height":200,"srcset":"https:\/\/i0.wp.com\/noticiasribeiraopreto.com.br\/wp-content\/uploads\/2025\/02\/Copia-de-Copia-de-Copia-de-TAMANHO-EXATO-PARA-FOTOS-NO-SISTEMA-NOVO-2025-02-09T181404.616_2025-02-09_21-14-22_png_2025-02-09_21-14-22.webp.webp?fit=1200%2C675&ssl=1&resize=350%2C200 1x, https:\/\/i0.wp.com\/noticiasribeiraopreto.com.br\/wp-content\/uploads\/2025\/02\/Copia-de-Copia-de-Copia-de-TAMANHO-EXATO-PARA-FOTOS-NO-SISTEMA-NOVO-2025-02-09T181404.616_2025-02-09_21-14-22_png_2025-02-09_21-14-22.webp.webp?fit=1200%2C675&ssl=1&resize=525%2C300 1.5x, https:\/\/i0.wp.com\/noticiasribeiraopreto.com.br\/wp-content\/uploads\/2025\/02\/Copia-de-Copia-de-Copia-de-TAMANHO-EXATO-PARA-FOTOS-NO-SISTEMA-NOVO-2025-02-09T181404.616_2025-02-09_21-14-22_png_2025-02-09_21-14-22.webp.webp?fit=1200%2C675&ssl=1&resize=700%2C400 2x, https:\/\/i0.wp.com\/noticiasribeiraopreto.com.br\/wp-content\/uploads\/2025\/02\/Copia-de-Copia-de-Copia-de-TAMANHO-EXATO-PARA-FOTOS-NO-SISTEMA-NOVO-2025-02-09T181404.616_2025-02-09_21-14-22_png_2025-02-09_21-14-22.webp.webp?fit=1200%2C675&ssl=1&resize=1050%2C600 3x"},"classes":[]},{"id":67670,"url":"https:\/\/noticiasribeiraopreto.com.br\/index.php\/2025\/04\/17\/grupo-santa-casa-de-franca-ja-recebeu-mais-de-r-65-milhoes-para-reduzir-filas-na-saude-publica\/","url_meta":{"origin":63465,"position":2},"title":"Grupo Santa Casa de Franca j\u00e1 recebeu mais de R$ 65 milh\u00f5es para reduzir filas na sa\u00fade p\u00fablica","author":"noticiasribeiraopreto.com.br","date":"17 de April de 2025","format":false,"excerpt":"O Governo de S\u00e3o Paulo, por meio da Tabela SUS Paulista, confirmou que repassou para a regi\u00e3o de Franca R$ 92 milh\u00f5es para 26 institui\u00e7\u00f5es conveniadas ao Sistema \u00danico de Sa\u00fade (SUS). A proposta desse recurso \u00e9 ampliar a oferta de servi\u00e7os e reduzir filas e deslocamentos. No primeiro ano\u2026","rel":"","context":"In &quot;Not\u00edcias de Franca-SP&quot;","block_context":{"text":"Not\u00edcias de Franca-SP","link":"https:\/\/noticiasribeiraopreto.com.br\/index.php\/category\/noticias-de-ribeirao-preto-sp-e-regiao-ismael-colosi\/noticias-franca-sp\/"},"img":{"alt_text":"","src":"https:\/\/i0.wp.com\/noticiasribeiraopreto.com.br\/wp-content\/uploads\/2025\/04\/santa_casa_de_franca.jpg?fit=800%2C465&ssl=1&resize=350%2C200","width":350,"height":200,"srcset":"https:\/\/i0.wp.com\/noticiasribeiraopreto.com.br\/wp-content\/uploads\/2025\/04\/santa_casa_de_franca.jpg?fit=800%2C465&ssl=1&resize=350%2C200 1x, https:\/\/i0.wp.com\/noticiasribeiraopreto.com.br\/wp-content\/uploads\/2025\/04\/santa_casa_de_franca.jpg?fit=800%2C465&ssl=1&resize=525%2C300 1.5x, https:\/\/i0.wp.com\/noticiasribeiraopreto.com.br\/wp-content\/uploads\/2025\/04\/santa_casa_de_franca.jpg?fit=800%2C465&ssl=1&resize=700%2C400 2x"},"classes":[]},{"id":63378,"url":"https:\/\/noticiasribeiraopreto.com.br\/index.php\/2025\/02\/11\/equipe-inverteu-a-ordem-do-uso-dos-produtos-afirma-santa-casa-sobre-mutirao-de-catarata-no-interior-de-sp\/","url_meta":{"origin":63465,"position":3},"title":"&#8216;Equipe inverteu a ordem do uso dos produtos&#8217;, afirma Santa Casa sobre mutir\u00e3o de catarata no interior de SP","author":"noticiasribeiraopreto.com.br","date":"11 de February de 2025","format":false,"excerpt":"O Grupo Santa Casa de Franca confirmou, nesta ter\u00e7a-feira (11), que o erro no mutir\u00e3o de cirurgias de catarata realizado em Taquaritinga, no interior de S\u00e3o Paulo, que resultou em pacientes com complica\u00e7\u00f5es de cegueira foi causado por uma invers\u00e3o no uso de produtos durante o processo cir\u00fargico. Uma nota\u2026","rel":"","context":"In &quot;Not\u00edcias de Ribeir\u00e3o Preto-SP e Regi\u00e3o&quot;","block_context":{"text":"Not\u00edcias de Ribeir\u00e3o Preto-SP e Regi\u00e3o","link":"https:\/\/noticiasribeiraopreto.com.br\/index.php\/category\/noticias-de-ribeirao-preto-sp-e-regiao-ismael-colosi\/"},"img":{"alt_text":"","src":"https:\/\/i0.wp.com\/noticiasribeiraopreto.com.br\/wp-content\/uploads\/2025\/02\/Copia-de-Copia-de-Copia-de-TAMANHO-EXATO-PARA-FOTOS-NO-SISTEMA-NOVO-2025-02-07T211130.087_2025-02-08_00-11-43_png_2025-02-08_00-11-43.webp.webp?fit=1200%2C675&ssl=1&resize=350%2C200","width":350,"height":200,"srcset":"https:\/\/i0.wp.com\/noticiasribeiraopreto.com.br\/wp-content\/uploads\/2025\/02\/Copia-de-Copia-de-Copia-de-TAMANHO-EXATO-PARA-FOTOS-NO-SISTEMA-NOVO-2025-02-07T211130.087_2025-02-08_00-11-43_png_2025-02-08_00-11-43.webp.webp?fit=1200%2C675&ssl=1&resize=350%2C200 1x, https:\/\/i0.wp.com\/noticiasribeiraopreto.com.br\/wp-content\/uploads\/2025\/02\/Copia-de-Copia-de-Copia-de-TAMANHO-EXATO-PARA-FOTOS-NO-SISTEMA-NOVO-2025-02-07T211130.087_2025-02-08_00-11-43_png_2025-02-08_00-11-43.webp.webp?fit=1200%2C675&ssl=1&resize=525%2C300 1.5x, https:\/\/i0.wp.com\/noticiasribeiraopreto.com.br\/wp-content\/uploads\/2025\/02\/Copia-de-Copia-de-Copia-de-TAMANHO-EXATO-PARA-FOTOS-NO-SISTEMA-NOVO-2025-02-07T211130.087_2025-02-08_00-11-43_png_2025-02-08_00-11-43.webp.webp?fit=1200%2C675&ssl=1&resize=700%2C400 2x, https:\/\/i0.wp.com\/noticiasribeiraopreto.com.br\/wp-content\/uploads\/2025\/02\/Copia-de-Copia-de-Copia-de-TAMANHO-EXATO-PARA-FOTOS-NO-SISTEMA-NOVO-2025-02-07T211130.087_2025-02-08_00-11-43_png_2025-02-08_00-11-43.webp.webp?fit=1200%2C675&ssl=1&resize=1050%2C600 3x"},"classes":[]},{"id":63327,"url":"https:\/\/noticiasribeiraopreto.com.br\/index.php\/2025\/02\/10\/hospital-admite-erro-em-mutirao-de-cirurgia-que-deixou-12-pacientes-cegos-no-interior-de-sp\/","url_meta":{"origin":63465,"position":4},"title":"Hospital admite erro em mutir\u00e3o de cirurgia que deixou 12 pacientes cegos no interior de SP","author":"noticiasribeiraopreto.com.br","date":"10 de February de 2025","format":false,"excerpt":"A OSS (Organiza\u00e7\u00e3o Social de Sa\u00fade) Grupo Santa Casa de Franca, administradora do AME (Ambulat\u00f3rio M\u00e9dico de Especialidades do Governo do Estado de S\u00e3o Paulo) Taquaritinga, informou nesta segunda-feira (10), que concluiu a apura\u00e7\u00e3o interna do mutir\u00e3o de cirurgia de catarata que provocou a cegueira de 12 pacientes. Embora o\u2026","rel":"","context":"In &quot;Not\u00edcias de Ribeir\u00e3o Preto-SP e Regi\u00e3o&quot;","block_context":{"text":"Not\u00edcias de Ribeir\u00e3o Preto-SP e Regi\u00e3o","link":"https:\/\/noticiasribeiraopreto.com.br\/index.php\/category\/noticias-de-ribeirao-preto-sp-e-regiao-ismael-colosi\/"},"img":{"alt_text":"","src":"https:\/\/i0.wp.com\/noticiasribeiraopreto.com.br\/wp-content\/uploads\/2025\/02\/Copia-de-Copia-de-Copia-de-TAMANHO-EXATO-PARA-FOTOS-NO-SISTEMA-NOVO-2025-02-07T211130.087_2025-02-08_00-11-43_png_2025-02-08_00-11-43.webp.webp?fit=1200%2C675&ssl=1&resize=350%2C200","width":350,"height":200,"srcset":"https:\/\/i0.wp.com\/noticiasribeiraopreto.com.br\/wp-content\/uploads\/2025\/02\/Copia-de-Copia-de-Copia-de-TAMANHO-EXATO-PARA-FOTOS-NO-SISTEMA-NOVO-2025-02-07T211130.087_2025-02-08_00-11-43_png_2025-02-08_00-11-43.webp.webp?fit=1200%2C675&ssl=1&resize=350%2C200 1x, https:\/\/i0.wp.com\/noticiasribeiraopreto.com.br\/wp-content\/uploads\/2025\/02\/Copia-de-Copia-de-Copia-de-TAMANHO-EXATO-PARA-FOTOS-NO-SISTEMA-NOVO-2025-02-07T211130.087_2025-02-08_00-11-43_png_2025-02-08_00-11-43.webp.webp?fit=1200%2C675&ssl=1&resize=525%2C300 1.5x, https:\/\/i0.wp.com\/noticiasribeiraopreto.com.br\/wp-content\/uploads\/2025\/02\/Copia-de-Copia-de-Copia-de-TAMANHO-EXATO-PARA-FOTOS-NO-SISTEMA-NOVO-2025-02-07T211130.087_2025-02-08_00-11-43_png_2025-02-08_00-11-43.webp.webp?fit=1200%2C675&ssl=1&resize=700%2C400 2x, https:\/\/i0.wp.com\/noticiasribeiraopreto.com.br\/wp-content\/uploads\/2025\/02\/Copia-de-Copia-de-Copia-de-TAMANHO-EXATO-PARA-FOTOS-NO-SISTEMA-NOVO-2025-02-07T211130.087_2025-02-08_00-11-43_png_2025-02-08_00-11-43.webp.webp?fit=1200%2C675&ssl=1&resize=1050%2C600 3x"},"classes":[]},{"id":69966,"url":"https:\/\/noticiasribeiraopreto.com.br\/index.php\/2025\/05\/21\/liminar-barra-cirurgias-em-ame\/","url_meta":{"origin":63465,"position":5},"title":"Liminar barra cirurgias em AME","author":"noticiasribeiraopreto.com.br","date":"21 de May de 2025","format":false,"excerpt":"O Ambulat\u00f3rio M\u00e9dico de Especialidades (AME) de Taquaritinga est\u00e1 proibido de realizar qualquer tipo de cirurgia, inclusive procedimentos de catarata, por for\u00e7a de liminar concedida nesta ter\u00e7a-feira, 20 de maio, a pedido do promotor Ilo Wilson Marinho Gon\u00e7alves Junior. A decis\u00e3o foi tomada ap\u00f3s o Minist\u00e9rio P\u00fablico de S\u00e3o Paulo\u2026","rel":"","context":"In &quot;Not\u00edcias de Ribeir\u00e3o Preto-SP e Regi\u00e3o&quot;","block_context":{"text":"Not\u00edcias de Ribeir\u00e3o Preto-SP e Regi\u00e3o","link":"https:\/\/noticiasribeiraopreto.com.br\/index.php\/category\/noticias-de-ribeirao-preto-sp-e-regiao-ismael-colosi\/"},"img":{"alt_text":"","src":"https:\/\/i0.wp.com\/noticiasribeiraopreto.com.br\/wp-content\/uploads\/2025\/05\/ame-scaled.jpeg?fit=800%2C442&ssl=1&resize=350%2C200","width":350,"height":200,"srcset":"https:\/\/i0.wp.com\/noticiasribeiraopreto.com.br\/wp-content\/uploads\/2025\/05\/ame-scaled.jpeg?fit=800%2C442&ssl=1&resize=350%2C200 1x, https:\/\/i0.wp.com\/noticiasribeiraopreto.com.br\/wp-content\/uploads\/2025\/05\/ame-scaled.jpeg?fit=800%2C442&ssl=1&resize=525%2C300 1.5x, https:\/\/i0.wp.com\/noticiasribeiraopreto.com.br\/wp-content\/uploads\/2025\/05\/ame-scaled.jpeg?fit=800%2C442&ssl=1&resize=700%2C400 2x"},"classes":[]}],"jetpack_sharing_enabled":true,"jetpack_shortlink":"https:\/\/wp.me\/peQAOb-gvD","_links":{"self":[{"href":"https:\/\/noticiasribeiraopreto.com.br\/index.php\/wp-json\/wp\/v2\/posts\/63465","targetHints":{"allow":["GET"]}}],"collection":[{"href":"https:\/\/noticiasribeiraopreto.com.br\/index.php\/wp-json\/wp\/v2\/posts"}],"about":[{"href":"https:\/\/noticiasribeiraopreto.com.br\/index.php\/wp-json\/wp\/v2\/types\/post"}],"author":[{"embeddable":true,"href":"https:\/\/noticiasribeiraopreto.com.br\/index.php\/wp-json\/wp\/v2\/users\/1"}],"replies":[{"embeddable":true,"href":"https:\/\/noticiasribeiraopreto.com.br\/index.php\/wp-json\/wp\/v2\/comments?post=63465"}],"version-history":[{"count":0,"href":"https:\/\/noticiasribeiraopreto.com.br\/index.php\/wp-json\/wp\/v2\/posts\/63465\/revisions"}],"wp:featuredmedia":[{"embeddable":true,"href":"https:\/\/noticiasribeiraopreto.com.br\/index.php\/wp-json\/wp\/v2\/media\/63273"}],"wp:attachment":[{"href":"https:\/\/noticiasribeiraopreto.com.br\/index.php\/wp-json\/wp\/v2\/media?parent=63465"}],"wp:term":[{"taxonomy":"category","embeddable":true,"href":"https:\/\/noticiasribeiraopreto.com.br\/index.php\/wp-json\/wp\/v2\/categories?post=63465"},{"taxonomy":"post_tag","embeddable":true,"href":"https:\/\/noticiasribeiraopreto.com.br\/index.php\/wp-json\/wp\/v2\/tags?post=63465"}],"curies":[{"name":"wp","href":"https:\/\/api.w.org\/{rel}","templated":true}]}}