{"id":63466,"date":"2025-02-13T20:40:29","date_gmt":"2025-02-13T23:40:29","guid":{"rendered":"https:\/\/noticiasribeiraopreto.com.br\/index.php\/2025\/02\/13\/farmacia-popular-tera-gratuidade-total-em-41-medicamentos-anuncia-ministerio\/"},"modified":"2025-02-13T20:40:29","modified_gmt":"2025-02-13T23:40:29","slug":"farmacia-popular-tera-gratuidade-total-em-41-medicamentos-anuncia-ministerio","status":"publish","type":"post","link":"https:\/\/noticiasribeiraopreto.com.br\/index.php\/2025\/02\/13\/farmacia-popular-tera-gratuidade-total-em-41-medicamentos-anuncia-ministerio\/","title":{"rendered":"Farm\u00e1cia Popular ter\u00e1 gratuidade total em 41 medicamentos, anuncia Minist\u00e9rio"},"content":{"rendered":"<p> <br \/>\n<\/p>\n<div>\n<p>O <strong><a href=\"https:\/\/www.gov.br\/saude\/pt-br\" target=\"_blank\" rel=\"noreferrer noopener\">Minist\u00e9rio da Sa\u00fade<\/a><\/strong> anunciou, nesta quinta-feira (13), a <strong>expans\u00e3o do programa Farm\u00e1cia Popular,<\/strong> que agora oferece<strong> 100% de gratuidade em 41 medicamentos e itens essenciais.<\/strong> Anteriormente, 38 produtos j\u00e1 eram disponibilizados sem custos para a popula\u00e7\u00e3o.<\/p>\n<p><strong>Entre os novos produtos inclusos est\u00e3o:<\/strong><\/p>\n<ul>\n<li><strong>Dapagliflozina<\/strong>: Medicamento utilizado no tratamento de diabetes, especialmente em casos associados a doen\u00e7as cardiovasculares.<\/li>\n<li><strong>Fraldas geri\u00e1tricas<\/strong>: Dispon\u00edveis gratuitamente para pessoas com 60 anos ou mais, que fazem parte do p\u00fablico eleg\u00edvel para o programa.<\/li>\n<\/ul>\n<p>Com a amplia\u00e7\u00e3o, a pasta visa beneficiar cerca de 1 milh\u00e3o de brasileiros a cada ano. A popula\u00e7\u00e3o idosa, em particular, ser\u00e1 uma das mais favorecidas, j\u00e1 que antes tinha que pagar coparticipa\u00e7\u00e3o por alguns medicamentos. Agora, ter\u00e3o acesso a esses itens sem custos.<\/p>\n<p>Al\u00e9m disso, a Ministra da Sa\u00fade, <strong>N\u00edsia Trindade<\/strong>, anunciou o in\u00edcio de uma nova fase de <strong>credenciamento <\/strong>do Farm\u00e1cia Popular, que vai alcan\u00e7ar<strong> 758 cidades ainda n\u00e3o atendidas pelo programa.<\/strong> Atualmente, s\u00e3o disponibilizados <strong>medicamentos <\/strong>para o tratamento de <strong>diabetes<\/strong>, <strong>hipertens\u00e3o<\/strong>, <strong>asma<\/strong>, <strong>osteoporose<\/strong>, <strong>anticoncep\u00e7\u00e3o<\/strong>, <strong>colesterol alto<\/strong>, <strong>rinite<\/strong>, <strong>doen\u00e7a de Parkinson<\/strong> e <strong>glaucoma<\/strong>.<\/p>\n<h2 class=\"wp-block-heading\"><strong>Como retirar esses medicamentos e itens?<\/strong><\/h2>\n<p>Para retirar os medicamentos e\/ou fraldas geri\u00e1tricas pelo programa <strong>Farm\u00e1cia Popular<\/strong>, o paciente deve comparecer a um estabelecimento credenciado, identificado pelo logo do programa, e apresentar os seguintes documentos:<\/p>\n<ul>\n<li>Documento oficial com foto e n\u00famero do CPF, ou um documento de identidade que contenha o n\u00famero do CPF.<\/li>\n<li>Receita m\u00e9dica dentro do prazo de validade, podendo ser emitida tanto por unidades do SUS quanto por servi\u00e7os m\u00e9dicos particulares.<\/li>\n<\/ul>\n<hr class=\"wp-block-separator has-alpha-channel-opacity\"\/>\n<p>SAIBA MAIS<br \/>Veja quem \u00e9 a ganhadora do pr\u00eamio de R$ 1 milh\u00e3o da Nota Fiscal Paulista<\/p>\n<h4 class=\"wp-block-heading\"><strong>FIQUE ON<\/strong><\/h4>\n<p>Fique ligado em tudo que acontece em Ribeir\u00e3o Preto e regi\u00e3o. Siga os perfis do <strong>acidade on<\/strong> no<a href=\"https:\/\/www.instagram.com\/acidadeonribeirao\" target=\"_blank\" rel=\"noreferrer noopener nofollow\"> Instagram <\/a>e no <a href=\"https:\/\/www.facebook.com\/acidadeonribeirao\/\" target=\"_blank\" rel=\"noreferrer noopener nofollow\">Facebook<\/a>.<\/p>\n<p>Receba not\u00edcias do <strong>acidade on<\/strong> no WhatsApp. <a href=\"https:\/\/chat.whatsapp.com\/BjKQZ9oJwlz8VVT50NuePq\" target=\"_blank\" rel=\"noreferrer noopener nofollow\">Para entrar no grupo, basta clicar aqui.<\/a><\/p>\n<p>Fa\u00e7a uma den\u00fancia ou sugira uma reportagem sobre Ribeir\u00e3o Preto e regi\u00e3o pelo WhatsApp: 16 99117 7802.<\/p>\n<p>VEJA TAMB\u00c9M<br \/>Por que a investiga\u00e7\u00e3o do acidente de JK ser\u00e1 retomado?<\/p>\n<p><!-- CONTENT END 1 -->\n<\/div>\n<p><script async src=\"\/\/www.instagram.com\/embed.js\"><\/script><br \/>\n<br \/><br \/>\n<br \/><a href=\"https:\/\/www.acidadeon.com\/ribeiraopreto\/politica\/farmacia-popular-tera-gratuidade-total-em-41-medicamentos-anuncia-ministerio\/\">Source link <\/a><\/p>\n","protected":false},"excerpt":{"rendered":"<p>O Minist\u00e9rio da Sa\u00fade anunciou, nesta quinta-feira (13), a expans\u00e3o do programa Farm\u00e1cia Popular, que agora oferece 100% de gratuidade em 41 medicamentos e itens&#8230;<\/p>\n","protected":false},"author":1,"featured_media":63467,"comment_status":"open","ping_status":"open","sticky":false,"template":"","format":"standard","meta":{"advanced_seo_description":"","jetpack_seo_html_title":"","jetpack_seo_noindex":false,"jetpack_post_was_ever_published":false,"_jetpack_newsletter_access":"","_jetpack_dont_email_post_to_subs":false,"_jetpack_newsletter_tier_id":0,"_jetpack_memberships_contains_paywalled_content":false,"_jetpack_memberships_contains_paid_content":false,"footnotes":"","jetpack_publicize_message":"","jetpack_publicize_feature_enabled":true,"jetpack_social_post_already_shared":true,"jetpack_social_options":{"image_generator_settings":{"template":"highway","default_image_id":0,"font":"","enabled":false},"version":2}},"categories":[11],"tags":[],"class_list":["post-63466","post","type-post","status-publish","format-standard","has-post-thumbnail","hentry","category-noticias-de-ribeirao-preto-sp-e-regiao-ismael-colosi"],"jetpack_publicize_connections":[],"jetpack_featured_media_url":"https:\/\/i0.wp.com\/noticiasribeiraopreto.com.br\/wp-content\/uploads\/2025\/02\/Copia-de-Copia-de-TAMANHO-EXATO-PARA-FOTOS-NO-SISTEMA-NOVO-2_2024-07-10_16-42-05_jpg_2024-07-10_16-42-05.webp.webp?fit=1200%2C675&ssl=1","jetpack-related-posts":[{"id":63493,"url":"https:\/\/noticiasribeiraopreto.com.br\/index.php\/2025\/02\/14\/governo-federal-anuncia-gratuidade-de-41-medicamentos-no-programa-farmacia-popular\/","url_meta":{"origin":63466,"position":0},"title":"Governo Federal Anuncia Gratuidade de 41 Medicamentos no Programa Farm\u00e1cia Popular","author":"noticiasribeiraopreto.com.br","date":"14 de February de 2025","format":false,"excerpt":"O Minist\u00e9rio da Sa\u00fade anunciou que todos os 41 medicamentos do programa Farm\u00e1cia Popular agora s\u00e3o gratuitos, beneficiando milh\u00f5es de brasileiros que antes pagavam coparticipa\u00e7\u00e3o. Al\u00e9m disso, fraldas geri\u00e1tricas ser\u00e3o fornecidas gratuitamente para idosos eleg\u00edveis. A ministra N\u00edsia Trindade destacou que a expans\u00e3o do programa inclui 758 novas cidades, cobrindo\u2026","rel":"","context":"In &quot;Not\u00edcias de Ribeir\u00e3o Preto-SP e Regi\u00e3o&quot;","block_context":{"text":"Not\u00edcias de Ribeir\u00e3o Preto-SP e Regi\u00e3o","link":"https:\/\/noticiasribeiraopreto.com.br\/index.php\/category\/noticias-de-ribeirao-preto-sp-e-regiao-ismael-colosi\/"},"img":{"alt_text":"","src":"https:\/\/i0.wp.com\/noticiasribeiraopreto.com.br\/wp-content\/uploads\/2025\/02\/farmaci-popular-1.webp.webp?fit=1170%2C700&ssl=1&resize=350%2C200","width":350,"height":200,"srcset":"https:\/\/i0.wp.com\/noticiasribeiraopreto.com.br\/wp-content\/uploads\/2025\/02\/farmaci-popular-1.webp.webp?fit=1170%2C700&ssl=1&resize=350%2C200 1x, https:\/\/i0.wp.com\/noticiasribeiraopreto.com.br\/wp-content\/uploads\/2025\/02\/farmaci-popular-1.webp.webp?fit=1170%2C700&ssl=1&resize=525%2C300 1.5x, https:\/\/i0.wp.com\/noticiasribeiraopreto.com.br\/wp-content\/uploads\/2025\/02\/farmaci-popular-1.webp.webp?fit=1170%2C700&ssl=1&resize=700%2C400 2x, https:\/\/i0.wp.com\/noticiasribeiraopreto.com.br\/wp-content\/uploads\/2025\/02\/farmaci-popular-1.webp.webp?fit=1170%2C700&ssl=1&resize=1050%2C600 3x"},"classes":[]},{"id":26060,"url":"https:\/\/noticiasribeiraopreto.com.br\/index.php\/2024\/01\/09\/fraudes-na-farmacia-popular-entre-os-anos-de-2015-a-2020-chegam-a-r-26-bi\/","url_meta":{"origin":63466,"position":1},"title":"Fraudes na Farm\u00e1cia Popular entre os anos de 2015 a 2020 chegam a R$ 2,6 bi","author":"noticiasribeiraopreto.com.br","date":"9 de January de 2024","format":false,"excerpt":"A Controladoria-Geral da Uni\u00e3o (CGU) concluiu uma auditoria que identificou R$ 2,57 bilh\u00f5es em fraudes no programa Farm\u00e1cia Popular entre os anos de 2015 e 2020, abrangendo o fim do mandato de Dilma Rousseff (PT), a gest\u00e3o de Michel Temer (MDB) e o in\u00edcio do governo de Jair Bolsonaro (PL).O\u2026","rel":"","context":"In &quot;Not\u00edcias de Ribeir\u00e3o Preto-SP e Regi\u00e3o&quot;","block_context":{"text":"Not\u00edcias de Ribeir\u00e3o Preto-SP e Regi\u00e3o","link":"https:\/\/noticiasribeiraopreto.com.br\/index.php\/category\/noticias-de-ribeirao-preto-sp-e-regiao-ismael-colosi\/"},"img":{"alt_text":"","src":"https:\/\/i0.wp.com\/noticiasribeiraopreto.com.br\/wp-content\/uploads\/2024\/01\/farmacia-scaled.jpg?fit=1000%2C598&ssl=1&resize=350%2C200","width":350,"height":200,"srcset":"https:\/\/i0.wp.com\/noticiasribeiraopreto.com.br\/wp-content\/uploads\/2024\/01\/farmacia-scaled.jpg?fit=1000%2C598&ssl=1&resize=350%2C200 1x, https:\/\/i0.wp.com\/noticiasribeiraopreto.com.br\/wp-content\/uploads\/2024\/01\/farmacia-scaled.jpg?fit=1000%2C598&ssl=1&resize=525%2C300 1.5x, https:\/\/i0.wp.com\/noticiasribeiraopreto.com.br\/wp-content\/uploads\/2024\/01\/farmacia-scaled.jpg?fit=1000%2C598&ssl=1&resize=700%2C400 2x"},"classes":[]},{"id":54501,"url":"https:\/\/noticiasribeiraopreto.com.br\/index.php\/2024\/07\/11\/confira-a-lista-de-remedios-gratuitos-oferecidos-pelo-programa-farmacia-popular\/","url_meta":{"origin":63466,"position":2},"title":"Confira a lista de rem\u00e9dios gratuitos oferecidos pelo programa Farm\u00e1cia Popular","author":"noticiasribeiraopreto.com.br","date":"11 de July de 2024","format":false,"excerpt":"Mais dez medicamentos passaram a ser distribu\u00eddos, gratuitamente, esta semana pelo programa Farm\u00e1cia Popular. A lista inclui rem\u00e9dios para tratamento de colesterol alto, doen\u00e7a de Parkinson, glaucoma e rinite. At\u00e9 quarta-feira (10), apenas as medica\u00e7\u00f5es contra diabetes, hipertens\u00e3o, asma e osteoporose, al\u00e9m de anticoncepcionais, eram oferecidos sem custo nos locais\u2026","rel":"","context":"In &quot;Not\u00edcias de Ribeir\u00e3o Preto-SP e Regi\u00e3o&quot;","block_context":{"text":"Not\u00edcias de Ribeir\u00e3o Preto-SP e Regi\u00e3o","link":"https:\/\/noticiasribeiraopreto.com.br\/index.php\/category\/noticias-de-ribeirao-preto-sp-e-regiao-ismael-colosi\/"},"img":{"alt_text":"","src":"https:\/\/i0.wp.com\/noticiasribeiraopreto.com.br\/wp-content\/uploads\/2024\/07\/Copia-de-Copia-de-TAMANHO-EXATO-PARA-FOTOS-NO-SISTEMA-NOVO_2024-07-11_17-26-58_png_2024-07-11_17-26-58.webp.webp?fit=1200%2C675&ssl=1&resize=350%2C200","width":350,"height":200,"srcset":"https:\/\/i0.wp.com\/noticiasribeiraopreto.com.br\/wp-content\/uploads\/2024\/07\/Copia-de-Copia-de-TAMANHO-EXATO-PARA-FOTOS-NO-SISTEMA-NOVO_2024-07-11_17-26-58_png_2024-07-11_17-26-58.webp.webp?fit=1200%2C675&ssl=1&resize=350%2C200 1x, https:\/\/i0.wp.com\/noticiasribeiraopreto.com.br\/wp-content\/uploads\/2024\/07\/Copia-de-Copia-de-TAMANHO-EXATO-PARA-FOTOS-NO-SISTEMA-NOVO_2024-07-11_17-26-58_png_2024-07-11_17-26-58.webp.webp?fit=1200%2C675&ssl=1&resize=525%2C300 1.5x, https:\/\/i0.wp.com\/noticiasribeiraopreto.com.br\/wp-content\/uploads\/2024\/07\/Copia-de-Copia-de-TAMANHO-EXATO-PARA-FOTOS-NO-SISTEMA-NOVO_2024-07-11_17-26-58_png_2024-07-11_17-26-58.webp.webp?fit=1200%2C675&ssl=1&resize=700%2C400 2x, https:\/\/i0.wp.com\/noticiasribeiraopreto.com.br\/wp-content\/uploads\/2024\/07\/Copia-de-Copia-de-TAMANHO-EXATO-PARA-FOTOS-NO-SISTEMA-NOVO_2024-07-11_17-26-58_png_2024-07-11_17-26-58.webp.webp?fit=1200%2C675&ssl=1&resize=1050%2C600 3x"},"classes":[]},{"id":64729,"url":"https:\/\/noticiasribeiraopreto.com.br\/index.php\/2025\/03\/11\/ribeirao-preto-tera-farmacia-veterinaria-popular-para-facilitar-acesso-a-medicamentos-para-pets\/","url_meta":{"origin":63466,"position":3},"title":"Ribeir\u00e3o Preto ter\u00e1 Farm\u00e1cia Veterin\u00e1ria Popular para facilitar acesso a medicamentos para pets","author":"noticiasribeiraopreto.com.br","date":"11 de March de 2025","format":false,"excerpt":"A C\u00e2mara Municipal de Ribeir\u00e3o Preto aprovou, no \u00faltimo m\u00eas, a cria\u00e7\u00e3o da Farm\u00e1cia Veterin\u00e1ria Popular, um projeto pioneiro que visa oferecer medicamentos a pre\u00e7os acess\u00edveis ou gratuitos para tutores de animais em situa\u00e7\u00e3o de vulnerabilidade social. A iniciativa, de autoria do vereador Maur\u00edcio Gasparini (Uni\u00e3o), tem como objetivo facilitar\u2026","rel":"","context":"In &quot;Not\u00edcias de Ribeir\u00e3o Preto-SP e Regi\u00e3o&quot;","block_context":{"text":"Not\u00edcias de Ribeir\u00e3o Preto-SP e Regi\u00e3o","link":"https:\/\/noticiasribeiraopreto.com.br\/index.php\/category\/noticias-de-ribeirao-preto-sp-e-regiao-ismael-colosi\/"},"img":{"alt_text":"","src":"https:\/\/i0.wp.com\/noticiasribeiraopreto.com.br\/wp-content\/uploads\/2025\/03\/sessao_ordinaria_27022025_foto_thaisa_coroado-08-scaled.jpg?fit=1200%2C800&ssl=1&resize=350%2C200","width":350,"height":200,"srcset":"https:\/\/i0.wp.com\/noticiasribeiraopreto.com.br\/wp-content\/uploads\/2025\/03\/sessao_ordinaria_27022025_foto_thaisa_coroado-08-scaled.jpg?fit=1200%2C800&ssl=1&resize=350%2C200 1x, https:\/\/i0.wp.com\/noticiasribeiraopreto.com.br\/wp-content\/uploads\/2025\/03\/sessao_ordinaria_27022025_foto_thaisa_coroado-08-scaled.jpg?fit=1200%2C800&ssl=1&resize=525%2C300 1.5x, https:\/\/i0.wp.com\/noticiasribeiraopreto.com.br\/wp-content\/uploads\/2025\/03\/sessao_ordinaria_27022025_foto_thaisa_coroado-08-scaled.jpg?fit=1200%2C800&ssl=1&resize=700%2C400 2x, https:\/\/i0.wp.com\/noticiasribeiraopreto.com.br\/wp-content\/uploads\/2025\/03\/sessao_ordinaria_27022025_foto_thaisa_coroado-08-scaled.jpg?fit=1200%2C800&ssl=1&resize=1050%2C600 3x"},"classes":[]},{"id":84839,"url":"https:\/\/noticiasribeiraopreto.com.br\/index.php\/2026\/04\/16\/moradora-relata-dificuldade-de-contato-e-falta-de-medicamento-em-farmacia-de-alto-custo-em-ribeirao\/","url_meta":{"origin":63466,"position":4},"title":"Moradora relata dificuldade de contato e falta de medicamento em farm\u00e1cia de alto custo em Ribeir\u00e3o","author":"noticiasribeiraopreto.com.br","date":"16 de April de 2026","format":false,"excerpt":"Ler o resumo da not\u00edcia Moradora denunciou \u00e0 reportagem longos per\u00edodos de espera na Farm\u00e1cia de Medicamentos Especializados de Ribeir\u00e3o Preto, incluindo liga\u00e7\u00e3o de mais de 2 horas sem atendimento. A Secretaria de Estado da Sa\u00fade confirmou reuni\u00e3o entre o DRS de Ribeir\u00e3o Preto e a Faepa para discutir melhorias\u2026","rel":"","context":"In &quot;Not\u00edcias de Ribeir\u00e3o Preto-SP e Regi\u00e3o&quot;","block_context":{"text":"Not\u00edcias de Ribeir\u00e3o Preto-SP e Regi\u00e3o","link":"https:\/\/noticiasribeiraopreto.com.br\/index.php\/category\/noticias-de-ribeirao-preto-sp-e-regiao-ismael-colosi\/"},"img":{"alt_text":"","src":"https:\/\/i0.wp.com\/noticiasribeiraopreto.com.br\/wp-content\/uploads\/2026\/04\/medications-g535211fbd_1920_1_2026-04-16_15-01-10.webp.webp?fit=1200%2C799&ssl=1&resize=350%2C200","width":350,"height":200,"srcset":"https:\/\/i0.wp.com\/noticiasribeiraopreto.com.br\/wp-content\/uploads\/2026\/04\/medications-g535211fbd_1920_1_2026-04-16_15-01-10.webp.webp?fit=1200%2C799&ssl=1&resize=350%2C200 1x, https:\/\/i0.wp.com\/noticiasribeiraopreto.com.br\/wp-content\/uploads\/2026\/04\/medications-g535211fbd_1920_1_2026-04-16_15-01-10.webp.webp?fit=1200%2C799&ssl=1&resize=525%2C300 1.5x, https:\/\/i0.wp.com\/noticiasribeiraopreto.com.br\/wp-content\/uploads\/2026\/04\/medications-g535211fbd_1920_1_2026-04-16_15-01-10.webp.webp?fit=1200%2C799&ssl=1&resize=700%2C400 2x, https:\/\/i0.wp.com\/noticiasribeiraopreto.com.br\/wp-content\/uploads\/2026\/04\/medications-g535211fbd_1920_1_2026-04-16_15-01-10.webp.webp?fit=1200%2C799&ssl=1&resize=1050%2C600 3x"},"classes":[]},{"id":84037,"url":"https:\/\/noticiasribeiraopreto.com.br\/index.php\/2026\/03\/31\/preco-dos-remedios-pode-ter-reajuste-de-ate-381-a-partir-de-hoje\/","url_meta":{"origin":63466,"position":5},"title":"Pre\u00e7o dos rem\u00e9dios pode ter reajuste de at\u00e9 3,81% a partir de hoje","author":"noticiasribeiraopreto.com.br","date":"31 de March de 2026","format":false,"excerpt":"Ler o resumo da not\u00edcia Pre\u00e7os de medicamentos no Brasil podem ter reajuste de at\u00e9 3,81% a partir de ter\u00e7a-feira (31), segundo resolu\u00e7\u00e3o da Cmed. Resolu\u00e7\u00e3o define tr\u00eas n\u00edveis de aumento: 3,81% para medicamentos com concorr\u00eancia, 2,47% para m\u00e9dia concorr\u00eancia e 1,13% para pouca ou nenhuma concorr\u00eancia. Reajuste m\u00e9dio permitido\u2026","rel":"","context":"In &quot;Not\u00edcias de Ribeir\u00e3o Preto-SP e Regi\u00e3o&quot;","block_context":{"text":"Not\u00edcias de Ribeir\u00e3o Preto-SP e Regi\u00e3o","link":"https:\/\/noticiasribeiraopreto.com.br\/index.php\/category\/noticias-de-ribeirao-preto-sp-e-regiao-ismael-colosi\/"},"img":{"alt_text":"","src":"https:\/\/i0.wp.com\/noticiasribeiraopreto.com.br\/wp-content\/uploads\/2026\/03\/remedio_2026-03-31_16-06-09.webp.webp?fit=1170%2C700&ssl=1&resize=350%2C200","width":350,"height":200,"srcset":"https:\/\/i0.wp.com\/noticiasribeiraopreto.com.br\/wp-content\/uploads\/2026\/03\/remedio_2026-03-31_16-06-09.webp.webp?fit=1170%2C700&ssl=1&resize=350%2C200 1x, https:\/\/i0.wp.com\/noticiasribeiraopreto.com.br\/wp-content\/uploads\/2026\/03\/remedio_2026-03-31_16-06-09.webp.webp?fit=1170%2C700&ssl=1&resize=525%2C300 1.5x, https:\/\/i0.wp.com\/noticiasribeiraopreto.com.br\/wp-content\/uploads\/2026\/03\/remedio_2026-03-31_16-06-09.webp.webp?fit=1170%2C700&ssl=1&resize=700%2C400 2x, https:\/\/i0.wp.com\/noticiasribeiraopreto.com.br\/wp-content\/uploads\/2026\/03\/remedio_2026-03-31_16-06-09.webp.webp?fit=1170%2C700&ssl=1&resize=1050%2C600 3x"},"classes":[]}],"jetpack_sharing_enabled":true,"jetpack_shortlink":"https:\/\/wp.me\/peQAOb-gvE","_links":{"self":[{"href":"https:\/\/noticiasribeiraopreto.com.br\/index.php\/wp-json\/wp\/v2\/posts\/63466","targetHints":{"allow":["GET"]}}],"collection":[{"href":"https:\/\/noticiasribeiraopreto.com.br\/index.php\/wp-json\/wp\/v2\/posts"}],"about":[{"href":"https:\/\/noticiasribeiraopreto.com.br\/index.php\/wp-json\/wp\/v2\/types\/post"}],"author":[{"embeddable":true,"href":"https:\/\/noticiasribeiraopreto.com.br\/index.php\/wp-json\/wp\/v2\/users\/1"}],"replies":[{"embeddable":true,"href":"https:\/\/noticiasribeiraopreto.com.br\/index.php\/wp-json\/wp\/v2\/comments?post=63466"}],"version-history":[{"count":0,"href":"https:\/\/noticiasribeiraopreto.com.br\/index.php\/wp-json\/wp\/v2\/posts\/63466\/revisions"}],"wp:featuredmedia":[{"embeddable":true,"href":"https:\/\/noticiasribeiraopreto.com.br\/index.php\/wp-json\/wp\/v2\/media\/63467"}],"wp:attachment":[{"href":"https:\/\/noticiasribeiraopreto.com.br\/index.php\/wp-json\/wp\/v2\/media?parent=63466"}],"wp:term":[{"taxonomy":"category","embeddable":true,"href":"https:\/\/noticiasribeiraopreto.com.br\/index.php\/wp-json\/wp\/v2\/categories?post=63466"},{"taxonomy":"post_tag","embeddable":true,"href":"https:\/\/noticiasribeiraopreto.com.br\/index.php\/wp-json\/wp\/v2\/tags?post=63466"}],"curies":[{"name":"wp","href":"https:\/\/api.w.org\/{rel}","templated":true}]}}