{"id":63469,"date":"2025-02-14T08:06:03","date_gmt":"2025-02-14T11:06:03","guid":{"rendered":"https:\/\/noticiasribeiraopreto.com.br\/index.php\/2025\/02\/14\/urbanizacao-da-favela-da-paz-um-projeto-de-dignidade-e-transformacao-social-em-ribeirao-preto\/"},"modified":"2025-02-14T08:06:03","modified_gmt":"2025-02-14T11:06:03","slug":"urbanizacao-da-favela-da-paz-um-projeto-de-dignidade-e-transformacao-social-em-ribeirao-preto","status":"publish","type":"post","link":"https:\/\/noticiasribeiraopreto.com.br\/index.php\/2025\/02\/14\/urbanizacao-da-favela-da-paz-um-projeto-de-dignidade-e-transformacao-social-em-ribeirao-preto\/","title":{"rendered":"Urbaniza\u00e7\u00e3o da Favela da Paz: Um Projeto de Dignidade e Transforma\u00e7\u00e3o Social em Ribeir\u00e3o Preto"},"content":{"rendered":"<div class='code-block code-block-1' style='margin: 8px 0 8px auto; text-align: right; display: block; clear: both;'>\n<p><a href=\"https:\/\/wa.link\/vpicfd\"><img data-recalc-dims=\"1\" class=\"wp-image-4922\" style=\"aspect-ratio: 2.0253164556962027; width: 561px; height: auto;\" src=\"https:\/\/i0.wp.com\/ismaelcolosi.com.br\/wp-content\/uploads\/2023\/11\/grupo-de-empregos-whatsapp-e-facebook-ismael-colosi-vagas.jpg?ssl=1\" alt=\"\" \/><\/a><\/p>\n<!-- \/wp:image -->\n<\/div>\n<p> <br \/>\n<\/p>\n<div>\n<p data-start=\"408\" data-end=\"1005\">O projeto de urbaniza\u00e7\u00e3o da Favela da Paz, em Ribeir\u00e3o Preto, \u00e9 um marco no combate \u00e0s desigualdades e promo\u00e7\u00e3o de dignidade para as fam\u00edlias que vivem na regi\u00e3o. A iniciativa, desenvolvida em parceria entre a prefeitura e o setor privado, tem como objetivo melhorar a infraestrutura b\u00e1sica, incluindo a pavimenta\u00e7\u00e3o de ruas, saneamento e acesso a servi\u00e7os essenciais como sa\u00fade e educa\u00e7\u00e3o. Al\u00e9m disso, a urbaniza\u00e7\u00e3o oferece programas sociais que incentivam a qualifica\u00e7\u00e3o profissional e gera\u00e7\u00e3o de renda para os moradores, criando oportunidades de transforma\u00e7\u00e3o real em suas vidas.<\/p>\n<p data-start=\"1007\" data-end=\"1337\">O prefeito de Ribeir\u00e3o Preto destacou que o projeto visa n\u00e3o apenas melhorar as condi\u00e7\u00f5es de moradia, mas tamb\u00e9m integrar a comunidade \u00e0 cidade de forma mais justa e inclusiva. \u201cA urbaniza\u00e7\u00e3o da Favela da Paz \u00e9 um passo crucial para garantirmos qualidade de vida e acesso a direitos fundamentais para todos os cidad\u00e3os,\u201d afirmou.<\/p>\n<p data-start=\"1339\" data-end=\"1708\">As obras tamb\u00e9m incluem \u00e1reas de lazer, ilumina\u00e7\u00e3o p\u00fablica e programas de capacita\u00e7\u00e3o para os moradores, com foco no desenvolvimento sustent\u00e1vel e na inclus\u00e3o social. Para a moradora Ana L\u00facia, que vive na comunidade h\u00e1 15 anos, o projeto representa uma nova esperan\u00e7a. \u201cAgora podemos sonhar com um futuro melhor para nossos filhos, com mais seguran\u00e7a e oportunidades.\u201d<\/p>\n<p data-start=\"1710\" data-end=\"1999\">A urbaniza\u00e7\u00e3o da Favela da Paz faz parte de um esfor\u00e7o maior da cidade de Ribeir\u00e3o Preto para reduzir a desigualdade habitacional e promover o desenvolvimento humano nas \u00e1reas mais carentes. A previs\u00e3o \u00e9 que as obras estejam conclu\u00eddas em meados de 2026, beneficiando centenas de fam\u00edlias.<\/p>\n<p data-start=\"2001\" data-end=\"2155\" data-is-last-node=\"\">Esse projeto refor\u00e7a o compromisso da prefeitura em transformar regi\u00f5es vulner\u00e1veis, criando um legado de dignidade e oportunidades para gera\u00e7\u00f5es futuras.<\/p>\n<\/div>\n<p><br \/>\n<br \/><a href=\"https:\/\/folhaderibeirao.com.br\/2025\/02\/14\/urbanizacao-da-favela-da-paz-um-projeto-de-dignidade-e-transformacao-social-em-ribeirao-preto\/\">Source link <\/a><\/p>\n<!-- CONTENT END 1 -->\n","protected":false},"excerpt":{"rendered":"<p>O projeto de urbaniza\u00e7\u00e3o da Favela da Paz, em Ribeir\u00e3o Preto, \u00e9 um marco no combate \u00e0s desigualdades e promo\u00e7\u00e3o de dignidade para as fam\u00edlias&#8230;<\/p>\n","protected":false},"author":1,"featured_media":63470,"comment_status":"open","ping_status":"open","sticky":false,"template":"","format":"standard","meta":{"advanced_seo_description":"","jetpack_seo_html_title":"","jetpack_seo_noindex":false,"jetpack_post_was_ever_published":false,"_jetpack_newsletter_access":"","_jetpack_dont_email_post_to_subs":false,"_jetpack_newsletter_tier_id":0,"_jetpack_memberships_contains_paywalled_content":false,"_jetpack_memberships_contains_paid_content":false,"footnotes":"","jetpack_publicize_message":"","jetpack_publicize_feature_enabled":true,"jetpack_social_post_already_shared":true,"jetpack_social_options":{"image_generator_settings":{"template":"highway","default_image_id":0,"font":"","enabled":false},"version":2}},"categories":[11],"tags":[6147,1336,1199,27,685,26,1754,5743,6146],"class_list":["post-63469","post","type-post","status-publish","format-standard","has-post-thumbnail","hentry","category-noticias-de-ribeirao-preto-sp-e-regiao-ismael-colosi","tag-dignidade","tag-favela","tag-paz","tag-preto","tag-projeto","tag-ribeirao","tag-social","tag-transformacao","tag-urbanizacao"],"jetpack_publicize_connections":[],"jetpack_featured_media_url":"https:\/\/i0.wp.com\/noticiasribeiraopreto.com.br\/wp-content\/uploads\/2025\/02\/regularizacao_habitacao_-_foto_fernando_gonzaga_6.jpg?fit=1620%2C1080&ssl=1","jetpack-related-posts":[{"id":63282,"url":"https:\/\/noticiasribeiraopreto.com.br\/index.php\/2025\/02\/08\/em-visita-a-ribeirao-governador-tarcisio-de-freitas-formaliza-parceria-para-urbanizar-favela-da-paz\/","url_meta":{"origin":63469,"position":0},"title":"Em visita a Ribeir\u00e3o, governador Tarc\u00edsio de Freitas formaliza parceria para urbanizar Favela da Paz","author":"noticiasribeiraopreto.com.br","date":"8 de February de 2025","format":false,"excerpt":"Durante visita a Ribeir\u00e3o Preto, neste s\u00e1bado (8), o governador de S\u00e3o Paulo, Tarc\u00edsio de Freitas (Republicanos), assinou um conv\u00eanio em parceria com a ONG Gerando Falc\u00f5es para a urbaniza\u00e7\u00e3o da Favela da Paz, no Jardim Juliana. O documento formaliza a parceria entre a Secretaria de Desenvolvimento Urbano e Habita\u00e7\u00e3o,\u2026","rel":"","context":"In &quot;Not\u00edcias de Ribeir\u00e3o Preto-SP e Regi\u00e3o&quot;","block_context":{"text":"Not\u00edcias de Ribeir\u00e3o Preto-SP e Regi\u00e3o","link":"https:\/\/noticiasribeiraopreto.com.br\/index.php\/category\/noticias-de-ribeirao-preto-sp-e-regiao-ismael-colosi\/"},"img":{"alt_text":"","src":"https:\/\/i0.wp.com\/noticiasribeiraopreto.com.br\/wp-content\/uploads\/2025\/02\/Copia-de-Copia-de-Copia-de-TAMANHO-EXATO-PARA-FOTOS-NO-SISTEMA-NOVO-2025-02-08T153311.554_2025-02-08_18-33-20_png_2025-02-08_18-33-20.webp.webp?fit=1200%2C675&ssl=1&resize=350%2C200","width":350,"height":200,"srcset":"https:\/\/i0.wp.com\/noticiasribeiraopreto.com.br\/wp-content\/uploads\/2025\/02\/Copia-de-Copia-de-Copia-de-TAMANHO-EXATO-PARA-FOTOS-NO-SISTEMA-NOVO-2025-02-08T153311.554_2025-02-08_18-33-20_png_2025-02-08_18-33-20.webp.webp?fit=1200%2C675&ssl=1&resize=350%2C200 1x, https:\/\/i0.wp.com\/noticiasribeiraopreto.com.br\/wp-content\/uploads\/2025\/02\/Copia-de-Copia-de-Copia-de-TAMANHO-EXATO-PARA-FOTOS-NO-SISTEMA-NOVO-2025-02-08T153311.554_2025-02-08_18-33-20_png_2025-02-08_18-33-20.webp.webp?fit=1200%2C675&ssl=1&resize=525%2C300 1.5x, https:\/\/i0.wp.com\/noticiasribeiraopreto.com.br\/wp-content\/uploads\/2025\/02\/Copia-de-Copia-de-Copia-de-TAMANHO-EXATO-PARA-FOTOS-NO-SISTEMA-NOVO-2025-02-08T153311.554_2025-02-08_18-33-20_png_2025-02-08_18-33-20.webp.webp?fit=1200%2C675&ssl=1&resize=700%2C400 2x, https:\/\/i0.wp.com\/noticiasribeiraopreto.com.br\/wp-content\/uploads\/2025\/02\/Copia-de-Copia-de-Copia-de-TAMANHO-EXATO-PARA-FOTOS-NO-SISTEMA-NOVO-2025-02-08T153311.554_2025-02-08_18-33-20_png_2025-02-08_18-33-20.webp.webp?fit=1200%2C675&ssl=1&resize=1050%2C600 3x"},"classes":[]},{"id":82777,"url":"https:\/\/noticiasribeiraopreto.com.br\/index.php\/2026\/02\/26\/supera-parque-em-ribeirao-preto-anuncia-projeto-de-expansao-e-urbanizacao\/","url_meta":{"origin":63469,"position":1},"title":"Supera Parque, em Ribeir\u00e3o Preto, anuncia projeto de expans\u00e3o e urbaniza\u00e7\u00e3o","author":"noticiasribeiraopreto.com.br","date":"26 de February de 2026","format":false,"excerpt":"O Supera Parque, em Ribeir\u00e3o Preto, anunciou nesta semana o projeto de expans\u00e3o do empreendimento, que permitir\u00e1 a abertura de mais 67 lotes para novas empresas. A obra de urbaniza\u00e7\u00e3o do parque deve ser realizada ainda em 2026 e contar\u00e1 com recursos da USP (Universidade de S\u00e3o Paulo). O projeto\u2026","rel":"","context":"In &quot;Not\u00edcias de Ribeir\u00e3o Preto-SP e Regi\u00e3o&quot;","block_context":{"text":"Not\u00edcias de Ribeir\u00e3o Preto-SP e Regi\u00e3o","link":"https:\/\/noticiasribeiraopreto.com.br\/index.php\/category\/noticias-de-ribeirao-preto-sp-e-regiao-ismael-colosi\/"},"img":{"alt_text":"","src":"https:\/\/i0.wp.com\/noticiasribeiraopreto.com.br\/wp-content\/uploads\/2026\/02\/supera-parque_2026-02-25_20-30-15.webp.webp?fit=1200%2C630&ssl=1&resize=350%2C200","width":350,"height":200,"srcset":"https:\/\/i0.wp.com\/noticiasribeiraopreto.com.br\/wp-content\/uploads\/2026\/02\/supera-parque_2026-02-25_20-30-15.webp.webp?fit=1200%2C630&ssl=1&resize=350%2C200 1x, https:\/\/i0.wp.com\/noticiasribeiraopreto.com.br\/wp-content\/uploads\/2026\/02\/supera-parque_2026-02-25_20-30-15.webp.webp?fit=1200%2C630&ssl=1&resize=525%2C300 1.5x, https:\/\/i0.wp.com\/noticiasribeiraopreto.com.br\/wp-content\/uploads\/2026\/02\/supera-parque_2026-02-25_20-30-15.webp.webp?fit=1200%2C630&ssl=1&resize=700%2C400 2x, https:\/\/i0.wp.com\/noticiasribeiraopreto.com.br\/wp-content\/uploads\/2026\/02\/supera-parque_2026-02-25_20-30-15.webp.webp?fit=1200%2C630&ssl=1&resize=1050%2C600 3x"},"classes":[]},{"id":33151,"url":"https:\/\/noticiasribeiraopreto.com.br\/index.php\/2024\/01\/28\/projeto-leva-discussao-climatica-para-periferia\/","url_meta":{"origin":63469,"position":2},"title":"Projeto leva discuss\u00e3o clim\u00e1tica para periferia","author":"noticiasribeiraopreto.com.br","date":"28 de January de 2024","format":false,"excerpt":"Um projeto realizado pelo Teatro da Comunidade est\u00e1 colocando a discuss\u00e3o das quest\u00f5es clim\u00e1ticas e como elas afetam o cotidiano das pessoas na pauta da popula\u00e7\u00e3o perif\u00e9rica de Ribeir\u00e3o Preto.\u00a0 Para isso, realiza oficinas teatrais com essa tem\u00e1tica oferecidas de forma gratuita para jovens e pessoas da terceira idade. O\u2026","rel":"","context":"In &quot;Not\u00edcias de Ribeir\u00e3o Preto-SP e Regi\u00e3o&quot;","block_context":{"text":"Not\u00edcias de Ribeir\u00e3o Preto-SP e Regi\u00e3o","link":"https:\/\/noticiasribeiraopreto.com.br\/index.php\/category\/noticias-de-ribeirao-preto-sp-e-regiao-ismael-colosi\/"},"img":{"alt_text":"","src":"https:\/\/i0.wp.com\/www.tribunaribeirao.com.br\/site\/wp-content\/uploads\/2024\/01\/box-boal-300x203.jpg?resize=350%2C200&ssl=1","width":350,"height":200},"classes":[]},{"id":68944,"url":"https:\/\/noticiasribeiraopreto.com.br\/index.php\/2025\/04\/30\/ribeirao-tera-escritorio-tecnico-da-regiao-metropolitana\/","url_meta":{"origin":63469,"position":3},"title":"Ribeir\u00e3o ter\u00e1 Escrit\u00f3rio T\u00e9cnico da Regi\u00e3o Metropolitana","author":"noticiasribeiraopreto.com.br","date":"30 de April de 2025","format":false,"excerpt":"30 de abril de 2025 15:372 Compartilhar0 O Governo de S\u00e3o Paulo anunciou, nesta quarta-feira, 30 de abril, durante a 29\u00aa reuni\u00e3o do Conselho de Desenvolvimento da Regi\u00e3o Metropolitana de Ribeir\u00e3o Preto, a instala\u00e7\u00e3o do Escrit\u00f3rio T\u00e9cnico da Regi\u00e3o Metropolitana de Ribeir\u00e3o Preto (RMRP). A Regi\u00e3o Metropolitana de Ribeir\u00e3o Preto\u2026","rel":"","context":"In &quot;Not\u00edcias de Ribeir\u00e3o Preto-SP e Regi\u00e3o&quot;","block_context":{"text":"Not\u00edcias de Ribeir\u00e3o Preto-SP e Regi\u00e3o","link":"https:\/\/noticiasribeiraopreto.com.br\/index.php\/category\/noticias-de-ribeirao-preto-sp-e-regiao-ismael-colosi\/"},"img":{"alt_text":"","src":"https:\/\/i0.wp.com\/noticiasribeiraopreto.com.br\/wp-content\/uploads\/2025\/04\/escritorio-scaled.jpeg?fit=750%2C500&ssl=1&resize=350%2C200","width":350,"height":200,"srcset":"https:\/\/i0.wp.com\/noticiasribeiraopreto.com.br\/wp-content\/uploads\/2025\/04\/escritorio-scaled.jpeg?fit=750%2C500&ssl=1&resize=350%2C200 1x, https:\/\/i0.wp.com\/noticiasribeiraopreto.com.br\/wp-content\/uploads\/2025\/04\/escritorio-scaled.jpeg?fit=750%2C500&ssl=1&resize=525%2C300 1.5x, https:\/\/i0.wp.com\/noticiasribeiraopreto.com.br\/wp-content\/uploads\/2025\/04\/escritorio-scaled.jpeg?fit=750%2C500&ssl=1&resize=700%2C400 2x"},"classes":[]},{"id":76170,"url":"https:\/\/noticiasribeiraopreto.com.br\/index.php\/2025\/08\/23\/dois-bairros-de-ribeirao-preto-terao-ruas-urbanizadas-veja-quais\/","url_meta":{"origin":63469,"position":4},"title":"Dois bairros de Ribeir\u00e3o Preto ter\u00e3o ruas urbanizadas; veja quais","author":"noticiasribeiraopreto.com.br","date":"23 de August de 2025","format":false,"excerpt":"Ruas dos bairros Jardim Recreio e Jardim Ita\u00fa Mirim, em Ribeir\u00e3o Preto, v\u00e3o passar por obras de urbaniza\u00e7\u00e3o. O projeto inclui pavimenta\u00e7\u00e3o, drenagem, redes de \u00e1gua pot\u00e1vel e esgoto, constru\u00e7\u00e3o de cal\u00e7adas e arboriza\u00e7\u00e3o. A licita\u00e7\u00e3o ser\u00e1 aberta no segundo semestre de 2025. O in\u00edcio das obras est\u00e1 previsto para\u2026","rel":"","context":"In &quot;Not\u00edcias de Ribeir\u00e3o Preto-SP e Regi\u00e3o&quot;","block_context":{"text":"Not\u00edcias de Ribeir\u00e3o Preto-SP e Regi\u00e3o","link":"https:\/\/noticiasribeiraopreto.com.br\/index.php\/category\/noticias-de-ribeirao-preto-sp-e-regiao-ismael-colosi\/"},"img":{"alt_text":"","src":"https:\/\/i0.wp.com\/noticiasribeiraopreto.com.br\/wp-content\/uploads\/2025\/08\/moradores_jardim_recreio_-_foto_guilherme_sircili_55_2025-08-23_13-36-29.webp.webp?fit=1200%2C800&ssl=1&resize=350%2C200","width":350,"height":200,"srcset":"https:\/\/i0.wp.com\/noticiasribeiraopreto.com.br\/wp-content\/uploads\/2025\/08\/moradores_jardim_recreio_-_foto_guilherme_sircili_55_2025-08-23_13-36-29.webp.webp?fit=1200%2C800&ssl=1&resize=350%2C200 1x, https:\/\/i0.wp.com\/noticiasribeiraopreto.com.br\/wp-content\/uploads\/2025\/08\/moradores_jardim_recreio_-_foto_guilherme_sircili_55_2025-08-23_13-36-29.webp.webp?fit=1200%2C800&ssl=1&resize=525%2C300 1.5x, https:\/\/i0.wp.com\/noticiasribeiraopreto.com.br\/wp-content\/uploads\/2025\/08\/moradores_jardim_recreio_-_foto_guilherme_sircili_55_2025-08-23_13-36-29.webp.webp?fit=1200%2C800&ssl=1&resize=700%2C400 2x, https:\/\/i0.wp.com\/noticiasribeiraopreto.com.br\/wp-content\/uploads\/2025\/08\/moradores_jardim_recreio_-_foto_guilherme_sircili_55_2025-08-23_13-36-29.webp.webp?fit=1200%2C800&ssl=1&resize=1050%2C600 3x"},"classes":[]},{"id":60210,"url":"https:\/\/noticiasribeiraopreto.com.br\/index.php\/2024\/11\/08\/cresce-a-populacao-em-favelas-de-ribeirao-preto-novo-levantamento-do-ibge-aponta-aumento-de-68\/","url_meta":{"origin":63469,"position":5},"title":"Cresce a Popula\u00e7\u00e3o em Favelas de Ribeir\u00e3o Preto: Novo Levantamento do IBGE Aponta Aumento de 68%","author":"noticiasribeiraopreto.com.br","date":"8 de November de 2024","format":false,"excerpt":"Um levantamento recente do Instituto Brasileiro de Geografia e Estat\u00edstica (IBGE) aponta que a popula\u00e7\u00e3o vivendo em favelas em Ribeir\u00e3o Preto aumentou 68% nos \u00faltimos anos. Este dado \u00e9 um reflexo de quest\u00f5es estruturais e econ\u00f4micas que v\u00eam afetando a cidade, resultando em uma expans\u00e3o significativa das \u00e1reas de moradias\u2026","rel":"","context":"In &quot;Not\u00edcias de Ribeir\u00e3o Preto-SP e Regi\u00e3o&quot;","block_context":{"text":"Not\u00edcias de Ribeir\u00e3o Preto-SP e Regi\u00e3o","link":"https:\/\/noticiasribeiraopreto.com.br\/index.php\/category\/noticias-de-ribeirao-preto-sp-e-regiao-ismael-colosi\/"},"img":{"alt_text":"","src":"https:\/\/i0.wp.com\/noticiasribeiraopreto.com.br\/wp-content\/uploads\/2024\/11\/IMG_9381.webp.webp?fit=1170%2C700&ssl=1&resize=350%2C200","width":350,"height":200,"srcset":"https:\/\/i0.wp.com\/noticiasribeiraopreto.com.br\/wp-content\/uploads\/2024\/11\/IMG_9381.webp.webp?fit=1170%2C700&ssl=1&resize=350%2C200 1x, https:\/\/i0.wp.com\/noticiasribeiraopreto.com.br\/wp-content\/uploads\/2024\/11\/IMG_9381.webp.webp?fit=1170%2C700&ssl=1&resize=525%2C300 1.5x, https:\/\/i0.wp.com\/noticiasribeiraopreto.com.br\/wp-content\/uploads\/2024\/11\/IMG_9381.webp.webp?fit=1170%2C700&ssl=1&resize=700%2C400 2x, https:\/\/i0.wp.com\/noticiasribeiraopreto.com.br\/wp-content\/uploads\/2024\/11\/IMG_9381.webp.webp?fit=1170%2C700&ssl=1&resize=1050%2C600 3x"},"classes":[]}],"jetpack_sharing_enabled":true,"jetpack_shortlink":"https:\/\/wp.me\/peQAOb-gvH","_links":{"self":[{"href":"https:\/\/noticiasribeiraopreto.com.br\/index.php\/wp-json\/wp\/v2\/posts\/63469","targetHints":{"allow":["GET"]}}],"collection":[{"href":"https:\/\/noticiasribeiraopreto.com.br\/index.php\/wp-json\/wp\/v2\/posts"}],"about":[{"href":"https:\/\/noticiasribeiraopreto.com.br\/index.php\/wp-json\/wp\/v2\/types\/post"}],"author":[{"embeddable":true,"href":"https:\/\/noticiasribeiraopreto.com.br\/index.php\/wp-json\/wp\/v2\/users\/1"}],"replies":[{"embeddable":true,"href":"https:\/\/noticiasribeiraopreto.com.br\/index.php\/wp-json\/wp\/v2\/comments?post=63469"}],"version-history":[{"count":0,"href":"https:\/\/noticiasribeiraopreto.com.br\/index.php\/wp-json\/wp\/v2\/posts\/63469\/revisions"}],"wp:featuredmedia":[{"embeddable":true,"href":"https:\/\/noticiasribeiraopreto.com.br\/index.php\/wp-json\/wp\/v2\/media\/63470"}],"wp:attachment":[{"href":"https:\/\/noticiasribeiraopreto.com.br\/index.php\/wp-json\/wp\/v2\/media?parent=63469"}],"wp:term":[{"taxonomy":"category","embeddable":true,"href":"https:\/\/noticiasribeiraopreto.com.br\/index.php\/wp-json\/wp\/v2\/categories?post=63469"},{"taxonomy":"post_tag","embeddable":true,"href":"https:\/\/noticiasribeiraopreto.com.br\/index.php\/wp-json\/wp\/v2\/tags?post=63469"}],"curies":[{"name":"wp","href":"https:\/\/api.w.org\/{rel}","templated":true}]}}