{"id":63510,"date":"2025-02-14T15:58:35","date_gmt":"2025-02-14T18:58:35","guid":{"rendered":"https:\/\/noticiasribeiraopreto.com.br\/index.php\/2025\/02\/14\/veja-os-horarios-dos-shows-do-bloco-california-em-ribeirao-preto-ainda-ha-ingressos\/"},"modified":"2025-02-14T15:58:35","modified_gmt":"2025-02-14T18:58:35","slug":"veja-os-horarios-dos-shows-do-bloco-california-em-ribeirao-preto-ainda-ha-ingressos","status":"publish","type":"post","link":"https:\/\/noticiasribeiraopreto.com.br\/index.php\/2025\/02\/14\/veja-os-horarios-dos-shows-do-bloco-california-em-ribeirao-preto-ainda-ha-ingressos\/","title":{"rendered":"Veja os hor\u00e1rios dos shows do Bloco Calif\u00f3rnia em Ribeir\u00e3o Preto; Ainda h\u00e1 ingressos"},"content":{"rendered":"<p> <br \/>\n<\/p>\n<div data-td-block-uid=\"tdi_95\">\n<div class=\"tdb-block-inner td-fix-index\">\n<p>Considerado o <strong>maior pr\u00e9-carnaval do interior de S\u00e3o Paulo<\/strong>, a 8\u00aa edi\u00e7\u00e3o do <strong>Bloco Calif\u00f3rnia<\/strong> acontece no dia 22 de fevereiro, no est\u00e1dio Palma Travassos, zona Leste de <strong>Ribeir\u00e3o Preto<\/strong>.<\/p>\n<p>Com<strong> 18 atra\u00e7\u00f5es confirmadas<\/strong> e <strong>oito horas de festa<\/strong>, a expectativa \u00e9 reunir mais de 15 mil pessoas no tradicional circuito fechado com <strong>trios el\u00e9tricos<\/strong> e programa\u00e7\u00e3o musical que re\u00fane diferentes ritmos e estilos.<\/p>\n<p>Entre as atra\u00e7\u00f5es confirmadas est\u00e3o <strong>Jammil<\/strong>, <strong>DJ GBR<\/strong>, <strong>Valesca Popozuda<\/strong>, <strong>Tati Romero<\/strong>, <strong>Jana Lima<\/strong>, <strong>Tom Baratella<\/strong>, al\u00e9m de <strong>DJs <\/strong>e <strong>baterias universit\u00e1rias da cidade<\/strong> \u2013 confira a <em>line-up<\/em> abaixo.<\/p>\n<h2 class=\"wp-block-heading\"><strong>Ingressos<\/strong><\/h2>\n<p>Os <strong>ingressos <\/strong>para o <strong>Bloco Calif\u00f3rnia<\/strong> ainda est\u00e3o dispon\u00edveis e podem ser adquiridos de <strong>forma on-line (<a href=\"https:\/\/blacktag.com.br\/eventos\/24721\/bloco-california-2025-geral\/ingressos\" target=\"_blank\" rel=\"noreferrer noopener\">clique aqui<\/a>)<\/strong>. Os ingressos variam entre <strong>R$ 55 (pista)<\/strong> e <strong>R$ 500 (camarote open bar)<\/strong>.<\/p>\n<h3 class=\"wp-block-heading\"><strong>Confira a line-up<\/strong><\/h3>\n<p><strong><mark style=\"background-color:#fcb900\" class=\"has-inline-color\">Trio Mixed<\/mark><\/strong><\/p>\n<ul>\n<li>16h00: Bateria Taquicardia<\/li>\n<\/ul>\n<p><strong><mark style=\"background-color:#fcb900\" class=\"has-inline-color\">Trio Therez\u00f3polis<\/mark><\/strong><\/p>\n<ul>\n<li><strong>18h: Tati Romero convida Jana Lima<\/strong><\/li>\n<\/ul>\n<h4 class=\"wp-block-heading\"><strong>Servi\u00e7o<\/strong><\/h4>\n<p><em>Bloco Calif\u00f3rnia 2025<\/em><\/p>\n<p>Dia: 22 de fevereiro (domingo)<\/p>\n<p>Hor\u00e1rio: a partir das 15h<\/p>\n<p>Local: Est\u00e1dio Palma Travassos \u2013 avenida Dr. Pl\u00ednio de Castro Prado, 1000 \u2013 Jardim Paulista, Ribeir\u00e3o Preto<\/p>\n<p>Ingressos: a partir de R$ 55 \u2013 <a href=\"https:\/\/blacktag.com.br\/eventos\/24721\/bloco-california-2025-geral\/ingressos\" target=\"_blank\" rel=\"noreferrer noopener\">clique aqui para adquirir<\/a><\/p>\n<hr class=\"wp-block-separator has-alpha-channel-opacity\"\/>\n<p>SAIBA MAIS<\/p>\n<p>Chegada de frente fria? Interior de SP tem alerta de chuvas e ventos fortes<\/p>\n<h4 class=\"wp-block-heading\"><strong>FIQUE ON<\/strong><\/h4>\n<p>Fique ligado em tudo que acontece em Ribeir\u00e3o Preto e regi\u00e3o. Siga os perfis do\u00a0<strong>acidade on<\/strong>\u00a0no\u00a0<a href=\"https:\/\/www.instagram.com\/acidadeonribeirao\" target=\"_blank\" rel=\"noreferrer noopener\">Instagram<\/a>\u00a0e no\u00a0<a href=\"https:\/\/www.facebook.com\/acidadeonribeirao\/\" target=\"_blank\" rel=\"noreferrer noopener\">Facebook.<\/a><\/p>\n<p>Receba not\u00edcias do\u00a0<strong>acidade on\u00a0<\/strong>no WhatsApp.<a href=\"https:\/\/chat.whatsapp.com\/BjKQZ9oJwlz8VVT50NuePq\" target=\"_blank\" rel=\"noreferrer noopener\">\u00a0Para entrar no grupo, basta clicar aqui.<\/a><\/p>\n<p>Fa\u00e7a uma den\u00fancia ou sugira uma reportagem sobre Ribeir\u00e3o Preto e regi\u00e3o pelo WhatsApp: 16 99117 7802.<\/p>\n<p>VEJA TAMB\u00c9M<\/p>\n<p>Quem Eva vai colocar na mira do l\u00edder no BBB25?<\/p>\n<p><!-- CONTENT END 1 -->\n<\/div>\n<\/div>\n<p><script async src=\"\/\/www.instagram.com\/embed.js\"><\/script><br \/>\n<br \/><br \/>\n<br \/><a href=\"https:\/\/www.acidadeon.com\/ribeiraopreto\/lazer-e-cultura\/veja-os-horarios-dos-shows-do-bloco-california-em-ribeirao-preto-ainda-ha-ingressos\/\">Source link <\/a><\/p>\n","protected":false},"excerpt":{"rendered":"<p>Considerado o maior pr\u00e9-carnaval do interior de S\u00e3o Paulo, a 8\u00aa edi\u00e7\u00e3o do Bloco Calif\u00f3rnia acontece no dia 22 de fevereiro, no est\u00e1dio Palma Travassos,&#8230;<\/p>\n","protected":false},"author":1,"featured_media":63511,"comment_status":"open","ping_status":"open","sticky":false,"template":"","format":"standard","meta":{"advanced_seo_description":"","jetpack_seo_html_title":"","jetpack_seo_noindex":false,"jetpack_post_was_ever_published":false,"_jetpack_newsletter_access":"","_jetpack_dont_email_post_to_subs":false,"_jetpack_newsletter_tier_id":0,"_jetpack_memberships_contains_paywalled_content":false,"_jetpack_memberships_contains_paid_content":false,"footnotes":"","jetpack_publicize_message":"","jetpack_publicize_feature_enabled":true,"jetpack_social_post_already_shared":true,"jetpack_social_options":{"image_generator_settings":{"template":"highway","default_image_id":0,"font":"","enabled":false},"version":2}},"categories":[11],"tags":[],"class_list":["post-63510","post","type-post","status-publish","format-standard","has-post-thumbnail","hentry","category-noticias-de-ribeirao-preto-sp-e-regiao-ismael-colosi"],"jetpack_publicize_connections":[],"jetpack_featured_media_url":"https:\/\/i0.wp.com\/noticiasribeiraopreto.com.br\/wp-content\/uploads\/2025\/02\/Copia-de-Copia-de-Copia-de-TAMANHO-EXATO-PARA-FOTOS-NO-SISTEMA-NOVO-2025-02-14T152651.477_2025-02-14_18-27-08_png_2025-02-14_18-27-08.webp.webp?fit=1200%2C675&ssl=1","jetpack-related-posts":[{"id":63753,"url":"https:\/\/noticiasribeiraopreto.com.br\/index.php\/2025\/02\/20\/bloco-california-saiba-tudo-sobre-o-pre-carnaval-em-ribeirao-preto\/","url_meta":{"origin":63510,"position":0},"title":"Bloco Calif\u00f3rnia: Saiba tudo sobre o pr\u00e9-carnaval em Ribeir\u00e3o Preto","author":"noticiasribeiraopreto.com.br","date":"20 de February de 2025","format":false,"excerpt":"Considerada a maior pr\u00e9via carnavalesca do interior de S\u00e3o Paulo, a 8\u00aa edi\u00e7\u00e3o do Bloco Calif\u00f3rnia acontecer\u00e1 no dia 22 de fevereiro, no Est\u00e1dio Palma Travassos, em Ribeir\u00e3o Preto. Com um line-up recheado de 18 atra\u00e7\u00f5es confirmadas e uma programa\u00e7\u00e3o de oito horas de festa. O evento, que promete reunir\u2026","rel":"","context":"In &quot;Not\u00edcias de Ribeir\u00e3o Preto-SP e Regi\u00e3o&quot;","block_context":{"text":"Not\u00edcias de Ribeir\u00e3o Preto-SP e Regi\u00e3o","link":"https:\/\/noticiasribeiraopreto.com.br\/index.php\/category\/noticias-de-ribeirao-preto-sp-e-regiao-ismael-colosi\/"},"img":{"alt_text":"","src":"https:\/\/i0.wp.com\/noticiasribeiraopreto.com.br\/wp-content\/uploads\/2024\/11\/28a7b1165d885b532a0bacbb0a142d6c_2024-11-14_19-34-04_jpeg_2024-11-14_19-34-05.webp.webp?fit=1200%2C800&ssl=1&resize=350%2C200","width":350,"height":200,"srcset":"https:\/\/i0.wp.com\/noticiasribeiraopreto.com.br\/wp-content\/uploads\/2024\/11\/28a7b1165d885b532a0bacbb0a142d6c_2024-11-14_19-34-04_jpeg_2024-11-14_19-34-05.webp.webp?fit=1200%2C800&ssl=1&resize=350%2C200 1x, https:\/\/i0.wp.com\/noticiasribeiraopreto.com.br\/wp-content\/uploads\/2024\/11\/28a7b1165d885b532a0bacbb0a142d6c_2024-11-14_19-34-04_jpeg_2024-11-14_19-34-05.webp.webp?fit=1200%2C800&ssl=1&resize=525%2C300 1.5x, https:\/\/i0.wp.com\/noticiasribeiraopreto.com.br\/wp-content\/uploads\/2024\/11\/28a7b1165d885b532a0bacbb0a142d6c_2024-11-14_19-34-04_jpeg_2024-11-14_19-34-05.webp.webp?fit=1200%2C800&ssl=1&resize=700%2C400 2x, https:\/\/i0.wp.com\/noticiasribeiraopreto.com.br\/wp-content\/uploads\/2024\/11\/28a7b1165d885b532a0bacbb0a142d6c_2024-11-14_19-34-04_jpeg_2024-11-14_19-34-05.webp.webp?fit=1200%2C800&ssl=1&resize=1050%2C600 3x"},"classes":[]},{"id":62418,"url":"https:\/\/noticiasribeiraopreto.com.br\/index.php\/2025\/01\/13\/ingressos-para-o-bloco-california-estao-disponiveis-veja-atracoes-e-como-comprar\/","url_meta":{"origin":63510,"position":1},"title":"Ingressos para o Bloco Calif\u00f3rnia est\u00e3o dispon\u00edveis; Veja atra\u00e7\u00f5es e como comprar","author":"noticiasribeiraopreto.com.br","date":"13 de January de 2025","format":false,"excerpt":"Est\u00e3o dispon\u00edveis novamente os ingressos para o Bloco Calif\u00f3rnia, em Ribeir\u00e3o Preto. O evento acontece no dia 22 de fevereiro, a partir das 13h, no est\u00e1dio Palma Travassos, zona Leste da cidade. Considerado o maior pr\u00e9-carnaval do interior de S\u00e3o Paulo, a 8\u00aa edi\u00e7\u00e3o da festa pretende reunir 15 mil\u2026","rel":"","context":"In &quot;Not\u00edcias de Ribeir\u00e3o Preto-SP e Regi\u00e3o&quot;","block_context":{"text":"Not\u00edcias de Ribeir\u00e3o Preto-SP e Regi\u00e3o","link":"https:\/\/noticiasribeiraopreto.com.br\/index.php\/category\/noticias-de-ribeirao-preto-sp-e-regiao-ismael-colosi\/"},"img":{"alt_text":"","src":"https:\/\/i0.wp.com\/noticiasribeiraopreto.com.br\/wp-content\/uploads\/2024\/11\/28a7b1165d885b532a0bacbb0a142d6c_2024-11-14_19-34-04_jpeg_2024-11-14_19-34-05.webp.webp?fit=1200%2C800&ssl=1&resize=350%2C200","width":350,"height":200,"srcset":"https:\/\/i0.wp.com\/noticiasribeiraopreto.com.br\/wp-content\/uploads\/2024\/11\/28a7b1165d885b532a0bacbb0a142d6c_2024-11-14_19-34-04_jpeg_2024-11-14_19-34-05.webp.webp?fit=1200%2C800&ssl=1&resize=350%2C200 1x, https:\/\/i0.wp.com\/noticiasribeiraopreto.com.br\/wp-content\/uploads\/2024\/11\/28a7b1165d885b532a0bacbb0a142d6c_2024-11-14_19-34-04_jpeg_2024-11-14_19-34-05.webp.webp?fit=1200%2C800&ssl=1&resize=525%2C300 1.5x, https:\/\/i0.wp.com\/noticiasribeiraopreto.com.br\/wp-content\/uploads\/2024\/11\/28a7b1165d885b532a0bacbb0a142d6c_2024-11-14_19-34-04_jpeg_2024-11-14_19-34-05.webp.webp?fit=1200%2C800&ssl=1&resize=700%2C400 2x, https:\/\/i0.wp.com\/noticiasribeiraopreto.com.br\/wp-content\/uploads\/2024\/11\/28a7b1165d885b532a0bacbb0a142d6c_2024-11-14_19-34-04_jpeg_2024-11-14_19-34-05.webp.webp?fit=1200%2C800&ssl=1&resize=1050%2C600 3x"},"classes":[]},{"id":11892,"url":"https:\/\/noticiasribeiraopreto.com.br\/index.php\/2023\/12\/07\/bloco-california-em-ribeirao-preto-confirma-as-primeiras-atracoes\/","url_meta":{"origin":63510,"position":2},"title":"Bloco Calif\u00f3rnia, em Ribeir\u00e3o Preto, confirma as primeiras atra\u00e7\u00f5es","author":"noticiasribeiraopreto.com.br","date":"7 de December de 2023","format":false,"excerpt":"O Bloco Calif\u00f3rnia, em Ribeir\u00e3o Preto, confirmou as primeira atra\u00e7\u00f5es: Tati Quebra Barraco, Carla Cristina e o DJ Blakes. A 7\u00b0 edi\u00e7\u00e3o do evento de pr\u00e9-carnaval acontece em 3 de fevereiro de 2024, no est\u00e1dio Palma Travassos. \u00a0 Segundo a organiza\u00e7\u00e3o do evento j\u00e1 divulgou, o Bloco Calif\u00f3rnia ter\u00e1 novidades.\u2026","rel":"","context":"In &quot;Not\u00edcias de Ribeir\u00e3o Preto-SP e Regi\u00e3o&quot;","block_context":{"text":"Not\u00edcias de Ribeir\u00e3o Preto-SP e Regi\u00e3o","link":"https:\/\/noticiasribeiraopreto.com.br\/index.php\/category\/noticias-de-ribeirao-preto-sp-e-regiao-ismael-colosi\/"},"img":{"alt_text":"","src":"https:\/\/i0.wp.com\/noticiasribeiraopreto.com.br\/wp-content\/uploads\/2023\/12\/346244465_1227185564598648_4087334571733265628_n.jpg?fit=1079%2C935&ssl=1&resize=350%2C200","width":350,"height":200,"srcset":"https:\/\/i0.wp.com\/noticiasribeiraopreto.com.br\/wp-content\/uploads\/2023\/12\/346244465_1227185564598648_4087334571733265628_n.jpg?fit=1079%2C935&ssl=1&resize=350%2C200 1x, https:\/\/i0.wp.com\/noticiasribeiraopreto.com.br\/wp-content\/uploads\/2023\/12\/346244465_1227185564598648_4087334571733265628_n.jpg?fit=1079%2C935&ssl=1&resize=525%2C300 1.5x, https:\/\/i0.wp.com\/noticiasribeiraopreto.com.br\/wp-content\/uploads\/2023\/12\/346244465_1227185564598648_4087334571733265628_n.jpg?fit=1079%2C935&ssl=1&resize=700%2C400 2x, https:\/\/i0.wp.com\/noticiasribeiraopreto.com.br\/wp-content\/uploads\/2023\/12\/346244465_1227185564598648_4087334571733265628_n.jpg?fit=1079%2C935&ssl=1&resize=1050%2C600 3x"},"classes":[]},{"id":31261,"url":"https:\/\/noticiasribeiraopreto.com.br\/index.php\/2024\/01\/21\/tati-quebra-barraco-e-uma-das-atracoes-do-bloco-california-em-ribeirao-preto\/","url_meta":{"origin":63510,"position":3},"title":"Tati Quebra Barraco \u00e9 uma das atra\u00e7\u00f5es do Bloco Calif\u00f3rnia em Ribeir\u00e3o Preto","author":"noticiasribeiraopreto.com.br","date":"21 de January de 2024","format":false,"excerpt":"O funk carioca estar\u00e1 representado na 7\u00aa edi\u00e7\u00e3o do Bloco Calif\u00f3rnia, que acontece no est\u00e1dio Palma Travassos, em Ribeir\u00e3o Preto, no dia 3 de fevereiro. Isso porque, entre as atra\u00e7\u00f5es est\u00e1 a cantora Tati Quebra Barraco. Pioneira no g\u00eanero, Tati Quebra Barraco \u00e9 dona de m\u00fasicas como \u201cBoladona\u201d. Segundo a\u2026","rel":"","context":"In &quot;Not\u00edcias de Ribeir\u00e3o Preto-SP e Regi\u00e3o&quot;","block_context":{"text":"Not\u00edcias de Ribeir\u00e3o Preto-SP e Regi\u00e3o","link":"https:\/\/noticiasribeiraopreto.com.br\/index.php\/category\/noticias-de-ribeirao-preto-sp-e-regiao-ismael-colosi\/"},"img":{"alt_text":"","src":"https:\/\/i0.wp.com\/noticiasribeiraopreto.com.br\/wp-content\/uploads\/2024\/01\/tati-quebra-barraco.jpg?fit=827%2C589&ssl=1&resize=350%2C200","width":350,"height":200,"srcset":"https:\/\/i0.wp.com\/noticiasribeiraopreto.com.br\/wp-content\/uploads\/2024\/01\/tati-quebra-barraco.jpg?fit=827%2C589&ssl=1&resize=350%2C200 1x, https:\/\/i0.wp.com\/noticiasribeiraopreto.com.br\/wp-content\/uploads\/2024\/01\/tati-quebra-barraco.jpg?fit=827%2C589&ssl=1&resize=525%2C300 1.5x, https:\/\/i0.wp.com\/noticiasribeiraopreto.com.br\/wp-content\/uploads\/2024\/01\/tati-quebra-barraco.jpg?fit=827%2C589&ssl=1&resize=700%2C400 2x"},"classes":[]},{"id":82113,"url":"https:\/\/noticiasribeiraopreto.com.br\/index.php\/2026\/02\/04\/quer-pular-o-bloco-california-na-faixa-veja-como-participar\/","url_meta":{"origin":63510,"position":4},"title":"Quer pular o Bloco Calif\u00f3rnia na faixa? Veja como participar","author":"noticiasribeiraopreto.com.br","date":"4 de February de 2026","format":false,"excerpt":"O acidade on Ribeir\u00e3o vai te dar um par de ingressos para pular o pr\u00e9-carnaval do Bloco Calif\u00f3rnia, que acontece no pr\u00f3ximo s\u00e1bado (7), no est\u00e1dio Palma Travassos, em Ribeir\u00e3o Preto. Para participar \u00e9 f\u00e1cil: Responda no nosso post no Instagram: Com qual fantasia voc\u00ea vai pular o Carnaval em\u2026","rel":"","context":"In &quot;Not\u00edcias de Ribeir\u00e3o Preto-SP e Regi\u00e3o&quot;","block_context":{"text":"Not\u00edcias de Ribeir\u00e3o Preto-SP e Regi\u00e3o","link":"https:\/\/noticiasribeiraopreto.com.br\/index.php\/category\/noticias-de-ribeirao-preto-sp-e-regiao-ismael-colosi\/"},"img":{"alt_text":"","src":"https:\/\/i0.wp.com\/noticiasribeiraopreto.com.br\/wp-content\/uploads\/2026\/02\/bloco-california_2026-02-03_20-05-22.webp.webp?fit=1200%2C798&ssl=1&resize=350%2C200","width":350,"height":200,"srcset":"https:\/\/i0.wp.com\/noticiasribeiraopreto.com.br\/wp-content\/uploads\/2026\/02\/bloco-california_2026-02-03_20-05-22.webp.webp?fit=1200%2C798&ssl=1&resize=350%2C200 1x, https:\/\/i0.wp.com\/noticiasribeiraopreto.com.br\/wp-content\/uploads\/2026\/02\/bloco-california_2026-02-03_20-05-22.webp.webp?fit=1200%2C798&ssl=1&resize=525%2C300 1.5x, https:\/\/i0.wp.com\/noticiasribeiraopreto.com.br\/wp-content\/uploads\/2026\/02\/bloco-california_2026-02-03_20-05-22.webp.webp?fit=1200%2C798&ssl=1&resize=700%2C400 2x, https:\/\/i0.wp.com\/noticiasribeiraopreto.com.br\/wp-content\/uploads\/2026\/02\/bloco-california_2026-02-03_20-05-22.webp.webp?fit=1200%2C798&ssl=1&resize=1050%2C600 3x"},"classes":[]},{"id":17218,"url":"https:\/\/noticiasribeiraopreto.com.br\/index.php\/2023\/12\/17\/bloco-california-ja-tem-atracoes\/","url_meta":{"origin":63510,"position":5},"title":"Bloco Calif\u00f3rnia j\u00e1 tem atra\u00e7\u00f5es\u00a0","author":"noticiasribeiraopreto.com.br","date":"17 de December de 2023","format":false,"excerpt":"17 de dezembro de 2023 | 17:0015 de dezembro de 2023 | 17:09 0Abrindo alas para a chegada de sua s\u00e9tima edi\u00e7\u00e3o, o Bloco Calif\u00f3rnia confirmou uma animada mistura de ritmos em seu line-up principal. A folia \u2013 que antecede o Reinado de Momo \u2013 acontece em 3 de fevereiro,\u2026","rel":"","context":"In &quot;Not\u00edcias de Ribeir\u00e3o Preto-SP e Regi\u00e3o&quot;","block_context":{"text":"Not\u00edcias de Ribeir\u00e3o Preto-SP e Regi\u00e3o","link":"https:\/\/noticiasribeiraopreto.com.br\/index.php\/category\/noticias-de-ribeirao-preto-sp-e-regiao-ismael-colosi\/"},"img":{"alt_text":"","src":"https:\/\/i0.wp.com\/noticiasribeiraopreto.com.br\/wp-content\/uploads\/2023\/12\/Bloco-Divulgacao-02.png?fit=396%2C645&ssl=1&resize=350%2C200","width":350,"height":200},"classes":[]}],"jetpack_sharing_enabled":true,"jetpack_shortlink":"https:\/\/wp.me\/peQAOb-gwm","_links":{"self":[{"href":"https:\/\/noticiasribeiraopreto.com.br\/index.php\/wp-json\/wp\/v2\/posts\/63510","targetHints":{"allow":["GET"]}}],"collection":[{"href":"https:\/\/noticiasribeiraopreto.com.br\/index.php\/wp-json\/wp\/v2\/posts"}],"about":[{"href":"https:\/\/noticiasribeiraopreto.com.br\/index.php\/wp-json\/wp\/v2\/types\/post"}],"author":[{"embeddable":true,"href":"https:\/\/noticiasribeiraopreto.com.br\/index.php\/wp-json\/wp\/v2\/users\/1"}],"replies":[{"embeddable":true,"href":"https:\/\/noticiasribeiraopreto.com.br\/index.php\/wp-json\/wp\/v2\/comments?post=63510"}],"version-history":[{"count":0,"href":"https:\/\/noticiasribeiraopreto.com.br\/index.php\/wp-json\/wp\/v2\/posts\/63510\/revisions"}],"wp:featuredmedia":[{"embeddable":true,"href":"https:\/\/noticiasribeiraopreto.com.br\/index.php\/wp-json\/wp\/v2\/media\/63511"}],"wp:attachment":[{"href":"https:\/\/noticiasribeiraopreto.com.br\/index.php\/wp-json\/wp\/v2\/media?parent=63510"}],"wp:term":[{"taxonomy":"category","embeddable":true,"href":"https:\/\/noticiasribeiraopreto.com.br\/index.php\/wp-json\/wp\/v2\/categories?post=63510"},{"taxonomy":"post_tag","embeddable":true,"href":"https:\/\/noticiasribeiraopreto.com.br\/index.php\/wp-json\/wp\/v2\/tags?post=63510"}],"curies":[{"name":"wp","href":"https:\/\/api.w.org\/{rel}","templated":true}]}}