{"id":63512,"date":"2025-02-14T16:20:25","date_gmt":"2025-02-14T19:20:25","guid":{"rendered":"https:\/\/noticiasribeiraopreto.com.br\/index.php\/2025\/02\/14\/bloco-california-arrecadara-alimentos-com-a-opcao-de-ingresso-solidario\/"},"modified":"2025-02-14T16:20:25","modified_gmt":"2025-02-14T19:20:25","slug":"bloco-california-arrecadara-alimentos-com-a-opcao-de-ingresso-solidario","status":"publish","type":"post","link":"https:\/\/noticiasribeiraopreto.com.br\/index.php\/2025\/02\/14\/bloco-california-arrecadara-alimentos-com-a-opcao-de-ingresso-solidario\/","title":{"rendered":"Bloco Calif\u00f3rnia arrecadar\u00e1 alimentos com a op\u00e7\u00e3o de ingresso solid\u00e1rio"},"content":{"rendered":"<div class='code-block code-block-1' style='margin: 8px 0 8px auto; text-align: right; display: block; clear: both;'>\n<p><a href=\"https:\/\/wa.link\/vpicfd\"><img data-recalc-dims=\"1\" class=\"wp-image-4922\" style=\"aspect-ratio: 2.0253164556962027; width: 561px; height: auto;\" src=\"https:\/\/i0.wp.com\/ismaelcolosi.com.br\/wp-content\/uploads\/2023\/11\/grupo-de-empregos-whatsapp-e-facebook-ismael-colosi-vagas.jpg?ssl=1\" alt=\"\" \/><\/a><\/p>\n<!-- \/wp:image -->\n<\/div>\n<p> <br \/>\n<\/p>\n<div>\n<p>Trazendo a conscientiza\u00e7\u00e3o social presente em seu DNA, por mais um ano o Bloco Calif\u00f3rnia refor\u00e7a a sua parceria com o Fundo Social de Solidariedade de Ribeir\u00e3o Preto, por meio da doa\u00e7\u00e3o de alimentos que ser\u00e3o arrecadados durante o pr\u00e9-carnaval, que acontece no dia 22 de fevereiro, no Est\u00e1dio Palma Travassos.<\/p>\n<blockquote>\n<p>\u201c\u00c9 uma honra poder colaborar mais uma vez com os atendimentos do Fundo Social de Solidariedade de nossa cidade. O Bloco Calif\u00f3rnia recolhe anualmente uma m\u00e9dia de 5 toneladas de alimentos, uma a\u00e7\u00e3o muito significativa para n\u00f3s e que faz a diferen\u00e7a na mesa de muitas pessoas que necessitam\u201d, diz Mikahel Nakad, organizador do evento.<\/p>\n<\/blockquote>\n<p>Na portaria do evento, um ponto de arrecada\u00e7\u00e3o estar\u00e1 dispon\u00edvel para os foli\u00f5es que adquirirem a meia-entrada solid\u00e1ria entregarem seus alimentos.<\/p>\n<blockquote>\n<p>\u201cEssa colabora\u00e7\u00e3o chegar\u00e1 em \u00f3tima hora, pois precisamos destas parcerias para ajudarmos quem nos procura, especialmente entidades que atendem crian\u00e7as, adolescentes, mulheres e idosos. Muito importante esse olhar solid\u00e1rio dos organizadores do Bloco Calif\u00f3rnia\u201d, comenta Carol Silva, presidente do Fundo Social da cidade.<\/p>\n<\/blockquote>\n<p>Sobre o Bloco Calif\u00f3rnia<br \/>Com a expectativa de reunir mais de 15 mil pessoas em mais de nove horas de festa, a 8\u00aa edi\u00e7\u00e3o da micareta seguir\u00e1 o tradicional formato de circuito fechado, no Est\u00e1dio Palma Travassos. A programa\u00e7\u00e3o contar\u00e1 com shows de Jammil, DJ GBR, Valesca Popozuda, Tati Romero, Jana Lima e Tom Baratella. Al\u00e9m de mais nove DJs e as tradicionais baterias universit\u00e1rias.<\/p>\n<p>Programe-se<br \/>Bloco Calif\u00f3rnia 2025<br \/>Dia: 22 de fevereiro<br \/>Local: Est\u00e1dio Palma Travassos, em Ribeir\u00e3o Preto<br \/>Ingressos: de R$55 a R$500 pelo site: https:\/\/blacktag.com.br\/eventos\/24721\/bloco-california-2025-geral\/ingressos.<\/p>\n<p>&#13;<br \/>\n\t\t\t\t<span class=\"post-views-icon dashicons dashicons-chart-bar\"\/> <span class=\"post-views-label\">Visualiza\u00e7\u00f5es:<\/span> <span class=\"post-views-count\">5<\/span>&#13;\n\t\t\t<\/p>\n<\/p><\/div>\n<p><br \/>\n<br \/><a href=\"https:\/\/folhaderibeirao.com.br\/2025\/02\/14\/bloco-california-arrecadara-alimentos-com-a-opcao-de-ingresso-solidario\/\">Source link <\/a><\/p>\n<!-- CONTENT END 1 -->\n","protected":false},"excerpt":{"rendered":"<p>Trazendo a conscientiza\u00e7\u00e3o social presente em seu DNA, por mais um ano o Bloco Calif\u00f3rnia refor\u00e7a a sua parceria com o Fundo Social de Solidariedade&#8230;<\/p>\n","protected":false},"author":1,"featured_media":63513,"comment_status":"open","ping_status":"open","sticky":false,"template":"","format":"standard","meta":{"advanced_seo_description":"","jetpack_seo_html_title":"","jetpack_seo_noindex":false,"jetpack_post_was_ever_published":false,"_jetpack_newsletter_access":"","_jetpack_dont_email_post_to_subs":false,"_jetpack_newsletter_tier_id":0,"_jetpack_memberships_contains_paywalled_content":false,"_jetpack_memberships_contains_paid_content":false,"footnotes":"","jetpack_publicize_message":"","jetpack_publicize_feature_enabled":true,"jetpack_social_post_already_shared":true,"jetpack_social_options":{"image_generator_settings":{"template":"highway","default_image_id":0,"font":"","enabled":false},"version":2}},"categories":[11],"tags":[2892,6165,1673,1674,359,3365,5784],"class_list":["post-63512","post","type-post","status-publish","format-standard","has-post-thumbnail","hentry","category-noticias-de-ribeirao-preto-sp-e-regiao-ismael-colosi","tag-alimentos","tag-arrecadara","tag-bloco","tag-california","tag-ingresso","tag-opcao","tag-solidario"],"jetpack_publicize_connections":[],"jetpack_featured_media_url":"https:\/\/i0.wp.com\/noticiasribeiraopreto.com.br\/wp-content\/uploads\/2025\/02\/Imagem-do-WhatsApp-de-2025-02-14-as-15.47.22_e22a21a1.jpg?fit=800%2C600&ssl=1","jetpack-related-posts":[{"id":63945,"url":"https:\/\/noticiasribeiraopreto.com.br\/index.php\/2025\/02\/26\/bloco-california-entrega-tres-toneladas-de-alimentos-ao-fundo-social-de-solidariedade\/","url_meta":{"origin":63512,"position":0},"title":"Bloco Calif\u00f3rnia entrega tr\u00eas toneladas de alimentos ao Fundo Social de Solidariedade","author":"noticiasribeiraopreto.com.br","date":"26 de February de 2025","format":false,"excerpt":"Maior pr\u00e9-carnaval de Ribeir\u00e3o Preto e regi\u00e3o, o Bloco Calif\u00f3rnia embalou os foli\u00f5es e deu um show de solidariedade no \u00faltimo s\u00e1bado, 22 de fevereiro. Com mais de 15 mil pessoas reunidas para a folia antecipada, o evento arrecadou tr\u00eas toneladas de alimentos n\u00e3o perec\u00edveis com a op\u00e7\u00e3o de ingresso\u2026","rel":"","context":"In &quot;Not\u00edcias de Ribeir\u00e3o Preto-SP e Regi\u00e3o&quot;","block_context":{"text":"Not\u00edcias de Ribeir\u00e3o Preto-SP e Regi\u00e3o","link":"https:\/\/noticiasribeiraopreto.com.br\/index.php\/category\/noticias-de-ribeirao-preto-sp-e-regiao-ismael-colosi\/"},"img":{"alt_text":"","src":"https:\/\/i0.wp.com\/noticiasribeiraopreto.com.br\/wp-content\/uploads\/2025\/02\/WhatsApp-Image-2025-02-25-at-15.14.41.jpeg?fit=1200%2C800&ssl=1&resize=350%2C200","width":350,"height":200,"srcset":"https:\/\/i0.wp.com\/noticiasribeiraopreto.com.br\/wp-content\/uploads\/2025\/02\/WhatsApp-Image-2025-02-25-at-15.14.41.jpeg?fit=1200%2C800&ssl=1&resize=350%2C200 1x, https:\/\/i0.wp.com\/noticiasribeiraopreto.com.br\/wp-content\/uploads\/2025\/02\/WhatsApp-Image-2025-02-25-at-15.14.41.jpeg?fit=1200%2C800&ssl=1&resize=525%2C300 1.5x, https:\/\/i0.wp.com\/noticiasribeiraopreto.com.br\/wp-content\/uploads\/2025\/02\/WhatsApp-Image-2025-02-25-at-15.14.41.jpeg?fit=1200%2C800&ssl=1&resize=700%2C400 2x, https:\/\/i0.wp.com\/noticiasribeiraopreto.com.br\/wp-content\/uploads\/2025\/02\/WhatsApp-Image-2025-02-25-at-15.14.41.jpeg?fit=1200%2C800&ssl=1&resize=1050%2C600 3x"},"classes":[]},{"id":35415,"url":"https:\/\/noticiasribeiraopreto.com.br\/index.php\/2024\/02\/06\/bloco-california-arrecada-mais-de-2-toneladas-de-alimentos-em-ribeirao\/","url_meta":{"origin":63512,"position":1},"title":"Bloco Calif\u00f3rnia arrecada mais de 2 toneladas de alimentos em Ribeir\u00e3o","author":"noticiasribeiraopreto.com.br","date":"6 de February de 2024","format":false,"excerpt":"O Bloco Calif\u00f3rnia 2024 arrecadou 2,5 toneladas de alimentos n\u00e3o perec\u00edveis para doa\u00e7\u00e3o a entidades, por meio do Fundo Social de Solidariedade (FSS) de Ribeir\u00e3o Preto. O evento aconteceu no \u00faltimo s\u00e1bado (3), no Est\u00e1dio Palma Travassos (Comercial), e reuniu mais de 15 mil pessoas. O bloco contou com a\u2026","rel":"","context":"In &quot;Not\u00edcias de Ribeir\u00e3o Preto-SP e Regi\u00e3o&quot;","block_context":{"text":"Not\u00edcias de Ribeir\u00e3o Preto-SP e Regi\u00e3o","link":"https:\/\/noticiasribeiraopreto.com.br\/index.php\/category\/noticias-de-ribeirao-preto-sp-e-regiao-ismael-colosi\/"},"img":{"alt_text":"","src":"https:\/\/i0.wp.com\/noticiasribeiraopreto.com.br\/wp-content\/uploads\/2024\/02\/alimentos_fundo_social_5.jpg?fit=1200%2C900&ssl=1&resize=350%2C200","width":350,"height":200,"srcset":"https:\/\/i0.wp.com\/noticiasribeiraopreto.com.br\/wp-content\/uploads\/2024\/02\/alimentos_fundo_social_5.jpg?fit=1200%2C900&ssl=1&resize=350%2C200 1x, https:\/\/i0.wp.com\/noticiasribeiraopreto.com.br\/wp-content\/uploads\/2024\/02\/alimentos_fundo_social_5.jpg?fit=1200%2C900&ssl=1&resize=525%2C300 1.5x, https:\/\/i0.wp.com\/noticiasribeiraopreto.com.br\/wp-content\/uploads\/2024\/02\/alimentos_fundo_social_5.jpg?fit=1200%2C900&ssl=1&resize=700%2C400 2x, https:\/\/i0.wp.com\/noticiasribeiraopreto.com.br\/wp-content\/uploads\/2024\/02\/alimentos_fundo_social_5.jpg?fit=1200%2C900&ssl=1&resize=1050%2C600 3x"},"classes":[]},{"id":41936,"url":"https:\/\/noticiasribeiraopreto.com.br\/index.php\/2024\/03\/12\/show-do-jao-arrecada-25-toneladas-de-alimentos-em-ribeirao-preto\/","url_meta":{"origin":63512,"position":2},"title":"Show do J\u00e3o arrecada 2,5 toneladas de alimentos em Ribeir\u00e3o Preto","author":"noticiasribeiraopreto.com.br","date":"12 de March de 2024","format":false,"excerpt":"O show do cantor J\u00e3o na \u201cSuperturn\u00ea\u201d, em Ribeir\u00e3o Preto, arrecadou 2,5 toneladas em alimentos n\u00e3o perec\u00edveis para doa\u00e7\u00e3o a entidades da cidade, por meio do Fundo Social de Solidariedade (FSS). O evento aconteceu no \u00faltimo s\u00e1bado (9), no Est\u00e1dio Palma Travassos (Comercial). O evento contou com a op\u00e7\u00e3o de\u00a0\u201cingresso\u2026","rel":"","context":"In &quot;Not\u00edcias de Ribeir\u00e3o Preto-SP e Regi\u00e3o&quot;","block_context":{"text":"Not\u00edcias de Ribeir\u00e3o Preto-SP e Regi\u00e3o","link":"https:\/\/noticiasribeiraopreto.com.br\/index.php\/category\/noticias-de-ribeirao-preto-sp-e-regiao-ismael-colosi\/"},"img":{"alt_text":"","src":"https:\/\/i0.wp.com\/noticiasribeiraopreto.com.br\/wp-content\/uploads\/2024\/03\/fss_turne_jao_1.jpg?fit=1044%2C692&ssl=1&resize=350%2C200","width":350,"height":200,"srcset":"https:\/\/i0.wp.com\/noticiasribeiraopreto.com.br\/wp-content\/uploads\/2024\/03\/fss_turne_jao_1.jpg?fit=1044%2C692&ssl=1&resize=350%2C200 1x, https:\/\/i0.wp.com\/noticiasribeiraopreto.com.br\/wp-content\/uploads\/2024\/03\/fss_turne_jao_1.jpg?fit=1044%2C692&ssl=1&resize=525%2C300 1.5x, https:\/\/i0.wp.com\/noticiasribeiraopreto.com.br\/wp-content\/uploads\/2024\/03\/fss_turne_jao_1.jpg?fit=1044%2C692&ssl=1&resize=700%2C400 2x"},"classes":[]},{"id":1115,"url":"https:\/\/noticiasribeiraopreto.com.br\/index.php\/2023\/11\/10\/bloco-california-em-ribeirao-preto-anuncia-a-data-da-folia-em-2024\/","url_meta":{"origin":63512,"position":3},"title":"Bloco Calif\u00f3rnia em Ribeir\u00e3o Preto anuncia a data da folia em 2024\u00a0","author":"noticiasribeiraopreto.com.br","date":"10 de November de 2023","format":false,"excerpt":"A 7\u00b0 edi\u00e7\u00e3o do Bloco Calif\u00f3rnia, festa de pr\u00e9-carnaval de Ribeir\u00e3o Preto, est\u00e1 prevista para acontecer no dia 3 de fevereiro de 2024, no est\u00e1dio Palma Travassos, na zona Leste. \u00a0 Segundo a organiza\u00e7\u00e3o do evento, a programa\u00e7\u00e3o ter\u00e1 novidades e, uma delas, a estreia de um camarote no circuito\u2026","rel":"","context":"In &quot;Not\u00edcias de Ribeir\u00e3o Preto-SP e Regi\u00e3o&quot;","block_context":{"text":"Not\u00edcias de Ribeir\u00e3o Preto-SP e Regi\u00e3o","link":"https:\/\/noticiasribeiraopreto.com.br\/index.php\/category\/noticias-de-ribeirao-preto-sp-e-regiao-ismael-colosi\/"},"img":{"alt_text":"","src":"https:\/\/i0.wp.com\/noticiasribeiraopreto.com.br\/wp-content\/uploads\/2023\/11\/bloco-california-credito-divulgacao.jpeg?fit=800%2C534&ssl=1&resize=350%2C200","width":350,"height":200,"srcset":"https:\/\/i0.wp.com\/noticiasribeiraopreto.com.br\/wp-content\/uploads\/2023\/11\/bloco-california-credito-divulgacao.jpeg?fit=800%2C534&ssl=1&resize=350%2C200 1x, https:\/\/i0.wp.com\/noticiasribeiraopreto.com.br\/wp-content\/uploads\/2023\/11\/bloco-california-credito-divulgacao.jpeg?fit=800%2C534&ssl=1&resize=525%2C300 1.5x, https:\/\/i0.wp.com\/noticiasribeiraopreto.com.br\/wp-content\/uploads\/2023\/11\/bloco-california-credito-divulgacao.jpeg?fit=800%2C534&ssl=1&resize=700%2C400 2x"},"classes":[]},{"id":31261,"url":"https:\/\/noticiasribeiraopreto.com.br\/index.php\/2024\/01\/21\/tati-quebra-barraco-e-uma-das-atracoes-do-bloco-california-em-ribeirao-preto\/","url_meta":{"origin":63512,"position":4},"title":"Tati Quebra Barraco \u00e9 uma das atra\u00e7\u00f5es do Bloco Calif\u00f3rnia em Ribeir\u00e3o Preto","author":"noticiasribeiraopreto.com.br","date":"21 de January de 2024","format":false,"excerpt":"O funk carioca estar\u00e1 representado na 7\u00aa edi\u00e7\u00e3o do Bloco Calif\u00f3rnia, que acontece no est\u00e1dio Palma Travassos, em Ribeir\u00e3o Preto, no dia 3 de fevereiro. Isso porque, entre as atra\u00e7\u00f5es est\u00e1 a cantora Tati Quebra Barraco. Pioneira no g\u00eanero, Tati Quebra Barraco \u00e9 dona de m\u00fasicas como \u201cBoladona\u201d. Segundo a\u2026","rel":"","context":"In &quot;Not\u00edcias de Ribeir\u00e3o Preto-SP e Regi\u00e3o&quot;","block_context":{"text":"Not\u00edcias de Ribeir\u00e3o Preto-SP e Regi\u00e3o","link":"https:\/\/noticiasribeiraopreto.com.br\/index.php\/category\/noticias-de-ribeirao-preto-sp-e-regiao-ismael-colosi\/"},"img":{"alt_text":"","src":"https:\/\/i0.wp.com\/noticiasribeiraopreto.com.br\/wp-content\/uploads\/2024\/01\/tati-quebra-barraco.jpg?fit=827%2C589&ssl=1&resize=350%2C200","width":350,"height":200,"srcset":"https:\/\/i0.wp.com\/noticiasribeiraopreto.com.br\/wp-content\/uploads\/2024\/01\/tati-quebra-barraco.jpg?fit=827%2C589&ssl=1&resize=350%2C200 1x, https:\/\/i0.wp.com\/noticiasribeiraopreto.com.br\/wp-content\/uploads\/2024\/01\/tati-quebra-barraco.jpg?fit=827%2C589&ssl=1&resize=525%2C300 1.5x, https:\/\/i0.wp.com\/noticiasribeiraopreto.com.br\/wp-content\/uploads\/2024\/01\/tati-quebra-barraco.jpg?fit=827%2C589&ssl=1&resize=700%2C400 2x"},"classes":[]},{"id":34573,"url":"https:\/\/noticiasribeiraopreto.com.br\/index.php\/2024\/02\/02\/bloco-california-abre-o-carnaval\/","url_meta":{"origin":63512,"position":5},"title":"Bloco Calif\u00f3rnia\u00a0abre o carnaval\u00a0 &#8211; Jornal Tribuna Ribeir\u00e3o","author":"noticiasribeiraopreto.com.br","date":"2 de February de 2024","format":false,"excerpt":"2 de fevereiro de 2024 | 15:001 de fevereiro de 2024 | 17:46 0O Bloco Calif\u00f3rnia vai abrir o carnaval em Ribeir\u00e3o Preto, Ser\u00e1 neste s\u00e1bado, 3 de fevereiro, a partir das 15 horas, no Est\u00e1dio Palma Travassos. Com sucessos que marcaram a hist\u00f3ria dos grandes carnavais, Terra Samba desembarca\u2026","rel":"","context":"In &quot;Not\u00edcias de Ribeir\u00e3o Preto-SP e Regi\u00e3o&quot;","block_context":{"text":"Not\u00edcias de Ribeir\u00e3o Preto-SP e Regi\u00e3o","link":"https:\/\/noticiasribeiraopreto.com.br\/index.php\/category\/noticias-de-ribeirao-preto-sp-e-regiao-ismael-colosi\/"},"img":{"alt_text":"","src":"https:\/\/i0.wp.com\/noticiasribeiraopreto.com.br\/wp-content\/uploads\/2024\/02\/Bloco-Bat-Divulgacao-1-scaled.jpg?fit=968%2C645&ssl=1&resize=350%2C200","width":350,"height":200,"srcset":"https:\/\/i0.wp.com\/noticiasribeiraopreto.com.br\/wp-content\/uploads\/2024\/02\/Bloco-Bat-Divulgacao-1-scaled.jpg?fit=968%2C645&ssl=1&resize=350%2C200 1x, https:\/\/i0.wp.com\/noticiasribeiraopreto.com.br\/wp-content\/uploads\/2024\/02\/Bloco-Bat-Divulgacao-1-scaled.jpg?fit=968%2C645&ssl=1&resize=525%2C300 1.5x, https:\/\/i0.wp.com\/noticiasribeiraopreto.com.br\/wp-content\/uploads\/2024\/02\/Bloco-Bat-Divulgacao-1-scaled.jpg?fit=968%2C645&ssl=1&resize=700%2C400 2x"},"classes":[]}],"jetpack_sharing_enabled":true,"jetpack_shortlink":"https:\/\/wp.me\/peQAOb-gwo","_links":{"self":[{"href":"https:\/\/noticiasribeiraopreto.com.br\/index.php\/wp-json\/wp\/v2\/posts\/63512","targetHints":{"allow":["GET"]}}],"collection":[{"href":"https:\/\/noticiasribeiraopreto.com.br\/index.php\/wp-json\/wp\/v2\/posts"}],"about":[{"href":"https:\/\/noticiasribeiraopreto.com.br\/index.php\/wp-json\/wp\/v2\/types\/post"}],"author":[{"embeddable":true,"href":"https:\/\/noticiasribeiraopreto.com.br\/index.php\/wp-json\/wp\/v2\/users\/1"}],"replies":[{"embeddable":true,"href":"https:\/\/noticiasribeiraopreto.com.br\/index.php\/wp-json\/wp\/v2\/comments?post=63512"}],"version-history":[{"count":0,"href":"https:\/\/noticiasribeiraopreto.com.br\/index.php\/wp-json\/wp\/v2\/posts\/63512\/revisions"}],"wp:featuredmedia":[{"embeddable":true,"href":"https:\/\/noticiasribeiraopreto.com.br\/index.php\/wp-json\/wp\/v2\/media\/63513"}],"wp:attachment":[{"href":"https:\/\/noticiasribeiraopreto.com.br\/index.php\/wp-json\/wp\/v2\/media?parent=63512"}],"wp:term":[{"taxonomy":"category","embeddable":true,"href":"https:\/\/noticiasribeiraopreto.com.br\/index.php\/wp-json\/wp\/v2\/categories?post=63512"},{"taxonomy":"post_tag","embeddable":true,"href":"https:\/\/noticiasribeiraopreto.com.br\/index.php\/wp-json\/wp\/v2\/tags?post=63512"}],"curies":[{"name":"wp","href":"https:\/\/api.w.org\/{rel}","templated":true}]}}