{"id":63514,"date":"2025-02-14T16:24:30","date_gmt":"2025-02-14T19:24:30","guid":{"rendered":"https:\/\/noticiasribeiraopreto.com.br\/index.php\/2025\/02\/14\/bloco-california-divulga-horarios-dos-shows-de-sua-8a-edicao\/"},"modified":"2025-02-14T16:24:30","modified_gmt":"2025-02-14T19:24:30","slug":"bloco-california-divulga-horarios-dos-shows-de-sua-8a-edicao","status":"publish","type":"post","link":"https:\/\/noticiasribeiraopreto.com.br\/index.php\/2025\/02\/14\/bloco-california-divulga-horarios-dos-shows-de-sua-8a-edicao\/","title":{"rendered":"Bloco Calif\u00f3rnia divulga hor\u00e1rios dos shows de sua 8\u00aa edi\u00e7\u00e3o"},"content":{"rendered":"<div class='code-block code-block-1' style='margin: 8px 0 8px auto; text-align: right; display: block; clear: both;'>\n<p><a href=\"https:\/\/wa.link\/vpicfd\"><img data-recalc-dims=\"1\" class=\"wp-image-4922\" style=\"aspect-ratio: 2.0253164556962027; width: 561px; height: auto;\" src=\"https:\/\/i0.wp.com\/ismaelcolosi.com.br\/wp-content\/uploads\/2023\/11\/grupo-de-empregos-whatsapp-e-facebook-ismael-colosi-vagas.jpg?ssl=1\" alt=\"\" \/><\/a><\/p>\n<!-- \/wp:image -->\n<\/div>\n<p> <br \/>\n<\/p>\n<div>\n<p>Foi dada a largada para as celebra\u00e7\u00f5es de Carnaval em Ribeir\u00e3o Preto e regi\u00e3o. No dia 22 de fevereiro, o Bloco Calif\u00f3rnia abre a agenda das festividades com 18 atra\u00e7\u00f5es, nove horas de evento e a expectativa de reunir mais de 15 mil pessoas em um circuito fechado no est\u00e1dio Palma Travassos.<\/p>\n<p>E para os foli\u00f5es que v\u00e3o curtir a micareta, a organiza\u00e7\u00e3o anunciou os hor\u00e1rios dos shows que come\u00e7am a partir das 15h. Na programa\u00e7\u00e3o est\u00e3o nomes como Jammil, DJ GBR, Valesca Popozuda, Tati Romero, Jana Lima, Tom Baratella, al\u00e9m de DJs e baterias universit\u00e1rias da cidade.<\/p>\n<p>Confira:<\/p>\n<p>Trio Mixed<\/p>\n<p>15h: DJ Furya<\/p>\n<p>15h45: Bateria Doroteia<\/p>\n<p>16h00: Bateria Taquicardia<\/p>\n<p>16h15: Bateria Maculosa<\/p>\n<p>16h30: DJ Furya<\/p>\n<p>17h: Jammil<\/p>\n<p>18h30: DJ Furya<\/p>\n<p>19h30: DJ GBR<\/p>\n<p>20h30: DJ Fifonha<\/p>\n<p>21h30: Valesca Popozuda<\/p>\n<p>22h15: DJ In\u2019Brazza<\/p>\n<p>23h: DJ Choco<\/p>\n<p>Trio Therez\u00f3polis<\/p>\n<p>16h: DJ Panda<\/p>\n<p>17h:DJ Pedro H<\/p>\n<p>18h: Tati Romero convida Jana Lima<\/p>\n<p>19h30: DJ Turin<\/p>\n<p>20h30: Tom Baratella<\/p>\n<p>22h: DJ Karol<\/p>\n<p>23h: Dj Pierre<\/p>\n<p>Venda de ingressos<\/p>\n<p>A micareta est\u00e1 em seu \u00faltimo lote de ingressos, com valores entre R$55 e R$500, para os setores pista e camarote open bar. As entradas podem ser adquiridas pela plataforma Blacktag.<\/p>\n<p>A principal novidade da edi\u00e7\u00e3o \u00e9 o camarote open bar, espa\u00e7o elevado onde os foli\u00f5es ter\u00e3o \u00e0 disposi\u00e7\u00e3o banheiros exclusivos e um card\u00e1pio liberado de cerveja, vodka, energ\u00e9tico, refrigerante e \u00e1gua.<\/p>\n<p>Schweppes Mixed apresenta Bloco Calif\u00f3rnia<\/p>\n<p>Em sua 8\u00aa edi\u00e7\u00e3o, o Bloco Calif\u00f3rnia celebra o relan\u00e7amento da marca Coca-Cola, Schweppes Mixed, a patrocinadora oficial da festa.<\/p>\n<p>A linha \u2013 antes conhecida como Schweppes Premium Drinks \u2013 far\u00e1 parte do evento com suas op\u00e7\u00f5es de drinks prontos, que contam com nova identidade visual e uma gama de sabores que inclui Gin T\u00f4nica, Gin T\u00f4nica Pink, Vodka Citrus e Spritz.<\/p>\n<p>Bloco Calif\u00f3rnia 2025<\/p>\n<p>Dia: 22 de fevereiro<\/p>\n<p>Local: Est\u00e1dio Palma Travassos, em Ribeir\u00e3o Preto<\/p>\n<p>Hor\u00e1rio: A partir das 15h<\/p>\n<p>Convites: Atrav\u00e9s do site: https:\/\/blacktag.com.br\/eventos\/24721\/bloco-california-2025-geral\/ingressos<\/p>\n<p>&#13;<br \/>\n\t\t\t\t<span class=\"post-views-icon dashicons dashicons-chart-bar\"\/> <span class=\"post-views-label\">Visualiza\u00e7\u00f5es:<\/span> <span class=\"post-views-count\">4<\/span>&#13;\n\t\t\t<\/p>\n<\/p><\/div>\n<p><br \/>\n<br \/><a href=\"https:\/\/folhaderibeirao.com.br\/2025\/02\/14\/bloco-california-divulga-horarios-dos-shows-de-sua-8a-edicao\/\">Source link <\/a><\/p>\n<!-- CONTENT END 1 -->\n","protected":false},"excerpt":{"rendered":"<p>Foi dada a largada para as celebra\u00e7\u00f5es de Carnaval em Ribeir\u00e3o Preto e regi\u00e3o. No dia 22 de fevereiro, o Bloco Calif\u00f3rnia abre a agenda&#8230;<\/p>\n","protected":false},"author":1,"featured_media":63515,"comment_status":"open","ping_status":"open","sticky":false,"template":"","format":"standard","meta":{"advanced_seo_description":"","jetpack_seo_html_title":"","jetpack_seo_noindex":false,"jetpack_post_was_ever_published":false,"_jetpack_newsletter_access":"","_jetpack_dont_email_post_to_subs":false,"_jetpack_newsletter_tier_id":0,"_jetpack_memberships_contains_paywalled_content":false,"_jetpack_memberships_contains_paid_content":false,"footnotes":"","jetpack_publicize_message":"","jetpack_publicize_feature_enabled":true,"jetpack_social_post_already_shared":true,"jetpack_social_options":{"image_generator_settings":{"template":"highway","default_image_id":0,"font":"","enabled":false},"version":2}},"categories":[11],"tags":[4901,1673,1674,1250,470,139,2657,1692,799],"class_list":["post-63514","post","type-post","status-publish","format-standard","has-post-thumbnail","hentry","category-noticias-de-ribeirao-preto-sp-e-regiao-ismael-colosi","tag-8a","tag-bloco","tag-california","tag-divulga","tag-dos","tag-edicao","tag-horarios","tag-shows","tag-sua"],"jetpack_publicize_connections":[],"jetpack_featured_media_url":"https:\/\/i0.wp.com\/noticiasribeiraopreto.com.br\/wp-content\/uploads\/2025\/02\/Imagem-do-WhatsApp-de-2025-02-14-as-15.45.48_f720a9c3.jpg?fit=1600%2C1200&ssl=1","jetpack-related-posts":[{"id":63753,"url":"https:\/\/noticiasribeiraopreto.com.br\/index.php\/2025\/02\/20\/bloco-california-saiba-tudo-sobre-o-pre-carnaval-em-ribeirao-preto\/","url_meta":{"origin":63514,"position":0},"title":"Bloco Calif\u00f3rnia: Saiba tudo sobre o pr\u00e9-carnaval em Ribeir\u00e3o Preto","author":"noticiasribeiraopreto.com.br","date":"20 de February de 2025","format":false,"excerpt":"Considerada a maior pr\u00e9via carnavalesca do interior de S\u00e3o Paulo, a 8\u00aa edi\u00e7\u00e3o do Bloco Calif\u00f3rnia acontecer\u00e1 no dia 22 de fevereiro, no Est\u00e1dio Palma Travassos, em Ribeir\u00e3o Preto. Com um line-up recheado de 18 atra\u00e7\u00f5es confirmadas e uma programa\u00e7\u00e3o de oito horas de festa. O evento, que promete reunir\u2026","rel":"","context":"In &quot;Not\u00edcias de Ribeir\u00e3o Preto-SP e Regi\u00e3o&quot;","block_context":{"text":"Not\u00edcias de Ribeir\u00e3o Preto-SP e Regi\u00e3o","link":"https:\/\/noticiasribeiraopreto.com.br\/index.php\/category\/noticias-de-ribeirao-preto-sp-e-regiao-ismael-colosi\/"},"img":{"alt_text":"","src":"https:\/\/i0.wp.com\/noticiasribeiraopreto.com.br\/wp-content\/uploads\/2024\/11\/28a7b1165d885b532a0bacbb0a142d6c_2024-11-14_19-34-04_jpeg_2024-11-14_19-34-05.webp.webp?fit=1200%2C800&ssl=1&resize=350%2C200","width":350,"height":200,"srcset":"https:\/\/i0.wp.com\/noticiasribeiraopreto.com.br\/wp-content\/uploads\/2024\/11\/28a7b1165d885b532a0bacbb0a142d6c_2024-11-14_19-34-04_jpeg_2024-11-14_19-34-05.webp.webp?fit=1200%2C800&ssl=1&resize=350%2C200 1x, https:\/\/i0.wp.com\/noticiasribeiraopreto.com.br\/wp-content\/uploads\/2024\/11\/28a7b1165d885b532a0bacbb0a142d6c_2024-11-14_19-34-04_jpeg_2024-11-14_19-34-05.webp.webp?fit=1200%2C800&ssl=1&resize=525%2C300 1.5x, https:\/\/i0.wp.com\/noticiasribeiraopreto.com.br\/wp-content\/uploads\/2024\/11\/28a7b1165d885b532a0bacbb0a142d6c_2024-11-14_19-34-04_jpeg_2024-11-14_19-34-05.webp.webp?fit=1200%2C800&ssl=1&resize=700%2C400 2x, https:\/\/i0.wp.com\/noticiasribeiraopreto.com.br\/wp-content\/uploads\/2024\/11\/28a7b1165d885b532a0bacbb0a142d6c_2024-11-14_19-34-04_jpeg_2024-11-14_19-34-05.webp.webp?fit=1200%2C800&ssl=1&resize=1050%2C600 3x"},"classes":[]},{"id":63510,"url":"https:\/\/noticiasribeiraopreto.com.br\/index.php\/2025\/02\/14\/veja-os-horarios-dos-shows-do-bloco-california-em-ribeirao-preto-ainda-ha-ingressos\/","url_meta":{"origin":63514,"position":1},"title":"Veja os hor\u00e1rios dos shows do Bloco Calif\u00f3rnia em Ribeir\u00e3o Preto; Ainda h\u00e1 ingressos","author":"noticiasribeiraopreto.com.br","date":"14 de February de 2025","format":false,"excerpt":"Considerado o maior pr\u00e9-carnaval do interior de S\u00e3o Paulo, a 8\u00aa edi\u00e7\u00e3o do Bloco Calif\u00f3rnia acontece no dia 22 de fevereiro, no est\u00e1dio Palma Travassos, zona Leste de Ribeir\u00e3o Preto. Com 18 atra\u00e7\u00f5es confirmadas e oito horas de festa, a expectativa \u00e9 reunir mais de 15 mil pessoas no tradicional\u2026","rel":"","context":"In &quot;Not\u00edcias de Ribeir\u00e3o Preto-SP e Regi\u00e3o&quot;","block_context":{"text":"Not\u00edcias de Ribeir\u00e3o Preto-SP e Regi\u00e3o","link":"https:\/\/noticiasribeiraopreto.com.br\/index.php\/category\/noticias-de-ribeirao-preto-sp-e-regiao-ismael-colosi\/"},"img":{"alt_text":"","src":"https:\/\/i0.wp.com\/noticiasribeiraopreto.com.br\/wp-content\/uploads\/2025\/02\/Copia-de-Copia-de-Copia-de-TAMANHO-EXATO-PARA-FOTOS-NO-SISTEMA-NOVO-2025-02-14T152651.477_2025-02-14_18-27-08_png_2025-02-14_18-27-08.webp.webp?fit=1200%2C675&ssl=1&resize=350%2C200","width":350,"height":200,"srcset":"https:\/\/i0.wp.com\/noticiasribeiraopreto.com.br\/wp-content\/uploads\/2025\/02\/Copia-de-Copia-de-Copia-de-TAMANHO-EXATO-PARA-FOTOS-NO-SISTEMA-NOVO-2025-02-14T152651.477_2025-02-14_18-27-08_png_2025-02-14_18-27-08.webp.webp?fit=1200%2C675&ssl=1&resize=350%2C200 1x, https:\/\/i0.wp.com\/noticiasribeiraopreto.com.br\/wp-content\/uploads\/2025\/02\/Copia-de-Copia-de-Copia-de-TAMANHO-EXATO-PARA-FOTOS-NO-SISTEMA-NOVO-2025-02-14T152651.477_2025-02-14_18-27-08_png_2025-02-14_18-27-08.webp.webp?fit=1200%2C675&ssl=1&resize=525%2C300 1.5x, https:\/\/i0.wp.com\/noticiasribeiraopreto.com.br\/wp-content\/uploads\/2025\/02\/Copia-de-Copia-de-Copia-de-TAMANHO-EXATO-PARA-FOTOS-NO-SISTEMA-NOVO-2025-02-14T152651.477_2025-02-14_18-27-08_png_2025-02-14_18-27-08.webp.webp?fit=1200%2C675&ssl=1&resize=700%2C400 2x, https:\/\/i0.wp.com\/noticiasribeiraopreto.com.br\/wp-content\/uploads\/2025\/02\/Copia-de-Copia-de-Copia-de-TAMANHO-EXATO-PARA-FOTOS-NO-SISTEMA-NOVO-2025-02-14T152651.477_2025-02-14_18-27-08_png_2025-02-14_18-27-08.webp.webp?fit=1200%2C675&ssl=1&resize=1050%2C600 3x"},"classes":[]},{"id":63945,"url":"https:\/\/noticiasribeiraopreto.com.br\/index.php\/2025\/02\/26\/bloco-california-entrega-tres-toneladas-de-alimentos-ao-fundo-social-de-solidariedade\/","url_meta":{"origin":63514,"position":2},"title":"Bloco Calif\u00f3rnia entrega tr\u00eas toneladas de alimentos ao Fundo Social de Solidariedade","author":"noticiasribeiraopreto.com.br","date":"26 de February de 2025","format":false,"excerpt":"Maior pr\u00e9-carnaval de Ribeir\u00e3o Preto e regi\u00e3o, o Bloco Calif\u00f3rnia embalou os foli\u00f5es e deu um show de solidariedade no \u00faltimo s\u00e1bado, 22 de fevereiro. Com mais de 15 mil pessoas reunidas para a folia antecipada, o evento arrecadou tr\u00eas toneladas de alimentos n\u00e3o perec\u00edveis com a op\u00e7\u00e3o de ingresso\u2026","rel":"","context":"In &quot;Not\u00edcias de Ribeir\u00e3o Preto-SP e Regi\u00e3o&quot;","block_context":{"text":"Not\u00edcias de Ribeir\u00e3o Preto-SP e Regi\u00e3o","link":"https:\/\/noticiasribeiraopreto.com.br\/index.php\/category\/noticias-de-ribeirao-preto-sp-e-regiao-ismael-colosi\/"},"img":{"alt_text":"","src":"https:\/\/i0.wp.com\/noticiasribeiraopreto.com.br\/wp-content\/uploads\/2025\/02\/WhatsApp-Image-2025-02-25-at-15.14.41.jpeg?fit=1200%2C800&ssl=1&resize=350%2C200","width":350,"height":200,"srcset":"https:\/\/i0.wp.com\/noticiasribeiraopreto.com.br\/wp-content\/uploads\/2025\/02\/WhatsApp-Image-2025-02-25-at-15.14.41.jpeg?fit=1200%2C800&ssl=1&resize=350%2C200 1x, https:\/\/i0.wp.com\/noticiasribeiraopreto.com.br\/wp-content\/uploads\/2025\/02\/WhatsApp-Image-2025-02-25-at-15.14.41.jpeg?fit=1200%2C800&ssl=1&resize=525%2C300 1.5x, https:\/\/i0.wp.com\/noticiasribeiraopreto.com.br\/wp-content\/uploads\/2025\/02\/WhatsApp-Image-2025-02-25-at-15.14.41.jpeg?fit=1200%2C800&ssl=1&resize=700%2C400 2x, https:\/\/i0.wp.com\/noticiasribeiraopreto.com.br\/wp-content\/uploads\/2025\/02\/WhatsApp-Image-2025-02-25-at-15.14.41.jpeg?fit=1200%2C800&ssl=1&resize=1050%2C600 3x"},"classes":[]},{"id":63831,"url":"https:\/\/noticiasribeiraopreto.com.br\/index.php\/2025\/02\/23\/bloco-california-reune-15-mil-folioes-em-ribeirao-preto-veja-galeria-de-fotos\/","url_meta":{"origin":63514,"position":3},"title":"Bloco Calif\u00f3rnia re\u00fane 15 mil foli\u00f5es em Ribeir\u00e3o Preto; Veja galeria de fotos","author":"noticiasribeiraopreto.com.br","date":"23 de February de 2025","format":false,"excerpt":"O Bloco Calif\u00f3rnia reuniu aproximadamente 15 mil foli\u00f5es neste s\u00e1bado (22), no Est\u00e1dio Palma Travassos, em Ribeir\u00e3o Preto. O n\u00famero foi divulgado pela organiza\u00e7\u00e3o. Confira fotos abaixo. O evento trouxe Jammil, DJ GBR, Valesca Popozuda, Tati Romero, Jana Lima, Tom Baratella, DJs e baterias universit\u00e1rias, e ainda contou com dois\u2026","rel":"","context":"In &quot;Not\u00edcias de Ribeir\u00e3o Preto-SP e Regi\u00e3o&quot;","block_context":{"text":"Not\u00edcias de Ribeir\u00e3o Preto-SP e Regi\u00e3o","link":"https:\/\/noticiasribeiraopreto.com.br\/index.php\/category\/noticias-de-ribeirao-preto-sp-e-regiao-ismael-colosi\/"},"img":{"alt_text":"","src":"https:\/\/i0.wp.com\/noticiasribeiraopreto.com.br\/wp-content\/uploads\/2025\/02\/Jammil_2025-02-23_16-12-19_jpg_2025-02-23_16-12-19.webp.webp?fit=1200%2C800&ssl=1&resize=350%2C200","width":350,"height":200,"srcset":"https:\/\/i0.wp.com\/noticiasribeiraopreto.com.br\/wp-content\/uploads\/2025\/02\/Jammil_2025-02-23_16-12-19_jpg_2025-02-23_16-12-19.webp.webp?fit=1200%2C800&ssl=1&resize=350%2C200 1x, https:\/\/i0.wp.com\/noticiasribeiraopreto.com.br\/wp-content\/uploads\/2025\/02\/Jammil_2025-02-23_16-12-19_jpg_2025-02-23_16-12-19.webp.webp?fit=1200%2C800&ssl=1&resize=525%2C300 1.5x, https:\/\/i0.wp.com\/noticiasribeiraopreto.com.br\/wp-content\/uploads\/2025\/02\/Jammil_2025-02-23_16-12-19_jpg_2025-02-23_16-12-19.webp.webp?fit=1200%2C800&ssl=1&resize=700%2C400 2x, https:\/\/i0.wp.com\/noticiasribeiraopreto.com.br\/wp-content\/uploads\/2025\/02\/Jammil_2025-02-23_16-12-19_jpg_2025-02-23_16-12-19.webp.webp?fit=1200%2C800&ssl=1&resize=1050%2C600 3x"},"classes":[]},{"id":63833,"url":"https:\/\/noticiasribeiraopreto.com.br\/index.php\/2025\/02\/23\/bloco-california-reune-15-mil-folioes-em-ribeirao-preto-veja-galeria-de-fotos-2\/","url_meta":{"origin":63514,"position":4},"title":"Bloco Calif\u00f3rnia re\u00fane 15 mil foli\u00f5es em Ribeir\u00e3o Preto; Veja galeria de fotos","author":"noticiasribeiraopreto.com.br","date":"23 de February de 2025","format":false,"excerpt":"O Bloco Calif\u00f3rnia reuniu aproximadamente 15 mil foli\u00f5es neste s\u00e1bado (22), no Est\u00e1dio Palma Travassos, em Ribeir\u00e3o Preto. O n\u00famero foi divulgado pela organiza\u00e7\u00e3o. Confira fotos abaixo. O evento trouxe Jammil, DJ GBR, Valesca Popozuda, Tati Romero, Jana Lima, Tom Baratella, DJs e baterias universit\u00e1rias, e ainda contou com dois\u2026","rel":"","context":"In &quot;Not\u00edcias de Ribeir\u00e3o Preto-SP e Regi\u00e3o&quot;","block_context":{"text":"Not\u00edcias de Ribeir\u00e3o Preto-SP e Regi\u00e3o","link":"https:\/\/noticiasribeiraopreto.com.br\/index.php\/category\/noticias-de-ribeirao-preto-sp-e-regiao-ismael-colosi\/"},"img":{"alt_text":"","src":"https:\/\/i0.wp.com\/noticiasribeiraopreto.com.br\/wp-content\/uploads\/2025\/02\/CALIFORNIA_2025-02-23_16-18-39_jpg_2025-02-23_16-18-40.webp.webp?fit=1200%2C866&ssl=1&resize=350%2C200","width":350,"height":200,"srcset":"https:\/\/i0.wp.com\/noticiasribeiraopreto.com.br\/wp-content\/uploads\/2025\/02\/CALIFORNIA_2025-02-23_16-18-39_jpg_2025-02-23_16-18-40.webp.webp?fit=1200%2C866&ssl=1&resize=350%2C200 1x, https:\/\/i0.wp.com\/noticiasribeiraopreto.com.br\/wp-content\/uploads\/2025\/02\/CALIFORNIA_2025-02-23_16-18-39_jpg_2025-02-23_16-18-40.webp.webp?fit=1200%2C866&ssl=1&resize=525%2C300 1.5x, https:\/\/i0.wp.com\/noticiasribeiraopreto.com.br\/wp-content\/uploads\/2025\/02\/CALIFORNIA_2025-02-23_16-18-39_jpg_2025-02-23_16-18-40.webp.webp?fit=1200%2C866&ssl=1&resize=700%2C400 2x, https:\/\/i0.wp.com\/noticiasribeiraopreto.com.br\/wp-content\/uploads\/2025\/02\/CALIFORNIA_2025-02-23_16-18-39_jpg_2025-02-23_16-18-40.webp.webp?fit=1200%2C866&ssl=1&resize=1050%2C600 3x"},"classes":[]},{"id":62418,"url":"https:\/\/noticiasribeiraopreto.com.br\/index.php\/2025\/01\/13\/ingressos-para-o-bloco-california-estao-disponiveis-veja-atracoes-e-como-comprar\/","url_meta":{"origin":63514,"position":5},"title":"Ingressos para o Bloco Calif\u00f3rnia est\u00e3o dispon\u00edveis; Veja atra\u00e7\u00f5es e como comprar","author":"noticiasribeiraopreto.com.br","date":"13 de January de 2025","format":false,"excerpt":"Est\u00e3o dispon\u00edveis novamente os ingressos para o Bloco Calif\u00f3rnia, em Ribeir\u00e3o Preto. O evento acontece no dia 22 de fevereiro, a partir das 13h, no est\u00e1dio Palma Travassos, zona Leste da cidade. Considerado o maior pr\u00e9-carnaval do interior de S\u00e3o Paulo, a 8\u00aa edi\u00e7\u00e3o da festa pretende reunir 15 mil\u2026","rel":"","context":"In &quot;Not\u00edcias de Ribeir\u00e3o Preto-SP e Regi\u00e3o&quot;","block_context":{"text":"Not\u00edcias de Ribeir\u00e3o Preto-SP e Regi\u00e3o","link":"https:\/\/noticiasribeiraopreto.com.br\/index.php\/category\/noticias-de-ribeirao-preto-sp-e-regiao-ismael-colosi\/"},"img":{"alt_text":"","src":"https:\/\/i0.wp.com\/noticiasribeiraopreto.com.br\/wp-content\/uploads\/2024\/11\/28a7b1165d885b532a0bacbb0a142d6c_2024-11-14_19-34-04_jpeg_2024-11-14_19-34-05.webp.webp?fit=1200%2C800&ssl=1&resize=350%2C200","width":350,"height":200,"srcset":"https:\/\/i0.wp.com\/noticiasribeiraopreto.com.br\/wp-content\/uploads\/2024\/11\/28a7b1165d885b532a0bacbb0a142d6c_2024-11-14_19-34-04_jpeg_2024-11-14_19-34-05.webp.webp?fit=1200%2C800&ssl=1&resize=350%2C200 1x, https:\/\/i0.wp.com\/noticiasribeiraopreto.com.br\/wp-content\/uploads\/2024\/11\/28a7b1165d885b532a0bacbb0a142d6c_2024-11-14_19-34-04_jpeg_2024-11-14_19-34-05.webp.webp?fit=1200%2C800&ssl=1&resize=525%2C300 1.5x, https:\/\/i0.wp.com\/noticiasribeiraopreto.com.br\/wp-content\/uploads\/2024\/11\/28a7b1165d885b532a0bacbb0a142d6c_2024-11-14_19-34-04_jpeg_2024-11-14_19-34-05.webp.webp?fit=1200%2C800&ssl=1&resize=700%2C400 2x, https:\/\/i0.wp.com\/noticiasribeiraopreto.com.br\/wp-content\/uploads\/2024\/11\/28a7b1165d885b532a0bacbb0a142d6c_2024-11-14_19-34-04_jpeg_2024-11-14_19-34-05.webp.webp?fit=1200%2C800&ssl=1&resize=1050%2C600 3x"},"classes":[]}],"jetpack_sharing_enabled":true,"jetpack_shortlink":"https:\/\/wp.me\/peQAOb-gwq","_links":{"self":[{"href":"https:\/\/noticiasribeiraopreto.com.br\/index.php\/wp-json\/wp\/v2\/posts\/63514","targetHints":{"allow":["GET"]}}],"collection":[{"href":"https:\/\/noticiasribeiraopreto.com.br\/index.php\/wp-json\/wp\/v2\/posts"}],"about":[{"href":"https:\/\/noticiasribeiraopreto.com.br\/index.php\/wp-json\/wp\/v2\/types\/post"}],"author":[{"embeddable":true,"href":"https:\/\/noticiasribeiraopreto.com.br\/index.php\/wp-json\/wp\/v2\/users\/1"}],"replies":[{"embeddable":true,"href":"https:\/\/noticiasribeiraopreto.com.br\/index.php\/wp-json\/wp\/v2\/comments?post=63514"}],"version-history":[{"count":0,"href":"https:\/\/noticiasribeiraopreto.com.br\/index.php\/wp-json\/wp\/v2\/posts\/63514\/revisions"}],"wp:featuredmedia":[{"embeddable":true,"href":"https:\/\/noticiasribeiraopreto.com.br\/index.php\/wp-json\/wp\/v2\/media\/63515"}],"wp:attachment":[{"href":"https:\/\/noticiasribeiraopreto.com.br\/index.php\/wp-json\/wp\/v2\/media?parent=63514"}],"wp:term":[{"taxonomy":"category","embeddable":true,"href":"https:\/\/noticiasribeiraopreto.com.br\/index.php\/wp-json\/wp\/v2\/categories?post=63514"},{"taxonomy":"post_tag","embeddable":true,"href":"https:\/\/noticiasribeiraopreto.com.br\/index.php\/wp-json\/wp\/v2\/tags?post=63514"}],"curies":[{"name":"wp","href":"https:\/\/api.w.org\/{rel}","templated":true}]}}