{"id":63518,"date":"2025-02-14T16:59:11","date_gmt":"2025-02-14T19:59:11","guid":{"rendered":"https:\/\/noticiasribeiraopreto.com.br\/index.php\/2025\/02\/14\/interior-de-sp-tem-leilao-de-veiculos-do-detran-sp-com-moto-por-r-200\/"},"modified":"2025-02-14T16:59:11","modified_gmt":"2025-02-14T19:59:11","slug":"interior-de-sp-tem-leilao-de-veiculos-do-detran-sp-com-moto-por-r-200","status":"publish","type":"post","link":"https:\/\/noticiasribeiraopreto.com.br\/index.php\/2025\/02\/14\/interior-de-sp-tem-leilao-de-veiculos-do-detran-sp-com-moto-por-r-200\/","title":{"rendered":"Interior de SP tem leil\u00e3o de ve\u00edculos do Detran-SP com moto por R$ 200"},"content":{"rendered":"<p> <br \/>\n<\/p>\n<div data-td-block-uid=\"tdi_95\">\n<div class=\"tdb-block-inner td-fix-index\">\n<p>O <strong>Departamento Estadual de Tr\u00e2nsito de S\u00e3o Paulo (Detran-SP)<\/strong> anunciou os pr\u00f3ximos leil\u00f5es de ve\u00edculos, com <strong>lances iniciais a partir de R$ 200<\/strong>. No interior do estado, as cidades de<strong> S\u00e3o Jos\u00e9 do Rio Preto<\/strong> e <strong>Barretos <\/strong>est\u00e3o inclu\u00eddas.<\/p>\n<p>O leil\u00e3o j\u00e1 est\u00e1 com o per\u00edodo de pr\u00e9-lances aberto e ocorrer\u00e1 simultaneamente nos dois munic\u00edpios. A visita\u00e7\u00e3o p\u00fablica aos ve\u00edculos acontecer\u00e1 de <strong>17 a 21 de fevereiro<\/strong>, das 9h \u00e0s 16h. A sess\u00e3o p\u00fablica de lances ser\u00e1 realizada no<strong> dia 24 de fevereiro.<\/strong><\/p>\n<h2 class=\"wp-block-heading\"><strong>Lotes dispon\u00edveis:<\/strong><\/h2>\n<p>O leil\u00e3o conta com os seguintes lotes:<\/p>\n<ul>\n<li><strong>554 ve\u00edculos aptos a circular<\/strong><\/li>\n<li><strong>355 sucatas com motor funcional<\/strong>, que ainda podem ser aproveitadas<\/li>\n<li><strong>39 sucatas com motor condenado<\/strong>, mas utiliz\u00e1veis para pe\u00e7as sobressalentes<\/li>\n<li><strong>387 sucatas para fundi\u00e7\u00e3o e reciclagem<\/strong><\/li>\n<\/ul>\n<p>De acordo com o edital, ve\u00edculos classificados como <em>\u201captos a circular\u201d <\/em>est\u00e3o em condi\u00e7\u00f5es de trafegar pelas vias p\u00fablicas. <strong>O comprador ser\u00e1 respons\u00e1vel pelo registro do ve\u00edculo junto ao \u00f3rg\u00e3o de tr\u00e2nsito e pelo pagamento das taxas correspondentes.<\/strong><\/p>\n<p>O Detran-SP ressalta que n\u00e3o se responsabiliza pelas condi\u00e7\u00f5es mec\u00e2nicas dos ve\u00edculos, sendo o comprador ciente da situa\u00e7\u00e3o do lote adquirido. <\/p>\n<h3 class=\"wp-block-heading\"><strong>Pre\u00e7os e lances iniciais<\/strong><\/h3>\n<p>Entre os lotes mais acess\u00edveis est\u00e3o motos como a <strong>Sundown Web 100 de 2008<\/strong> e a <strong>Kasinski Win 110 de 2010<\/strong>, com lance m\u00ednimo de <strong>R$ 800<\/strong> cada. O carro mais barato no leil\u00e3o \u00e9 um <strong>Fiat Uno 1.5 de 1992<\/strong>, com lance inicial de <strong>R$ 1.500<\/strong>.<\/p>\n<p>O leil\u00e3o ser\u00e1 conduzido pela leiloeira oficial <strong>Beatriz Silva Carvalho<\/strong>. Todos os ve\u00edculos dispon\u00edveis podem ser conferidos no edital \u2013 <a href=\"https:\/\/www.detran.sp.gov.br\/wps\/wcm\/connect\/0fc68713-337d-4c9d-a60d-1ead5c614e83\/Edital+de+Leil%C3%A3o+e+Retifica%C3%A7%C3%A3o+de+SJRP.pdf?MOD=AJPERES&amp;CVID=pjrSg6n\" target=\"_blank\" rel=\"noreferrer noopener nofollow\">clique aqui<\/a>. <\/p>\n<h4 class=\"wp-block-heading\"><strong>Quem pode participar?<\/strong><\/h4>\n<p>Os leil\u00f5es s\u00e3o abertos a todas as pessoas e empresas, exceto:<\/p>\n<ul>\n<li><strong>Servidores do Detran-SP e parentes de servidores<\/strong>\u00a0at\u00e9 o segundo grau<\/li>\n<li><strong>Leiloeiro<\/strong>, seus parentes at\u00e9 segundo grau e membros de sua equipe de trabalho<\/li>\n<li><strong>Propriet\u00e1rios, s\u00f3cios e\/ou administradores dos p\u00e1tios terceirizados, licitados ou conveniados<\/strong>\u00a0onde se encontram custodiados os ve\u00edculos, seus parentes at\u00e9 segundo grau e os membros da equipe de trabalho<\/li>\n<li>Pessoas f\u00edsicas e jur\u00eddicas\u00a0<strong>impedidas de licitar e contratar com a administra\u00e7\u00e3o<\/strong>, sancionadas com as penas previstas nos incisos III e IV do art. 156 da Lei federal n\u00ba 14.133, de 2021 ou, ainda, no art. 7\u00ba da Lei federal n\u00ba 10.520, de 17 de julho de 2002.<\/li>\n<\/ul>\n<hr class=\"wp-block-separator has-alpha-channel-opacity\"\/>\n<p>SAIBA MAIS<\/p>\n<p>Chegada de frente fria? Interior de SP tem alerta de chuvas e ventos fortes<\/p>\n<h4 class=\"wp-block-heading\"><strong>FIQUE ON<\/strong><\/h4>\n<p>Fique ligado em tudo que acontece em Ribeir\u00e3o Preto e regi\u00e3o. Siga os perfis do\u00a0<strong>acidade on<\/strong>\u00a0no\u00a0<a href=\"https:\/\/www.instagram.com\/acidadeonribeirao\" target=\"_blank\" rel=\"noreferrer noopener\">Instagram<\/a>\u00a0e no\u00a0<a href=\"https:\/\/www.facebook.com\/acidadeonribeirao\/\" target=\"_blank\" rel=\"noreferrer noopener\">Facebook.<\/a><\/p>\n<p>Receba not\u00edcias do\u00a0<strong>acidade on\u00a0<\/strong>no WhatsApp.<a href=\"https:\/\/chat.whatsapp.com\/BjKQZ9oJwlz8VVT50NuePq\" target=\"_blank\" rel=\"noreferrer noopener\">\u00a0Para entrar no grupo, basta clicar aqui.<\/a><\/p>\n<p>Fa\u00e7a uma den\u00fancia ou sugira uma reportagem sobre Ribeir\u00e3o Preto e regi\u00e3o pelo WhatsApp: 16 99117 7802.<\/p>\n<p>VEJA TAMB\u00c9M<\/p>\n<p>Quem Eva vai colocar na mira do l\u00edder no BBB25?<\/p>\n<p><!-- CONTENT END 1 -->\n<\/div>\n<\/div>\n<p><script async src=\"\/\/www.instagram.com\/embed.js\"><\/script><br \/>\n<br \/><br \/>\n<br \/><a href=\"https:\/\/www.acidadeon.com\/ribeiraopreto\/economia\/interior-de-sp-tem-leilao-de-veiculos-do-detran-sp-com-moto-por-r-200\/\">Source link <\/a><\/p>\n","protected":false},"excerpt":{"rendered":"<p>O Departamento Estadual de Tr\u00e2nsito de S\u00e3o Paulo (Detran-SP) anunciou os pr\u00f3ximos leil\u00f5es de ve\u00edculos, com lances iniciais a partir de R$ 200. No interior&#8230;<\/p>\n","protected":false},"author":1,"featured_media":54262,"comment_status":"open","ping_status":"open","sticky":false,"template":"","format":"standard","meta":{"advanced_seo_description":"","jetpack_seo_html_title":"","jetpack_seo_noindex":false,"jetpack_post_was_ever_published":false,"_jetpack_newsletter_access":"","_jetpack_dont_email_post_to_subs":false,"_jetpack_newsletter_tier_id":0,"_jetpack_memberships_contains_paywalled_content":false,"_jetpack_memberships_contains_paid_content":false,"footnotes":"","jetpack_publicize_message":"","jetpack_publicize_feature_enabled":true,"jetpack_social_post_already_shared":true,"jetpack_social_options":{"image_generator_settings":{"template":"highway","default_image_id":0,"font":"","enabled":false},"version":2}},"categories":[11],"tags":[],"class_list":["post-63518","post","type-post","status-publish","format-standard","has-post-thumbnail","hentry","category-noticias-de-ribeirao-preto-sp-e-regiao-ismael-colosi"],"jetpack_publicize_connections":[],"jetpack_featured_media_url":"https:\/\/i0.wp.com\/noticiasribeiraopreto.com.br\/wp-content\/uploads\/2024\/07\/AnyConv.com__patio-detran_2024-06-24_14-44-08.webp.webp?fit=2048%2C1536&ssl=1","jetpack-related-posts":[{"id":54261,"url":"https:\/\/noticiasribeiraopreto.com.br\/index.php\/2024\/07\/05\/detran-anuncia-novos-leiloes-de-veiculos-no-interior-de-sp-veja-em-quais-cidades\/","url_meta":{"origin":63518,"position":0},"title":"Detran anuncia novos leil\u00f5es de ve\u00edculos no interior de SP; Veja em quais cidades","author":"noticiasribeiraopreto.com.br","date":"5 de July de 2024","format":false,"excerpt":"O Departamento Estadual de Tr\u00e2nsito de S\u00e3o Paulo (Detran-SP) retomou a programa\u00e7\u00e3o de leil\u00f5es de ve\u00edculos retidos \u00a0no p\u00e1tio da institui\u00e7\u00e3o e anunciou, nesta sexta-feira (5), lotes de tr\u00eas novas cidades do interior paulista. Com um total de 385 ve\u00edculos ofertados, os editais foram publicados no Di\u00e1rio Oficial do Estado\u2026","rel":"","context":"In &quot;Not\u00edcias de Ribeir\u00e3o Preto-SP e Regi\u00e3o&quot;","block_context":{"text":"Not\u00edcias de Ribeir\u00e3o Preto-SP e Regi\u00e3o","link":"https:\/\/noticiasribeiraopreto.com.br\/index.php\/category\/noticias-de-ribeirao-preto-sp-e-regiao-ismael-colosi\/"},"img":{"alt_text":"","src":"https:\/\/i0.wp.com\/noticiasribeiraopreto.com.br\/wp-content\/uploads\/2024\/07\/AnyConv.com__patio-detran_2024-06-24_14-44-08.webp.webp?fit=1200%2C900&ssl=1&resize=350%2C200","width":350,"height":200,"srcset":"https:\/\/i0.wp.com\/noticiasribeiraopreto.com.br\/wp-content\/uploads\/2024\/07\/AnyConv.com__patio-detran_2024-06-24_14-44-08.webp.webp?fit=1200%2C900&ssl=1&resize=350%2C200 1x, https:\/\/i0.wp.com\/noticiasribeiraopreto.com.br\/wp-content\/uploads\/2024\/07\/AnyConv.com__patio-detran_2024-06-24_14-44-08.webp.webp?fit=1200%2C900&ssl=1&resize=525%2C300 1.5x, https:\/\/i0.wp.com\/noticiasribeiraopreto.com.br\/wp-content\/uploads\/2024\/07\/AnyConv.com__patio-detran_2024-06-24_14-44-08.webp.webp?fit=1200%2C900&ssl=1&resize=700%2C400 2x, https:\/\/i0.wp.com\/noticiasribeiraopreto.com.br\/wp-content\/uploads\/2024\/07\/AnyConv.com__patio-detran_2024-06-24_14-44-08.webp.webp?fit=1200%2C900&ssl=1&resize=1050%2C600 3x"},"classes":[]},{"id":55499,"url":"https:\/\/noticiasribeiraopreto.com.br\/index.php\/2024\/08\/02\/detran-anuncia-novo-leilao-de-veiculos-no-interior-de-sp-veja-como-participar\/","url_meta":{"origin":63518,"position":1},"title":"Detran anuncia novo leil\u00e3o de ve\u00edculos no interior de SP; Veja como participar","author":"noticiasribeiraopreto.com.br","date":"2 de August de 2024","format":false,"excerpt":"O Detran-SP (Departamento Estadual de Tr\u00e2nsito de S\u00e3o Paulo) anunciou nesta sexta-feira (2) um novo leil\u00e3o de ve\u00edculos no interior de S\u00e3o Paulo. O certame vai acontecer no dia 12 de setembro em Bragan\u00e7a Paulista, com 202 lotes, divididos entre tr\u00eas p\u00e1tios autorizados. S\u00e3o 107 ve\u00edculos com condi\u00e7\u00f5es de circula\u00e7\u00e3o,\u2026","rel":"","context":"In &quot;Not\u00edcias de Ribeir\u00e3o Preto-SP e Regi\u00e3o&quot;","block_context":{"text":"Not\u00edcias de Ribeir\u00e3o Preto-SP e Regi\u00e3o","link":"https:\/\/noticiasribeiraopreto.com.br\/index.php\/category\/noticias-de-ribeirao-preto-sp-e-regiao-ismael-colosi\/"},"img":{"alt_text":"","src":"https:\/\/i0.wp.com\/noticiasribeiraopreto.com.br\/wp-content\/uploads\/2024\/07\/AnyConv.com__patio-detran_2024-06-24_14-44-08.webp.webp?fit=1200%2C900&ssl=1&resize=350%2C200","width":350,"height":200,"srcset":"https:\/\/i0.wp.com\/noticiasribeiraopreto.com.br\/wp-content\/uploads\/2024\/07\/AnyConv.com__patio-detran_2024-06-24_14-44-08.webp.webp?fit=1200%2C900&ssl=1&resize=350%2C200 1x, https:\/\/i0.wp.com\/noticiasribeiraopreto.com.br\/wp-content\/uploads\/2024\/07\/AnyConv.com__patio-detran_2024-06-24_14-44-08.webp.webp?fit=1200%2C900&ssl=1&resize=525%2C300 1.5x, https:\/\/i0.wp.com\/noticiasribeiraopreto.com.br\/wp-content\/uploads\/2024\/07\/AnyConv.com__patio-detran_2024-06-24_14-44-08.webp.webp?fit=1200%2C900&ssl=1&resize=700%2C400 2x, https:\/\/i0.wp.com\/noticiasribeiraopreto.com.br\/wp-content\/uploads\/2024\/07\/AnyConv.com__patio-detran_2024-06-24_14-44-08.webp.webp?fit=1200%2C900&ssl=1&resize=1050%2C600 3x"},"classes":[]},{"id":60785,"url":"https:\/\/noticiasribeiraopreto.com.br\/index.php\/2024\/11\/25\/veja-como-participar-de-leilao-do-detran-com-veiculos-apreendidos-na-regiao-de-ribeirao\/","url_meta":{"origin":63518,"position":2},"title":"Veja como participar de leil\u00e3o do Detran com ve\u00edculos apreendidos na regi\u00e3o de Ribeir\u00e3o","author":"noticiasribeiraopreto.com.br","date":"25 de November de 2024","format":false,"excerpt":"O Departamento Estadual de Tr\u00e2nsito de S\u00e3o Paulo (Detran-SP) divulgou na \u00faltima quinta-feira (21), no Di\u00e1rio Oficial do Estado, o sexto leil\u00e3o do m\u00eas de dezembro. O evento acontecer\u00e1 nos dias 10 e 11 de dezembro, com ve\u00edculos apreendidos na cidade de Bebedouro, na regi\u00e3o de Ribeir\u00e3o Preto. Ao todo,\u2026","rel":"","context":"In &quot;Not\u00edcias de Ribeir\u00e3o Preto-SP e Regi\u00e3o&quot;","block_context":{"text":"Not\u00edcias de Ribeir\u00e3o Preto-SP e Regi\u00e3o","link":"https:\/\/noticiasribeiraopreto.com.br\/index.php\/category\/noticias-de-ribeirao-preto-sp-e-regiao-ismael-colosi\/"},"img":{"alt_text":"","src":"https:\/\/i0.wp.com\/noticiasribeiraopreto.com.br\/wp-content\/uploads\/2024\/11\/54009702289_8e5101c7f8_k-4-1024x683-1_2024-11-25_20-28-04_jpg_2024-11-25_20-28-04.webp.webp?fit=1024%2C683&ssl=1&resize=350%2C200","width":350,"height":200,"srcset":"https:\/\/i0.wp.com\/noticiasribeiraopreto.com.br\/wp-content\/uploads\/2024\/11\/54009702289_8e5101c7f8_k-4-1024x683-1_2024-11-25_20-28-04_jpg_2024-11-25_20-28-04.webp.webp?fit=1024%2C683&ssl=1&resize=350%2C200 1x, https:\/\/i0.wp.com\/noticiasribeiraopreto.com.br\/wp-content\/uploads\/2024\/11\/54009702289_8e5101c7f8_k-4-1024x683-1_2024-11-25_20-28-04_jpg_2024-11-25_20-28-04.webp.webp?fit=1024%2C683&ssl=1&resize=525%2C300 1.5x, https:\/\/i0.wp.com\/noticiasribeiraopreto.com.br\/wp-content\/uploads\/2024\/11\/54009702289_8e5101c7f8_k-4-1024x683-1_2024-11-25_20-28-04_jpg_2024-11-25_20-28-04.webp.webp?fit=1024%2C683&ssl=1&resize=700%2C400 2x"},"classes":[]},{"id":84645,"url":"https:\/\/noticiasribeiraopreto.com.br\/index.php\/2026\/04\/13\/detran-sp-realiza-leilao-com-veiculos-a-partir-de-r-1-mil\/","url_meta":{"origin":63518,"position":3},"title":"Detran-SP realiza leil\u00e3o com ve\u00edculos a partir de R$ 1 mil","author":"noticiasribeiraopreto.com.br","date":"13 de April de 2026","format":false,"excerpt":"Ler o resumo da not\u00edcia Detran-SP realiza leil\u00e3o eletr\u00f4nico com 341 ve\u00edculos a partir de R$ 1 mil nos dias 15, 22 e 24 de abril de 2026, \u00e0s 10h, pelo site da Fidalgo Leil\u00f5es. O evento oferece carros e motos de marcas como Honda, Renault e Chevrolet em p\u00e1tios\u2026","rel":"","context":"In &quot;Not\u00edcias de Ribeir\u00e3o Preto-SP e Regi\u00e3o&quot;","block_context":{"text":"Not\u00edcias de Ribeir\u00e3o Preto-SP e Regi\u00e3o","link":"https:\/\/noticiasribeiraopreto.com.br\/index.php\/category\/noticias-de-ribeirao-preto-sp-e-regiao-ismael-colosi\/"},"img":{"alt_text":"","src":"https:\/\/i0.wp.com\/noticiasribeiraopreto.com.br\/wp-content\/uploads\/2026\/04\/domingo-32_2026-04-13_18-55-13.webp.webp?fit=1200%2C675&ssl=1&resize=350%2C200","width":350,"height":200,"srcset":"https:\/\/i0.wp.com\/noticiasribeiraopreto.com.br\/wp-content\/uploads\/2026\/04\/domingo-32_2026-04-13_18-55-13.webp.webp?fit=1200%2C675&ssl=1&resize=350%2C200 1x, https:\/\/i0.wp.com\/noticiasribeiraopreto.com.br\/wp-content\/uploads\/2026\/04\/domingo-32_2026-04-13_18-55-13.webp.webp?fit=1200%2C675&ssl=1&resize=525%2C300 1.5x, https:\/\/i0.wp.com\/noticiasribeiraopreto.com.br\/wp-content\/uploads\/2026\/04\/domingo-32_2026-04-13_18-55-13.webp.webp?fit=1200%2C675&ssl=1&resize=700%2C400 2x, https:\/\/i0.wp.com\/noticiasribeiraopreto.com.br\/wp-content\/uploads\/2026\/04\/domingo-32_2026-04-13_18-55-13.webp.webp?fit=1200%2C675&ssl=1&resize=1050%2C600 3x"},"classes":[]},{"id":84341,"url":"https:\/\/noticiasribeiraopreto.com.br\/index.php\/2026\/04\/07\/leilao-do-detran-sp-tem-341-veiculos-com-lances-a-partir-de-r-1-mil\/","url_meta":{"origin":63518,"position":4},"title":"Leil\u00e3o do Detran-SP tem 341 ve\u00edculos com lances a partir de R$ 1 mil","author":"noticiasribeiraopreto.com.br","date":"7 de April de 2026","format":false,"excerpt":"Ler o resumo da not\u00edcia Detran-SP realiza leil\u00e3o eletr\u00f4nico com 341 ve\u00edculos a partir de R$ 1 mil em cinco p\u00e1tios do interior de S\u00e3o Paulo. Ve\u00edculos est\u00e3o distribu\u00eddos em Pindamonhangaba, Trememb\u00e9 e Campos do Jord\u00e3o; incluem 54 autom\u00f3veis com documentos, 217 sucatas e 70 prensas. Destaques: moto Dafra\/Speed 150\u2026","rel":"","context":"In &quot;Not\u00edcias de Ribeir\u00e3o Preto-SP e Regi\u00e3o&quot;","block_context":{"text":"Not\u00edcias de Ribeir\u00e3o Preto-SP e Regi\u00e3o","link":"https:\/\/noticiasribeiraopreto.com.br\/index.php\/category\/noticias-de-ribeirao-preto-sp-e-regiao-ismael-colosi\/"},"img":{"alt_text":"","src":"https:\/\/i0.wp.com\/noticiasribeiraopreto.com.br\/wp-content\/uploads\/2026\/04\/leilao-detran_2026-04-07_19-32-39.webp.webp?fit=1200%2C900&ssl=1&resize=350%2C200","width":350,"height":200,"srcset":"https:\/\/i0.wp.com\/noticiasribeiraopreto.com.br\/wp-content\/uploads\/2026\/04\/leilao-detran_2026-04-07_19-32-39.webp.webp?fit=1200%2C900&ssl=1&resize=350%2C200 1x, https:\/\/i0.wp.com\/noticiasribeiraopreto.com.br\/wp-content\/uploads\/2026\/04\/leilao-detran_2026-04-07_19-32-39.webp.webp?fit=1200%2C900&ssl=1&resize=525%2C300 1.5x, https:\/\/i0.wp.com\/noticiasribeiraopreto.com.br\/wp-content\/uploads\/2026\/04\/leilao-detran_2026-04-07_19-32-39.webp.webp?fit=1200%2C900&ssl=1&resize=700%2C400 2x, https:\/\/i0.wp.com\/noticiasribeiraopreto.com.br\/wp-content\/uploads\/2026\/04\/leilao-detran_2026-04-07_19-32-39.webp.webp?fit=1200%2C900&ssl=1&resize=1050%2C600 3x"},"classes":[]},{"id":83119,"url":"https:\/\/noticiasribeiraopreto.com.br\/index.php\/2026\/03\/10\/rp-mobi-abre-visitas-a-patio\/","url_meta":{"origin":63518,"position":5},"title":"RP Mobi abre visitas a p\u00e1tio","author":"noticiasribeiraopreto.com.br","date":"10 de March de 2026","format":false,"excerpt":"\r \r \r 10 de mar\u00e7o de 2026 09:2010 de mar\u00e7o de 2026 08:45 \r Compartilhar0 Carros e motos conservados, al\u00e9m de sucatas est\u00e3o apreendidos no p\u00e1tio da empresa municipal, respons\u00e1vel pelo tr\u00e2nsito na cidade A RP Mobi \u2013 Empresa de Mobilidade Urbana de Ribeir\u00e3o Preto S.A, a antiga Transerp,\u2026","rel":"","context":"In &quot;Not\u00edcias de Ribeir\u00e3o Preto-SP e Regi\u00e3o&quot;","block_context":{"text":"Not\u00edcias de Ribeir\u00e3o Preto-SP e Regi\u00e3o","link":"https:\/\/noticiasribeiraopreto.com.br\/index.php\/category\/noticias-de-ribeirao-preto-sp-e-regiao-ismael-colosi\/"},"img":{"alt_text":"","src":"","width":0,"height":0},"classes":[]}],"jetpack_sharing_enabled":true,"jetpack_shortlink":"https:\/\/wp.me\/peQAOb-gwu","_links":{"self":[{"href":"https:\/\/noticiasribeiraopreto.com.br\/index.php\/wp-json\/wp\/v2\/posts\/63518","targetHints":{"allow":["GET"]}}],"collection":[{"href":"https:\/\/noticiasribeiraopreto.com.br\/index.php\/wp-json\/wp\/v2\/posts"}],"about":[{"href":"https:\/\/noticiasribeiraopreto.com.br\/index.php\/wp-json\/wp\/v2\/types\/post"}],"author":[{"embeddable":true,"href":"https:\/\/noticiasribeiraopreto.com.br\/index.php\/wp-json\/wp\/v2\/users\/1"}],"replies":[{"embeddable":true,"href":"https:\/\/noticiasribeiraopreto.com.br\/index.php\/wp-json\/wp\/v2\/comments?post=63518"}],"version-history":[{"count":0,"href":"https:\/\/noticiasribeiraopreto.com.br\/index.php\/wp-json\/wp\/v2\/posts\/63518\/revisions"}],"wp:featuredmedia":[{"embeddable":true,"href":"https:\/\/noticiasribeiraopreto.com.br\/index.php\/wp-json\/wp\/v2\/media\/54262"}],"wp:attachment":[{"href":"https:\/\/noticiasribeiraopreto.com.br\/index.php\/wp-json\/wp\/v2\/media?parent=63518"}],"wp:term":[{"taxonomy":"category","embeddable":true,"href":"https:\/\/noticiasribeiraopreto.com.br\/index.php\/wp-json\/wp\/v2\/categories?post=63518"},{"taxonomy":"post_tag","embeddable":true,"href":"https:\/\/noticiasribeiraopreto.com.br\/index.php\/wp-json\/wp\/v2\/tags?post=63518"}],"curies":[{"name":"wp","href":"https:\/\/api.w.org\/{rel}","templated":true}]}}