{"id":6353,"date":"2023-11-25T15:56:03","date_gmt":"2023-11-25T18:56:03","guid":{"rendered":"https:\/\/noticiasribeiraopreto.com.br\/index.php\/2023\/11\/25\/dois-onibus-com-69-pessoas-sofrem-acidente-em-mg-e-obito-ja-foi-confirmado\/"},"modified":"2023-11-25T15:56:03","modified_gmt":"2023-11-25T18:56:03","slug":"dois-onibus-com-69-pessoas-sofrem-acidente-em-mg-e-obito-ja-foi-confirmado","status":"publish","type":"post","link":"https:\/\/noticiasribeiraopreto.com.br\/index.php\/2023\/11\/25\/dois-onibus-com-69-pessoas-sofrem-acidente-em-mg-e-obito-ja-foi-confirmado\/","title":{"rendered":"Dois \u00f4nibus com 69 pessoas sofrem acidente em MG e \u00f3bito j\u00e1 foi confirmado"},"content":{"rendered":"<div class='code-block code-block-1' style='margin: 8px 0 8px auto; text-align: right; display: block; clear: both;'>\n<p><a href=\"https:\/\/wa.link\/vpicfd\"><img data-recalc-dims=\"1\" class=\"wp-image-4922\" style=\"aspect-ratio: 2.0253164556962027; width: 561px; height: auto;\" src=\"https:\/\/i0.wp.com\/ismaelcolosi.com.br\/wp-content\/uploads\/2023\/11\/grupo-de-empregos-whatsapp-e-facebook-ismael-colosi-vagas.jpg?ssl=1\" alt=\"\" \/><\/a><\/p>\n<!-- \/wp:image -->\n<\/div>\n<p> <br \/>\n<\/p>\n<div itemprop=\"text\">\n<p>Um grave acidente interditou a pista da Rodovia Fern\u00e3o Dias neste fim de semana. Dois \u00f4nibus colidiram com dezenas de pessoas a bordo. Antes do encerramento desta mat\u00e9ria, j\u00e1 havia sido confirmado o primeiro \u00f3bito.<\/p>\n<p>O acidente ocorreu na madrugada deste s\u00e1bado (25) nas proximidades do munic\u00edpio de S\u00e3o Sebasti\u00e3o da Bela Vista, que fica situado no Sul do estado de Minas Minas Gerais.<\/p>\n<p>A identidade da v\u00edtima fatal n\u00e3o havia sido divulgada at\u00e9 o encerramento desta nota. De acordo com as informa\u00e7\u00f5es divulgadas pelas autoridades, al\u00e9m da mulher que perdeu a vida, mais 32 pessoas ficaram feridas no acidente.<\/p>\n<p>O Corpo de Bombeiros de Pouso Alegre se manifestou para detalhar o ocorrido. Segundo os agentes, que foram acionados pela concession\u00e1ria Arteris, a respons\u00e1vel pelo trecho da Fern\u00e3o Dias, o chamado ocorreu por volta das 4h15 deste s\u00e1bado.<\/p>\n<p>Os bombeiros foram chamados para atender v\u00edtimas de um acidente automobil\u00edstico entre dois \u00f4nibus. De acordo com o relato, um \u00f4nibus da Via\u00e7\u00e3o Gontijo estava transportando 26 pessoas e bateu na traseira do que levava 43 ocupantes.<\/p>\n<p>A colis\u00e3o aconteceu na altura do km 835 da Rodovia Fern\u00e3o Dias, em per\u00edmetro do munic\u00edpio de S\u00e3o Sebasti\u00e3o da Bela Vista. O \u00f4nibus pertence a empresa Gontijo e havia partido de Belo Horizonte.<\/p>\n<p>At\u00e9 o momento, no entanto, o destino do coletivo n\u00e3o foi divulgado. Tr\u00eas das v\u00edtimas que estavam nas ferragens foram socorridas pelos bombeiros com fraturas nos membros inferiores. Uma mulher de 37 anos perdeu a vida.<\/p>\n<\/div>\n<p><br \/>\n<br \/><a href=\"https:\/\/fnmais.com\/urgente-dois-onibus-com-69-pessoas-sofrem-acidente-em-mg-obito-ja-foi-confirmado\/\">Source link <\/a><\/p>\n<!-- CONTENT END 1 -->\n","protected":false},"excerpt":{"rendered":"<p>Um grave acidente interditou a pista da Rodovia Fern\u00e3o Dias neste fim de semana. Dois \u00f4nibus colidiram com dezenas de pessoas a bordo. Antes do&#8230;<\/p>\n","protected":false},"author":1,"featured_media":6354,"comment_status":"open","ping_status":"open","sticky":false,"template":"","format":"standard","meta":{"advanced_seo_description":"","jetpack_seo_html_title":"","jetpack_seo_noindex":false,"jetpack_post_was_ever_published":false,"_jetpack_newsletter_access":"","_jetpack_dont_email_post_to_subs":false,"_jetpack_newsletter_tier_id":0,"_jetpack_memberships_contains_paywalled_content":false,"_jetpack_memberships_contains_paid_content":false,"footnotes":"","jetpack_publicize_message":"","jetpack_publicize_feature_enabled":true,"jetpack_social_post_already_shared":true,"jetpack_social_options":{"image_generator_settings":{"template":"highway","default_image_id":0,"font":"","enabled":false},"version":2}},"categories":[1],"tags":[],"class_list":["post-6353","post","type-post","status-publish","format-standard","has-post-thumbnail","hentry","category-blog"],"jetpack_publicize_connections":[],"jetpack_featured_media_url":"https:\/\/i0.wp.com\/noticiasribeiraopreto.com.br\/wp-content\/uploads\/2023\/11\/postimg-65623672280347745.jpg?fit=1200%2C628&ssl=1","jetpack-related-posts":[{"id":4089,"url":"https:\/\/noticiasribeiraopreto.com.br\/index.php\/2023\/11\/20\/motorista-de-onibus-de-turismo-perde-controle-na-br-040-e-ja-ha-confirmacao-de-obito\/","url_meta":{"origin":6353,"position":0},"title":"motorista de \u00f4nibus de turismo perde controle na BR-040 e j\u00e1 h\u00e1 confirma\u00e7\u00e3o de \u00f3bito","author":"noticiasribeiraopreto.com.br","date":"20 de November de 2023","format":false,"excerpt":"Uma pessoa perdeu a vida ap\u00f3s um grave acidente de \u00f4nibus na manh\u00e3 desta segunda-feira (20\/11). O tr\u00e1gico epis\u00f3dio aconteceu no km 677 da BR-040, que fica situado entre Ressaquinha\u00a0e o Distrito de Herm\u00edlio Alves, em Caranda\u00ed.Segundo as informa\u00e7\u00f5es repassadas pela Pol\u00edcia Rodovi\u00e1ria Federal, o condutor do \u00f4nibus perdeu o\u2026","rel":"","context":"In &quot;Blog&quot;","block_context":{"text":"Blog","link":"https:\/\/noticiasribeiraopreto.com.br\/index.php\/category\/blog\/"},"img":{"alt_text":"","src":"https:\/\/i0.wp.com\/noticiasribeiraopreto.com.br\/wp-content\/uploads\/2023\/11\/postimg-655bd7d6444063089.jpg?fit=1200%2C628&ssl=1&resize=350%2C200","width":350,"height":200,"srcset":"https:\/\/i0.wp.com\/noticiasribeiraopreto.com.br\/wp-content\/uploads\/2023\/11\/postimg-655bd7d6444063089.jpg?fit=1200%2C628&ssl=1&resize=350%2C200 1x, https:\/\/i0.wp.com\/noticiasribeiraopreto.com.br\/wp-content\/uploads\/2023\/11\/postimg-655bd7d6444063089.jpg?fit=1200%2C628&ssl=1&resize=525%2C300 1.5x, https:\/\/i0.wp.com\/noticiasribeiraopreto.com.br\/wp-content\/uploads\/2023\/11\/postimg-655bd7d6444063089.jpg?fit=1200%2C628&ssl=1&resize=700%2C400 2x, https:\/\/i0.wp.com\/noticiasribeiraopreto.com.br\/wp-content\/uploads\/2023\/11\/postimg-655bd7d6444063089.jpg?fit=1200%2C628&ssl=1&resize=1050%2C600 3x"},"classes":[]},{"id":7320,"url":"https:\/\/noticiasribeiraopreto.com.br\/index.php\/2023\/11\/27\/video-do-acidente-que-matou-seis-pessoas-na-rodovia-fernao-dias-mostra-como-tudo-aconteceu\/","url_meta":{"origin":6353,"position":1},"title":"V\u00eddeo do acidente que matou seis pessoas na Rodovia Fern\u00e3o Dias mostra como tudo aconteceu","author":"noticiasribeiraopreto.com.br","date":"27 de November de 2023","format":false,"excerpt":"Uma trag\u00e9dia chocante ocorreu na Serra de Igarap\u00e9, na Rodovia Fern\u00e3o Dias, onde um grave acidente resultou na morte de seis pessoas. Um v\u00eddeo capturado pela concession\u00e1ria Arteris Fern\u00e3o Dias registrou o momento exato do acidente, que envolveu 13 ve\u00edculos e chocou a comunidade local e nacional.O v\u00eddeo mostra uma\u2026","rel":"","context":"In &quot;Blog&quot;","block_context":{"text":"Blog","link":"https:\/\/noticiasribeiraopreto.com.br\/index.php\/category\/blog\/"},"img":{"alt_text":"","src":"https:\/\/i0.wp.com\/noticiasribeiraopreto.com.br\/wp-content\/uploads\/2023\/11\/postimg-65654ca04c6486662.jpg?fit=1200%2C628&ssl=1&resize=350%2C200","width":350,"height":200,"srcset":"https:\/\/i0.wp.com\/noticiasribeiraopreto.com.br\/wp-content\/uploads\/2023\/11\/postimg-65654ca04c6486662.jpg?fit=1200%2C628&ssl=1&resize=350%2C200 1x, https:\/\/i0.wp.com\/noticiasribeiraopreto.com.br\/wp-content\/uploads\/2023\/11\/postimg-65654ca04c6486662.jpg?fit=1200%2C628&ssl=1&resize=525%2C300 1.5x, https:\/\/i0.wp.com\/noticiasribeiraopreto.com.br\/wp-content\/uploads\/2023\/11\/postimg-65654ca04c6486662.jpg?fit=1200%2C628&ssl=1&resize=700%2C400 2x, https:\/\/i0.wp.com\/noticiasribeiraopreto.com.br\/wp-content\/uploads\/2023\/11\/postimg-65654ca04c6486662.jpg?fit=1200%2C628&ssl=1&resize=1050%2C600 3x"},"classes":[]},{"id":7589,"url":"https:\/\/noticiasribeiraopreto.com.br\/index.php\/2023\/11\/28\/quem-sao-as-vitimas-de-grave-acidente-na-fernao-dias-que-causou-6-falecimentos-eram-da-mesma-familia-e-outros-iam-para-consulta\/","url_meta":{"origin":6353,"position":2},"title":"Quem s\u00e3o as v\u00edtimas de grave acidente na Fern\u00e3o Dias que causou 6 falecimentos; eram da mesma fam\u00edlia e outros iam para consulta","author":"noticiasribeiraopreto.com.br","date":"28 de November de 2023","format":false,"excerpt":"Nesta segunda-feira, dia 27 de novembro, um tr\u00e1gico acidente aconteceu em uma rodovia e tirou a vida de seis pessoas. A situa\u00e7\u00e3o ocorreu na rodovia Fern\u00e3o Dias, na regi\u00e3o de Minas Gerais, em Belo Horizonte. Segundo o que foi informado, quatro v\u00edtimas eram da mesma fam\u00edlia.O local \u00e9 pr\u00f3ximo de\u2026","rel":"","context":"In &quot;Blog&quot;","block_context":{"text":"Blog","link":"https:\/\/noticiasribeiraopreto.com.br\/index.php\/category\/blog\/"},"img":{"alt_text":"","src":"https:\/\/i0.wp.com\/noticiasribeiraopreto.com.br\/wp-content\/uploads\/2023\/11\/postimg-656613f0c75073881.jpg?fit=1200%2C628&ssl=1&resize=350%2C200","width":350,"height":200,"srcset":"https:\/\/i0.wp.com\/noticiasribeiraopreto.com.br\/wp-content\/uploads\/2023\/11\/postimg-656613f0c75073881.jpg?fit=1200%2C628&ssl=1&resize=350%2C200 1x, https:\/\/i0.wp.com\/noticiasribeiraopreto.com.br\/wp-content\/uploads\/2023\/11\/postimg-656613f0c75073881.jpg?fit=1200%2C628&ssl=1&resize=525%2C300 1.5x, https:\/\/i0.wp.com\/noticiasribeiraopreto.com.br\/wp-content\/uploads\/2023\/11\/postimg-656613f0c75073881.jpg?fit=1200%2C628&ssl=1&resize=700%2C400 2x, https:\/\/i0.wp.com\/noticiasribeiraopreto.com.br\/wp-content\/uploads\/2023\/11\/postimg-656613f0c75073881.jpg?fit=1200%2C628&ssl=1&resize=1050%2C600 3x"},"classes":[]},{"id":44635,"url":"https:\/\/noticiasribeiraopreto.com.br\/index.php\/2024\/03\/28\/onibus-com-49-pessoas-tomba-e-deixa-feridos-na-regiao\/","url_meta":{"origin":6353,"position":3},"title":"\u00d4nibus com 49 pessoas tomba e deixa feridos na regi\u00e3o","author":"noticiasribeiraopreto.com.br","date":"28 de March de 2024","format":false,"excerpt":"De acordo com o Corpo de Bombeiros, v\u00edtimas sofreram ferimentos leves e moderados 28 de mar\u00e7o de 2024 | 12:11 2 Por: Adalberto Luque Um \u00f4nibus tombou, na madrugada desta quinta-feira (28), na Rodovia C\u00e2ndido Portinari (SP-334). O acidente ocorreu no km 358, em Batatais, no sentido a Franca. Segundo\u2026","rel":"","context":"In &quot;Not\u00edcias de Ribeir\u00e3o Preto-SP e Regi\u00e3o&quot;","block_context":{"text":"Not\u00edcias de Ribeir\u00e3o Preto-SP e Regi\u00e3o","link":"https:\/\/noticiasribeiraopreto.com.br\/index.php\/category\/noticias-de-ribeirao-preto-sp-e-regiao-ismael-colosi\/"},"img":{"alt_text":"","src":"https:\/\/i0.wp.com\/noticiasribeiraopreto.com.br\/wp-content\/uploads\/2024\/03\/00-28-mar-2024-acidente-batatais-foto-redes-sociais.jpg?fit=800%2C452&ssl=1&resize=350%2C200","width":350,"height":200,"srcset":"https:\/\/i0.wp.com\/noticiasribeiraopreto.com.br\/wp-content\/uploads\/2024\/03\/00-28-mar-2024-acidente-batatais-foto-redes-sociais.jpg?fit=800%2C452&ssl=1&resize=350%2C200 1x, https:\/\/i0.wp.com\/noticiasribeiraopreto.com.br\/wp-content\/uploads\/2024\/03\/00-28-mar-2024-acidente-batatais-foto-redes-sociais.jpg?fit=800%2C452&ssl=1&resize=525%2C300 1.5x, https:\/\/i0.wp.com\/noticiasribeiraopreto.com.br\/wp-content\/uploads\/2024\/03\/00-28-mar-2024-acidente-batatais-foto-redes-sociais.jpg?fit=800%2C452&ssl=1&resize=700%2C400 2x"},"classes":[]},{"id":20546,"url":"https:\/\/noticiasribeiraopreto.com.br\/index.php\/2023\/12\/25\/quem-e-a-familia-que-perdeu-a-vida-em-acidente-de-carro-a-caminho-de-brasilia-identidades-sao-divulgadas\/","url_meta":{"origin":6353,"position":4},"title":"Quem \u00e9 a fam\u00edlia que perdeu a vida em acidente de carro a caminho de Bras\u00edlia; identidades s\u00e3o divulgadas","author":"noticiasribeiraopreto.com.br","date":"25 de December de 2023","format":false,"excerpt":"Um grave acidente acabou resultando na morte de quatro pessoas de uma mesma fam\u00edlia no \u00faltimo final de semana na BR-020. As v\u00edtimas eram um homem, a esposa e os dois filhos pequenos, que n\u00e3o resistiram aos ferimentos.O acidente ocorreu em um trecho da cidade de Correntina, que fica situada\u2026","rel":"","context":"In &quot;Blog&quot;","block_context":{"text":"Blog","link":"https:\/\/noticiasribeiraopreto.com.br\/index.php\/category\/blog\/"},"img":{"alt_text":"","src":"https:\/\/i0.wp.com\/noticiasribeiraopreto.com.br\/wp-content\/uploads\/2023\/12\/postimg-6589fa0401c742453.jpg?fit=1200%2C628&ssl=1&resize=350%2C200","width":350,"height":200,"srcset":"https:\/\/i0.wp.com\/noticiasribeiraopreto.com.br\/wp-content\/uploads\/2023\/12\/postimg-6589fa0401c742453.jpg?fit=1200%2C628&ssl=1&resize=350%2C200 1x, https:\/\/i0.wp.com\/noticiasribeiraopreto.com.br\/wp-content\/uploads\/2023\/12\/postimg-6589fa0401c742453.jpg?fit=1200%2C628&ssl=1&resize=525%2C300 1.5x, https:\/\/i0.wp.com\/noticiasribeiraopreto.com.br\/wp-content\/uploads\/2023\/12\/postimg-6589fa0401c742453.jpg?fit=1200%2C628&ssl=1&resize=700%2C400 2x, https:\/\/i0.wp.com\/noticiasribeiraopreto.com.br\/wp-content\/uploads\/2023\/12\/postimg-6589fa0401c742453.jpg?fit=1200%2C628&ssl=1&resize=1050%2C600 3x"},"classes":[]},{"id":14640,"url":"https:\/\/noticiasribeiraopreto.com.br\/index.php\/2023\/12\/12\/onibus-com-27-pessoas-colide-com-caminhao-deixa-varias-vitimas-e-rastro-de-destruicao-na-pr-444\/","url_meta":{"origin":6353,"position":5},"title":"\u00d4nibus com 27 pessoas colide com caminh\u00e3o, deixa v\u00e1rias v\u00edtimas e rastro de destrui\u00e7\u00e3o na PR-444","author":"noticiasribeiraopreto.com.br","date":"12 de December de 2023","format":false,"excerpt":"Um acidente envolvendo um \u00f4nibus da Via\u00e7\u00e3o Garcia foi registrado na noite da \u00faltima segunda-feira (11\/12). O epis\u00f3dio, que deixou v\u00e1rias v\u00edtimas, ocorreu na PR-444, no Km 11 da rodovia em Arapongas, que fica situada ao Norte do estado do Paran\u00e1.As atualiza\u00e7\u00f5es sobre o acidente foram divulgadas pela Pol\u00edcia Rodovi\u00e1ria\u2026","rel":"","context":"In &quot;Blog&quot;","block_context":{"text":"Blog","link":"https:\/\/noticiasribeiraopreto.com.br\/index.php\/category\/blog\/"},"img":{"alt_text":"","src":"https:\/\/i0.wp.com\/noticiasribeiraopreto.com.br\/wp-content\/uploads\/2023\/12\/postimg-657853ee08e3c9127.jpg?fit=1200%2C628&ssl=1&resize=350%2C200","width":350,"height":200,"srcset":"https:\/\/i0.wp.com\/noticiasribeiraopreto.com.br\/wp-content\/uploads\/2023\/12\/postimg-657853ee08e3c9127.jpg?fit=1200%2C628&ssl=1&resize=350%2C200 1x, https:\/\/i0.wp.com\/noticiasribeiraopreto.com.br\/wp-content\/uploads\/2023\/12\/postimg-657853ee08e3c9127.jpg?fit=1200%2C628&ssl=1&resize=525%2C300 1.5x, https:\/\/i0.wp.com\/noticiasribeiraopreto.com.br\/wp-content\/uploads\/2023\/12\/postimg-657853ee08e3c9127.jpg?fit=1200%2C628&ssl=1&resize=700%2C400 2x, https:\/\/i0.wp.com\/noticiasribeiraopreto.com.br\/wp-content\/uploads\/2023\/12\/postimg-657853ee08e3c9127.jpg?fit=1200%2C628&ssl=1&resize=1050%2C600 3x"},"classes":[]}],"jetpack_sharing_enabled":true,"jetpack_shortlink":"https:\/\/wp.me\/peQAOb-1Et","_links":{"self":[{"href":"https:\/\/noticiasribeiraopreto.com.br\/index.php\/wp-json\/wp\/v2\/posts\/6353","targetHints":{"allow":["GET"]}}],"collection":[{"href":"https:\/\/noticiasribeiraopreto.com.br\/index.php\/wp-json\/wp\/v2\/posts"}],"about":[{"href":"https:\/\/noticiasribeiraopreto.com.br\/index.php\/wp-json\/wp\/v2\/types\/post"}],"author":[{"embeddable":true,"href":"https:\/\/noticiasribeiraopreto.com.br\/index.php\/wp-json\/wp\/v2\/users\/1"}],"replies":[{"embeddable":true,"href":"https:\/\/noticiasribeiraopreto.com.br\/index.php\/wp-json\/wp\/v2\/comments?post=6353"}],"version-history":[{"count":0,"href":"https:\/\/noticiasribeiraopreto.com.br\/index.php\/wp-json\/wp\/v2\/posts\/6353\/revisions"}],"wp:featuredmedia":[{"embeddable":true,"href":"https:\/\/noticiasribeiraopreto.com.br\/index.php\/wp-json\/wp\/v2\/media\/6354"}],"wp:attachment":[{"href":"https:\/\/noticiasribeiraopreto.com.br\/index.php\/wp-json\/wp\/v2\/media?parent=6353"}],"wp:term":[{"taxonomy":"category","embeddable":true,"href":"https:\/\/noticiasribeiraopreto.com.br\/index.php\/wp-json\/wp\/v2\/categories?post=6353"},{"taxonomy":"post_tag","embeddable":true,"href":"https:\/\/noticiasribeiraopreto.com.br\/index.php\/wp-json\/wp\/v2\/tags?post=6353"}],"curies":[{"name":"wp","href":"https:\/\/api.w.org\/{rel}","templated":true}]}}