{"id":63542,"date":"2025-02-15T14:45:52","date_gmt":"2025-02-15T17:45:52","guid":{"rendered":"https:\/\/noticiasribeiraopreto.com.br\/index.php\/2025\/02\/15\/casal-de-empresarios-acusado-de-fraude-desvia-sacas-de-cafe-avaliadas-em-r-63-milhoes-no-interior-de-sp\/"},"modified":"2025-02-15T14:45:52","modified_gmt":"2025-02-15T17:45:52","slug":"casal-de-empresarios-acusado-de-fraude-desvia-sacas-de-cafe-avaliadas-em-r-63-milhoes-no-interior-de-sp","status":"publish","type":"post","link":"https:\/\/noticiasribeiraopreto.com.br\/index.php\/2025\/02\/15\/casal-de-empresarios-acusado-de-fraude-desvia-sacas-de-cafe-avaliadas-em-r-63-milhoes-no-interior-de-sp\/","title":{"rendered":"Casal de Empres\u00e1rios Acusado de Fraude Desvia Sacas de Caf\u00e9 Avaliadas em R$ 63 Milh\u00f5es no Interior de SP"},"content":{"rendered":"<div class='code-block code-block-1' style='margin: 8px 0 8px auto; text-align: right; display: block; clear: both;'>\n<p><a href=\"https:\/\/wa.link\/vpicfd\"><img data-recalc-dims=\"1\" class=\"wp-image-4922\" style=\"aspect-ratio: 2.0253164556962027; width: 561px; height: auto;\" src=\"https:\/\/i0.wp.com\/ismaelcolosi.com.br\/wp-content\/uploads\/2023\/11\/grupo-de-empregos-whatsapp-e-facebook-ismael-colosi-vagas.jpg?ssl=1\" alt=\"\" \/><\/a><\/p>\n<!-- \/wp:image -->\n<\/div>\n<p> <br \/>\n<\/p>\n<div>\n<p data-start=\"337\" data-end=\"662\">Um esquema que abalou o setor agr\u00edcola do interior de S\u00e3o Paulo vem ganhando contornos de fraude de grandes propor\u00e7\u00f5es. Um casal de empres\u00e1rios, que administrava um dos armaz\u00e9ns de caf\u00e9 da regi\u00e3o, \u00e9 acusado de desviar sacas de caf\u00e9, avaliadas em R$ 63 milh\u00f5es, atrav\u00e9s de manobras que mascararam a sa\u00edda irregular do produto.<\/p>\n<p data-start=\"664\" data-end=\"690\"><strong data-start=\"664\" data-end=\"690\">O Esquema e a Opera\u00e7\u00e3o<\/strong><\/p>\n<p data-start=\"692\" data-end=\"1083\">Segundo investiga\u00e7\u00f5es preliminares, o casal teria manipulado registros e documentos internos para legitimar a sa\u00edda das sacas de caf\u00e9 sem o conhecimento dos propriet\u00e1rios leg\u00edtimos. Essa opera\u00e7\u00e3o fraudulenta envolvia a cria\u00e7\u00e3o de registros falsos e a venda dos produtos a terceiros, permitindo que os respons\u00e1veis colhessem lucros indevidos \u00e0s custas de preju\u00edzos bilion\u00e1rios para o mercado.<\/p>\n<p data-start=\"1085\" data-end=\"1118\"><strong data-start=\"1085\" data-end=\"1118\">Falhas nos Controles Internos<\/strong><\/p>\n<p data-start=\"1120\" data-end=\"1500\">Especialistas apontam que o caso exp\u00f5e graves falhas no sistema de controle dos armaz\u00e9ns. A aus\u00eancia de mecanismos de auditoria rigorosos e a coniv\u00eancia de alguns funcion\u00e1rios podem ter facilitado a execu\u00e7\u00e3o do esquema. As autoridades agora intensificam os esfor\u00e7os para rastrear todos os envolvidos, ampliando a investiga\u00e7\u00e3o para descobrir se h\u00e1 mais pessoas integradas \u00e0 fraude.<\/p>\n<p data-start=\"1502\" data-end=\"1531\"><strong data-start=\"1502\" data-end=\"1531\">Impacto no Setor Agr\u00edcola<\/strong><\/p>\n<p data-start=\"1533\" data-end=\"1902\">O incidente n\u00e3o afeta apenas a credibilidade dos empres\u00e1rios envolvidos, mas tamb\u00e9m levanta quest\u00f5es sobre a seguran\u00e7a e integridade dos estoques de commodities no Brasil. O setor agr\u00edcola, que depende da confian\u00e7a e da transpar\u00eancia nas opera\u00e7\u00f5es de armazenamento e comercializa\u00e7\u00e3o, pode sofrer repercuss\u00f5es significativas caso o esquema se confirme em sua totalidade.<\/p>\n<p data-start=\"1904\" data-end=\"1943\"><strong data-start=\"1904\" data-end=\"1943\">Repercuss\u00f5es Jur\u00eddicas e Econ\u00f4micas<\/strong><\/p>\n<p data-start=\"1945\" data-end=\"2345\">Com a abertura de inqu\u00e9rito, os suspeitos poder\u00e3o responder por crimes que v\u00e3o desde fraude e desvio de bens at\u00e9 a viola\u00e7\u00e3o de normas de fiscaliza\u00e7\u00e3o e controle de estoque. Se comprovadas as irregularidades, o caso poder\u00e1 desencadear uma s\u00e9rie de a\u00e7\u00f5es judiciais que afetar\u00e3o n\u00e3o s\u00f3 os envolvidos, mas tamb\u00e9m a imagem do setor de caf\u00e9 nacional, conhecido por sua import\u00e2ncia no mercado internacional.<\/p>\n<p data-start=\"2347\" data-end=\"2378\"><strong data-start=\"2347\" data-end=\"2378\">Mobiliza\u00e7\u00e3o das Autoridades<\/strong><\/p>\n<p data-start=\"2380\" data-end=\"2717\">Diante do cen\u00e1rio, as autoridades locais e federais t\u00eam intensificado as investiga\u00e7\u00f5es para identificar todos os participantes do esquema. A expectativa \u00e9 que, com a colabora\u00e7\u00e3o de especialistas e a an\u00e1lise minuciosa dos registros, seja poss\u00edvel esclarecer as responsabilidades e implementar medidas que previnam novos casos semelhantes.<\/p>\n<p data-start=\"2719\" data-end=\"2732\"><strong data-start=\"2719\" data-end=\"2732\">Conclus\u00e3o<\/strong><\/p>\n<p data-start=\"2734\" data-end=\"3085\">Enquanto o caso segue em investiga\u00e7\u00e3o, a comunidade do setor agr\u00edcola aguarda medidas concretas que reforcem a fiscaliza\u00e7\u00e3o e a seguran\u00e7a dos estoques. Este epis\u00f3dio serve de alerta para a necessidade de aprimorar os sistemas de controle e transpar\u00eancia, garantindo a integridade dos processos e a prote\u00e7\u00e3o dos interesses de produtores e investidores.<\/p>\n<p>&#13;<br \/>\n\t\t\t\t<span class=\"post-views-icon dashicons dashicons-chart-bar\"\/> <span class=\"post-views-label\">Visualiza\u00e7\u00f5es:<\/span> <span class=\"post-views-count\">5<\/span>&#13;\n\t\t\t<\/p>\n<\/p><\/div>\n<p><br \/>\n<br \/><a href=\"https:\/\/folhaderibeirao.com.br\/2025\/02\/15\/casal-de-empresarios-acusado-de-fraude-desvia-sacas-de-cafe-avaliadas-em-r-63-milhoes-no-interior-de-sp\/\">Source link <\/a><\/p>\n<!-- CONTENT END 1 -->\n","protected":false},"excerpt":{"rendered":"<p>Um esquema que abalou o setor agr\u00edcola do interior de S\u00e3o Paulo vem ganhando contornos de fraude de grandes propor\u00e7\u00f5es. Um casal de empres\u00e1rios, que&#8230;<\/p>\n","protected":false},"author":1,"featured_media":63543,"comment_status":"open","ping_status":"open","sticky":false,"template":"","format":"standard","meta":{"advanced_seo_description":"","jetpack_seo_html_title":"","jetpack_seo_noindex":false,"jetpack_post_was_ever_published":false,"_jetpack_newsletter_access":"","_jetpack_dont_email_post_to_subs":false,"_jetpack_newsletter_tier_id":0,"_jetpack_memberships_contains_paywalled_content":false,"_jetpack_memberships_contains_paid_content":false,"footnotes":"","jetpack_publicize_message":"","jetpack_publicize_feature_enabled":true,"jetpack_social_post_already_shared":true,"jetpack_social_options":{"image_generator_settings":{"template":"highway","default_image_id":0,"font":"","enabled":false},"version":2}},"categories":[11],"tags":[637,6174,2850,3580,6172,6171,1522,237,262,6173],"class_list":["post-63542","post","type-post","status-publish","format-standard","has-post-thumbnail","hentry","category-noticias-de-ribeirao-preto-sp-e-regiao-ismael-colosi","tag-acusado","tag-avaliadas","tag-cafe","tag-casal","tag-desvia","tag-empresarios","tag-fraude","tag-interior","tag-milhoes","tag-sacas"],"jetpack_publicize_connections":[],"jetpack_featured_media_url":"https:\/\/i0.wp.com\/noticiasribeiraopreto.com.br\/wp-content\/uploads\/2025\/02\/dsc-27-4.webp.webp?fit=1170%2C700&ssl=1","jetpack-related-posts":[{"id":67296,"url":"https:\/\/noticiasribeiraopreto.com.br\/index.php\/2025\/04\/11\/justica-solta-casal-acusado-de-sumir-com-r-63-milhoes-em-sacas-de-cafe\/","url_meta":{"origin":63542,"position":0},"title":"Justi\u00e7a solta casal acusado de &#8216;sumir&#8217; com R$ 63 milh\u00f5es em sacas de caf\u00e9","author":"noticiasribeiraopreto.com.br","date":"11 de April de 2025","format":false,"excerpt":"O Tribunal de Justi\u00e7a do Estado de S\u00e3o Paulo determinou a revoga\u00e7\u00e3o da pris\u00e3o preventiva dos empres\u00e1rios Guilherme Os\u00f3rio de Oliveira e Marina C\u00e9lia Oliveira. Eles foram presos em janeiro, suspeitos de terem desaparecido com aproximadamente R$ 63 milh\u00f5es em sacas de caf\u00e9 armazenadas em Altin\u00f3polis, no interior de S\u00e3o\u2026","rel":"","context":"In &quot;Not\u00edcias de Ribeir\u00e3o Preto-SP e Regi\u00e3o&quot;","block_context":{"text":"Not\u00edcias de Ribeir\u00e3o Preto-SP e Regi\u00e3o","link":"https:\/\/noticiasribeiraopreto.com.br\/index.php\/category\/noticias-de-ribeirao-preto-sp-e-regiao-ismael-colosi\/"},"img":{"alt_text":"","src":"https:\/\/i0.wp.com\/noticiasribeiraopreto.com.br\/wp-content\/uploads\/2025\/01\/Copia-de-Copia-de-Copia-de-TAMANHO-EXATO-PARA-FOTOS-NO-SISTEMA-NOVO-2025-01-29T110907.693_2025-01-29_14-09-12_png_2025-01-29_14-09-12.webp.webp?fit=1200%2C675&ssl=1&resize=350%2C200","width":350,"height":200,"srcset":"https:\/\/i0.wp.com\/noticiasribeiraopreto.com.br\/wp-content\/uploads\/2025\/01\/Copia-de-Copia-de-Copia-de-TAMANHO-EXATO-PARA-FOTOS-NO-SISTEMA-NOVO-2025-01-29T110907.693_2025-01-29_14-09-12_png_2025-01-29_14-09-12.webp.webp?fit=1200%2C675&ssl=1&resize=350%2C200 1x, https:\/\/i0.wp.com\/noticiasribeiraopreto.com.br\/wp-content\/uploads\/2025\/01\/Copia-de-Copia-de-Copia-de-TAMANHO-EXATO-PARA-FOTOS-NO-SISTEMA-NOVO-2025-01-29T110907.693_2025-01-29_14-09-12_png_2025-01-29_14-09-12.webp.webp?fit=1200%2C675&ssl=1&resize=525%2C300 1.5x, https:\/\/i0.wp.com\/noticiasribeiraopreto.com.br\/wp-content\/uploads\/2025\/01\/Copia-de-Copia-de-Copia-de-TAMANHO-EXATO-PARA-FOTOS-NO-SISTEMA-NOVO-2025-01-29T110907.693_2025-01-29_14-09-12_png_2025-01-29_14-09-12.webp.webp?fit=1200%2C675&ssl=1&resize=700%2C400 2x, https:\/\/i0.wp.com\/noticiasribeiraopreto.com.br\/wp-content\/uploads\/2025\/01\/Copia-de-Copia-de-Copia-de-TAMANHO-EXATO-PARA-FOTOS-NO-SISTEMA-NOVO-2025-01-29T110907.693_2025-01-29_14-09-12_png_2025-01-29_14-09-12.webp.webp?fit=1200%2C675&ssl=1&resize=1050%2C600 3x"},"classes":[]},{"id":62970,"url":"https:\/\/noticiasribeiraopreto.com.br\/index.php\/2025\/01\/29\/o-que-se-sabe-sobre-casal-que-sumiu-com-sacas-de-cafe-na-regiao-de-ribeirao-preto\/","url_meta":{"origin":63542,"position":1},"title":"O que se sabe sobre casal que sumiu com sacas de caf\u00e9 na regi\u00e3o de Ribeir\u00e3o Preto","author":"noticiasribeiraopreto.com.br","date":"29 de January de 2025","format":false,"excerpt":"O casal de empres\u00e1rios Guilherme Os\u00f3rio de Oliveira e Marina C\u00e9lia Lopes da Cruz Oliveira est\u00e1 envolvido em um esquema que pode ter causado preju\u00edzos de at\u00e9 R$ 70 milh\u00f5es a produtores de caf\u00e9 na regi\u00e3o de Ribeir\u00e3o Preto. Eles s\u00e3o acusados de desaparecer com sacas de caf\u00e9 armazenadas em\u2026","rel":"","context":"In &quot;Not\u00edcias de Ribeir\u00e3o Preto-SP e Regi\u00e3o&quot;","block_context":{"text":"Not\u00edcias de Ribeir\u00e3o Preto-SP e Regi\u00e3o","link":"https:\/\/noticiasribeiraopreto.com.br\/index.php\/category\/noticias-de-ribeirao-preto-sp-e-regiao-ismael-colosi\/"},"img":{"alt_text":"","src":"https:\/\/i0.wp.com\/noticiasribeiraopreto.com.br\/wp-content\/uploads\/2025\/01\/Copia-de-Copia-de-Copia-de-TAMANHO-EXATO-PARA-FOTOS-NO-SISTEMA-NOVO-2025-01-29T110907.693_2025-01-29_14-09-12_png_2025-01-29_14-09-12.webp.webp?fit=1200%2C675&ssl=1&resize=350%2C200","width":350,"height":200,"srcset":"https:\/\/i0.wp.com\/noticiasribeiraopreto.com.br\/wp-content\/uploads\/2025\/01\/Copia-de-Copia-de-Copia-de-TAMANHO-EXATO-PARA-FOTOS-NO-SISTEMA-NOVO-2025-01-29T110907.693_2025-01-29_14-09-12_png_2025-01-29_14-09-12.webp.webp?fit=1200%2C675&ssl=1&resize=350%2C200 1x, https:\/\/i0.wp.com\/noticiasribeiraopreto.com.br\/wp-content\/uploads\/2025\/01\/Copia-de-Copia-de-Copia-de-TAMANHO-EXATO-PARA-FOTOS-NO-SISTEMA-NOVO-2025-01-29T110907.693_2025-01-29_14-09-12_png_2025-01-29_14-09-12.webp.webp?fit=1200%2C675&ssl=1&resize=525%2C300 1.5x, https:\/\/i0.wp.com\/noticiasribeiraopreto.com.br\/wp-content\/uploads\/2025\/01\/Copia-de-Copia-de-Copia-de-TAMANHO-EXATO-PARA-FOTOS-NO-SISTEMA-NOVO-2025-01-29T110907.693_2025-01-29_14-09-12_png_2025-01-29_14-09-12.webp.webp?fit=1200%2C675&ssl=1&resize=700%2C400 2x, https:\/\/i0.wp.com\/noticiasribeiraopreto.com.br\/wp-content\/uploads\/2025\/01\/Copia-de-Copia-de-Copia-de-TAMANHO-EXATO-PARA-FOTOS-NO-SISTEMA-NOVO-2025-01-29T110907.693_2025-01-29_14-09-12_png_2025-01-29_14-09-12.webp.webp?fit=1200%2C675&ssl=1&resize=1050%2C600 3x"},"classes":[]},{"id":63598,"url":"https:\/\/noticiasribeiraopreto.com.br\/index.php\/2025\/02\/17\/casal-vira-reu-por-sumico-de-estoque-milionario-de-cafe-na-regiao-de-ribeirao-preto\/","url_meta":{"origin":63542,"position":2},"title":"Casal vira r\u00e9u por sumi\u00e7o de estoque milion\u00e1rio de caf\u00e9 na regi\u00e3o de Ribeir\u00e3o Preto","author":"noticiasribeiraopreto.com.br","date":"17 de February de 2025","format":false,"excerpt":"A Justi\u00e7a tornou r\u00e9us os empres\u00e1rios Guilherme Os\u00f3rio de Oliveira e Marina C\u00e9lia Lopes da Cruz Oliveira por suspeita de sumir com sacas de caf\u00e9 avaliadas em R$ 63 milh\u00f5es, que estavam armazenadas em um galp\u00e3o de Altin\u00f3polis, na regi\u00e3o de Ribeir\u00e3o Preto. O casal foi preso no fim do\u2026","rel":"","context":"In &quot;Not\u00edcias de Ribeir\u00e3o Preto-SP e Regi\u00e3o&quot;","block_context":{"text":"Not\u00edcias de Ribeir\u00e3o Preto-SP e Regi\u00e3o","link":"https:\/\/noticiasribeiraopreto.com.br\/index.php\/category\/noticias-de-ribeirao-preto-sp-e-regiao-ismael-colosi\/"},"img":{"alt_text":"","src":"https:\/\/i0.wp.com\/noticiasribeiraopreto.com.br\/wp-content\/uploads\/2025\/01\/Copia-de-Copia-de-Copia-de-TAMANHO-EXATO-PARA-FOTOS-NO-SISTEMA-NOVO-2025-01-29T110907.693_2025-01-29_14-09-12_png_2025-01-29_14-09-12.webp.webp?fit=1200%2C675&ssl=1&resize=350%2C200","width":350,"height":200,"srcset":"https:\/\/i0.wp.com\/noticiasribeiraopreto.com.br\/wp-content\/uploads\/2025\/01\/Copia-de-Copia-de-Copia-de-TAMANHO-EXATO-PARA-FOTOS-NO-SISTEMA-NOVO-2025-01-29T110907.693_2025-01-29_14-09-12_png_2025-01-29_14-09-12.webp.webp?fit=1200%2C675&ssl=1&resize=350%2C200 1x, https:\/\/i0.wp.com\/noticiasribeiraopreto.com.br\/wp-content\/uploads\/2025\/01\/Copia-de-Copia-de-Copia-de-TAMANHO-EXATO-PARA-FOTOS-NO-SISTEMA-NOVO-2025-01-29T110907.693_2025-01-29_14-09-12_png_2025-01-29_14-09-12.webp.webp?fit=1200%2C675&ssl=1&resize=525%2C300 1.5x, https:\/\/i0.wp.com\/noticiasribeiraopreto.com.br\/wp-content\/uploads\/2025\/01\/Copia-de-Copia-de-Copia-de-TAMANHO-EXATO-PARA-FOTOS-NO-SISTEMA-NOVO-2025-01-29T110907.693_2025-01-29_14-09-12_png_2025-01-29_14-09-12.webp.webp?fit=1200%2C675&ssl=1&resize=700%2C400 2x, https:\/\/i0.wp.com\/noticiasribeiraopreto.com.br\/wp-content\/uploads\/2025\/01\/Copia-de-Copia-de-Copia-de-TAMANHO-EXATO-PARA-FOTOS-NO-SISTEMA-NOVO-2025-01-29T110907.693_2025-01-29_14-09-12_png_2025-01-29_14-09-12.webp.webp?fit=1200%2C675&ssl=1&resize=1050%2C600 3x"},"classes":[]},{"id":74632,"url":"https:\/\/noticiasribeiraopreto.com.br\/index.php\/2025\/07\/25\/empresario-e-condenado-por-desvio-de-cafe-no-interior-de-sp-prejuizo-passa-de-r-63-milhoes\/","url_meta":{"origin":63542,"position":3},"title":"Empres\u00e1rio \u00e9 condenado por desvio de caf\u00e9 no interior de SP; preju\u00edzo passa de R$ 63 milh\u00f5es","author":"noticiasribeiraopreto.com.br","date":"25 de July de 2025","format":false,"excerpt":"A Justi\u00e7a condenou Guilherme Os\u00f3rio de Oliveira a 8 anos e 10 meses de pris\u00e3o por apropria\u00e7\u00e3o ind\u00e9bita, ap\u00f3s o desvio de sacas de caf\u00e9 avaliadas em R$ 63 milh\u00f5es. O produto estava armazenado em galp\u00f5es localizados em Altin\u00f3polis, no interior de S\u00e3o Paulo, sob responsabilidade do empres\u00e1rio. A esposa\u2026","rel":"","context":"In &quot;Not\u00edcias de Ribeir\u00e3o Preto-SP e Regi\u00e3o&quot;","block_context":{"text":"Not\u00edcias de Ribeir\u00e3o Preto-SP e Regi\u00e3o","link":"https:\/\/noticiasribeiraopreto.com.br\/index.php\/category\/noticias-de-ribeirao-preto-sp-e-regiao-ismael-colosi\/"},"img":{"alt_text":"","src":"https:\/\/i0.wp.com\/noticiasribeiraopreto.com.br\/wp-content\/uploads\/2025\/07\/Copia-de-Copia-de-Copia-de-TAMANHO-EXATO-PARA-FOTOS-NO-SISTEMA-NOVO-2025-07-25T185048.303_2025-07-25_21-51-40.webp.webp?fit=1200%2C675&ssl=1&resize=350%2C200","width":350,"height":200,"srcset":"https:\/\/i0.wp.com\/noticiasribeiraopreto.com.br\/wp-content\/uploads\/2025\/07\/Copia-de-Copia-de-Copia-de-TAMANHO-EXATO-PARA-FOTOS-NO-SISTEMA-NOVO-2025-07-25T185048.303_2025-07-25_21-51-40.webp.webp?fit=1200%2C675&ssl=1&resize=350%2C200 1x, https:\/\/i0.wp.com\/noticiasribeiraopreto.com.br\/wp-content\/uploads\/2025\/07\/Copia-de-Copia-de-Copia-de-TAMANHO-EXATO-PARA-FOTOS-NO-SISTEMA-NOVO-2025-07-25T185048.303_2025-07-25_21-51-40.webp.webp?fit=1200%2C675&ssl=1&resize=525%2C300 1.5x, https:\/\/i0.wp.com\/noticiasribeiraopreto.com.br\/wp-content\/uploads\/2025\/07\/Copia-de-Copia-de-Copia-de-TAMANHO-EXATO-PARA-FOTOS-NO-SISTEMA-NOVO-2025-07-25T185048.303_2025-07-25_21-51-40.webp.webp?fit=1200%2C675&ssl=1&resize=700%2C400 2x, https:\/\/i0.wp.com\/noticiasribeiraopreto.com.br\/wp-content\/uploads\/2025\/07\/Copia-de-Copia-de-Copia-de-TAMANHO-EXATO-PARA-FOTOS-NO-SISTEMA-NOVO-2025-07-25T185048.303_2025-07-25_21-51-40.webp.webp?fit=1200%2C675&ssl=1&resize=1050%2C600 3x"},"classes":[]},{"id":62569,"url":"https:\/\/noticiasribeiraopreto.com.br\/index.php\/2025\/01\/17\/estoque-milionario-de-cafe-desaparece-no-interior-de-sp\/","url_meta":{"origin":63542,"position":4},"title":"Estoque milion\u00e1rio de caf\u00e9 desaparece no interior de SP","author":"noticiasribeiraopreto.com.br","date":"17 de January de 2025","format":false,"excerpt":"A Pol\u00edcia Civil investiga um casal de empres\u00e1rios, donos de armaz\u00e9ns de caf\u00e9, pelo sumi\u00e7o de sacas do produto e um preju\u00edzo milion\u00e1rio para produtores rurais de Altin\u00f3polis, cidade no interior de S\u00e3o Paulo. De acordo com as informa\u00e7\u00f5es, pelo menos 16 produtores de caf\u00e9 registraram um boletim de ocorr\u00eancia.\u2026","rel":"","context":"In &quot;Not\u00edcias de Ribeir\u00e3o Preto-SP e Regi\u00e3o&quot;","block_context":{"text":"Not\u00edcias de Ribeir\u00e3o Preto-SP e Regi\u00e3o","link":"https:\/\/noticiasribeiraopreto.com.br\/index.php\/category\/noticias-de-ribeirao-preto-sp-e-regiao-ismael-colosi\/"},"img":{"alt_text":"","src":"https:\/\/i0.wp.com\/noticiasribeiraopreto.com.br\/wp-content\/uploads\/2025\/01\/Copia-de-Copia-de-Copia-de-TAMANHO-EXATO-PARA-FOTOS-NO-SISTEMA-NOVO-2025-01-17T161025.474_2025-01-17_19-10-32_png_2025-01-17_19-10-32.webp.webp?fit=1200%2C675&ssl=1&resize=350%2C200","width":350,"height":200,"srcset":"https:\/\/i0.wp.com\/noticiasribeiraopreto.com.br\/wp-content\/uploads\/2025\/01\/Copia-de-Copia-de-Copia-de-TAMANHO-EXATO-PARA-FOTOS-NO-SISTEMA-NOVO-2025-01-17T161025.474_2025-01-17_19-10-32_png_2025-01-17_19-10-32.webp.webp?fit=1200%2C675&ssl=1&resize=350%2C200 1x, https:\/\/i0.wp.com\/noticiasribeiraopreto.com.br\/wp-content\/uploads\/2025\/01\/Copia-de-Copia-de-Copia-de-TAMANHO-EXATO-PARA-FOTOS-NO-SISTEMA-NOVO-2025-01-17T161025.474_2025-01-17_19-10-32_png_2025-01-17_19-10-32.webp.webp?fit=1200%2C675&ssl=1&resize=525%2C300 1.5x, https:\/\/i0.wp.com\/noticiasribeiraopreto.com.br\/wp-content\/uploads\/2025\/01\/Copia-de-Copia-de-Copia-de-TAMANHO-EXATO-PARA-FOTOS-NO-SISTEMA-NOVO-2025-01-17T161025.474_2025-01-17_19-10-32_png_2025-01-17_19-10-32.webp.webp?fit=1200%2C675&ssl=1&resize=700%2C400 2x, https:\/\/i0.wp.com\/noticiasribeiraopreto.com.br\/wp-content\/uploads\/2025\/01\/Copia-de-Copia-de-Copia-de-TAMANHO-EXATO-PARA-FOTOS-NO-SISTEMA-NOVO-2025-01-17T161025.474_2025-01-17_19-10-32_png_2025-01-17_19-10-32.webp.webp?fit=1200%2C675&ssl=1&resize=1050%2C600 3x"},"classes":[]},{"id":82627,"url":"https:\/\/noticiasribeiraopreto.com.br\/index.php\/2026\/02\/21\/empresario-de-sp-suspeito-de-desaparecer-com-21-mil-sacas-de-cafe-e-preso-em-mg\/","url_meta":{"origin":63542,"position":5},"title":"Empres\u00e1rio de SP suspeito de desaparecer com 21 mil sacas de caf\u00e9 \u00e9 preso em MG","author":"noticiasribeiraopreto.com.br","date":"21 de February de 2026","format":false,"excerpt":"A Pol\u00edcia Militar prendeu nesta sexta-feira (20) o empres\u00e1rio Elvis Vilhena Faleiros investigado pelo desaparecimento de 21 mil sacas de caf\u00e9 e por um preju\u00edzo estimado em R$ 50 milh\u00f5es a 179 produtores rurais na regi\u00e3o de Ibiraci, em Minas Gerais. Natural de Franca, Elvis estava foragido desde janeiro. Policiais\u2026","rel":"","context":"In &quot;Not\u00edcias de Ribeir\u00e3o Preto-SP e Regi\u00e3o&quot;","block_context":{"text":"Not\u00edcias de Ribeir\u00e3o Preto-SP e Regi\u00e3o","link":"https:\/\/noticiasribeiraopreto.com.br\/index.php\/category\/noticias-de-ribeirao-preto-sp-e-regiao-ismael-colosi\/"},"img":{"alt_text":"","src":"https:\/\/i0.wp.com\/noticiasribeiraopreto.com.br\/wp-content\/uploads\/2026\/02\/domingo-9_2026-02-20_20-16-19.webp.webp?fit=1200%2C675&ssl=1&resize=350%2C200","width":350,"height":200,"srcset":"https:\/\/i0.wp.com\/noticiasribeiraopreto.com.br\/wp-content\/uploads\/2026\/02\/domingo-9_2026-02-20_20-16-19.webp.webp?fit=1200%2C675&ssl=1&resize=350%2C200 1x, https:\/\/i0.wp.com\/noticiasribeiraopreto.com.br\/wp-content\/uploads\/2026\/02\/domingo-9_2026-02-20_20-16-19.webp.webp?fit=1200%2C675&ssl=1&resize=525%2C300 1.5x, https:\/\/i0.wp.com\/noticiasribeiraopreto.com.br\/wp-content\/uploads\/2026\/02\/domingo-9_2026-02-20_20-16-19.webp.webp?fit=1200%2C675&ssl=1&resize=700%2C400 2x, https:\/\/i0.wp.com\/noticiasribeiraopreto.com.br\/wp-content\/uploads\/2026\/02\/domingo-9_2026-02-20_20-16-19.webp.webp?fit=1200%2C675&ssl=1&resize=1050%2C600 3x"},"classes":[]}],"jetpack_sharing_enabled":true,"jetpack_shortlink":"https:\/\/wp.me\/peQAOb-gwS","_links":{"self":[{"href":"https:\/\/noticiasribeiraopreto.com.br\/index.php\/wp-json\/wp\/v2\/posts\/63542","targetHints":{"allow":["GET"]}}],"collection":[{"href":"https:\/\/noticiasribeiraopreto.com.br\/index.php\/wp-json\/wp\/v2\/posts"}],"about":[{"href":"https:\/\/noticiasribeiraopreto.com.br\/index.php\/wp-json\/wp\/v2\/types\/post"}],"author":[{"embeddable":true,"href":"https:\/\/noticiasribeiraopreto.com.br\/index.php\/wp-json\/wp\/v2\/users\/1"}],"replies":[{"embeddable":true,"href":"https:\/\/noticiasribeiraopreto.com.br\/index.php\/wp-json\/wp\/v2\/comments?post=63542"}],"version-history":[{"count":0,"href":"https:\/\/noticiasribeiraopreto.com.br\/index.php\/wp-json\/wp\/v2\/posts\/63542\/revisions"}],"wp:featuredmedia":[{"embeddable":true,"href":"https:\/\/noticiasribeiraopreto.com.br\/index.php\/wp-json\/wp\/v2\/media\/63543"}],"wp:attachment":[{"href":"https:\/\/noticiasribeiraopreto.com.br\/index.php\/wp-json\/wp\/v2\/media?parent=63542"}],"wp:term":[{"taxonomy":"category","embeddable":true,"href":"https:\/\/noticiasribeiraopreto.com.br\/index.php\/wp-json\/wp\/v2\/categories?post=63542"},{"taxonomy":"post_tag","embeddable":true,"href":"https:\/\/noticiasribeiraopreto.com.br\/index.php\/wp-json\/wp\/v2\/tags?post=63542"}],"curies":[{"name":"wp","href":"https:\/\/api.w.org\/{rel}","templated":true}]}}