{"id":63546,"date":"2025-02-15T16:01:55","date_gmt":"2025-02-15T19:01:55","guid":{"rendered":"https:\/\/noticiasribeiraopreto.com.br\/index.php\/2025\/02\/15\/ribeirao-preto-tem-vagas-para-curso-de-mestre-de-obras-saiba-como-participar\/"},"modified":"2025-02-15T16:01:55","modified_gmt":"2025-02-15T19:01:55","slug":"ribeirao-preto-tem-vagas-para-curso-de-mestre-de-obras-saiba-como-participar","status":"publish","type":"post","link":"https:\/\/noticiasribeiraopreto.com.br\/index.php\/2025\/02\/15\/ribeirao-preto-tem-vagas-para-curso-de-mestre-de-obras-saiba-como-participar\/","title":{"rendered":"Ribeir\u00e3o Preto tem vagas para curso de mestre de obras; saiba como participar"},"content":{"rendered":"<p> <br \/>\n<\/p>\n<div data-td-block-uid=\"tdi_95\">\n<div class=\"tdb-block-inner td-fix-index\">\n<p>O <strong>Sindicato da Constru\u00e7\u00e3o Civil do Estado de S\u00e3o Paulo (SindusCon-SP) <\/strong>em parceria com o <strong>Servi\u00e7o Nacional de Aprendizagem Industrial (SENAI)<\/strong> oferece \u00e0 popula\u00e7\u00e3o de <strong>Ribeir\u00e3o Preto<\/strong> um curso gratuito de <strong>Mestre de Obras<\/strong>. As inscri\u00e7\u00f5es podem ser feitas at\u00e9 dia <strong>28 de fevereiro<\/strong>.<\/p>\n<p>As aulas acontecem no per\u00edodo da noite. O curso tem dura\u00e7\u00e3o de <strong>seis meses<\/strong>, em m\u00e9dia, com aulas de <strong>segunda a quinta-feira<\/strong>.<\/p>\n<h2 class=\"wp-block-heading\"><strong>Como se inscrever?<\/strong><\/h2>\n<p>Os interessados em participar devem ter o ensino fundamental completo e experi\u00eancia em algum setor da constru\u00e7\u00e3o ou com equipes de profissionais do setor.<\/p>\n<p>Para se inscrever, basta entrar em contato pelo <strong>Whatsapp<\/strong>: <strong>(16) 99126-4800<\/strong> ou pelo telefone: <strong>(16) 3623-1340<\/strong>.<\/p>\n<p>SAIBA MAIS<br \/>Acidente interdita tr\u00e2nsito no Centro de Ribeir\u00e3o Preto<\/p>\n<h4 class=\"wp-block-heading\"><strong>FIQUE ON<\/strong><\/h4>\n<p>Fique ligado em tudo que acontece em Ribeir\u00e3o Preto e regi\u00e3o. Siga os perfis do <strong>acidade on <\/strong>no <a href=\"https:\/\/www.instagram.com\/acidadeonribeirao\" target=\"_blank\" rel=\"noreferrer noopener\">Instagram<\/a> e no <a href=\"https:\/\/www.facebook.com\/acidadeonribeirao\" target=\"_blank\" rel=\"noreferrer noopener\">Facebook<\/a>.<\/p>\n<p>Receba not\u00edcias do acidade on no WhatsApp. Para entrar no grupo, basta <a href=\"https:\/\/chat.whatsapp.com\/BjKQZ9oJwlz8VVT50NuePq\" target=\"_blank\" rel=\"noreferrer noopener\">clicar aqui<\/a>.<\/p>\n<p>Fa\u00e7a uma den\u00fancia ou sugira uma reportagem sobre Ribeir\u00e3o Preto e regi\u00e3o pelo WhatsApp: 16 99117 7802.<\/p>\n<p>VEJA TAMB\u00c9M<br \/>Quem \u00e9 Alexandre \u2018Gaules\u2019?<\/p>\n<p><!-- CONTENT END 1 -->\n<\/div>\n<\/div>\n<p><script async src=\"\/\/www.instagram.com\/embed.js\"><\/script><br \/>\n<br \/><br \/>\n<br \/><a href=\"https:\/\/www.acidadeon.com\/ribeiraopreto\/cotidiano\/ribeirao-preto-tem-vagas-para-curso-de-mestre-de-obras-saiba-como-participar\/\">Source link <\/a><\/p>\n","protected":false},"excerpt":{"rendered":"<p>O Sindicato da Constru\u00e7\u00e3o Civil do Estado de S\u00e3o Paulo (SindusCon-SP) em parceria com o Servi\u00e7o Nacional de Aprendizagem Industrial (SENAI) oferece \u00e0 popula\u00e7\u00e3o de&#8230;<\/p>\n","protected":false},"author":1,"featured_media":63547,"comment_status":"open","ping_status":"open","sticky":false,"template":"","format":"standard","meta":{"advanced_seo_description":"","jetpack_seo_html_title":"","jetpack_seo_noindex":false,"jetpack_seo_schema_type":"","_jetpack_newsletter_access":"","_jetpack_dont_email_post_to_subs":false,"_jetpack_newsletter_tier_id":0,"_jetpack_memberships_contains_paywalled_content":false,"_jetpack_feature_clip_id":0,"_jetpack_memberships_contains_paid_content":false,"footnotes":"","jetpack_publicize_message":"","jetpack_publicize_feature_enabled":true,"jetpack_social_post_already_shared":true,"jetpack_social_options":{"image_generator_settings":{"template":"highway","default_image_id":0,"font":"","enabled":false},"version":2},"jetpack_post_was_ever_published":false},"categories":[11],"tags":[],"class_list":["post-63546","post","type-post","status-publish","format-standard","has-post-thumbnail","hentry","category-noticias-de-ribeirao-preto-sp-e-regiao-ismael-colosi"],"jetpack_publicize_connections":[],"jetpack-related-posts":[{"id":83318,"url":"https:\/\/noticiasribeiraopreto.com.br\/index.php\/2026\/03\/16\/curso-de-eletricista-gratuito-oferece-vagas-para-moradores-da-regiao-de-ribeirao-preto\/","url_meta":{"origin":63546,"position":0},"title":"Curso de eletricista gratuito oferece vagas para moradores da regi\u00e3o de Ribeir\u00e3o Preto","author":"noticiasribeiraopreto.com.br","date":"16 de March de 2026","format":false,"excerpt":"A CPFL Paulista, em parceria com o Senai, abriu inscri\u00e7\u00f5es para curso de qualifica\u00e7\u00e3o profissional gratuito na \u00e1rea de eletricista para moradores da regi\u00e3o de Ribeir\u00e3o Preto. S\u00e3o 16 vagas destinadas a homens e mulheres residentes em Igarapava, Ipu\u00e3, Ituverava, Franca, Morro Agudo, Orl\u00e2ndia, Patroc\u00ednio Paulista e S\u00e3o Joaquim da\u2026","rel":"","context":"In &quot;Not\u00edcias de Ribeir\u00e3o Preto-SP e Regi\u00e3o&quot;","block_context":{"text":"Not\u00edcias de Ribeir\u00e3o Preto-SP e Regi\u00e3o","link":"https:\/\/noticiasribeiraopreto.com.br\/index.php\/category\/noticias-de-ribeirao-preto-sp-e-regiao-ismael-colosi\/"},"img":{"alt_text":"","src":"https:\/\/i0.wp.com\/noticiasribeiraopreto.com.br\/wp-content\/uploads\/2026\/03\/baixados-17_2026-03-15_20-19-30.webp.webp?fit=568%2C379&ssl=1&resize=350%2C200","width":350,"height":200,"srcset":"https:\/\/i0.wp.com\/noticiasribeiraopreto.com.br\/wp-content\/uploads\/2026\/03\/baixados-17_2026-03-15_20-19-30.webp.webp?fit=568%2C379&ssl=1&resize=350%2C200 1x, https:\/\/i0.wp.com\/noticiasribeiraopreto.com.br\/wp-content\/uploads\/2026\/03\/baixados-17_2026-03-15_20-19-30.webp.webp?fit=568%2C379&ssl=1&resize=525%2C300 1.5x"},"classes":[]},{"id":74880,"url":"https:\/\/noticiasribeiraopreto.com.br\/index.php\/2025\/07\/30\/ribeirao-preto-entra-na-rota-dos-cursos-gratuitos-para-qualificacao-na-construcao-civil\/","url_meta":{"origin":63546,"position":1},"title":"Ribeir\u00e3o Preto entra na rota dos cursos gratuitos para qualifica\u00e7\u00e3o na constru\u00e7\u00e3o civil","author":"noticiasribeiraopreto.com.br","date":"30 de July de 2025","format":false,"excerpt":"O Programa de Qualifica\u00e7\u00e3o nos Canteiros de Obras do SindusCon-SP (Sindicato da Ind\u00fastria da Constru\u00e7\u00e3o Civil do Estado de S\u00e3o Paulo) anunciou a amplia\u00e7\u00e3o do projeto para 10 cidades do interior paulista. Ao todo, s\u00e3o 6 mil vagas para jovens em busca do primeiro emprego e para profissionais industriais em\u2026","rel":"","context":"In &quot;Not\u00edcias de Ribeir\u00e3o Preto-SP e Regi\u00e3o&quot;","block_context":{"text":"Not\u00edcias de Ribeir\u00e3o Preto-SP e Regi\u00e3o","link":"https:\/\/noticiasribeiraopreto.com.br\/index.php\/category\/noticias-de-ribeirao-preto-sp-e-regiao-ismael-colosi\/"},"img":{"alt_text":"","src":"https:\/\/i0.wp.com\/noticiasribeiraopreto.com.br\/wp-content\/uploads\/2025\/07\/building-construction-worker-site_2025-02-15_17-11-08_jpg_2025-02-15_17-11-10-1024x683.webp.webp?fit=1024%2C683&ssl=1&resize=350%2C200","width":350,"height":200,"srcset":"https:\/\/i0.wp.com\/noticiasribeiraopreto.com.br\/wp-content\/uploads\/2025\/07\/building-construction-worker-site_2025-02-15_17-11-08_jpg_2025-02-15_17-11-10-1024x683.webp.webp?fit=1024%2C683&ssl=1&resize=350%2C200 1x, https:\/\/i0.wp.com\/noticiasribeiraopreto.com.br\/wp-content\/uploads\/2025\/07\/building-construction-worker-site_2025-02-15_17-11-08_jpg_2025-02-15_17-11-10-1024x683.webp.webp?fit=1024%2C683&ssl=1&resize=525%2C300 1.5x, https:\/\/i0.wp.com\/noticiasribeiraopreto.com.br\/wp-content\/uploads\/2025\/07\/building-construction-worker-site_2025-02-15_17-11-08_jpg_2025-02-15_17-11-10-1024x683.webp.webp?fit=1024%2C683&ssl=1&resize=700%2C400 2x"},"classes":[]},{"id":73025,"url":"https:\/\/noticiasribeiraopreto.com.br\/index.php\/2025\/06\/24\/ribeirao-preto-abre-72-vagas-para-cursos-gratuitos-de-qualificacao-nas-ferias-veja-como-se-inscrever\/","url_meta":{"origin":63546,"position":2},"title":"Ribeir\u00e3o Preto abre 72 vagas para cursos gratuitos de qualifica\u00e7\u00e3o nas f\u00e9rias; Veja como se inscrever","author":"noticiasribeiraopreto.com.br","date":"24 de June de 2025","format":false,"excerpt":"O Centro de Qualifica\u00e7\u00e3o Social e Profissional de Ribeir\u00e3o Preto, ligado \u00e0 Secretaria Municipal de Assist\u00eancia Social, oferece 72 vagas em seis cursos profissionalizantes gratuitos, com aulas no per\u00edodo de f\u00e9rias, entre os dias 7 e 31 de julho. Veja os cursos oferecidos: Empreendedorismo \u2013 12 vagas Auxiliar administrativo \u2013\u2026","rel":"","context":"In &quot;Not\u00edcias de Ribeir\u00e3o Preto-SP e Regi\u00e3o&quot;","block_context":{"text":"Not\u00edcias de Ribeir\u00e3o Preto-SP e Regi\u00e3o","link":"https:\/\/noticiasribeiraopreto.com.br\/index.php\/category\/noticias-de-ribeirao-preto-sp-e-regiao-ismael-colosi\/"},"img":{"alt_text":"","src":"https:\/\/i0.wp.com\/noticiasribeiraopreto.com.br\/wp-content\/uploads\/2025\/06\/a.ok_.cursoferias_2_1_2025-06-24_11-25-52.webp.webp?fit=1000%2C666&ssl=1&resize=350%2C200","width":350,"height":200,"srcset":"https:\/\/i0.wp.com\/noticiasribeiraopreto.com.br\/wp-content\/uploads\/2025\/06\/a.ok_.cursoferias_2_1_2025-06-24_11-25-52.webp.webp?fit=1000%2C666&ssl=1&resize=350%2C200 1x, https:\/\/i0.wp.com\/noticiasribeiraopreto.com.br\/wp-content\/uploads\/2025\/06\/a.ok_.cursoferias_2_1_2025-06-24_11-25-52.webp.webp?fit=1000%2C666&ssl=1&resize=525%2C300 1.5x, https:\/\/i0.wp.com\/noticiasribeiraopreto.com.br\/wp-content\/uploads\/2025\/06\/a.ok_.cursoferias_2_1_2025-06-24_11-25-52.webp.webp?fit=1000%2C666&ssl=1&resize=700%2C400 2x"},"classes":[]},{"id":67633,"url":"https:\/\/noticiasribeiraopreto.com.br\/index.php\/2025\/04\/16\/centro-de-qualificacao-de-ribeirao-preto-tem-mais-de-400-vagas-em-cursos-gratuitos\/","url_meta":{"origin":63546,"position":3},"title":"Centro de Qualifica\u00e7\u00e3o de Ribeir\u00e3o Preto tem mais de 400 vagas em cursos gratuitos","author":"noticiasribeiraopreto.com.br","date":"16 de April de 2025","format":false,"excerpt":"O Centro de Qualifica\u00e7\u00e3o Social e Profissional de Ribeir\u00e3o Preto conta com mais de 400 vagas para cursos profissionalizantes gratuitos. As inscri\u00e7\u00f5es devem ser realizadas pela internet (clique aqui), no per\u00edodo entre 22 e 25 de abril. As aulas ser\u00e3o realizadas nos per\u00edodos da manh\u00e3 e da tarde na sede\u2026","rel":"","context":"In &quot;Not\u00edcias de Ribeir\u00e3o Preto-SP e Regi\u00e3o&quot;","block_context":{"text":"Not\u00edcias de Ribeir\u00e3o Preto-SP e Regi\u00e3o","link":"https:\/\/noticiasribeiraopreto.com.br\/index.php\/category\/noticias-de-ribeirao-preto-sp-e-regiao-ismael-colosi\/"},"img":{"alt_text":"","src":"https:\/\/i0.wp.com\/noticiasribeiraopreto.com.br\/wp-content\/uploads\/2025\/04\/centro-de-qualificacao_2025-04-16_19-24-49_jpg_2025-04-16_19-24-49.webp.webp?fit=1000%2C667&ssl=1&resize=350%2C200","width":350,"height":200,"srcset":"https:\/\/i0.wp.com\/noticiasribeiraopreto.com.br\/wp-content\/uploads\/2025\/04\/centro-de-qualificacao_2025-04-16_19-24-49_jpg_2025-04-16_19-24-49.webp.webp?fit=1000%2C667&ssl=1&resize=350%2C200 1x, https:\/\/i0.wp.com\/noticiasribeiraopreto.com.br\/wp-content\/uploads\/2025\/04\/centro-de-qualificacao_2025-04-16_19-24-49_jpg_2025-04-16_19-24-49.webp.webp?fit=1000%2C667&ssl=1&resize=525%2C300 1.5x, https:\/\/i0.wp.com\/noticiasribeiraopreto.com.br\/wp-content\/uploads\/2025\/04\/centro-de-qualificacao_2025-04-16_19-24-49_jpg_2025-04-16_19-24-49.webp.webp?fit=1000%2C667&ssl=1&resize=700%2C400 2x"},"classes":[]},{"id":84039,"url":"https:\/\/noticiasribeiraopreto.com.br\/index.php\/2026\/03\/31\/usp-oferece-curso-gratuito-de-marketing-estrategico-saiba-como-se-inscrever\/","url_meta":{"origin":63546,"position":4},"title":"USP oferece curso gratuito de marketing estrat\u00e9gico; Saiba como se inscrever","author":"noticiasribeiraopreto.com.br","date":"31 de March de 2026","format":false,"excerpt":"Ler o resumo da not\u00edcia USP de Ribeir\u00e3o Preto oferece curso gratuito de marketing estrat\u00e9gico via FUNDACE Aulas online extras\u00eddas do MBA em Gest\u00e3o de Marketing; inscri\u00e7\u00f5es v\u00e3o at\u00e9 6 de maio de 2026 Participantes devem ter diploma de gradua\u00e7\u00e3o reconhecido pelo MEC; curso oferece certificado A FUNDACE (Funda\u00e7\u00e3o para\u2026","rel":"","context":"In &quot;Not\u00edcias de Ribeir\u00e3o Preto-SP e Regi\u00e3o&quot;","block_context":{"text":"Not\u00edcias de Ribeir\u00e3o Preto-SP e Regi\u00e3o","link":"https:\/\/noticiasribeiraopreto.com.br\/index.php\/category\/noticias-de-ribeirao-preto-sp-e-regiao-ismael-colosi\/"},"img":{"alt_text":"","src":"https:\/\/i0.wp.com\/noticiasribeiraopreto.com.br\/wp-content\/uploads\/2026\/03\/FEARP-800-420_2026-03-31_15-42-09.webp.webp?fit=800%2C420&ssl=1&resize=350%2C200","width":350,"height":200,"srcset":"https:\/\/i0.wp.com\/noticiasribeiraopreto.com.br\/wp-content\/uploads\/2026\/03\/FEARP-800-420_2026-03-31_15-42-09.webp.webp?fit=800%2C420&ssl=1&resize=350%2C200 1x, https:\/\/i0.wp.com\/noticiasribeiraopreto.com.br\/wp-content\/uploads\/2026\/03\/FEARP-800-420_2026-03-31_15-42-09.webp.webp?fit=800%2C420&ssl=1&resize=525%2C300 1.5x, https:\/\/i0.wp.com\/noticiasribeiraopreto.com.br\/wp-content\/uploads\/2026\/03\/FEARP-800-420_2026-03-31_15-42-09.webp.webp?fit=800%2C420&ssl=1&resize=700%2C400 2x"},"classes":[]},{"id":69598,"url":"https:\/\/noticiasribeiraopreto.com.br\/index.php\/2025\/05\/07\/funtec-de-ribeirao-oferece-cursos-gratuitos-de-qualificacao-profissional-veja-como-participar\/","url_meta":{"origin":63546,"position":5},"title":"Funtec de Ribeir\u00e3o oferece cursos gratuitos de qualifica\u00e7\u00e3o profissional; Veja como participar","author":"noticiasribeiraopreto.com.br","date":"7 de May de 2025","format":false,"excerpt":"A Funtec (Funda\u00e7\u00e3o de Forma\u00e7\u00e3o Tecnol\u00f3gica) de Ribeir\u00e3o Preto est\u00e1 com oportunidade de cursos gratuitos para aqueles que est\u00e3o em busca de qualifica\u00e7\u00e3o profissional. S\u00e3o 60 vagas dispon\u00edveis, sendo 30 para o curso de Gest\u00e3o e Finan\u00e7as (das 8h \u00e0s 12) e 30 para Vendas e Atendimento ao Cliente (das\u2026","rel":"","context":"In &quot;Not\u00edcias de Ribeir\u00e3o Preto-SP e Regi\u00e3o&quot;","block_context":{"text":"Not\u00edcias de Ribeir\u00e3o Preto-SP e Regi\u00e3o","link":"https:\/\/noticiasribeiraopreto.com.br\/index.php\/category\/noticias-de-ribeirao-preto-sp-e-regiao-ismael-colosi\/"},"img":{"alt_text":"","src":"https:\/\/i0.wp.com\/noticiasribeiraopreto.com.br\/wp-content\/uploads\/2025\/05\/1cursos_funtec_-_foto_guilherme_sircili_33.jpg?fit=1200%2C799&ssl=1&resize=350%2C200","width":350,"height":200,"srcset":"https:\/\/i0.wp.com\/noticiasribeiraopreto.com.br\/wp-content\/uploads\/2025\/05\/1cursos_funtec_-_foto_guilherme_sircili_33.jpg?fit=1200%2C799&ssl=1&resize=350%2C200 1x, https:\/\/i0.wp.com\/noticiasribeiraopreto.com.br\/wp-content\/uploads\/2025\/05\/1cursos_funtec_-_foto_guilherme_sircili_33.jpg?fit=1200%2C799&ssl=1&resize=525%2C300 1.5x, https:\/\/i0.wp.com\/noticiasribeiraopreto.com.br\/wp-content\/uploads\/2025\/05\/1cursos_funtec_-_foto_guilherme_sircili_33.jpg?fit=1200%2C799&ssl=1&resize=700%2C400 2x, https:\/\/i0.wp.com\/noticiasribeiraopreto.com.br\/wp-content\/uploads\/2025\/05\/1cursos_funtec_-_foto_guilherme_sircili_33.jpg?fit=1200%2C799&ssl=1&resize=1050%2C600 3x"},"classes":[]}],"jetpack_sharing_enabled":true,"jetpack_shortlink":"https:\/\/wp.me\/peQAOb-gwW","jetpack_featured_media_url":"https:\/\/i0.wp.com\/noticiasribeiraopreto.com.br\/wp-content\/uploads\/2025\/02\/building-construction-worker-site_2025-02-15_17-11-08_jpg_2025-02-15_17-11-10-scaled.webp.webp?fit=2560%2C1707&ssl=1","_links":{"self":[{"href":"https:\/\/noticiasribeiraopreto.com.br\/index.php\/wp-json\/wp\/v2\/posts\/63546","targetHints":{"allow":["GET"]}}],"collection":[{"href":"https:\/\/noticiasribeiraopreto.com.br\/index.php\/wp-json\/wp\/v2\/posts"}],"about":[{"href":"https:\/\/noticiasribeiraopreto.com.br\/index.php\/wp-json\/wp\/v2\/types\/post"}],"author":[{"embeddable":true,"href":"https:\/\/noticiasribeiraopreto.com.br\/index.php\/wp-json\/wp\/v2\/users\/1"}],"replies":[{"embeddable":true,"href":"https:\/\/noticiasribeiraopreto.com.br\/index.php\/wp-json\/wp\/v2\/comments?post=63546"}],"version-history":[{"count":0,"href":"https:\/\/noticiasribeiraopreto.com.br\/index.php\/wp-json\/wp\/v2\/posts\/63546\/revisions"}],"wp:featuredmedia":[{"embeddable":true,"href":"https:\/\/noticiasribeiraopreto.com.br\/index.php\/wp-json\/wp\/v2\/media\/63547"}],"wp:attachment":[{"href":"https:\/\/noticiasribeiraopreto.com.br\/index.php\/wp-json\/wp\/v2\/media?parent=63546"}],"wp:term":[{"taxonomy":"category","embeddable":true,"href":"https:\/\/noticiasribeiraopreto.com.br\/index.php\/wp-json\/wp\/v2\/categories?post=63546"},{"taxonomy":"post_tag","embeddable":true,"href":"https:\/\/noticiasribeiraopreto.com.br\/index.php\/wp-json\/wp\/v2\/tags?post=63546"}],"curies":[{"name":"wp","href":"https:\/\/api.w.org\/{rel}","templated":true}]}}