{"id":63621,"date":"2025-02-18T09:18:01","date_gmt":"2025-02-18T12:18:01","guid":{"rendered":"https:\/\/noticiasribeiraopreto.com.br\/index.php\/2025\/02\/18\/tragedia-em-ribeirao-preto-ciclista-perde-a-vida-em-colisao-com-onibus\/"},"modified":"2025-02-18T09:18:01","modified_gmt":"2025-02-18T12:18:01","slug":"tragedia-em-ribeirao-preto-ciclista-perde-a-vida-em-colisao-com-onibus","status":"publish","type":"post","link":"https:\/\/noticiasribeiraopreto.com.br\/index.php\/2025\/02\/18\/tragedia-em-ribeirao-preto-ciclista-perde-a-vida-em-colisao-com-onibus\/","title":{"rendered":"Trag\u00e9dia em Ribeir\u00e3o Preto: Ciclista Perde a Vida em Colis\u00e3o com \u00d4nibus"},"content":{"rendered":"<div class='code-block code-block-1' style='margin: 8px 0 8px auto; text-align: right; display: block; clear: both;'>\n<p><a href=\"https:\/\/wa.link\/vpicfd\"><img data-recalc-dims=\"1\" class=\"wp-image-4922\" style=\"aspect-ratio: 2.0253164556962027; width: 561px; height: auto;\" src=\"https:\/\/i0.wp.com\/ismaelcolosi.com.br\/wp-content\/uploads\/2023\/11\/grupo-de-empregos-whatsapp-e-facebook-ismael-colosi-vagas.jpg?ssl=1\" alt=\"\" \/><\/a><\/p>\n<!-- \/wp:image -->\n<\/div>\n<p> <br \/>\n<\/p>\n<div>\n<p>Em Ribeir\u00e3o Preto, um grave acidente chocou a comunidade local e trouxe \u00e0 tona a discuss\u00e3o sobre a seguran\u00e7a dos ciclistas nas vias urbanas. Um ciclista perdeu a vida ap\u00f3s ser atingido por um \u00f4nibus, em uma colis\u00e3o que ocorreu em um dos principais pontos de circula\u00e7\u00e3o da cidade.<\/p>\n<p>Segundo relatos, o incidente aconteceu quando o ciclista trafegava em uma \u00e1rea onde a infraestrutura para bicicletas ainda \u00e9 prec\u00e1ria. O impacto violento do \u00f4nibus, que seguia em alta velocidade, foi determinante para a trag\u00e9dia. Equipes de emerg\u00eancia foram acionadas imediatamente, mas, apesar dos esfor\u00e7os, o ciclista n\u00e3o resistiu aos ferimentos.<\/p>\n<p>As autoridades j\u00e1 est\u00e3o investigando as circunst\u00e2ncias do acidente. A Pol\u00edcia Militar busca entender se fatores como a falta de sinaliza\u00e7\u00e3o adequada, condi\u00e7\u00f5es da via ou eventuais infra\u00e7\u00f5es de tr\u00e2nsito contribu\u00edram para o ocorrido. O motorista do \u00f4nibus foi entrevistado e seu depoimento ser\u00e1 fundamental para a an\u00e1lise dos fatos.<\/p>\n<p>Moradores e ciclistas da regi\u00e3o expressaram preocupa\u00e7\u00e3o com a seguran\u00e7a no tr\u00e2nsito. Muitos destacam a necessidade urgente de melhorias na infraestrutura, como a cria\u00e7\u00e3o de ciclovias seguras e sinaliza\u00e7\u00e3o mais eficiente, para evitar que trag\u00e9dias como essa se repitam.<\/p>\n<p>Este lament\u00e1vel epis\u00f3dio refor\u00e7a a import\u00e2ncia de medidas de preven\u00e7\u00e3o e fiscaliza\u00e7\u00e3o nas ruas de Ribeir\u00e3o Preto. Enquanto o inqu\u00e9rito segue, a comunidade espera que as investiga\u00e7\u00f5es tragam respostas e sirvam de impulso para a implementa\u00e7\u00e3o de pol\u00edticas que garantam maior prote\u00e7\u00e3o aos ciclistas e demais pedestres.<\/p>\n<p>\u00a0<\/p>\n<p>&#13;<br \/>\n\t\t\t\t<span class=\"post-views-icon dashicons dashicons-chart-bar\"\/> <span class=\"post-views-label\">Visualiza\u00e7\u00f5es:<\/span> <span class=\"post-views-count\">3<\/span>&#13;\n\t\t\t<\/p>\n<\/p><\/div>\n<p><br \/>\n<br \/><a href=\"https:\/\/folhaderibeirao.com.br\/2025\/02\/18\/tragedia-em-ribeirao-preto-ciclista-perde-a-vida-em-colisao-com-onibus\/\">Source link <\/a><\/p>\n<!-- CONTENT END 1 -->\n","protected":false},"excerpt":{"rendered":"<p>Em Ribeir\u00e3o Preto, um grave acidente chocou a comunidade local e trouxe \u00e0 tona a discuss\u00e3o sobre a seguran\u00e7a dos ciclistas nas vias urbanas. Um&#8230;<\/p>\n","protected":false},"author":1,"featured_media":63622,"comment_status":"open","ping_status":"open","sticky":false,"template":"","format":"standard","meta":{"advanced_seo_description":"","jetpack_seo_html_title":"","jetpack_seo_noindex":false,"jetpack_post_was_ever_published":false,"_jetpack_newsletter_access":"","_jetpack_dont_email_post_to_subs":false,"_jetpack_newsletter_tier_id":0,"_jetpack_memberships_contains_paywalled_content":false,"_jetpack_memberships_contains_paid_content":false,"footnotes":"","jetpack_publicize_message":"","jetpack_publicize_feature_enabled":true,"jetpack_social_post_already_shared":true,"jetpack_social_options":{"image_generator_settings":{"template":"highway","default_image_id":0,"font":"","enabled":false},"version":2}},"categories":[11],"tags":[866,1556,335,312,27,26,5924,1046],"class_list":["post-63621","post","type-post","status-publish","format-standard","has-post-thumbnail","hentry","category-noticias-de-ribeirao-preto-sp-e-regiao-ismael-colosi","tag-ciclista","tag-colisao","tag-onibus","tag-perde","tag-preto","tag-ribeirao","tag-tragedia","tag-vida"],"jetpack_publicize_connections":[],"jetpack_featured_media_url":"https:\/\/i0.wp.com\/noticiasribeiraopreto.com.br\/wp-content\/uploads\/2025\/02\/pm_sp02.webp.webp?fit=1170%2C700&ssl=1","jetpack-related-posts":[{"id":60273,"url":"https:\/\/noticiasribeiraopreto.com.br\/index.php\/2024\/11\/09\/ciclista-morre-apos-ser-atropelado-por-onibus-em-acostamento-de-rodovia-na-regiao-de-ribeirao\/","url_meta":{"origin":63621,"position":0},"title":"Ciclista morre ap\u00f3s ser atropelado por \u00f4nibus em acostamento de rodovia na regi\u00e3o de Ribeir\u00e3o","author":"noticiasribeiraopreto.com.br","date":"9 de November de 2024","format":false,"excerpt":"Um ciclista morreu na manh\u00e3\u00a0deste s\u00e1bado (9), ap\u00f3s ser atropelado por um \u00f4nibus no acostamento da rodovia Carlos Tonanni (SP-333), em Sert\u00e3ozinho, na regi\u00e3o de Ribeir\u00e3o Preto. A Via\u00e7\u00e3o R\u00e1pido D\u2019Oeste, resposn\u00e1vel pelo ve\u00edculo, afirmou que o motorista sofreu um mal s\u00fabito (leia mais abaixo). O ciclista Gustavo Alves do\u2026","rel":"","context":"In &quot;Not\u00edcias de Ribeir\u00e3o Preto-SP e Regi\u00e3o&quot;","block_context":{"text":"Not\u00edcias de Ribeir\u00e3o Preto-SP e Regi\u00e3o","link":"https:\/\/noticiasribeiraopreto.com.br\/index.php\/category\/noticias-de-ribeirao-preto-sp-e-regiao-ismael-colosi\/"},"img":{"alt_text":"","src":"https:\/\/i0.wp.com\/noticiasribeiraopreto.com.br\/wp-content\/uploads\/2024\/11\/CICLISTA_2024-11-09_19-47-48_jpg_2024-11-09_19-47-48.webp.webp?fit=1200%2C873&ssl=1&resize=350%2C200","width":350,"height":200,"srcset":"https:\/\/i0.wp.com\/noticiasribeiraopreto.com.br\/wp-content\/uploads\/2024\/11\/CICLISTA_2024-11-09_19-47-48_jpg_2024-11-09_19-47-48.webp.webp?fit=1200%2C873&ssl=1&resize=350%2C200 1x, https:\/\/i0.wp.com\/noticiasribeiraopreto.com.br\/wp-content\/uploads\/2024\/11\/CICLISTA_2024-11-09_19-47-48_jpg_2024-11-09_19-47-48.webp.webp?fit=1200%2C873&ssl=1&resize=525%2C300 1.5x, https:\/\/i0.wp.com\/noticiasribeiraopreto.com.br\/wp-content\/uploads\/2024\/11\/CICLISTA_2024-11-09_19-47-48_jpg_2024-11-09_19-47-48.webp.webp?fit=1200%2C873&ssl=1&resize=700%2C400 2x, https:\/\/i0.wp.com\/noticiasribeiraopreto.com.br\/wp-content\/uploads\/2024\/11\/CICLISTA_2024-11-09_19-47-48_jpg_2024-11-09_19-47-48.webp.webp?fit=1200%2C873&ssl=1&resize=1050%2C600 3x"},"classes":[]},{"id":63619,"url":"https:\/\/noticiasribeiraopreto.com.br\/index.php\/2025\/02\/18\/tragedia-no-centro-de-ribeirao-preto-idosa-perde-a-vida-apos-ser-atropelada-por-onibus\/","url_meta":{"origin":63621,"position":1},"title":"Trag\u00e9dia no Centro de Ribeir\u00e3o Preto: Idosa Perde a Vida Ap\u00f3s Ser Atropelada por \u00d4nibus","author":"noticiasribeiraopreto.com.br","date":"18 de February de 2025","format":false,"excerpt":"No cora\u00e7\u00e3o de Ribeir\u00e3o Preto, um grave acidente interrompeu a rotina da cidade. Uma idosa foi fatalmente atropelada por um \u00f4nibus enquanto transitava pelo centro, gerando profunda consterna\u00e7\u00e3o entre os presentes. O epis\u00f3dio, capturado em v\u00eddeo por testemunhas, mostra a cena chocante que ocorreu em uma \u00e1rea de grande circula\u00e7\u00e3o\u2026","rel":"","context":"In &quot;Not\u00edcias de Ribeir\u00e3o Preto-SP e Regi\u00e3o&quot;","block_context":{"text":"Not\u00edcias de Ribeir\u00e3o Preto-SP e Regi\u00e3o","link":"https:\/\/noticiasribeiraopreto.com.br\/index.php\/category\/noticias-de-ribeirao-preto-sp-e-regiao-ismael-colosi\/"},"img":{"alt_text":"","src":"https:\/\/i0.wp.com\/noticiasribeiraopreto.com.br\/wp-content\/uploads\/2025\/02\/4_fiscalizacao_corredores_central_-_foto_fernando_gonzaga_8.jpeg?fit=1200%2C800&ssl=1&resize=350%2C200","width":350,"height":200,"srcset":"https:\/\/i0.wp.com\/noticiasribeiraopreto.com.br\/wp-content\/uploads\/2025\/02\/4_fiscalizacao_corredores_central_-_foto_fernando_gonzaga_8.jpeg?fit=1200%2C800&ssl=1&resize=350%2C200 1x, https:\/\/i0.wp.com\/noticiasribeiraopreto.com.br\/wp-content\/uploads\/2025\/02\/4_fiscalizacao_corredores_central_-_foto_fernando_gonzaga_8.jpeg?fit=1200%2C800&ssl=1&resize=525%2C300 1.5x, https:\/\/i0.wp.com\/noticiasribeiraopreto.com.br\/wp-content\/uploads\/2025\/02\/4_fiscalizacao_corredores_central_-_foto_fernando_gonzaga_8.jpeg?fit=1200%2C800&ssl=1&resize=700%2C400 2x, https:\/\/i0.wp.com\/noticiasribeiraopreto.com.br\/wp-content\/uploads\/2025\/02\/4_fiscalizacao_corredores_central_-_foto_fernando_gonzaga_8.jpeg?fit=1200%2C800&ssl=1&resize=1050%2C600 3x"},"classes":[]},{"id":63475,"url":"https:\/\/noticiasribeiraopreto.com.br\/index.php\/2025\/02\/14\/ciclista-assassinato-em-area-nobre-de-sp-uma-perda-irreparavel-de-um-espirito-generoso-de-ribeirao-preto\/","url_meta":{"origin":63621,"position":2},"title":"Ciclista Assassinato em \u00c1rea Nobre de SP: Uma Perda Irrepar\u00e1vel de um Esp\u00edrito Generoso de Ribeir\u00e3o Preto","author":"noticiasribeiraopreto.com.br","date":"14 de February de 2025","format":false,"excerpt":"O tr\u00e1gico assassinato de um ciclista em uma \u00e1rea nobre de S\u00e3o Paulo chocou n\u00e3o apenas os paulistanos, mas tamb\u00e9m a cidade de Ribeir\u00e3o Preto, de onde ele era natural. Reconhecido por seu sorriso f\u00e1cil, esp\u00edrito tranquilo e generoso, ele conquistou amigos e familiares por sua bondade e amor ao\u2026","rel":"","context":"In &quot;Not\u00edcias de Ribeir\u00e3o Preto-SP e Regi\u00e3o&quot;","block_context":{"text":"Not\u00edcias de Ribeir\u00e3o Preto-SP e Regi\u00e3o","link":"https:\/\/noticiasribeiraopreto.com.br\/index.php\/category\/noticias-de-ribeirao-preto-sp-e-regiao-ismael-colosi\/"},"img":{"alt_text":"","src":"https:\/\/i0.wp.com\/noticiasribeiraopreto.com.br\/wp-content\/uploads\/2025\/02\/vitor-medrado.jpg?fit=889%2C500&ssl=1&resize=350%2C200","width":350,"height":200,"srcset":"https:\/\/i0.wp.com\/noticiasribeiraopreto.com.br\/wp-content\/uploads\/2025\/02\/vitor-medrado.jpg?fit=889%2C500&ssl=1&resize=350%2C200 1x, https:\/\/i0.wp.com\/noticiasribeiraopreto.com.br\/wp-content\/uploads\/2025\/02\/vitor-medrado.jpg?fit=889%2C500&ssl=1&resize=525%2C300 1.5x, https:\/\/i0.wp.com\/noticiasribeiraopreto.com.br\/wp-content\/uploads\/2025\/02\/vitor-medrado.jpg?fit=889%2C500&ssl=1&resize=700%2C400 2x"},"classes":[]},{"id":63630,"url":"https:\/\/noticiasribeiraopreto.com.br\/index.php\/2025\/02\/18\/identificado-ciclista-que-morreu-atropelado-por-onibus-em-avenida-de-ribeirao-preto\/","url_meta":{"origin":63621,"position":3},"title":"Identificado ciclista que morreu atropelado por \u00f4nibus em avenida de Ribeir\u00e3o Preto","author":"noticiasribeiraopreto.com.br","date":"18 de February de 2025","format":false,"excerpt":"A Pol\u00edcia Civil identificou o ciclista morto na tarde desta segunda-feira (17), ap\u00f3s ser atropelado por um \u00f4nibus intermunicipal, na avenida Independ\u00eancia, ao lado da pra\u00e7a Salvador Spadoni, em Ribeir\u00e3o Preto. Segundo o boletim de ocorr\u00eancia (BO), Roberio Pereira Lima, de 53 anos, morreu no local. Ainda consta no BO,\u2026","rel":"","context":"In &quot;Not\u00edcias de Ribeir\u00e3o Preto-SP e Regi\u00e3o&quot;","block_context":{"text":"Not\u00edcias de Ribeir\u00e3o Preto-SP e Regi\u00e3o","link":"https:\/\/noticiasribeiraopreto.com.br\/index.php\/category\/noticias-de-ribeirao-preto-sp-e-regiao-ismael-colosi\/"},"img":{"alt_text":"","src":"https:\/\/i0.wp.com\/noticiasribeiraopreto.com.br\/wp-content\/uploads\/2025\/02\/ATROPELAMENTO_2025-02-17_17-47-28_jpg_2025-02-17_17-47-28.webp.webp?fit=1200%2C842&ssl=1&resize=350%2C200","width":350,"height":200,"srcset":"https:\/\/i0.wp.com\/noticiasribeiraopreto.com.br\/wp-content\/uploads\/2025\/02\/ATROPELAMENTO_2025-02-17_17-47-28_jpg_2025-02-17_17-47-28.webp.webp?fit=1200%2C842&ssl=1&resize=350%2C200 1x, https:\/\/i0.wp.com\/noticiasribeiraopreto.com.br\/wp-content\/uploads\/2025\/02\/ATROPELAMENTO_2025-02-17_17-47-28_jpg_2025-02-17_17-47-28.webp.webp?fit=1200%2C842&ssl=1&resize=525%2C300 1.5x, https:\/\/i0.wp.com\/noticiasribeiraopreto.com.br\/wp-content\/uploads\/2025\/02\/ATROPELAMENTO_2025-02-17_17-47-28_jpg_2025-02-17_17-47-28.webp.webp?fit=1200%2C842&ssl=1&resize=700%2C400 2x, https:\/\/i0.wp.com\/noticiasribeiraopreto.com.br\/wp-content\/uploads\/2025\/02\/ATROPELAMENTO_2025-02-17_17-47-28_jpg_2025-02-17_17-47-28.webp.webp?fit=1200%2C842&ssl=1&resize=1050%2C600 3x"},"classes":[]},{"id":63600,"url":"https:\/\/noticiasribeiraopreto.com.br\/index.php\/2025\/02\/17\/ciclista-morre-atropelado-por-onibus-em-avenida-de-ribeirao-preto\/","url_meta":{"origin":63621,"position":4},"title":"Ciclista morre atropelado por \u00f4nibus em avenida de Ribeir\u00e3o Preto","author":"noticiasribeiraopreto.com.br","date":"17 de February de 2025","format":false,"excerpt":"Um ciclista de 52 anos morreu nesta segunda-feira (17), ap\u00f3s ser atropelado por um \u00f4nibus intermunicipal na avenida Independ\u00eancia, ao lado da pra\u00e7a Salvador Spadoni, em Ribeir\u00e3o Preto. A RP Mobi informou que a faixa da direita na pista bairro-Centro da Independ\u00eancia est\u00e1 totalmente bloqueada, no cruzamento com a avenida\u2026","rel":"","context":"In &quot;Not\u00edcias de Ribeir\u00e3o Preto-SP e Regi\u00e3o&quot;","block_context":{"text":"Not\u00edcias de Ribeir\u00e3o Preto-SP e Regi\u00e3o","link":"https:\/\/noticiasribeiraopreto.com.br\/index.php\/category\/noticias-de-ribeirao-preto-sp-e-regiao-ismael-colosi\/"},"img":{"alt_text":"","src":"https:\/\/i0.wp.com\/noticiasribeiraopreto.com.br\/wp-content\/uploads\/2025\/02\/ATROPELAMENTO_2025-02-17_17-47-28_jpg_2025-02-17_17-47-28.webp.webp?fit=1200%2C842&ssl=1&resize=350%2C200","width":350,"height":200,"srcset":"https:\/\/i0.wp.com\/noticiasribeiraopreto.com.br\/wp-content\/uploads\/2025\/02\/ATROPELAMENTO_2025-02-17_17-47-28_jpg_2025-02-17_17-47-28.webp.webp?fit=1200%2C842&ssl=1&resize=350%2C200 1x, https:\/\/i0.wp.com\/noticiasribeiraopreto.com.br\/wp-content\/uploads\/2025\/02\/ATROPELAMENTO_2025-02-17_17-47-28_jpg_2025-02-17_17-47-28.webp.webp?fit=1200%2C842&ssl=1&resize=525%2C300 1.5x, https:\/\/i0.wp.com\/noticiasribeiraopreto.com.br\/wp-content\/uploads\/2025\/02\/ATROPELAMENTO_2025-02-17_17-47-28_jpg_2025-02-17_17-47-28.webp.webp?fit=1200%2C842&ssl=1&resize=700%2C400 2x, https:\/\/i0.wp.com\/noticiasribeiraopreto.com.br\/wp-content\/uploads\/2025\/02\/ATROPELAMENTO_2025-02-17_17-47-28_jpg_2025-02-17_17-47-28.webp.webp?fit=1200%2C842&ssl=1&resize=1050%2C600 3x"},"classes":[]},{"id":47116,"url":"https:\/\/noticiasribeiraopreto.com.br\/index.php\/2024\/04\/22\/ciclista-e-atropelado-por-carro-em-alta-velocidade-e-sobrevive-video\/","url_meta":{"origin":63621,"position":5},"title":"Ciclista \u00e9 atropelado por carro em alta velocidade e sobrevive; V\u00eddeo","author":"noticiasribeiraopreto.com.br","date":"22 de April de 2024","format":false,"excerpt":"Um ciclista foi atropelado por um carro em alta velocidade na avenida Ant\u00f4nio Paschoal, em Sert\u00e3ozinho, regi\u00e3o de Ribeir\u00e3o Preto. A colis\u00e3o aconteceu na madrugada de domingo (21) e foi registrada por c\u00e2meras de seguran\u00e7a. As imagens mostram que o carro vinha na faixa da esquerda, quando perdeu o controle\u2026","rel":"","context":"In &quot;Not\u00edcias de Ribeir\u00e3o Preto-SP e Regi\u00e3o&quot;","block_context":{"text":"Not\u00edcias de Ribeir\u00e3o Preto-SP e Regi\u00e3o","link":"https:\/\/noticiasribeiraopreto.com.br\/index.php\/category\/noticias-de-ribeirao-preto-sp-e-regiao-ismael-colosi\/"},"img":{"alt_text":"","src":"https:\/\/i0.wp.com\/noticiasribeiraopreto.com.br\/wp-content\/uploads\/2024\/04\/sertaozinho.webp.webp?fit=939%2C540&ssl=1&resize=350%2C200","width":350,"height":200,"srcset":"https:\/\/i0.wp.com\/noticiasribeiraopreto.com.br\/wp-content\/uploads\/2024\/04\/sertaozinho.webp.webp?fit=939%2C540&ssl=1&resize=350%2C200 1x, https:\/\/i0.wp.com\/noticiasribeiraopreto.com.br\/wp-content\/uploads\/2024\/04\/sertaozinho.webp.webp?fit=939%2C540&ssl=1&resize=525%2C300 1.5x, https:\/\/i0.wp.com\/noticiasribeiraopreto.com.br\/wp-content\/uploads\/2024\/04\/sertaozinho.webp.webp?fit=939%2C540&ssl=1&resize=700%2C400 2x"},"classes":[]}],"jetpack_sharing_enabled":true,"jetpack_shortlink":"https:\/\/wp.me\/peQAOb-gy9","_links":{"self":[{"href":"https:\/\/noticiasribeiraopreto.com.br\/index.php\/wp-json\/wp\/v2\/posts\/63621","targetHints":{"allow":["GET"]}}],"collection":[{"href":"https:\/\/noticiasribeiraopreto.com.br\/index.php\/wp-json\/wp\/v2\/posts"}],"about":[{"href":"https:\/\/noticiasribeiraopreto.com.br\/index.php\/wp-json\/wp\/v2\/types\/post"}],"author":[{"embeddable":true,"href":"https:\/\/noticiasribeiraopreto.com.br\/index.php\/wp-json\/wp\/v2\/users\/1"}],"replies":[{"embeddable":true,"href":"https:\/\/noticiasribeiraopreto.com.br\/index.php\/wp-json\/wp\/v2\/comments?post=63621"}],"version-history":[{"count":0,"href":"https:\/\/noticiasribeiraopreto.com.br\/index.php\/wp-json\/wp\/v2\/posts\/63621\/revisions"}],"wp:featuredmedia":[{"embeddable":true,"href":"https:\/\/noticiasribeiraopreto.com.br\/index.php\/wp-json\/wp\/v2\/media\/63622"}],"wp:attachment":[{"href":"https:\/\/noticiasribeiraopreto.com.br\/index.php\/wp-json\/wp\/v2\/media?parent=63621"}],"wp:term":[{"taxonomy":"category","embeddable":true,"href":"https:\/\/noticiasribeiraopreto.com.br\/index.php\/wp-json\/wp\/v2\/categories?post=63621"},{"taxonomy":"post_tag","embeddable":true,"href":"https:\/\/noticiasribeiraopreto.com.br\/index.php\/wp-json\/wp\/v2\/tags?post=63621"}],"curies":[{"name":"wp","href":"https:\/\/api.w.org\/{rel}","templated":true}]}}