{"id":63623,"date":"2025-02-18T09:31:49","date_gmt":"2025-02-18T12:31:49","guid":{"rendered":"https:\/\/noticiasribeiraopreto.com.br\/index.php\/2025\/02\/18\/bloco-california-tudo-o-que-voce-precisa-saber-sobre-o-maior-pre-carnaval-da-regiao\/"},"modified":"2025-02-18T09:31:49","modified_gmt":"2025-02-18T12:31:49","slug":"bloco-california-tudo-o-que-voce-precisa-saber-sobre-o-maior-pre-carnaval-da-regiao","status":"publish","type":"post","link":"https:\/\/noticiasribeiraopreto.com.br\/index.php\/2025\/02\/18\/bloco-california-tudo-o-que-voce-precisa-saber-sobre-o-maior-pre-carnaval-da-regiao\/","title":{"rendered":"Bloco Calif\u00f3rnia: tudo o que voc\u00ea precisa saber sobre o maior pr\u00e9-carnaval da regi\u00e3o"},"content":{"rendered":"<div class='code-block code-block-1' style='margin: 8px 0 8px auto; text-align: right; display: block; clear: both;'>\n<p><a href=\"https:\/\/wa.link\/vpicfd\"><img data-recalc-dims=\"1\" class=\"wp-image-4922\" style=\"aspect-ratio: 2.0253164556962027; width: 561px; height: auto;\" src=\"https:\/\/i0.wp.com\/ismaelcolosi.com.br\/wp-content\/uploads\/2023\/11\/grupo-de-empregos-whatsapp-e-facebook-ismael-colosi-vagas.jpg?ssl=1\" alt=\"\" \/><\/a><\/p>\n<!-- \/wp:image -->\n<\/div>\n<p> <br \/>\n<\/p>\n<div>\n<p>Bloco Calif\u00f3rnia: tudo o que voc\u00ea precisa saber sobre o maior pr\u00e9-carnaval da regi\u00e3o<br \/>Jammil, DJ GBR, Valesca Popozuda, Tati Romero, Jana Lima e Tom Baratella est\u00e3o entre os confirmados na programa\u00e7\u00e3o do evento, que acontece no pr\u00f3ximo s\u00e1bado, dia 22 de fevereiro, no Est\u00e1dio Palma Travassos<\/p>\n<p>Abrindo alas para o Carnaval fora de \u00e9poca, o Bloco Calif\u00f3rnia se aproxima e promete agitar Ribeir\u00e3o Preto e regi\u00e3o. O evento acontece no dia 22 de fevereiro, a partir das 15h, no Est\u00e1dio Palma Travassos.<\/p>\n<p>Com a expectativa de reunir mais de 15 mil pessoas em nove horas de m\u00fasica sem interrup\u00e7\u00f5es, a festa contar\u00e1 com uma mistura de ritmos capaz de agradar todos os p\u00fablicos e seguir\u00e1 o tradicional formato da micareta, com dois trios el\u00e9tricos percorrendo \u2013 simultaneamente \u2013 o circuito fechado do local.<\/p>\n<p>Entre as atra\u00e7\u00f5es, Jammil ser\u00e1 o respons\u00e1vel por transmitir toda a energia do ax\u00e9 baiano, com cl\u00e1ssicos aclamados entre os micareteiros. No repert\u00f3rio da banda estar\u00e3o presentes can\u00e7\u00f5es atemporais como \u201cMila\u201d, \u201cPraieiro\u201d, \u201c\u00ca Saudade\u201d e \u201cColorir Papel\u201d, al\u00e9m de seus \u00faltimos lan\u00e7amentos.<\/p>\n<p>O funk carioca ficar\u00e1 por conta da diva do \u201cBeijinho no Ombro\u201d, Valesca Popozuda. A cantora se apresenta com hits como \u201cAgora Sou Solteira\u201d, \u201cLate Que Eu T\u00f4 Passando\u201d, \u201cEu Sou A Diva Que Voc\u00ea Quer Copiar\u201d, al\u00e9m de sucessos do grupo \u201cGaiola das Popozudas\u201d.<\/p>\n<p>J\u00e1 o DJ GBR garante uma mistura de elementos do funk com a m\u00fasica eletr\u00f4nica em um show especial e com suas produ\u00e7\u00f5es de maior sucesso, como \u201cLiberdade (Quando o Grave Bate Forte)\u201d, que foi indicada ao pr\u00eamio Challenge Hits do Ano.<\/p>\n<p>\u201cEsta \u00e9 sem d\u00favidas, a maior de todas as edi\u00e7\u00f5es. Trouxemos uma programa\u00e7\u00e3o mista, com grandes nomes da m\u00fasica nacional e tamb\u00e9m, artistas incr\u00edveis da nossa regi\u00e3o. O p\u00fablico pode esperar uma festa animada, com diversidade e muitas ativa\u00e7\u00f5es\u201d, comenta Mikhael Nakad, organizador do evento.<\/p>\n<p><strong>Atra\u00e7\u00f5es locais<\/strong><\/p>\n<p>Em mais uma edi\u00e7\u00e3o, o Bloco Calif\u00f3rnia segue valorizando e garantindo espa\u00e7o tamb\u00e9m para artistas locais.<\/p>\n<p>Este ano, a festa contar\u00e1 com a participa\u00e7\u00e3o das amigas ribeir\u00e3o-pretanas Tati Romero e Jana Lima, que se apresentar\u00e3o juntas em um show especial marcado por cl\u00e1ssicos e novidades do ax\u00e9. O sertanejo Tom Baratella tamb\u00e9m \u00e9 presen\u00e7a confirmada. O cantor promete embalar o p\u00fablico com o ritmo raiz do interior paulista.<\/p>\n<p>A micareta contar\u00e1, ainda, com apresenta\u00e7\u00f5es de baterias universit\u00e1rias e DJs, que prometem agitar os foli\u00f5es durante os intervalos dos shows.<\/p>\n<p><strong>Novidade<\/strong><br \/>O destaque desta edi\u00e7\u00e3o \u00e9 o camarote open bar. No espa\u00e7o, os foli\u00f5es ter\u00e3o \u00e0 disposi\u00e7\u00e3o banheiros exclusivos e um card\u00e1pio liberado de cerveja, vodka, energ\u00e9tico, refrigerante e \u00e1gua.<\/p>\n<p><strong>Alimenta\u00e7\u00e3o<\/strong><br \/>O evento oferece ao p\u00fablico uma \u00e1rea de alimenta\u00e7\u00e3o completa. No card\u00e1pio estar\u00e3o dispon\u00edveis op\u00e7\u00f5es de past\u00e9is, batata frita, crepe su\u00ed\u00e7o, pizza em cone e hamb\u00farguer.<\/p>\n<p><strong>Espa\u00e7o de acolhimento<\/strong><br \/>Todos os anos, o Bloco disponibiliza um espa\u00e7o para acolher foli\u00f5es que passam por algum tipo de imprevisto durante o evento. No local, profissionais capacitados estar\u00e3o dispon\u00edveis para atender todas as intercorr\u00eancias e direcionar as pessoas da melhor forma poss\u00edvel. Durante toda folia, haver\u00e1 equipes de seguran\u00e7a e de monitoramento aptas para intervir em situa\u00e7\u00f5es necess\u00e1rias.<\/p>\n<p><strong>Venda de ingressos<\/strong><br \/>O evento est\u00e1 em seu \u00faltimo lote de ingressos, com valores entre R$55 e R$500, para os setores pista e camarote open bar. As entradas podem ser adquiridas pela plataforma Blacktag.<\/p>\n<p>O abad\u00e1 \u2013 de uso n\u00e3o obrigat\u00f3rio \u2013 custa R$30 e pode ser adquirido no site. Tamb\u00e9m est\u00e3o dispon\u00edveis para compra produtos personalizados do Bloco, como \u00f3culos, caneca e tirante.<\/p>\n<p><strong>Pol\u00edtica de Menores<\/strong><br \/>A entrada de menores de idade \u00e9 permitida, desde que esteja acompanhado por um respons\u00e1vel maior de 18 anos e autoriza\u00e7\u00e3o impressa, assinada pelo respons\u00e1vel legal e autenticada.<\/p>\n<p>A autoriza\u00e7\u00e3o padr\u00e3o est\u00e1 dispon\u00edvel no link da bio da p\u00e1gina oficial @blococalifornia.<\/p>\n<p><strong>Schweppes Mixed apresenta Bloco Calif\u00f3rnia<\/strong><br \/>Em sua 8\u00aa edi\u00e7\u00e3o, o Bloco Calif\u00f3rnia celebra o relan\u00e7amento da marca Coca-Cola, Schweppes Mixed, a patrocinadora oficial da festa.<br \/>A linha \u2013 antes conhecida como Schweppes Premium Drinks \u2013 far\u00e1 parte do evento com suas op\u00e7\u00f5es de drinks prontos, que contam com nova identidade visual e uma gama de sabores que inclui Gin T\u00f4nica, Gin T\u00f4nica Pink, Vodka Citrus e Spritz.<\/p>\n<p><strong>Programe-se<\/strong><br \/>Bloco Calif\u00f3rnia 2025<br \/>Dia: 22 de fevereiro<br \/>Local: Est\u00e1dio Palma Travassos, em Ribeir\u00e3o Preto<br \/>Ingressos: Atrav\u00e9s do site: https:\/\/blacktag.com.br\/eventos\/24721\/bloco-california-2025-geral\/ingressos<\/p>\n<p>&#13;<br \/>\n\t\t\t\t<span class=\"post-views-icon dashicons dashicons-chart-bar\"\/> <span class=\"post-views-label\">Visualiza\u00e7\u00f5es:<\/span> <span class=\"post-views-count\">2<\/span>&#13;\n\t\t\t<\/p>\n<\/p><\/div>\n<p><br \/>\n<br \/><a href=\"https:\/\/folhaderibeirao.com.br\/2025\/02\/18\/bloco-california-tudo-o-que-voce-precisa-saber-sobre-o-maior-pre-carnaval-da-regiao\/\">Source link <\/a><\/p>\n<!-- CONTENT END 1 -->\n","protected":false},"excerpt":{"rendered":"<p>Bloco Calif\u00f3rnia: tudo o que voc\u00ea precisa saber sobre o maior pr\u00e9-carnaval da regi\u00e3oJammil, DJ GBR, Valesca Popozuda, Tati Romero, Jana Lima e Tom Baratella&#8230;<\/p>\n","protected":false},"author":1,"featured_media":63624,"comment_status":"open","ping_status":"open","sticky":false,"template":"","format":"standard","meta":{"advanced_seo_description":"","jetpack_seo_html_title":"","jetpack_seo_noindex":false,"jetpack_post_was_ever_published":false,"_jetpack_newsletter_access":"","_jetpack_dont_email_post_to_subs":false,"_jetpack_newsletter_tier_id":0,"_jetpack_memberships_contains_paywalled_content":false,"_jetpack_memberships_contains_paid_content":false,"footnotes":"","jetpack_publicize_message":"","jetpack_publicize_feature_enabled":true,"jetpack_social_post_already_shared":true,"jetpack_social_options":{"image_generator_settings":{"template":"highway","default_image_id":0,"font":"","enabled":false},"version":2}},"categories":[11],"tags":[1673,1674,201,3475,1069,277,1070,468,43,1068],"class_list":["post-63623","post","type-post","status-publish","format-standard","has-post-thumbnail","hentry","category-noticias-de-ribeirao-preto-sp-e-regiao-ismael-colosi","tag-bloco","tag-california","tag-maior","tag-precarnaval","tag-precisa","tag-regiao","tag-saber","tag-sobre","tag-tudo","tag-voce"],"jetpack_publicize_connections":[],"jetpack_featured_media_url":"https:\/\/i0.wp.com\/noticiasribeiraopreto.com.br\/wp-content\/uploads\/2025\/02\/Imagem-do-WhatsApp-de-2025-02-17-as-15.30.24_37fc7792.jpg?fit=1600%2C1068&ssl=1","jetpack-related-posts":[{"id":79003,"url":"https:\/\/noticiasribeiraopreto.com.br\/index.php\/2025\/10\/22\/bloco-california-de-ribeirao-preto-anuncia-novos-socios-confira\/","url_meta":{"origin":63623,"position":0},"title":"Bloco Calif\u00f3rnia de Ribeir\u00e3o Preto anuncia novos s\u00f3cios; Confira","author":"noticiasribeiraopreto.com.br","date":"22 de October de 2025","format":false,"excerpt":"O pr\u00e9-carnaval do Bloco Calif\u00f3rnia, de Ribeir\u00e3o Preto, anunciou nesta quarta-feira (22) a chegada de dois novos s\u00f3cios: Matheus Calil, do Viola Show, e Luiz Casagrande Junior, da Casagrande Eventos, nomes conhecidos pela cena sertaneja e respons\u00e1veis por festivais e turn\u00eas no interior paulista. \u201cRibeir\u00e3o Preto tem uma liga\u00e7\u00e3o muito\u2026","rel":"","context":"In &quot;Not\u00edcias de Ribeir\u00e3o Preto-SP e Regi\u00e3o&quot;","block_context":{"text":"Not\u00edcias de Ribeir\u00e3o Preto-SP e Regi\u00e3o","link":"https:\/\/noticiasribeiraopreto.com.br\/index.php\/category\/noticias-de-ribeirao-preto-sp-e-regiao-ismael-colosi\/"},"img":{"alt_text":"","src":"https:\/\/i0.wp.com\/noticiasribeiraopreto.com.br\/wp-content\/uploads\/2025\/10\/bloco-california-11_2025-10-22_16-11-17.webp.webp?fit=1200%2C874&ssl=1&resize=350%2C200","width":350,"height":200,"srcset":"https:\/\/i0.wp.com\/noticiasribeiraopreto.com.br\/wp-content\/uploads\/2025\/10\/bloco-california-11_2025-10-22_16-11-17.webp.webp?fit=1200%2C874&ssl=1&resize=350%2C200 1x, https:\/\/i0.wp.com\/noticiasribeiraopreto.com.br\/wp-content\/uploads\/2025\/10\/bloco-california-11_2025-10-22_16-11-17.webp.webp?fit=1200%2C874&ssl=1&resize=525%2C300 1.5x, https:\/\/i0.wp.com\/noticiasribeiraopreto.com.br\/wp-content\/uploads\/2025\/10\/bloco-california-11_2025-10-22_16-11-17.webp.webp?fit=1200%2C874&ssl=1&resize=700%2C400 2x, https:\/\/i0.wp.com\/noticiasribeiraopreto.com.br\/wp-content\/uploads\/2025\/10\/bloco-california-11_2025-10-22_16-11-17.webp.webp?fit=1200%2C874&ssl=1&resize=1050%2C600 3x"},"classes":[]},{"id":82150,"url":"https:\/\/noticiasribeiraopreto.com.br\/index.php\/2026\/02\/05\/tudo-o-que-voce-precisa-saber-sobre-o-bloco-california-2026\/","url_meta":{"origin":63623,"position":1},"title":"Tudo o que voc\u00ea precisa saber sobre o Bloco Calif\u00f3rnia 2026","author":"noticiasribeiraopreto.com.br","date":"5 de February de 2026","format":false,"excerpt":"O Bloco Calif\u00f3rnia chega \u00e0 sua 9\u00aa edi\u00e7\u00e3o e acontece neste s\u00e1bado, 7 de fevereiro, a partir das 13h, no Est\u00e1dio Palma Travassos, em Ribeir\u00e3o Preto. A expectativa \u00e9 reunir cerca de 15 mil foli\u00f5es, de mais de 20 cidades da regi\u00e3o. O evento ter\u00e1 um novo formato de estrutura,\u2026","rel":"","context":"In &quot;Not\u00edcias de Ribeir\u00e3o Preto-SP e Regi\u00e3o&quot;","block_context":{"text":"Not\u00edcias de Ribeir\u00e3o Preto-SP e Regi\u00e3o","link":"https:\/\/noticiasribeiraopreto.com.br\/index.php\/category\/noticias-de-ribeirao-preto-sp-e-regiao-ismael-colosi\/"},"img":{"alt_text":"","src":"https:\/\/i0.wp.com\/noticiasribeiraopreto.com.br\/wp-content\/uploads\/2026\/02\/d5ed278f5023c39a36bb1d97ab33a5dc_2026-02-04_18-40-08.webp.webp?fit=1200%2C900&ssl=1&resize=350%2C200","width":350,"height":200,"srcset":"https:\/\/i0.wp.com\/noticiasribeiraopreto.com.br\/wp-content\/uploads\/2026\/02\/d5ed278f5023c39a36bb1d97ab33a5dc_2026-02-04_18-40-08.webp.webp?fit=1200%2C900&ssl=1&resize=350%2C200 1x, https:\/\/i0.wp.com\/noticiasribeiraopreto.com.br\/wp-content\/uploads\/2026\/02\/d5ed278f5023c39a36bb1d97ab33a5dc_2026-02-04_18-40-08.webp.webp?fit=1200%2C900&ssl=1&resize=525%2C300 1.5x, https:\/\/i0.wp.com\/noticiasribeiraopreto.com.br\/wp-content\/uploads\/2026\/02\/d5ed278f5023c39a36bb1d97ab33a5dc_2026-02-04_18-40-08.webp.webp?fit=1200%2C900&ssl=1&resize=700%2C400 2x, https:\/\/i0.wp.com\/noticiasribeiraopreto.com.br\/wp-content\/uploads\/2026\/02\/d5ed278f5023c39a36bb1d97ab33a5dc_2026-02-04_18-40-08.webp.webp?fit=1200%2C900&ssl=1&resize=1050%2C600 3x"},"classes":[]},{"id":11892,"url":"https:\/\/noticiasribeiraopreto.com.br\/index.php\/2023\/12\/07\/bloco-california-em-ribeirao-preto-confirma-as-primeiras-atracoes\/","url_meta":{"origin":63623,"position":2},"title":"Bloco Calif\u00f3rnia, em Ribeir\u00e3o Preto, confirma as primeiras atra\u00e7\u00f5es","author":"noticiasribeiraopreto.com.br","date":"7 de December de 2023","format":false,"excerpt":"O Bloco Calif\u00f3rnia, em Ribeir\u00e3o Preto, confirmou as primeira atra\u00e7\u00f5es: Tati Quebra Barraco, Carla Cristina e o DJ Blakes. A 7\u00b0 edi\u00e7\u00e3o do evento de pr\u00e9-carnaval acontece em 3 de fevereiro de 2024, no est\u00e1dio Palma Travassos. \u00a0 Segundo a organiza\u00e7\u00e3o do evento j\u00e1 divulgou, o Bloco Calif\u00f3rnia ter\u00e1 novidades.\u2026","rel":"","context":"In &quot;Not\u00edcias de Ribeir\u00e3o Preto-SP e Regi\u00e3o&quot;","block_context":{"text":"Not\u00edcias de Ribeir\u00e3o Preto-SP e Regi\u00e3o","link":"https:\/\/noticiasribeiraopreto.com.br\/index.php\/category\/noticias-de-ribeirao-preto-sp-e-regiao-ismael-colosi\/"},"img":{"alt_text":"","src":"https:\/\/i0.wp.com\/noticiasribeiraopreto.com.br\/wp-content\/uploads\/2023\/12\/346244465_1227185564598648_4087334571733265628_n.jpg?fit=1079%2C935&ssl=1&resize=350%2C200","width":350,"height":200,"srcset":"https:\/\/i0.wp.com\/noticiasribeiraopreto.com.br\/wp-content\/uploads\/2023\/12\/346244465_1227185564598648_4087334571733265628_n.jpg?fit=1079%2C935&ssl=1&resize=350%2C200 1x, https:\/\/i0.wp.com\/noticiasribeiraopreto.com.br\/wp-content\/uploads\/2023\/12\/346244465_1227185564598648_4087334571733265628_n.jpg?fit=1079%2C935&ssl=1&resize=525%2C300 1.5x, https:\/\/i0.wp.com\/noticiasribeiraopreto.com.br\/wp-content\/uploads\/2023\/12\/346244465_1227185564598648_4087334571733265628_n.jpg?fit=1079%2C935&ssl=1&resize=700%2C400 2x, https:\/\/i0.wp.com\/noticiasribeiraopreto.com.br\/wp-content\/uploads\/2023\/12\/346244465_1227185564598648_4087334571733265628_n.jpg?fit=1079%2C935&ssl=1&resize=1050%2C600 3x"},"classes":[]},{"id":62418,"url":"https:\/\/noticiasribeiraopreto.com.br\/index.php\/2025\/01\/13\/ingressos-para-o-bloco-california-estao-disponiveis-veja-atracoes-e-como-comprar\/","url_meta":{"origin":63623,"position":3},"title":"Ingressos para o Bloco Calif\u00f3rnia est\u00e3o dispon\u00edveis; Veja atra\u00e7\u00f5es e como comprar","author":"noticiasribeiraopreto.com.br","date":"13 de January de 2025","format":false,"excerpt":"Est\u00e3o dispon\u00edveis novamente os ingressos para o Bloco Calif\u00f3rnia, em Ribeir\u00e3o Preto. O evento acontece no dia 22 de fevereiro, a partir das 13h, no est\u00e1dio Palma Travassos, zona Leste da cidade. Considerado o maior pr\u00e9-carnaval do interior de S\u00e3o Paulo, a 8\u00aa edi\u00e7\u00e3o da festa pretende reunir 15 mil\u2026","rel":"","context":"In &quot;Not\u00edcias de Ribeir\u00e3o Preto-SP e Regi\u00e3o&quot;","block_context":{"text":"Not\u00edcias de Ribeir\u00e3o Preto-SP e Regi\u00e3o","link":"https:\/\/noticiasribeiraopreto.com.br\/index.php\/category\/noticias-de-ribeirao-preto-sp-e-regiao-ismael-colosi\/"},"img":{"alt_text":"","src":"https:\/\/i0.wp.com\/noticiasribeiraopreto.com.br\/wp-content\/uploads\/2024\/11\/28a7b1165d885b532a0bacbb0a142d6c_2024-11-14_19-34-04_jpeg_2024-11-14_19-34-05.webp.webp?fit=1200%2C800&ssl=1&resize=350%2C200","width":350,"height":200,"srcset":"https:\/\/i0.wp.com\/noticiasribeiraopreto.com.br\/wp-content\/uploads\/2024\/11\/28a7b1165d885b532a0bacbb0a142d6c_2024-11-14_19-34-04_jpeg_2024-11-14_19-34-05.webp.webp?fit=1200%2C800&ssl=1&resize=350%2C200 1x, https:\/\/i0.wp.com\/noticiasribeiraopreto.com.br\/wp-content\/uploads\/2024\/11\/28a7b1165d885b532a0bacbb0a142d6c_2024-11-14_19-34-04_jpeg_2024-11-14_19-34-05.webp.webp?fit=1200%2C800&ssl=1&resize=525%2C300 1.5x, https:\/\/i0.wp.com\/noticiasribeiraopreto.com.br\/wp-content\/uploads\/2024\/11\/28a7b1165d885b532a0bacbb0a142d6c_2024-11-14_19-34-04_jpeg_2024-11-14_19-34-05.webp.webp?fit=1200%2C800&ssl=1&resize=700%2C400 2x, https:\/\/i0.wp.com\/noticiasribeiraopreto.com.br\/wp-content\/uploads\/2024\/11\/28a7b1165d885b532a0bacbb0a142d6c_2024-11-14_19-34-04_jpeg_2024-11-14_19-34-05.webp.webp?fit=1200%2C800&ssl=1&resize=1050%2C600 3x"},"classes":[]},{"id":63512,"url":"https:\/\/noticiasribeiraopreto.com.br\/index.php\/2025\/02\/14\/bloco-california-arrecadara-alimentos-com-a-opcao-de-ingresso-solidario\/","url_meta":{"origin":63623,"position":4},"title":"Bloco Calif\u00f3rnia arrecadar\u00e1 alimentos com a op\u00e7\u00e3o de ingresso solid\u00e1rio","author":"noticiasribeiraopreto.com.br","date":"14 de February de 2025","format":false,"excerpt":"Trazendo a conscientiza\u00e7\u00e3o social presente em seu DNA, por mais um ano o Bloco Calif\u00f3rnia refor\u00e7a a sua parceria com o Fundo Social de Solidariedade de Ribeir\u00e3o Preto, por meio da doa\u00e7\u00e3o de alimentos que ser\u00e3o arrecadados durante o pr\u00e9-carnaval, que acontece no dia 22 de fevereiro, no Est\u00e1dio Palma\u2026","rel":"","context":"In &quot;Not\u00edcias de Ribeir\u00e3o Preto-SP e Regi\u00e3o&quot;","block_context":{"text":"Not\u00edcias de Ribeir\u00e3o Preto-SP e Regi\u00e3o","link":"https:\/\/noticiasribeiraopreto.com.br\/index.php\/category\/noticias-de-ribeirao-preto-sp-e-regiao-ismael-colosi\/"},"img":{"alt_text":"","src":"https:\/\/i0.wp.com\/noticiasribeiraopreto.com.br\/wp-content\/uploads\/2025\/02\/Imagem-do-WhatsApp-de-2025-02-14-as-15.47.22_e22a21a1.jpg?fit=800%2C600&ssl=1&resize=350%2C200","width":350,"height":200,"srcset":"https:\/\/i0.wp.com\/noticiasribeiraopreto.com.br\/wp-content\/uploads\/2025\/02\/Imagem-do-WhatsApp-de-2025-02-14-as-15.47.22_e22a21a1.jpg?fit=800%2C600&ssl=1&resize=350%2C200 1x, https:\/\/i0.wp.com\/noticiasribeiraopreto.com.br\/wp-content\/uploads\/2025\/02\/Imagem-do-WhatsApp-de-2025-02-14-as-15.47.22_e22a21a1.jpg?fit=800%2C600&ssl=1&resize=525%2C300 1.5x, https:\/\/i0.wp.com\/noticiasribeiraopreto.com.br\/wp-content\/uploads\/2025\/02\/Imagem-do-WhatsApp-de-2025-02-14-as-15.47.22_e22a21a1.jpg?fit=800%2C600&ssl=1&resize=700%2C400 2x"},"classes":[]},{"id":1115,"url":"https:\/\/noticiasribeiraopreto.com.br\/index.php\/2023\/11\/10\/bloco-california-em-ribeirao-preto-anuncia-a-data-da-folia-em-2024\/","url_meta":{"origin":63623,"position":5},"title":"Bloco Calif\u00f3rnia em Ribeir\u00e3o Preto anuncia a data da folia em 2024\u00a0","author":"noticiasribeiraopreto.com.br","date":"10 de November de 2023","format":false,"excerpt":"A 7\u00b0 edi\u00e7\u00e3o do Bloco Calif\u00f3rnia, festa de pr\u00e9-carnaval de Ribeir\u00e3o Preto, est\u00e1 prevista para acontecer no dia 3 de fevereiro de 2024, no est\u00e1dio Palma Travassos, na zona Leste. \u00a0 Segundo a organiza\u00e7\u00e3o do evento, a programa\u00e7\u00e3o ter\u00e1 novidades e, uma delas, a estreia de um camarote no circuito\u2026","rel":"","context":"In &quot;Not\u00edcias de Ribeir\u00e3o Preto-SP e Regi\u00e3o&quot;","block_context":{"text":"Not\u00edcias de Ribeir\u00e3o Preto-SP e Regi\u00e3o","link":"https:\/\/noticiasribeiraopreto.com.br\/index.php\/category\/noticias-de-ribeirao-preto-sp-e-regiao-ismael-colosi\/"},"img":{"alt_text":"","src":"https:\/\/i0.wp.com\/noticiasribeiraopreto.com.br\/wp-content\/uploads\/2023\/11\/bloco-california-credito-divulgacao.jpeg?fit=800%2C534&ssl=1&resize=350%2C200","width":350,"height":200,"srcset":"https:\/\/i0.wp.com\/noticiasribeiraopreto.com.br\/wp-content\/uploads\/2023\/11\/bloco-california-credito-divulgacao.jpeg?fit=800%2C534&ssl=1&resize=350%2C200 1x, https:\/\/i0.wp.com\/noticiasribeiraopreto.com.br\/wp-content\/uploads\/2023\/11\/bloco-california-credito-divulgacao.jpeg?fit=800%2C534&ssl=1&resize=525%2C300 1.5x, https:\/\/i0.wp.com\/noticiasribeiraopreto.com.br\/wp-content\/uploads\/2023\/11\/bloco-california-credito-divulgacao.jpeg?fit=800%2C534&ssl=1&resize=700%2C400 2x"},"classes":[]}],"jetpack_sharing_enabled":true,"jetpack_shortlink":"https:\/\/wp.me\/peQAOb-gyb","_links":{"self":[{"href":"https:\/\/noticiasribeiraopreto.com.br\/index.php\/wp-json\/wp\/v2\/posts\/63623","targetHints":{"allow":["GET"]}}],"collection":[{"href":"https:\/\/noticiasribeiraopreto.com.br\/index.php\/wp-json\/wp\/v2\/posts"}],"about":[{"href":"https:\/\/noticiasribeiraopreto.com.br\/index.php\/wp-json\/wp\/v2\/types\/post"}],"author":[{"embeddable":true,"href":"https:\/\/noticiasribeiraopreto.com.br\/index.php\/wp-json\/wp\/v2\/users\/1"}],"replies":[{"embeddable":true,"href":"https:\/\/noticiasribeiraopreto.com.br\/index.php\/wp-json\/wp\/v2\/comments?post=63623"}],"version-history":[{"count":0,"href":"https:\/\/noticiasribeiraopreto.com.br\/index.php\/wp-json\/wp\/v2\/posts\/63623\/revisions"}],"wp:featuredmedia":[{"embeddable":true,"href":"https:\/\/noticiasribeiraopreto.com.br\/index.php\/wp-json\/wp\/v2\/media\/63624"}],"wp:attachment":[{"href":"https:\/\/noticiasribeiraopreto.com.br\/index.php\/wp-json\/wp\/v2\/media?parent=63623"}],"wp:term":[{"taxonomy":"category","embeddable":true,"href":"https:\/\/noticiasribeiraopreto.com.br\/index.php\/wp-json\/wp\/v2\/categories?post=63623"},{"taxonomy":"post_tag","embeddable":true,"href":"https:\/\/noticiasribeiraopreto.com.br\/index.php\/wp-json\/wp\/v2\/tags?post=63623"}],"curies":[{"name":"wp","href":"https:\/\/api.w.org\/{rel}","templated":true}]}}