{"id":63701,"date":"2025-02-19T16:29:17","date_gmt":"2025-02-19T19:29:17","guid":{"rendered":"https:\/\/noticiasribeiraopreto.com.br\/index.php\/2025\/02\/19\/inmet-publica-alerta-de-chuvas-intensas-para-o-interior-de-sp-veja-os-locais-2\/"},"modified":"2025-02-19T16:29:17","modified_gmt":"2025-02-19T19:29:17","slug":"inmet-publica-alerta-de-chuvas-intensas-para-o-interior-de-sp-veja-os-locais-2","status":"publish","type":"post","link":"https:\/\/noticiasribeiraopreto.com.br\/index.php\/2025\/02\/19\/inmet-publica-alerta-de-chuvas-intensas-para-o-interior-de-sp-veja-os-locais-2\/","title":{"rendered":"Inmet publica alerta de chuvas intensas para o interior de SP; Veja os locais"},"content":{"rendered":"<p> <br \/>\n<\/p>\n<div data-td-block-uid=\"tdi_95\">\n<div class=\"tdb-block-inner td-fix-index\">\n<p>O <strong><a href=\"https:\/\/portal.inmet.gov.br\/\" target=\"_blank\" rel=\"noreferrer noopener nofollow\">Inmet (Instituto Nacional de Meteorologia) <\/a><\/strong>publicou dois alertas de chuvas intensas para o<strong> interior de S\u00e3o Paulo<\/strong> nesta quarta-feira (19). <mark style=\"background-color:#fcb900\" class=\"has-inline-color has-black-color\">O aviso \u00e9 v\u00e1lido at\u00e9 as 11h de quinta-feira (20).<\/mark><\/p>\n<p>Segundo o Inmet, na maior parte do interior paulista pode chover o acumulado entre 20 mil\u00edmetros e 30 mil\u00edmetros no per\u00edodo de uma hora, com ventos intensos com velocidade entre 40 km\/h e 60 km\/h.<\/p>\n<p>As regi\u00f5es afetadas s\u00e3o:<\/p>\n<ul>\n<li><strong>Ribeir\u00e3o Preto<\/strong>,<strong> Presidente Prudente<\/strong>, <strong>S\u00e3o Jos\u00e9 do Rio Preto<\/strong>, <strong>Campinas<\/strong>,<strong> Bauru<\/strong>, <strong>Piracicaba<\/strong>,<strong> Ara\u00e7atuba<\/strong>, <strong>Itapetininga<\/strong>, <strong>Mar\u00edlia<\/strong>, <strong>Araraquara<\/strong>, <strong>Assis<\/strong>,<strong> litoral sul de S\u00e3o Paulo<\/strong>.<\/li>\n<\/ul>\n<p><mark style=\"background-color:#fcb900\" class=\"has-inline-color has-black-color\">Outro alerta aponta para chuvas de 30 mil\u00edmetros a 60 mil\u00edmetros no per\u00edodo de uma hora<\/mark>, com ventos entre 60 km\/h e 100 km\/h. O aviso \u00e9 v\u00e1lido at\u00e9 8h30 de quinta-feira.<\/p>\n<p>O aviso \u00e9 v\u00e1lido para as regi\u00f5es:<\/p>\n<ul>\n<li><strong>Vale do Para\u00edba<\/strong>, <strong>Itapetininga<\/strong>, <strong>Campinas<\/strong>, <strong>Piracicaba<\/strong>, <strong>Grande S\u00e3o Paulo<\/strong> e <strong>litoral sul<\/strong>.<\/li>\n<\/ul>\n<p>SAIBA MAIS<br \/>Arena Blues Festival divulga programa\u00e7\u00e3o completa da 9\u00aa edi\u00e7\u00e3o em Ribeir\u00e3o Preto<\/p>\n<h4 class=\"wp-block-heading\"><strong>FIQUE ON<\/strong><\/h4>\n<p>Fique ligado em tudo que acontece em Ribeir\u00e3o Preto e regi\u00e3o. Siga os perfis do <strong>acidade on <\/strong>no <a href=\"https:\/\/www.instagram.com\/acidadeonribeirao\" target=\"_blank\" rel=\"noreferrer noopener nofollow\">Instagram<\/a> e no <a href=\"https:\/\/www.facebook.com\/acidadeonribeirao\/\" target=\"_blank\" rel=\"noreferrer noopener nofollow\">Facebook<\/a>.<\/p>\n<p>Receba not\u00edcias do <strong>acidade on <\/strong>no WhatsApp. <a href=\"https:\/\/chat.whatsapp.com\/BjKQZ9oJwlz8VVT50NuePq\" target=\"_blank\" rel=\"noreferrer noopener nofollow\">Para entrar no grupo, basta clicar aqui.<\/a><\/p>\n<p>Fa\u00e7a uma den\u00fancia ou sugira uma reportagem sobre Ribeir\u00e3o Preto e regi\u00e3o pelo WhatsApp: 16 99117 7802.<\/p>\n<p>VEJA TAMB\u00c9M<br \/>Onde encontrar os blocos do Carnaval pelo celular?<\/p>\n<p><!-- CONTENT END 1 -->\n<\/div>\n<\/div>\n<p><script async src=\"\/\/www.instagram.com\/embed.js\"><\/script><br \/>\n<br \/><br \/>\n<br \/><a href=\"https:\/\/www.acidadeon.com\/ribeiraopreto\/cotidiano\/inmet-publica-alerta-de-chuvas-intensas-para-o-interior-de-sp-veja-os-locais-2\/\">Source link <\/a><\/p>\n","protected":false},"excerpt":{"rendered":"<p>O Inmet (Instituto Nacional de Meteorologia) publicou dois alertas de chuvas intensas para o interior de S\u00e3o Paulo nesta quarta-feira (19). O aviso \u00e9 v\u00e1lido&#8230;<\/p>\n","protected":false},"author":1,"featured_media":63702,"comment_status":"open","ping_status":"open","sticky":false,"template":"","format":"standard","meta":{"advanced_seo_description":"","jetpack_seo_html_title":"","jetpack_seo_noindex":false,"jetpack_seo_schema_type":"","_jetpack_newsletter_access":"","_jetpack_dont_email_post_to_subs":false,"_jetpack_newsletter_tier_id":0,"_jetpack_memberships_contains_paywalled_content":false,"_jetpack_feature_clip_id":0,"_jetpack_memberships_contains_paid_content":false,"footnotes":"","jetpack_publicize_message":"","jetpack_publicize_feature_enabled":true,"jetpack_social_post_already_shared":true,"jetpack_social_options":{"image_generator_settings":{"template":"highway","default_image_id":0,"font":"","enabled":false},"version":2},"jetpack_post_was_ever_published":false},"categories":[11],"tags":[],"class_list":["post-63701","post","type-post","status-publish","format-standard","has-post-thumbnail","hentry","category-noticias-de-ribeirao-preto-sp-e-regiao-ismael-colosi"],"jetpack_publicize_connections":[],"jetpack-related-posts":[{"id":63419,"url":"https:\/\/noticiasribeiraopreto.com.br\/index.php\/2025\/02\/12\/inmet-publica-alerta-de-chuvas-intensas-para-o-interior-de-sp-veja-as-cidades\/","url_meta":{"origin":63701,"position":0},"title":"Inmet publica alerta de chuvas intensas para o interior de SP; Veja as cidades","author":"noticiasribeiraopreto.com.br","date":"12 de February de 2025","format":false,"excerpt":"O Inmet (Instituto Nacional de Meteorologia) publicou um novo alerta de chuvas intensas para o interior de S\u00e3o Paulo. O aviso \u00e9 v\u00e1lido at\u00e9 as 10h de quinta-feira (13). Segundo o \u00f3rg\u00e3o, pode chover o acumulado entre 20 e 30 mil\u00edmetros no per\u00edodo de uma hora, com ventos intensos entre\u2026","rel":"","context":"In &quot;Not\u00edcias de Ribeir\u00e3o Preto-SP e Regi\u00e3o&quot;","block_context":{"text":"Not\u00edcias de Ribeir\u00e3o Preto-SP e Regi\u00e3o","link":"https:\/\/noticiasribeiraopreto.com.br\/index.php\/category\/noticias-de-ribeirao-preto-sp-e-regiao-ismael-colosi\/"},"img":{"alt_text":"","src":"https:\/\/i0.wp.com\/noticiasribeiraopreto.com.br\/wp-content\/uploads\/2025\/01\/WhatsApp-Image-2025-01-28-at-07.06.17_2025-01-28_10-21-07_jpeg_2025-01-28_10-21-07.webp.webp?fit=1200%2C900&ssl=1&resize=350%2C200","width":350,"height":200,"srcset":"https:\/\/i0.wp.com\/noticiasribeiraopreto.com.br\/wp-content\/uploads\/2025\/01\/WhatsApp-Image-2025-01-28-at-07.06.17_2025-01-28_10-21-07_jpeg_2025-01-28_10-21-07.webp.webp?fit=1200%2C900&ssl=1&resize=350%2C200 1x, https:\/\/i0.wp.com\/noticiasribeiraopreto.com.br\/wp-content\/uploads\/2025\/01\/WhatsApp-Image-2025-01-28-at-07.06.17_2025-01-28_10-21-07_jpeg_2025-01-28_10-21-07.webp.webp?fit=1200%2C900&ssl=1&resize=525%2C300 1.5x, https:\/\/i0.wp.com\/noticiasribeiraopreto.com.br\/wp-content\/uploads\/2025\/01\/WhatsApp-Image-2025-01-28-at-07.06.17_2025-01-28_10-21-07_jpeg_2025-01-28_10-21-07.webp.webp?fit=1200%2C900&ssl=1&resize=700%2C400 2x, https:\/\/i0.wp.com\/noticiasribeiraopreto.com.br\/wp-content\/uploads\/2025\/01\/WhatsApp-Image-2025-01-28-at-07.06.17_2025-01-28_10-21-07_jpeg_2025-01-28_10-21-07.webp.webp?fit=1200%2C900&ssl=1&resize=1050%2C600 3x"},"classes":[]},{"id":23250,"url":"https:\/\/noticiasribeiraopreto.com.br\/index.php\/2024\/01\/01\/inmet-tem-alerta-de-chuvas-intensas-para-interior-de-sp-veja-ate-quando\/","url_meta":{"origin":63701,"position":1},"title":"Inmet t\u00eam alerta de chuvas intensas para interior de SP; Veja at\u00e9 quando","author":"noticiasribeiraopreto.com.br","date":"1 de January de 2024","format":false,"excerpt":"O Inmet (Instituto Nacional de Meteorologia) publicou no primeiro dia 2024, um alerta de \u201cperigo potencial\u201d para chuvas intensas em parte do interior de S\u00e3o Paulo. O aviso \u00e9 v\u00e1lido at\u00e9 10h desta ter\u00e7a-feira (2). De acordo com o \u00f3rg\u00e3o, pode chover o acumulado entre 20 mil\u00edmetros e 30 mil\u00edmetros\u2026","rel":"","context":"In &quot;Not\u00edcias de Ribeir\u00e3o Preto-SP e Regi\u00e3o&quot;","block_context":{"text":"Not\u00edcias de Ribeir\u00e3o Preto-SP e Regi\u00e3o","link":"https:\/\/noticiasribeiraopreto.com.br\/index.php\/category\/noticias-de-ribeirao-preto-sp-e-regiao-ismael-colosi\/"},"img":{"alt_text":"","src":"https:\/\/i0.wp.com\/noticiasribeiraopreto.com.br\/wp-content\/uploads\/2024\/01\/Inmet.png?fit=343%2C238&ssl=1&resize=350%2C200","width":350,"height":200},"classes":[]},{"id":62511,"url":"https:\/\/noticiasribeiraopreto.com.br\/index.php\/2025\/01\/16\/inmet-publica-alerta-de-chuvas-intensas-no-interior-de-sp-veja-as-cidades\/","url_meta":{"origin":63701,"position":2},"title":"Inmet publica alerta de chuvas intensas no interior de SP; Veja as cidades","author":"noticiasribeiraopreto.com.br","date":"16 de January de 2025","format":false,"excerpt":"O Inmet (Instituto Nacional de Meteorologia) publicou nesta quinta-feira (16) um alerta de chuvas intensas para o interior de S\u00e3o Paulo. O aviso \u00e9 v\u00e1lido at\u00e9 sexta-feira (17), \u00e0s 10h. Segundo o Inmet, pode chover o acumulado entre 20 e 30 mil\u00edmetros no per\u00edodo de uma hora, com ventos intensos\u2026","rel":"","context":"In &quot;Not\u00edcias de Ribeir\u00e3o Preto-SP e Regi\u00e3o&quot;","block_context":{"text":"Not\u00edcias de Ribeir\u00e3o Preto-SP e Regi\u00e3o","link":"https:\/\/noticiasribeiraopreto.com.br\/index.php\/category\/noticias-de-ribeirao-preto-sp-e-regiao-ismael-colosi\/"},"img":{"alt_text":"","src":"https:\/\/i0.wp.com\/noticiasribeiraopreto.com.br\/wp-content\/uploads\/2025\/01\/alerta_2025-01-16_15-20-18_jpg_2025-01-16_15-20-18.webp.webp?fit=1200%2C686&ssl=1&resize=350%2C200","width":350,"height":200,"srcset":"https:\/\/i0.wp.com\/noticiasribeiraopreto.com.br\/wp-content\/uploads\/2025\/01\/alerta_2025-01-16_15-20-18_jpg_2025-01-16_15-20-18.webp.webp?fit=1200%2C686&ssl=1&resize=350%2C200 1x, https:\/\/i0.wp.com\/noticiasribeiraopreto.com.br\/wp-content\/uploads\/2025\/01\/alerta_2025-01-16_15-20-18_jpg_2025-01-16_15-20-18.webp.webp?fit=1200%2C686&ssl=1&resize=525%2C300 1.5x, https:\/\/i0.wp.com\/noticiasribeiraopreto.com.br\/wp-content\/uploads\/2025\/01\/alerta_2025-01-16_15-20-18_jpg_2025-01-16_15-20-18.webp.webp?fit=1200%2C686&ssl=1&resize=700%2C400 2x, https:\/\/i0.wp.com\/noticiasribeiraopreto.com.br\/wp-content\/uploads\/2025\/01\/alerta_2025-01-16_15-20-18_jpg_2025-01-16_15-20-18.webp.webp?fit=1200%2C686&ssl=1&resize=1050%2C600 3x"},"classes":[]},{"id":51375,"url":"https:\/\/noticiasribeiraopreto.com.br\/index.php\/2024\/05\/25\/chegada-de-frente-fria-aumenta-o-risco-de-chuvas-intensas-no-interior-de-sp-veja-regioes-afetadas\/","url_meta":{"origin":63701,"position":3},"title":"Chegada de frente fria aumenta o risco de chuvas intensas no interior de SP; Veja regi\u00f5es afetadas","author":"noticiasribeiraopreto.com.br","date":"25 de May de 2024","format":false,"excerpt":"A frente fria que chegou ao interior do estado de S\u00e3o Paulo nesta sexta-feira (24) j\u00e1 provocou pancadas de chuva em algumas cidades na tarde de ontem, como foi o caso de Ribeir\u00e3o Preto. A expectativa, de acordo com a Climatempo, \u00e9 de que esse sistema provoque muita nebulosidade e\u2026","rel":"","context":"In &quot;Not\u00edcias de Ribeir\u00e3o Preto-SP e Regi\u00e3o&quot;","block_context":{"text":"Not\u00edcias de Ribeir\u00e3o Preto-SP e Regi\u00e3o","link":"https:\/\/noticiasribeiraopreto.com.br\/index.php\/category\/noticias-de-ribeirao-preto-sp-e-regiao-ismael-colosi\/"},"img":{"alt_text":"","src":"https:\/\/i0.wp.com\/noticiasribeiraopreto.com.br\/wp-content\/uploads\/2024\/05\/chuva-forte.jpg?fit=1200%2C765&ssl=1&resize=350%2C200","width":350,"height":200,"srcset":"https:\/\/i0.wp.com\/noticiasribeiraopreto.com.br\/wp-content\/uploads\/2024\/05\/chuva-forte.jpg?fit=1200%2C765&ssl=1&resize=350%2C200 1x, https:\/\/i0.wp.com\/noticiasribeiraopreto.com.br\/wp-content\/uploads\/2024\/05\/chuva-forte.jpg?fit=1200%2C765&ssl=1&resize=525%2C300 1.5x, https:\/\/i0.wp.com\/noticiasribeiraopreto.com.br\/wp-content\/uploads\/2024\/05\/chuva-forte.jpg?fit=1200%2C765&ssl=1&resize=700%2C400 2x, https:\/\/i0.wp.com\/noticiasribeiraopreto.com.br\/wp-content\/uploads\/2024\/05\/chuva-forte.jpg?fit=1200%2C765&ssl=1&resize=1050%2C600 3x"},"classes":[]},{"id":78516,"url":"https:\/\/noticiasribeiraopreto.com.br\/index.php\/2025\/10\/12\/inmet-emite-alertas-de-tempestade-e-chuvas-intensas-para-o-interior-de-sp-veja-regioes-afetadas\/","url_meta":{"origin":63701,"position":4},"title":"Inmet emite alertas de tempestade e chuvas intensas para o interior de SP; Veja regi\u00f5es afetadas","author":"noticiasribeiraopreto.com.br","date":"12 de October de 2025","format":false,"excerpt":"O Inmet (Instituto Nacional de Meteorologia) emitiu dois novos alertas para o interior de S\u00e3o Paulo neste domingo (12). Os avisos s\u00e3o de \u201cperigo\u201d para tempestade e \u201cperigo potencial\u201d para chuvas intensas em diferentes regi\u00f5es. Ambos s\u00e3o v\u00e1lidos at\u00e9 \u00e0s 10h desta segunda-feira (13). Confira: Alerta de perigo O comunicado\u2026","rel":"","context":"In &quot;Not\u00edcias de Ribeir\u00e3o Preto-SP e Regi\u00e3o&quot;","block_context":{"text":"Not\u00edcias de Ribeir\u00e3o Preto-SP e Regi\u00e3o","link":"https:\/\/noticiasribeiraopreto.com.br\/index.php\/category\/noticias-de-ribeirao-preto-sp-e-regiao-ismael-colosi\/"},"img":{"alt_text":"","src":"https:\/\/i0.wp.com\/noticiasribeiraopreto.com.br\/wp-content\/uploads\/2025\/10\/WhatsApp-Image-2024-12-03-at-09.16.43_2024-12-03_12-22-10_jpeg_2024-12-03_12-22-10.webp.webp?fit=1200%2C540&ssl=1&resize=350%2C200","width":350,"height":200,"srcset":"https:\/\/i0.wp.com\/noticiasribeiraopreto.com.br\/wp-content\/uploads\/2025\/10\/WhatsApp-Image-2024-12-03-at-09.16.43_2024-12-03_12-22-10_jpeg_2024-12-03_12-22-10.webp.webp?fit=1200%2C540&ssl=1&resize=350%2C200 1x, https:\/\/i0.wp.com\/noticiasribeiraopreto.com.br\/wp-content\/uploads\/2025\/10\/WhatsApp-Image-2024-12-03-at-09.16.43_2024-12-03_12-22-10_jpeg_2024-12-03_12-22-10.webp.webp?fit=1200%2C540&ssl=1&resize=525%2C300 1.5x, https:\/\/i0.wp.com\/noticiasribeiraopreto.com.br\/wp-content\/uploads\/2025\/10\/WhatsApp-Image-2024-12-03-at-09.16.43_2024-12-03_12-22-10_jpeg_2024-12-03_12-22-10.webp.webp?fit=1200%2C540&ssl=1&resize=700%2C400 2x, https:\/\/i0.wp.com\/noticiasribeiraopreto.com.br\/wp-content\/uploads\/2025\/10\/WhatsApp-Image-2024-12-03-at-09.16.43_2024-12-03_12-22-10_jpeg_2024-12-03_12-22-10.webp.webp?fit=1200%2C540&ssl=1&resize=1050%2C600 3x"},"classes":[]},{"id":4072,"url":"https:\/\/noticiasribeiraopreto.com.br\/index.php\/2023\/11\/20\/interior-de-sp-recebe-nova-alerta-para-chuvas-intensas-veja-a-previsao\/","url_meta":{"origin":63701,"position":5},"title":"Interior de SP recebe nova alerta para chuvas intensas; Veja a previs\u00e3o","author":"noticiasribeiraopreto.com.br","date":"20 de November de 2023","format":false,"excerpt":"O Inmet (Instituto Nacional de Meteorologia) publicou um aviso de \u201cperigo potencial\u201d para chuvas intensas em Ribeir\u00e3o Preto e regi\u00e3o, nesta segunda-feira (20). O alerta \u00e9 v\u00e1lido para parte do interior de S\u00e3o Paulo, at\u00e9 \u00e0s 11h da ter\u00e7a-feira (21). Segundo o Inmet, pode chover o acumulado de at\u00e9 30\u2026","rel":"","context":"In &quot;Not\u00edcias de Ribeir\u00e3o Preto-SP e Regi\u00e3o&quot;","block_context":{"text":"Not\u00edcias de Ribeir\u00e3o Preto-SP e Regi\u00e3o","link":"https:\/\/noticiasribeiraopreto.com.br\/index.php\/category\/noticias-de-ribeirao-preto-sp-e-regiao-ismael-colosi\/"},"img":{"alt_text":"","src":"https:\/\/i0.wp.com\/noticiasribeiraopreto.com.br\/wp-content\/uploads\/2023\/11\/chuva_ribeirao_1024x576_27012021223007.jpg?fit=1024%2C576&ssl=1&resize=350%2C200","width":350,"height":200,"srcset":"https:\/\/i0.wp.com\/noticiasribeiraopreto.com.br\/wp-content\/uploads\/2023\/11\/chuva_ribeirao_1024x576_27012021223007.jpg?fit=1024%2C576&ssl=1&resize=350%2C200 1x, https:\/\/i0.wp.com\/noticiasribeiraopreto.com.br\/wp-content\/uploads\/2023\/11\/chuva_ribeirao_1024x576_27012021223007.jpg?fit=1024%2C576&ssl=1&resize=525%2C300 1.5x, https:\/\/i0.wp.com\/noticiasribeiraopreto.com.br\/wp-content\/uploads\/2023\/11\/chuva_ribeirao_1024x576_27012021223007.jpg?fit=1024%2C576&ssl=1&resize=700%2C400 2x"},"classes":[]}],"jetpack_sharing_enabled":true,"jetpack_shortlink":"https:\/\/wp.me\/peQAOb-gzr","jetpack_featured_media_url":"https:\/\/i0.wp.com\/noticiasribeiraopreto.com.br\/wp-content\/uploads\/2025\/02\/inmet-alerta_2025-02-19_18-49-17_jpg_2025-02-19_18-49-18.webp.webp?fit=1200%2C759&ssl=1","_links":{"self":[{"href":"https:\/\/noticiasribeiraopreto.com.br\/index.php\/wp-json\/wp\/v2\/posts\/63701","targetHints":{"allow":["GET"]}}],"collection":[{"href":"https:\/\/noticiasribeiraopreto.com.br\/index.php\/wp-json\/wp\/v2\/posts"}],"about":[{"href":"https:\/\/noticiasribeiraopreto.com.br\/index.php\/wp-json\/wp\/v2\/types\/post"}],"author":[{"embeddable":true,"href":"https:\/\/noticiasribeiraopreto.com.br\/index.php\/wp-json\/wp\/v2\/users\/1"}],"replies":[{"embeddable":true,"href":"https:\/\/noticiasribeiraopreto.com.br\/index.php\/wp-json\/wp\/v2\/comments?post=63701"}],"version-history":[{"count":0,"href":"https:\/\/noticiasribeiraopreto.com.br\/index.php\/wp-json\/wp\/v2\/posts\/63701\/revisions"}],"wp:featuredmedia":[{"embeddable":true,"href":"https:\/\/noticiasribeiraopreto.com.br\/index.php\/wp-json\/wp\/v2\/media\/63702"}],"wp:attachment":[{"href":"https:\/\/noticiasribeiraopreto.com.br\/index.php\/wp-json\/wp\/v2\/media?parent=63701"}],"wp:term":[{"taxonomy":"category","embeddable":true,"href":"https:\/\/noticiasribeiraopreto.com.br\/index.php\/wp-json\/wp\/v2\/categories?post=63701"},{"taxonomy":"post_tag","embeddable":true,"href":"https:\/\/noticiasribeiraopreto.com.br\/index.php\/wp-json\/wp\/v2\/tags?post=63701"}],"curies":[{"name":"wp","href":"https:\/\/api.w.org\/{rel}","templated":true}]}}