{"id":63715,"date":"2025-02-19T18:35:05","date_gmt":"2025-02-19T21:35:05","guid":{"rendered":"https:\/\/noticiasribeiraopreto.com.br\/index.php\/2025\/02\/19\/dois-alunos-da-instituicao-aparecido-savegnago-sao-aprovados-na-usp-de-ribeirao-preto\/"},"modified":"2025-02-19T18:35:05","modified_gmt":"2025-02-19T21:35:05","slug":"dois-alunos-da-instituicao-aparecido-savegnago-sao-aprovados-na-usp-de-ribeirao-preto","status":"publish","type":"post","link":"https:\/\/noticiasribeiraopreto.com.br\/index.php\/2025\/02\/19\/dois-alunos-da-instituicao-aparecido-savegnago-sao-aprovados-na-usp-de-ribeirao-preto\/","title":{"rendered":"Dois alunos da Institui\u00e7\u00e3o Aparecido Savegnago s\u00e3o aprovados na USP de Ribeir\u00e3o Preto"},"content":{"rendered":"<div class='code-block code-block-1' style='margin: 8px 0 8px auto; text-align: right; display: block; clear: both;'>\n<p><a href=\"https:\/\/wa.link\/vpicfd\"><img data-recalc-dims=\"1\" class=\"wp-image-4922\" style=\"aspect-ratio: 2.0253164556962027; width: 561px; height: auto;\" src=\"https:\/\/i0.wp.com\/ismaelcolosi.com.br\/wp-content\/uploads\/2023\/11\/grupo-de-empregos-whatsapp-e-facebook-ismael-colosi-vagas.jpg?ssl=1\" alt=\"\" \/><\/a><\/p>\n<!-- \/wp:image -->\n<\/div>\n<p> <br \/>\n<\/p>\n<div>\n<p>Dois jovens que estudam instrumentos musicais na Institui\u00e7\u00e3o Aparecido Savegnago foram aprovados no vestibular da Universidade de S\u00e3o Paulo (USP). Eles v\u00e3o cursar Licenciatura em M\u00fasica no campus de Ribeir\u00e3o Preto. Fellipe Eliel Feiches frequenta a IAS desde 2014 e \u00e9 aluno de saxofone. J\u00e1 Gabrielle Almeida de Oliveira, de 20 anos, come\u00e7ou seus estudos em violino na entidade em 2017.<\/p>\n<p>De acordo com Gabrielle, a decis\u00e3o por qual carreira seguir na vida foi pautada em fazer o que realmente ama. \u201cSempre tive interesses diversos \u2013 de Biologia \u00e0 Arquitetura \u2013, mas a m\u00fasica sempre teve um lugar especial no meu cora\u00e7\u00e3o. No final de 2023, depois de muitas conversas com o professor Hugo Querino, com a Sara Cesca (coordenadora pedag\u00f3gica e art\u00edstica da IAS) e com outros professores e colegas, percebi que trabalhar com o que amo nunca seria um peso, mas sim, uma fonte de inspira\u00e7\u00e3o di\u00e1ria. Decidi, ent\u00e3o, seguir pela Licenciatura em M\u00fasica e, em 2024, comecei a me preparar com foco para o vestibular\u201d, conta.<\/p>\n<p>A aprova\u00e7\u00e3o no vestibular foi um misto de emo\u00e7\u00f5es para a jovem. \u201cSenti muita alegria, al\u00edvio e gratid\u00e3o. Ver todo o esfor\u00e7o se transformar em uma conquista t\u00e3o importante me enche de motiva\u00e7\u00e3o para seguir meus sonhos e continuar trilhando esse caminho com paix\u00e3o\u201d, resume.<\/p>\n<p>Para Gabrielle, a IAS transformou sua vida de maneiras que ela nunca imaginou. \u201cSempre fui uma pessoa muito t\u00edmida e tinha dificuldade em me expressar. Mas o ambiente acolhedor e os professores dedicados me ajudaram a descobrir e a desenvolver um lado art\u00edstico que nem sabia que existia. Hoje, eu me sinto mais confiante e verdadeira, e sou muito grata por tudo que aprendi e vivenciei na institui\u00e7\u00e3o\u201d, celebra.<\/p>\n<p><strong>Consci\u00eancia cidad\u00e3<\/strong><br \/>Segundo Lucas Galon, diretor art\u00edstico da IAS, al\u00e9m de uma prepara\u00e7\u00e3o dos alunos para uma consci\u00eancia cidad\u00e3, a entidade tamb\u00e9m tem um vi\u00e9s profissionalizante e prima por uma excel\u00eancia no ensino, o que faz com que eles se interessem em seguir uma carreira nas \u00e1reas que s\u00e3o oferecidas na IAS.<\/p>\n<blockquote>\n<p>\u201cSair daqui e seguir para a universidade \u00e9 o caminho mais s\u00f3lido para uma carreira art\u00edstica nas \u00e1reas que a gente oferece. E, no caso da m\u00fasica, isso tem sido uma constante. A institui\u00e7\u00e3o j\u00e1 aprovou in\u00fameros alunos nas mais diversas universidades. Em especial no Departamento de M\u00fasica da USP de Ribeir\u00e3o Preto, que \u00e9 um dos melhores do Brasil, e isso muito nos orgulha\u201d, ressalta Lucas.<\/p>\n<\/blockquote>\n<p>Para o diretor, a entidade oferece uma educa\u00e7\u00e3o variada, com diversas disciplinas, para o jovem ter uma forma\u00e7\u00e3o completa de base.<\/p>\n<blockquote>\n<p>\u201cAl\u00e9m das aulas de instrumentos musicais, o estudante tamb\u00e9m pode frequentar as aulas de teatro, bal\u00e9, artes visuais, canto coral, teoria musical, para formar uma base assim como os conservat\u00f3rios ofereciam. Pouca gente sabe, mas os vestibulares na \u00e1rea de M\u00fasica s\u00e3o muito dif\u00edceis. Na USP, al\u00e9m da Fuvest ou do Enem, ainda tem a prova espec\u00edfica, que envolve todos esses conhecimentos que a institui\u00e7\u00e3o promove para o aluno. Ent\u00e3o, a gente n\u00e3o pensa especificamente na universidade, a gente pensa em uma forma\u00e7\u00e3o para a vida\u201d, acrescenta.<\/p>\n<\/blockquote>\n<p><strong>Caminho certo<\/strong><br \/>J\u00e1 a coordenadora pedag\u00f3gica e art\u00edstica Sara Cesca conta que ter mais dois alunos da IAS aprovados na USP traz um sentimento de que a entidade segue no caminho certo.<\/p>\n<blockquote>\n<p>\u201cPartilhamos da mesma vibra\u00e7\u00e3o e alegria, pois acompanhamos cada habilidade conquistada, cada fase de seus estudos, como tamb\u00e9m o processo de tomada de decis\u00e3o da carreira, que n\u00e3o \u00e9 tarefa simples, tampouco uma decis\u00e3o da noite para o dia. Caminhamos juntos, mas essa conquista, que \u00e9 fruto da disciplina e dedica\u00e7\u00e3o deles, nos possibilita desfrutar do sentimento de ter feito um trabalho com dedica\u00e7\u00e3o e excel\u00eancia\u201d, comemora.<\/p>\n<\/blockquote>\n<p>Al\u00e9m disso, de acordo com a coordenadora, a entrada desses jovens na universidade confirma a dedica\u00e7\u00e3o, a compet\u00eancia e a excel\u00eancia do trabalho desenvolvido na institui\u00e7\u00e3o.<\/p>\n<blockquote>\n<p>\u201cQuando eles come\u00e7am a frequentar os cursos de Artes da IAS, aos 6 ou 7 anos de idade, est\u00e3o muito longe de qualquer decis\u00e3o nesse sentido. Por\u00e9m, como professores capacitados em promover um ensino art\u00edstico consistente em longo prazo, resultados como esses, de alunos aprovados no vestibular da USP, atestam o ensino coerente e s\u00f3lido que \u00e9 oferecido pela IAS\u201d, conclui Sara.<\/p>\n<\/blockquote>\n<figure id=\"attachment_24356\" aria-describedby=\"caption-attachment-24356\" style=\"width: 525px\" class=\"wp-caption aligncenter\"><figcaption id=\"caption-attachment-24356\" class=\"wp-caption-text\">Fellipe Eliel Feiches frequenta a institui\u00e7\u00e3o desde 2014 e \u00e9 aluno de saxofone. Foto: Divulga\u00e7\u00e3o<\/figcaption><\/figure>\n<p><strong>Sobre IAS<\/strong><br \/>A Institui\u00e7\u00e3o Aparecido Savegnago (IAS) possui uma hist\u00f3ria de dedica\u00e7\u00e3o \u00e0s crian\u00e7as e adolescentes da cidade de Sert\u00e3ozinho e do distrito de Cruz das Posses. O objetivo \u00e9 fazer o bem para a comunidade por meio da cultura, arte, educa\u00e7\u00e3o e cidadania.<\/p>\n<p>Desde o in\u00edcio do projeto, mais de 3 mil alunos j\u00e1 passaram pela Institui\u00e7\u00e3o por meio dos cursos de violino, violoncelo, viola, contrabaixo, clarinete, flauta, saxofone, trompa, trombone, trompete, viol\u00e3o, percuss\u00e3o, bateria, canto coral, teatro, bal\u00e9, \u00e9tica e cidadania e artes pl\u00e1sticas, al\u00e9m de sa\u00fade da crian\u00e7a, que \u00e9 realizado por uma psic\u00f3loga.<\/p>\n<p>As atividades de forma\u00e7\u00e3o art\u00edstica da IAS s\u00e3o financiadas por projetos aprovados no Programa Nacional de Apoio \u00e0 Cultura \u2013 Pronac, do Governo Federal, via Minist\u00e9rio da Cultura, e no Programa de A\u00e7\u00e3o Cultural \u2013 ProAC, do Governo do Estado de S\u00e3o Paulo, via Secretaria da Cultura, Economia e Ind\u00fastria Criativas. Conta com patroc\u00ednio das seguintes empresas: ouro \u2013 Savegnago Supermercados; prata \u2013 Caldema e Pr\u00e1tica; bronze: Selmi, Triex, Siamar, Caf\u00e9 Utam, Fast G\u00f4ndolas e Check-outs e Eletrofrio Refrigera\u00e7\u00e3o.<\/p>\n<p>&#13;<br \/>\n\t\t\t\t<span class=\"post-views-icon dashicons dashicons-chart-bar\"\/> <span class=\"post-views-label\">Visualiza\u00e7\u00f5es:<\/span> <span class=\"post-views-count\">5<\/span>&#13;\n\t\t\t<\/p>\n<\/p><\/div>\n<p><br \/>\n<br \/><a href=\"https:\/\/folhaderibeirao.com.br\/2025\/02\/19\/dois-alunos-da-instituicao-aparecido-savegnago-sao-aprovados-na-usp-de-ribeirao-preto\/\">Source link <\/a><\/p>\n<!-- CONTENT END 1 -->\n","protected":false},"excerpt":{"rendered":"<p>Dois jovens que estudam instrumentos musicais na Institui\u00e7\u00e3o Aparecido Savegnago foram aprovados no vestibular da Universidade de S\u00e3o Paulo (USP). Eles v\u00e3o cursar Licenciatura em&#8230;<\/p>\n","protected":false},"author":1,"featured_media":63716,"comment_status":"open","ping_status":"open","sticky":false,"template":"","format":"standard","meta":{"advanced_seo_description":"","jetpack_seo_html_title":"","jetpack_seo_noindex":false,"jetpack_post_was_ever_published":false,"_jetpack_newsletter_access":"","_jetpack_dont_email_post_to_subs":false,"_jetpack_newsletter_tier_id":0,"_jetpack_memberships_contains_paywalled_content":false,"_jetpack_memberships_contains_paid_content":false,"footnotes":"","jetpack_publicize_message":"","jetpack_publicize_feature_enabled":true,"jetpack_social_post_already_shared":true,"jetpack_social_options":{"image_generator_settings":{"template":"highway","default_image_id":0,"font":"","enabled":false},"version":2}},"categories":[11],"tags":[1594,1743,4056,618,1742,27,26,50,1744,872],"class_list":["post-63715","post","type-post","status-publish","format-standard","has-post-thumbnail","hentry","category-noticias-de-ribeirao-preto-sp-e-regiao-ismael-colosi","tag-alunos","tag-aparecido","tag-aprovados","tag-dois","tag-instituicao","tag-preto","tag-ribeirao","tag-sao","tag-savegnago","tag-usp"],"jetpack_publicize_connections":[],"jetpack_featured_media_url":"https:\/\/i0.wp.com\/noticiasribeiraopreto.com.br\/wp-content\/uploads\/2025\/02\/Gabrielle-Almeida-de-Oliveira-e-aluna-de-violino-da-IAS-desde-2017.jpeg?fit=988%2C988&ssl=1","jetpack-related-posts":[{"id":75179,"url":"https:\/\/noticiasribeiraopreto.com.br\/index.php\/2025\/08\/05\/instituicao-aparecido-savegnago-abre-inscricoes-para-oficina-de-ballet-classico-em-sertaozinho\/","url_meta":{"origin":63715,"position":0},"title":"Institui\u00e7\u00e3o Aparecido Savegnago abre inscri\u00e7\u00f5es para oficina de Ballet Cl\u00e1ssico em Sert\u00e3ozinho","author":"noticiasribeiraopreto.com.br","date":"5 de August de 2025","format":false,"excerpt":"A Institui\u00e7\u00e3o Aparecido Savegnago promove nos dias 8 e 9 de agosto uma oficina de ballet cl\u00e1ssico, em Sert\u00e3ozinho, na regi\u00e3o de Ribeir\u00e3o Preto. As aulas acontecem \u00e0 tarde e da noite, no N\u00facleo de Dan\u00e7a. As inscri\u00e7\u00f5es s\u00e3o gratuitas \u2013 veja como participar abaixo. As oficinas ser\u00e3o ministradas pelo\u2026","rel":"","context":"In &quot;Not\u00edcias de Ribeir\u00e3o Preto-SP e Regi\u00e3o&quot;","block_context":{"text":"Not\u00edcias de Ribeir\u00e3o Preto-SP e Regi\u00e3o","link":"https:\/\/noticiasribeiraopreto.com.br\/index.php\/category\/noticias-de-ribeirao-preto-sp-e-regiao-ismael-colosi\/"},"img":{"alt_text":"","src":"https:\/\/i0.wp.com\/noticiasribeiraopreto.com.br\/wp-content\/uploads\/2025\/08\/ballet_2025-08-05_12-15-20.webp.webp?fit=1200%2C675&ssl=1&resize=350%2C200","width":350,"height":200,"srcset":"https:\/\/i0.wp.com\/noticiasribeiraopreto.com.br\/wp-content\/uploads\/2025\/08\/ballet_2025-08-05_12-15-20.webp.webp?fit=1200%2C675&ssl=1&resize=350%2C200 1x, https:\/\/i0.wp.com\/noticiasribeiraopreto.com.br\/wp-content\/uploads\/2025\/08\/ballet_2025-08-05_12-15-20.webp.webp?fit=1200%2C675&ssl=1&resize=525%2C300 1.5x, https:\/\/i0.wp.com\/noticiasribeiraopreto.com.br\/wp-content\/uploads\/2025\/08\/ballet_2025-08-05_12-15-20.webp.webp?fit=1200%2C675&ssl=1&resize=700%2C400 2x, https:\/\/i0.wp.com\/noticiasribeiraopreto.com.br\/wp-content\/uploads\/2025\/08\/ballet_2025-08-05_12-15-20.webp.webp?fit=1200%2C675&ssl=1&resize=1050%2C600 3x"},"classes":[]},{"id":12415,"url":"https:\/\/noticiasribeiraopreto.com.br\/index.php\/2023\/12\/07\/instituicao-aparecido-savegnago-apresenta-residencial-beija-flor-nesta-sexta-8\/","url_meta":{"origin":63715,"position":1},"title":"Institui\u00e7\u00e3o Aparecido Savegnago apresenta \u201cResidencial Beija-Flor\u201d nesta sexta (8)","author":"noticiasribeiraopreto.com.br","date":"7 de December de 2023","format":false,"excerpt":"7 de dezembro de 2023 | 15:26 0Um espet\u00e1culo para divertir, emocionar e marcar o p\u00fablico. A Institui\u00e7\u00e3o Aparecido Savegnago apresenta nesta sexta-feira, dia 8, \u00e0s 19h30, a mostra teatral \u201cResidencial Beija-Flor\u201d. Dirigida pela professora Thais Foresto e protagonizada por alunos e alunas da entidade, a encena\u00e7\u00e3o ser\u00e1 realizada no\u2026","rel":"","context":"In &quot;Not\u00edcias de Ribeir\u00e3o Preto-SP e Regi\u00e3o&quot;","block_context":{"text":"Not\u00edcias de Ribeir\u00e3o Preto-SP e Regi\u00e3o","link":"https:\/\/noticiasribeiraopreto.com.br\/index.php\/category\/noticias-de-ribeirao-preto-sp-e-regiao-ismael-colosi\/"},"img":{"alt_text":"","src":"https:\/\/i0.wp.com\/noticiasribeiraopreto.com.br\/wp-content\/uploads\/2023\/12\/handler.jpg?fit=645%2C645&ssl=1&resize=350%2C200","width":350,"height":200,"srcset":"https:\/\/i0.wp.com\/noticiasribeiraopreto.com.br\/wp-content\/uploads\/2023\/12\/handler.jpg?fit=645%2C645&ssl=1&resize=350%2C200 1x, https:\/\/i0.wp.com\/noticiasribeiraopreto.com.br\/wp-content\/uploads\/2023\/12\/handler.jpg?fit=645%2C645&ssl=1&resize=525%2C300 1.5x"},"classes":[]},{"id":16455,"url":"https:\/\/noticiasribeiraopreto.com.br\/index.php\/2023\/12\/15\/367458-2\/","url_meta":{"origin":63715,"position":2},"title":"Quarteto Paineiras toca em Sert\u00e3ozinho","author":"noticiasribeiraopreto.com.br","date":"15 de December de 2023","format":false,"excerpt":"Depois de quatro anos de apresenta\u00e7\u00f5es, o Circuito Art\u00edstico e Cultural da Institui\u00e7\u00e3o Aparecido Savegnago recebe, nesta sexta-feira, 15 de dezembro, o \u00faltimo espet\u00e1culo musical da temporada. A apresenta\u00e7\u00e3o gratuita ser\u00e1 do Quarteto Paineiras, \u00e0s 19 horas, no Audit\u00f3rio Isaura Bolsoni Savegnago, sede da entidade, \u00e0 rua Jos\u00e9 Bonini n\u00ba\u2026","rel":"","context":"In &quot;Not\u00edcias de Ribeir\u00e3o Preto-SP e Regi\u00e3o&quot;","block_context":{"text":"Not\u00edcias de Ribeir\u00e3o Preto-SP e Regi\u00e3o","link":"https:\/\/noticiasribeiraopreto.com.br\/index.php\/category\/noticias-de-ribeirao-preto-sp-e-regiao-ismael-colosi\/"},"img":{"alt_text":"","src":"https:\/\/i0.wp.com\/noticiasribeiraopreto.com.br\/wp-content\/uploads\/2023\/12\/Paineiras-Divulgacao.jpg?fit=800%2C533&ssl=1&resize=350%2C200","width":350,"height":200,"srcset":"https:\/\/i0.wp.com\/noticiasribeiraopreto.com.br\/wp-content\/uploads\/2023\/12\/Paineiras-Divulgacao.jpg?fit=800%2C533&ssl=1&resize=350%2C200 1x, https:\/\/i0.wp.com\/noticiasribeiraopreto.com.br\/wp-content\/uploads\/2023\/12\/Paineiras-Divulgacao.jpg?fit=800%2C533&ssl=1&resize=525%2C300 1.5x, https:\/\/i0.wp.com\/noticiasribeiraopreto.com.br\/wp-content\/uploads\/2023\/12\/Paineiras-Divulgacao.jpg?fit=800%2C533&ssl=1&resize=700%2C400 2x"},"classes":[]},{"id":73092,"url":"https:\/\/noticiasribeiraopreto.com.br\/index.php\/2025\/06\/25\/cidade-na-regiao-de-ribeirao-preto-recebe-apresentacoes-gratuitas-de-coral-e-teatro\/","url_meta":{"origin":63715,"position":3},"title":"Cidade na regi\u00e3o de Ribeir\u00e3o Preto recebe apresenta\u00e7\u00f5es gratuitas de coral e teatro","author":"noticiasribeiraopreto.com.br","date":"25 de June de 2025","format":false,"excerpt":"Crian\u00e7as e adolescentes do projeto sociocultural da\u00a0Institui\u00e7\u00e3o Aparecido Savegnago,\u00a0apresentam em Sert\u00e3ozinho, cidade na regi\u00e3o de\u00a0Ribeir\u00e3o Preto, dois eventos pedag\u00f3gicos e gratuitos, nos dias 26 e 30 de junho. As atividades incluem apresenta\u00e7\u00e3o de coral e teatro. As duas apresenta\u00e7\u00f5es acontecem a partir das 19h30, no Audit\u00f3rio Isaura Bolsoni Savegnago, dentro\u2026","rel":"","context":"In &quot;Not\u00edcias de Ribeir\u00e3o Preto-SP e Regi\u00e3o&quot;","block_context":{"text":"Not\u00edcias de Ribeir\u00e3o Preto-SP e Regi\u00e3o","link":"https:\/\/noticiasribeiraopreto.com.br\/index.php\/category\/noticias-de-ribeirao-preto-sp-e-regiao-ismael-colosi\/"},"img":{"alt_text":"","src":"https:\/\/i0.wp.com\/noticiasribeiraopreto.com.br\/wp-content\/uploads\/2025\/06\/teatro-ias_2025-06-25_13-50-38.webp.webp?fit=1200%2C675&ssl=1&resize=350%2C200","width":350,"height":200,"srcset":"https:\/\/i0.wp.com\/noticiasribeiraopreto.com.br\/wp-content\/uploads\/2025\/06\/teatro-ias_2025-06-25_13-50-38.webp.webp?fit=1200%2C675&ssl=1&resize=350%2C200 1x, https:\/\/i0.wp.com\/noticiasribeiraopreto.com.br\/wp-content\/uploads\/2025\/06\/teatro-ias_2025-06-25_13-50-38.webp.webp?fit=1200%2C675&ssl=1&resize=525%2C300 1.5x, https:\/\/i0.wp.com\/noticiasribeiraopreto.com.br\/wp-content\/uploads\/2025\/06\/teatro-ias_2025-06-25_13-50-38.webp.webp?fit=1200%2C675&ssl=1&resize=700%2C400 2x, https:\/\/i0.wp.com\/noticiasribeiraopreto.com.br\/wp-content\/uploads\/2025\/06\/teatro-ias_2025-06-25_13-50-38.webp.webp?fit=1200%2C675&ssl=1&resize=1050%2C600 3x"},"classes":[]},{"id":80147,"url":"https:\/\/noticiasribeiraopreto.com.br\/index.php\/2025\/11\/16\/teatro-na-regiao-de-ribeirao-preto-recebe-adaptacao-de-encanto-com-entrada-gratuita\/","url_meta":{"origin":63715,"position":4},"title":"Teatro na regi\u00e3o de Ribeir\u00e3o Preto recebe adapta\u00e7\u00e3o de &#8216;Encanto&#8217; com entrada gratuita","author":"noticiasribeiraopreto.com.br","date":"16 de November de 2025","format":false,"excerpt":"O Teatro Municipal Profa. Olympia Faria Adami, em Sert\u00e3ozinho, na regi\u00e3o de Ribeir\u00e3o Preto, recebe no dia 18 de novembro a adapta\u00e7\u00e3o teatral de \u2018Encanto\u2018, produ\u00e7\u00e3o realizada pela Institui\u00e7\u00e3o Aparecido Savegnago. A montagem apresenta a hist\u00f3ria da fam\u00edlia Madrigal, que vive em uma casa m\u00e1gica nas montanhas da Col\u00f4mbia. O\u2026","rel":"","context":"In &quot;Not\u00edcias de Ribeir\u00e3o Preto-SP e Regi\u00e3o&quot;","block_context":{"text":"Not\u00edcias de Ribeir\u00e3o Preto-SP e Regi\u00e3o","link":"https:\/\/noticiasribeiraopreto.com.br\/index.php\/category\/noticias-de-ribeirao-preto-sp-e-regiao-ismael-colosi\/"},"img":{"alt_text":"","src":"https:\/\/i0.wp.com\/noticiasribeiraopreto.com.br\/wp-content\/uploads\/2025\/11\/%F0%9F%AB%B5%F0%9F%8F%BBComunicado-a-PopulacaoA-Prefeitura-Municipal-de-Sertaozinho-informa-que-o-novo-numero-para-c_2025-11-16_14-34-55.webp.webp?fit=1080%2C720&ssl=1&resize=350%2C200","width":350,"height":200,"srcset":"https:\/\/i0.wp.com\/noticiasribeiraopreto.com.br\/wp-content\/uploads\/2025\/11\/%F0%9F%AB%B5%F0%9F%8F%BBComunicado-a-PopulacaoA-Prefeitura-Municipal-de-Sertaozinho-informa-que-o-novo-numero-para-c_2025-11-16_14-34-55.webp.webp?fit=1080%2C720&ssl=1&resize=350%2C200 1x, https:\/\/i0.wp.com\/noticiasribeiraopreto.com.br\/wp-content\/uploads\/2025\/11\/%F0%9F%AB%B5%F0%9F%8F%BBComunicado-a-PopulacaoA-Prefeitura-Municipal-de-Sertaozinho-informa-que-o-novo-numero-para-c_2025-11-16_14-34-55.webp.webp?fit=1080%2C720&ssl=1&resize=525%2C300 1.5x, https:\/\/i0.wp.com\/noticiasribeiraopreto.com.br\/wp-content\/uploads\/2025\/11\/%F0%9F%AB%B5%F0%9F%8F%BBComunicado-a-PopulacaoA-Prefeitura-Municipal-de-Sertaozinho-informa-que-o-novo-numero-para-c_2025-11-16_14-34-55.webp.webp?fit=1080%2C720&ssl=1&resize=700%2C400 2x, https:\/\/i0.wp.com\/noticiasribeiraopreto.com.br\/wp-content\/uploads\/2025\/11\/%F0%9F%AB%B5%F0%9F%8F%BBComunicado-a-PopulacaoA-Prefeitura-Municipal-de-Sertaozinho-informa-que-o-novo-numero-para-c_2025-11-16_14-34-55.webp.webp?fit=1080%2C720&ssl=1&resize=1050%2C600 3x"},"classes":[]},{"id":80160,"url":"https:\/\/noticiasribeiraopreto.com.br\/index.php\/2025\/11\/16\/teatro-na-regiao-de-ribeirao-preto-recebe-adaptacao-de-encanto-com-entrada-gratuita-3\/","url_meta":{"origin":63715,"position":5},"title":"Teatro na regi\u00e3o de Ribeir\u00e3o Preto recebe adapta\u00e7\u00e3o de &#8216;Encanto&#8217; com entrada gratuita","author":"noticiasribeiraopreto.com.br","date":"16 de November de 2025","format":false,"excerpt":"O Teatro Municipal Profa. Olympia Faria Adami, em Sert\u00e3ozinho, na regi\u00e3o de Ribeir\u00e3o Preto, recebe no dia 18 de novembro a adapta\u00e7\u00e3o teatral de \u2018Encanto\u2018, produ\u00e7\u00e3o realizada pela Institui\u00e7\u00e3o Aparecido Savegnago. A montagem apresenta a hist\u00f3ria da fam\u00edlia Madrigal, que vive em uma casa m\u00e1gica nas montanhas da Col\u00f4mbia. O\u2026","rel":"","context":"In &quot;Not\u00edcias de Ribeir\u00e3o Preto-SP e Regi\u00e3o&quot;","block_context":{"text":"Not\u00edcias de Ribeir\u00e3o Preto-SP e Regi\u00e3o","link":"https:\/\/noticiasribeiraopreto.com.br\/index.php\/category\/noticias-de-ribeirao-preto-sp-e-regiao-ismael-colosi\/"},"img":{"alt_text":"","src":"https:\/\/i0.wp.com\/noticiasribeiraopreto.com.br\/wp-content\/uploads\/2025\/11\/palace-32_2025-11-16_19-02-11.webp.webp?fit=1200%2C675&ssl=1&resize=350%2C200","width":350,"height":200,"srcset":"https:\/\/i0.wp.com\/noticiasribeiraopreto.com.br\/wp-content\/uploads\/2025\/11\/palace-32_2025-11-16_19-02-11.webp.webp?fit=1200%2C675&ssl=1&resize=350%2C200 1x, https:\/\/i0.wp.com\/noticiasribeiraopreto.com.br\/wp-content\/uploads\/2025\/11\/palace-32_2025-11-16_19-02-11.webp.webp?fit=1200%2C675&ssl=1&resize=525%2C300 1.5x, https:\/\/i0.wp.com\/noticiasribeiraopreto.com.br\/wp-content\/uploads\/2025\/11\/palace-32_2025-11-16_19-02-11.webp.webp?fit=1200%2C675&ssl=1&resize=700%2C400 2x, https:\/\/i0.wp.com\/noticiasribeiraopreto.com.br\/wp-content\/uploads\/2025\/11\/palace-32_2025-11-16_19-02-11.webp.webp?fit=1200%2C675&ssl=1&resize=1050%2C600 3x"},"classes":[]}],"jetpack_sharing_enabled":true,"jetpack_shortlink":"https:\/\/wp.me\/peQAOb-gzF","_links":{"self":[{"href":"https:\/\/noticiasribeiraopreto.com.br\/index.php\/wp-json\/wp\/v2\/posts\/63715","targetHints":{"allow":["GET"]}}],"collection":[{"href":"https:\/\/noticiasribeiraopreto.com.br\/index.php\/wp-json\/wp\/v2\/posts"}],"about":[{"href":"https:\/\/noticiasribeiraopreto.com.br\/index.php\/wp-json\/wp\/v2\/types\/post"}],"author":[{"embeddable":true,"href":"https:\/\/noticiasribeiraopreto.com.br\/index.php\/wp-json\/wp\/v2\/users\/1"}],"replies":[{"embeddable":true,"href":"https:\/\/noticiasribeiraopreto.com.br\/index.php\/wp-json\/wp\/v2\/comments?post=63715"}],"version-history":[{"count":0,"href":"https:\/\/noticiasribeiraopreto.com.br\/index.php\/wp-json\/wp\/v2\/posts\/63715\/revisions"}],"wp:featuredmedia":[{"embeddable":true,"href":"https:\/\/noticiasribeiraopreto.com.br\/index.php\/wp-json\/wp\/v2\/media\/63716"}],"wp:attachment":[{"href":"https:\/\/noticiasribeiraopreto.com.br\/index.php\/wp-json\/wp\/v2\/media?parent=63715"}],"wp:term":[{"taxonomy":"category","embeddable":true,"href":"https:\/\/noticiasribeiraopreto.com.br\/index.php\/wp-json\/wp\/v2\/categories?post=63715"},{"taxonomy":"post_tag","embeddable":true,"href":"https:\/\/noticiasribeiraopreto.com.br\/index.php\/wp-json\/wp\/v2\/tags?post=63715"}],"curies":[{"name":"wp","href":"https:\/\/api.w.org\/{rel}","templated":true}]}}