{"id":63717,"date":"2025-02-19T18:38:00","date_gmt":"2025-02-19T21:38:00","guid":{"rendered":"https:\/\/noticiasribeiraopreto.com.br\/index.php\/2025\/02\/19\/ribeiraoshopping-tera-programacao-especial-de-carnaval-com-bloquinho-para-toda-familia\/"},"modified":"2025-02-19T18:38:00","modified_gmt":"2025-02-19T21:38:00","slug":"ribeiraoshopping-tera-programacao-especial-de-carnaval-com-bloquinho-para-toda-familia","status":"publish","type":"post","link":"https:\/\/noticiasribeiraopreto.com.br\/index.php\/2025\/02\/19\/ribeiraoshopping-tera-programacao-especial-de-carnaval-com-bloquinho-para-toda-familia\/","title":{"rendered":"Ribeir\u00e3oShopping ter\u00e1 programa\u00e7\u00e3o especial de Carnaval com bloquinho para toda fam\u00edlia"},"content":{"rendered":"<div class='code-block code-block-1' style='margin: 8px 0 8px auto; text-align: right; display: block; clear: both;'>\n<p><a href=\"https:\/\/wa.link\/vpicfd\"><img data-recalc-dims=\"1\" class=\"wp-image-4922\" style=\"aspect-ratio: 2.0253164556962027; width: 561px; height: auto;\" src=\"https:\/\/i0.wp.com\/ismaelcolosi.com.br\/wp-content\/uploads\/2023\/11\/grupo-de-empregos-whatsapp-e-facebook-ismael-colosi-vagas.jpg?ssl=1\" alt=\"\" \/><\/a><\/p>\n<!-- \/wp:image -->\n<\/div>\n<p> <br \/>\n<\/p>\n<div>\n<p>O Ribeir\u00e3oShopping se prepara para a festa mais brasileira. A programa\u00e7\u00e3o especial de Carnaval, \u201cMultiVc na folia\u201d, contar\u00e1 com atra\u00e7\u00f5es para toda fam\u00edlia, nos dias 2 e 4 de mar\u00e7o, incluindo oficina de customiza\u00e7\u00e3o de abad\u00e1, bloquinho no mall, al\u00e9m de um bailinho infantil no Multiplan Hall.<\/p>\n<p>As crian\u00e7as poder\u00e3o come\u00e7ar a agenda carnavalesca a partir das 15h, com uma oficina de personaliza\u00e7\u00e3o de abad\u00e1s, na HotZone. Na sequ\u00eancia, \u00e0s 16h, um pequeno trio el\u00e9trico acompanha os mini foli\u00f5es pelos corredores do shopping, at\u00e9 o evento especial de Carnaval que acontecer\u00e1 das 16h30 \u00e0s 18h30 no Multiplan Hall, com muita m\u00fasica \u2013 repert\u00f3rio repleto de marchinhas e m\u00fasicas infantis, brincadeiras com personagens, pintura facial, algod\u00e3o doce e pipoca.<\/p>\n<p>As atividades s\u00e3o exclusivas para clientes MultiVoc\u00ea, que podem trocar seus pontos pela oficina de personaliza\u00e7\u00e3o de abad\u00e1s \u2013 limitada a 30 crian\u00e7as \u2013 e para o baile de carnaval a partir deste s\u00e1bado, 22 de fevereiro. Al\u00e9m disso, clientes MultiVoc\u00ea de todas as categorias que queiram participar do evento no Multiplan Hall poder\u00e3o resgatar o benef\u00edcio do Kit folia tamb\u00e9m atrav\u00e9s do App Multi.<\/p>\n<blockquote>\n<p>\u201cSer\u00e3o dois dias especiais, com programa\u00e7\u00e3o de Carnaval para toda fam\u00edlia se divertir. Al\u00e9m das a\u00e7\u00f5es infantis, na quinta-feira, 06 de mar\u00e7o, na Alameda Gourmet, teremos uma apresenta\u00e7\u00e3o de piano que levar\u00e1 para o p\u00fablico um repert\u00f3rio repleto de marchinhas que atravessam gera\u00e7\u00f5es de foli\u00f5es\u201d, comenta Maira Lisa Ferrari, gerente de marketing do Ribeir\u00e3oShopping.<\/p>\n<p>\u201cBandeira Branca\u201d, \u201cMam\u00e3e Eu Quero\u201d, \u201cCidade Maravilhosa\u201d, \u201cAlala\u00f4\u201d e \u201cT\u00e1 A\u00ed\u201d, s\u00e3o algumas das m\u00fasicas que estar\u00e3o no repert\u00f3rio da pianista Adriane Biagini.<\/p>\n<\/blockquote>\n<p>Para mais informa\u00e7\u00f5es acesse www.ribeiraoshopping.com.br, pelas redes sociais @ribeiraoshopping ou pelo App Multi. Cadastre a placa do seu carro no Acesso Multi para usar a entrada expressa sem cancela e pagar o estacionamento de forma autom\u00e1tica. Para cadastrar o ve\u00edculo pelo App Multi, basta clicar na aba Estacionamento e depois, em Acesso Multi, digitar a placa do carro e os dados do cart\u00e3o de cr\u00e9dito ou, se for usu\u00e1rio de alguma tag, escolher entre Sem Parar, Veloe, ConectCar ou Taggy.<\/p>\n<p><strong>Sobre o Ribeir\u00e3oShopping<\/strong><br \/>Inaugurado em 5 de maio de 1981, o Ribeir\u00e3oShopping foi o primeiro shopping center de Ribeir\u00e3o Preto, o segundo da rede Multiplan e um dos primeiros no Brasil, totalizando 43 anos de uma trajet\u00f3ria com oito bem-sucedidas expans\u00f5es e a constru\u00e7\u00e3o de um moderno Centro M\u00e9dico. Um dos maiores geradores de empregos da cidade e da regi\u00e3o, o Ribeir\u00e3oShopping oferece mais de 5 mil empregos diretos.<\/p>\n<p>Com todas as suas qualidades, os consumidores podem resolver tudo que precisam em um s\u00f3 lugar com conforto e praticidade, desfrutando das comodidades que o shopping oferece.<\/p>\n<p>&#13;<br \/>\n\t\t\t\t<span class=\"post-views-icon dashicons dashicons-chart-bar\"\/> <span class=\"post-views-label\">Visualiza\u00e7\u00f5es:<\/span> <span class=\"post-views-count\">5<\/span>&#13;\n\t\t\t<\/p>\n<\/p><\/div>\n<p><br \/>\n<br \/><a href=\"https:\/\/folhaderibeirao.com.br\/2025\/02\/19\/ribeiraoshopping-tera-programacao-especial-de-carnaval-com-bloquinho-para-toda-familia\/\">Source link <\/a><\/p>\n<!-- CONTENT END 1 -->\n","protected":false},"excerpt":{"rendered":"<p>O Ribeir\u00e3oShopping se prepara para a festa mais brasileira. A programa\u00e7\u00e3o especial de Carnaval, \u201cMultiVc na folia\u201d, contar\u00e1 com atra\u00e7\u00f5es para toda fam\u00edlia, nos dias&#8230;<\/p>\n","protected":false},"author":1,"featured_media":63718,"comment_status":"open","ping_status":"open","sticky":false,"template":"","format":"standard","meta":{"advanced_seo_description":"","jetpack_seo_html_title":"","jetpack_seo_noindex":false,"jetpack_post_was_ever_published":false,"_jetpack_newsletter_access":"","_jetpack_dont_email_post_to_subs":false,"_jetpack_newsletter_tier_id":0,"_jetpack_memberships_contains_paywalled_content":false,"_jetpack_memberships_contains_paid_content":false,"footnotes":"","jetpack_publicize_message":"","jetpack_publicize_feature_enabled":true,"jetpack_social_post_already_shared":true,"jetpack_social_options":{"image_generator_settings":{"template":"highway","default_image_id":0,"font":"","enabled":false},"version":2}},"categories":[11],"tags":[6183,2688,923,73,71,70,4098,679,72],"class_list":["post-63717","post","type-post","status-publish","format-standard","has-post-thumbnail","hentry","category-noticias-de-ribeirao-preto-sp-e-regiao-ismael-colosi","tag-bloquinho","tag-carnaval","tag-especial","tag-familia","tag-para","tag-programacao","tag-ribeiraoshopping","tag-tera","tag-toda"],"jetpack_publicize_connections":[],"jetpack_featured_media_url":"https:\/\/i0.wp.com\/noticiasribeiraopreto.com.br\/wp-content\/uploads\/2025\/02\/WhatsApp-Image-2025-02-19-at-14.38.29.jpeg?fit=1565%2C1600&ssl=1","jetpack-related-posts":[{"id":64189,"url":"https:\/\/noticiasribeiraopreto.com.br\/index.php\/2025\/03\/04\/ribeiraoshopping-e-shoppingsantaursula-tem-programacao-e-horarios-especiais-nesta-terca-feira-4\/","url_meta":{"origin":63717,"position":0},"title":"Ribeir\u00e3oShopping e ShoppingSanta\u00darsula t\u00eam programa\u00e7\u00e3o e hor\u00e1rios especiais nesta ter\u00e7a-feira, 4","author":"noticiasribeiraopreto.com.br","date":"4 de March de 2025","format":false,"excerpt":"O Ribeir\u00e3oShopping e ShoppingSanta\u00darsula oferecem uma programa\u00e7\u00e3o especial para a fam\u00edlia e pets nesta ter\u00e7a-feira de Carnaval, dia 4 de mar\u00e7o. As atividades s\u00e3o gratuitas e para participar os interessados devem baixar o app Multi e seguir as orienta\u00e7\u00f5es para se inscrever, por meio de resgate ou troca de pontos.\u2026","rel":"","context":"In &quot;Not\u00edcias de Ribeir\u00e3o Preto-SP e Regi\u00e3o&quot;","block_context":{"text":"Not\u00edcias de Ribeir\u00e3o Preto-SP e Regi\u00e3o","link":"https:\/\/noticiasribeiraopreto.com.br\/index.php\/category\/noticias-de-ribeirao-preto-sp-e-regiao-ismael-colosi\/"},"img":{"alt_text":"","src":"https:\/\/i0.wp.com\/noticiasribeiraopreto.com.br\/wp-content\/uploads\/2025\/03\/WhatsApp-Image-2025-03-04-at-12.09.26.jpeg?fit=800%2C533&ssl=1&resize=350%2C200","width":350,"height":200,"srcset":"https:\/\/i0.wp.com\/noticiasribeiraopreto.com.br\/wp-content\/uploads\/2025\/03\/WhatsApp-Image-2025-03-04-at-12.09.26.jpeg?fit=800%2C533&ssl=1&resize=350%2C200 1x, https:\/\/i0.wp.com\/noticiasribeiraopreto.com.br\/wp-content\/uploads\/2025\/03\/WhatsApp-Image-2025-03-04-at-12.09.26.jpeg?fit=800%2C533&ssl=1&resize=525%2C300 1.5x, https:\/\/i0.wp.com\/noticiasribeiraopreto.com.br\/wp-content\/uploads\/2025\/03\/WhatsApp-Image-2025-03-04-at-12.09.26.jpeg?fit=800%2C533&ssl=1&resize=700%2C400 2x"},"classes":[]},{"id":63968,"url":"https:\/\/noticiasribeiraopreto.com.br\/index.php\/2025\/02\/26\/shoppings-de-ribeirao-preto-tem-programacao-especial-de-carnaval-confira\/","url_meta":{"origin":63717,"position":1},"title":"Shoppings de Ribeir\u00e3o Preto t\u00eam programa\u00e7\u00e3o especial de Carnaval; Confira","author":"noticiasribeiraopreto.com.br","date":"26 de February de 2025","format":false,"excerpt":"Faltando poucos dias para o Carnaval, os centros comerciais de Ribeir\u00e3o Preto e regi\u00e3o divulgaram suas programa\u00e7\u00f5es para comemorar a data. Entre as atividades culturais oferecidas est\u00e3o: \u201cpequeno trio el\u00e9trico\u201d, bailinhos com DJ, pinturas faciais, oficinas tem\u00e1ticas e mais. Confira a programa\u00e7\u00e3o: Ribeir\u00e3o Shopping A programa\u00e7\u00e3o especial de Carnaval, contar\u00e1\u2026","rel":"","context":"In &quot;Not\u00edcias de Ribeir\u00e3o Preto-SP e Regi\u00e3o&quot;","block_context":{"text":"Not\u00edcias de Ribeir\u00e3o Preto-SP e Regi\u00e3o","link":"https:\/\/noticiasribeiraopreto.com.br\/index.php\/category\/noticias-de-ribeirao-preto-sp-e-regiao-ismael-colosi\/"},"img":{"alt_text":"","src":"https:\/\/i0.wp.com\/noticiasribeiraopreto.com.br\/wp-content\/uploads\/2025\/02\/1-3.jpg?fit=1200%2C675&ssl=1&resize=350%2C200","width":350,"height":200,"srcset":"https:\/\/i0.wp.com\/noticiasribeiraopreto.com.br\/wp-content\/uploads\/2025\/02\/1-3.jpg?fit=1200%2C675&ssl=1&resize=350%2C200 1x, https:\/\/i0.wp.com\/noticiasribeiraopreto.com.br\/wp-content\/uploads\/2025\/02\/1-3.jpg?fit=1200%2C675&ssl=1&resize=525%2C300 1.5x, https:\/\/i0.wp.com\/noticiasribeiraopreto.com.br\/wp-content\/uploads\/2025\/02\/1-3.jpg?fit=1200%2C675&ssl=1&resize=700%2C400 2x, https:\/\/i0.wp.com\/noticiasribeiraopreto.com.br\/wp-content\/uploads\/2025\/02\/1-3.jpg?fit=1200%2C675&ssl=1&resize=1050%2C600 3x"},"classes":[]},{"id":82434,"url":"https:\/\/noticiasribeiraopreto.com.br\/index.php\/2026\/02\/14\/a-folia-comecou-confira-os-destaques-de-carnaval-em-ribeirao-preto-e-regiao\/","url_meta":{"origin":63717,"position":2},"title":"A folia come\u00e7ou! Confira os destaques de Carnaval em Ribeir\u00e3o Preto e regi\u00e3o","author":"noticiasribeiraopreto.com.br","date":"14 de February de 2026","format":false,"excerpt":"O fim de semana em Ribeir\u00e3o Preto e regi\u00e3o promete muita m\u00fasica, festa e folia para quem vai aproveitar o Carnaval, a partir desta sexta-feira (13). \ud83e\udd73 \ud83c\udf89 A programa\u00e7\u00e3o conta com op\u00e7\u00f5es para todos os gostos e idades, espalhadas por Batatais, Sert\u00e3ozinho, Jaboticabal, Taquaritinga e muito mais \u2013 veja\u2026","rel":"","context":"In &quot;Not\u00edcias de Ribeir\u00e3o Preto-SP e Regi\u00e3o&quot;","block_context":{"text":"Not\u00edcias de Ribeir\u00e3o Preto-SP e Regi\u00e3o","link":"https:\/\/noticiasribeiraopreto.com.br\/index.php\/category\/noticias-de-ribeirao-preto-sp-e-regiao-ismael-colosi\/"},"img":{"alt_text":"","src":"https:\/\/i0.wp.com\/noticiasribeiraopreto.com.br\/wp-content\/uploads\/2026\/02\/palace-9_2026-02-13_18-04-58.webp.webp?fit=1200%2C675&ssl=1&resize=350%2C200","width":350,"height":200,"srcset":"https:\/\/i0.wp.com\/noticiasribeiraopreto.com.br\/wp-content\/uploads\/2026\/02\/palace-9_2026-02-13_18-04-58.webp.webp?fit=1200%2C675&ssl=1&resize=350%2C200 1x, https:\/\/i0.wp.com\/noticiasribeiraopreto.com.br\/wp-content\/uploads\/2026\/02\/palace-9_2026-02-13_18-04-58.webp.webp?fit=1200%2C675&ssl=1&resize=525%2C300 1.5x, https:\/\/i0.wp.com\/noticiasribeiraopreto.com.br\/wp-content\/uploads\/2026\/02\/palace-9_2026-02-13_18-04-58.webp.webp?fit=1200%2C675&ssl=1&resize=700%2C400 2x, https:\/\/i0.wp.com\/noticiasribeiraopreto.com.br\/wp-content\/uploads\/2026\/02\/palace-9_2026-02-13_18-04-58.webp.webp?fit=1200%2C675&ssl=1&resize=1050%2C600 3x"},"classes":[]},{"id":35858,"url":"https:\/\/noticiasribeiraopreto.com.br\/index.php\/2024\/02\/07\/mais-um-shopping-de-ribeirao-preto-tem-programacao-de-carnaval-confira\/","url_meta":{"origin":63717,"position":3},"title":"Mais um shopping de Ribeir\u00e3o Preto tem programa\u00e7\u00e3o de Carnaval; Confira","author":"noticiasribeiraopreto.com.br","date":"7 de February de 2024","format":false,"excerpt":"O Shopping Santa \u00darsula, que fica na \u00e1rea Central de Ribeir\u00e3o Preto, divulgou nesta quarta-feira (7) a programa\u00e7\u00e3o de Carnaval. As atra\u00e7\u00f5es acontecem de 10 a 12 de fevereiro e s\u00e3o direcionadas para toda fam\u00edlia. Nos dias 10 e 12, as crian\u00e7as podem curtir o Bailinho de Carnaval do Santa.\u2026","rel":"","context":"In &quot;Not\u00edcias de Ribeir\u00e3o Preto-SP e Regi\u00e3o&quot;","block_context":{"text":"Not\u00edcias de Ribeir\u00e3o Preto-SP e Regi\u00e3o","link":"https:\/\/noticiasribeiraopreto.com.br\/index.php\/category\/noticias-de-ribeirao-preto-sp-e-regiao-ismael-colosi\/"},"img":{"alt_text":"","src":"https:\/\/i0.wp.com\/noticiasribeiraopreto.com.br\/wp-content\/uploads\/2024\/02\/linda-garota-com-peruca-de-palhaco-soprando-confete-scaled.jpg?fit=1200%2C800&ssl=1&resize=350%2C200","width":350,"height":200,"srcset":"https:\/\/i0.wp.com\/noticiasribeiraopreto.com.br\/wp-content\/uploads\/2024\/02\/linda-garota-com-peruca-de-palhaco-soprando-confete-scaled.jpg?fit=1200%2C800&ssl=1&resize=350%2C200 1x, https:\/\/i0.wp.com\/noticiasribeiraopreto.com.br\/wp-content\/uploads\/2024\/02\/linda-garota-com-peruca-de-palhaco-soprando-confete-scaled.jpg?fit=1200%2C800&ssl=1&resize=525%2C300 1.5x, https:\/\/i0.wp.com\/noticiasribeiraopreto.com.br\/wp-content\/uploads\/2024\/02\/linda-garota-com-peruca-de-palhaco-soprando-confete-scaled.jpg?fit=1200%2C800&ssl=1&resize=700%2C400 2x, https:\/\/i0.wp.com\/noticiasribeiraopreto.com.br\/wp-content\/uploads\/2024\/02\/linda-garota-com-peruca-de-palhaco-soprando-confete-scaled.jpg?fit=1200%2C800&ssl=1&resize=1050%2C600 3x"},"classes":[]},{"id":38809,"url":"https:\/\/noticiasribeiraopreto.com.br\/index.php\/2024\/02\/21\/empresa-anuncia-programacao-2024-com-30-shows-e-eventos-ja-confirmados\/","url_meta":{"origin":63717,"position":4},"title":"Empresa anuncia programa\u00e7\u00e3o 2024 com 30 shows e eventos j\u00e1 confirmados","author":"noticiasribeiraopreto.com.br","date":"21 de February de 2024","format":false,"excerpt":"O Centro de Eventos Ribeir\u00e3oShopping passou a se chamar Multiplan Hall desde o dia 1\u00ba de fevereiro e est\u00e1 repleto de novidades. Com nova gest\u00e3o operacional, o local promete surpreender o p\u00fablico com as melhores experi\u00eancias, exposi\u00e7\u00f5es, shows nacionais e internacionais. Hoje foi realizado um caf\u00e9 da manh\u00e3 para apresentar\u2026","rel":"","context":"In &quot;Not\u00edcias de Ribeir\u00e3o Preto-SP e Regi\u00e3o&quot;","block_context":{"text":"Not\u00edcias de Ribeir\u00e3o Preto-SP e Regi\u00e3o","link":"https:\/\/noticiasribeiraopreto.com.br\/index.php\/category\/noticias-de-ribeirao-preto-sp-e-regiao-ismael-colosi\/"},"img":{"alt_text":"","src":"https:\/\/i0.wp.com\/noticiasribeiraopreto.com.br\/wp-content\/uploads\/2024\/02\/Marcos-Botelho-scaled.jpg?fit=967%2C645&ssl=1&resize=350%2C200","width":350,"height":200,"srcset":"https:\/\/i0.wp.com\/noticiasribeiraopreto.com.br\/wp-content\/uploads\/2024\/02\/Marcos-Botelho-scaled.jpg?fit=967%2C645&ssl=1&resize=350%2C200 1x, https:\/\/i0.wp.com\/noticiasribeiraopreto.com.br\/wp-content\/uploads\/2024\/02\/Marcos-Botelho-scaled.jpg?fit=967%2C645&ssl=1&resize=525%2C300 1.5x, https:\/\/i0.wp.com\/noticiasribeiraopreto.com.br\/wp-content\/uploads\/2024\/02\/Marcos-Botelho-scaled.jpg?fit=967%2C645&ssl=1&resize=700%2C400 2x"},"classes":[]},{"id":35504,"url":"https:\/\/noticiasribeiraopreto.com.br\/index.php\/2024\/02\/06\/confira-a-programacao-de-carnaval-em-shoppings-de-ribeirao-preto-e-franca\/","url_meta":{"origin":63717,"position":5},"title":"Confira a programa\u00e7\u00e3o de Carnaval em shoppings de Ribeir\u00e3o Preto e Franca","author":"noticiasribeiraopreto.com.br","date":"6 de February de 2024","format":false,"excerpt":"Faltando poucos dias para o Carnaval, dois dos quatro shoppings de Ribeir\u00e3o Preto e o de Franca divulgaram as programa\u00e7\u00f5es para comemorar a data. As atividades culturais oferecidas pelos centros de compras s\u00e3o para toda fam\u00edlia e v\u00e3o desde oficinas, matin\u00eas at\u00e9 desfile de fantasias (veja abaixo). Shopping Iguatemi Oficinas\u2026","rel":"","context":"In &quot;Not\u00edcias de Ribeir\u00e3o Preto-SP e Regi\u00e3o&quot;","block_context":{"text":"Not\u00edcias de Ribeir\u00e3o Preto-SP e Regi\u00e3o","link":"https:\/\/noticiasribeiraopreto.com.br\/index.php\/category\/noticias-de-ribeirao-preto-sp-e-regiao-ismael-colosi\/"},"img":{"alt_text":"","src":"https:\/\/i0.wp.com\/noticiasribeiraopreto.com.br\/wp-content\/uploads\/2024\/02\/Copia-de-Copia-de-TAMANHO-EXATO-PARA-FOTOS-NO-SISTEMA-NOVO-6-1.jpg?fit=1200%2C675&ssl=1&resize=350%2C200","width":350,"height":200,"srcset":"https:\/\/i0.wp.com\/noticiasribeiraopreto.com.br\/wp-content\/uploads\/2024\/02\/Copia-de-Copia-de-TAMANHO-EXATO-PARA-FOTOS-NO-SISTEMA-NOVO-6-1.jpg?fit=1200%2C675&ssl=1&resize=350%2C200 1x, https:\/\/i0.wp.com\/noticiasribeiraopreto.com.br\/wp-content\/uploads\/2024\/02\/Copia-de-Copia-de-TAMANHO-EXATO-PARA-FOTOS-NO-SISTEMA-NOVO-6-1.jpg?fit=1200%2C675&ssl=1&resize=525%2C300 1.5x, https:\/\/i0.wp.com\/noticiasribeiraopreto.com.br\/wp-content\/uploads\/2024\/02\/Copia-de-Copia-de-TAMANHO-EXATO-PARA-FOTOS-NO-SISTEMA-NOVO-6-1.jpg?fit=1200%2C675&ssl=1&resize=700%2C400 2x, https:\/\/i0.wp.com\/noticiasribeiraopreto.com.br\/wp-content\/uploads\/2024\/02\/Copia-de-Copia-de-TAMANHO-EXATO-PARA-FOTOS-NO-SISTEMA-NOVO-6-1.jpg?fit=1200%2C675&ssl=1&resize=1050%2C600 3x"},"classes":[]}],"jetpack_sharing_enabled":true,"jetpack_shortlink":"https:\/\/wp.me\/peQAOb-gzH","_links":{"self":[{"href":"https:\/\/noticiasribeiraopreto.com.br\/index.php\/wp-json\/wp\/v2\/posts\/63717","targetHints":{"allow":["GET"]}}],"collection":[{"href":"https:\/\/noticiasribeiraopreto.com.br\/index.php\/wp-json\/wp\/v2\/posts"}],"about":[{"href":"https:\/\/noticiasribeiraopreto.com.br\/index.php\/wp-json\/wp\/v2\/types\/post"}],"author":[{"embeddable":true,"href":"https:\/\/noticiasribeiraopreto.com.br\/index.php\/wp-json\/wp\/v2\/users\/1"}],"replies":[{"embeddable":true,"href":"https:\/\/noticiasribeiraopreto.com.br\/index.php\/wp-json\/wp\/v2\/comments?post=63717"}],"version-history":[{"count":0,"href":"https:\/\/noticiasribeiraopreto.com.br\/index.php\/wp-json\/wp\/v2\/posts\/63717\/revisions"}],"wp:featuredmedia":[{"embeddable":true,"href":"https:\/\/noticiasribeiraopreto.com.br\/index.php\/wp-json\/wp\/v2\/media\/63718"}],"wp:attachment":[{"href":"https:\/\/noticiasribeiraopreto.com.br\/index.php\/wp-json\/wp\/v2\/media?parent=63717"}],"wp:term":[{"taxonomy":"category","embeddable":true,"href":"https:\/\/noticiasribeiraopreto.com.br\/index.php\/wp-json\/wp\/v2\/categories?post=63717"},{"taxonomy":"post_tag","embeddable":true,"href":"https:\/\/noticiasribeiraopreto.com.br\/index.php\/wp-json\/wp\/v2\/tags?post=63717"}],"curies":[{"name":"wp","href":"https:\/\/api.w.org\/{rel}","templated":true}]}}