{"id":63719,"date":"2025-02-19T18:41:28","date_gmt":"2025-02-19T21:41:28","guid":{"rendered":"https:\/\/noticiasribeiraopreto.com.br\/index.php\/2025\/02\/19\/bloco-california-atrai-folioes-de-todo-interior-paulista\/"},"modified":"2025-02-19T18:41:28","modified_gmt":"2025-02-19T21:41:28","slug":"bloco-california-atrai-folioes-de-todo-interior-paulista","status":"publish","type":"post","link":"https:\/\/noticiasribeiraopreto.com.br\/index.php\/2025\/02\/19\/bloco-california-atrai-folioes-de-todo-interior-paulista\/","title":{"rendered":"Bloco Calif\u00f3rnia atrai foli\u00f5es de todo interior paulista"},"content":{"rendered":"<div class='code-block code-block-1' style='margin: 8px 0 8px auto; text-align: right; display: block; clear: both;'>\n<p><a href=\"https:\/\/wa.link\/vpicfd\"><img data-recalc-dims=\"1\" class=\"wp-image-4922\" style=\"aspect-ratio: 2.0253164556962027; width: 561px; height: auto;\" src=\"https:\/\/i0.wp.com\/ismaelcolosi.com.br\/wp-content\/uploads\/2023\/11\/grupo-de-empregos-whatsapp-e-facebook-ismael-colosi-vagas.jpg?ssl=1\" alt=\"\" \/><\/a><\/p>\n<!-- \/wp:image -->\n<\/div>\n<p> <br \/>\n<\/p>\n<div>\n<p>Dois trios el\u00e9tricos, 18 atra\u00e7\u00f5es e nove horas de folia. O Bloco Calif\u00f3rnia, que acontece neste s\u00e1bado, dia 22 de fevereiro, no Est\u00e1dio Palma Travassos, em Ribeir\u00e3o Preto, se prepara para receber mais de 15 mil pessoas, incluindo foli\u00f5es de todo interior paulista.<\/p>\n<p>No total, ser\u00e3o cerca de 40 excurs\u00f5es, que partem de mais de 20 cidades da regi\u00e3o de Ribeir\u00e3o Preto, entre elas: Altin\u00f3polis, Araraquara, Batatais, Bebedouro, Cravinhos, Dumont, Franca, Guar\u00e1, Ipu\u00e3, Jaboticabal, Monte Alto, Orl\u00e2ndia, Porto Ferreira, S\u00e3o Carlos e Sert\u00e3ozinho.<\/p>\n<p>Alana Sousa, de S\u00e3o Joaquim da Barra, \u00e9 respons\u00e1vel por uma delas. \u201cAp\u00f3s participar de duas edi\u00e7\u00f5es do Bloco Calif\u00f3rnia tive a ideia de levar mais pessoas da minha cidade para que pudessem conhecer e curtir o maior pr\u00e9-carnaval da nossa regi\u00e3o. Deu super certo e este ano completo quatro edi\u00e7\u00f5es, duas levando a galera. As expectativas s\u00e3o sempre as melhores\u201d, comenta.<\/p>\n<p>De Morro Agudo, Cau\u00e3 Vicentini, desde que conheceu o evento, em 2022, n\u00e3o perde uma edi\u00e7\u00e3o. \u201cEstive com um grupo de amigos na primeira vez e gostamos muito da festa. Ent\u00e3o, no ano seguinte resolvemos nos reunir novamente e contratamos um transporte para que pud\u00e9ssemos curtir o pr\u00e9-carnaval com tranquilidade. Hoje, nossa excurs\u00e3o recebe cerca de 200 pessoas e, a cada ano, ela cresce ainda mais\u201d, destaca o produtor de eventos.<\/p>\n<p><strong>Atra\u00e7\u00f5es<\/strong><\/p>\n<p>A 8\u00aa edi\u00e7\u00e3o da micareta seguir\u00e1 o tradicional formato de circuito fechado, com dois trios el\u00e9tricos percorrendo simultaneamente o est\u00e1dio. A programa\u00e7\u00e3o traz artistas como Jammil, DJ GBR, Valesca Popozuda, Tati Romero, Jana Lima e Tom Baratella. Al\u00e9m de outros nove DJs e as tradicionais baterias universit\u00e1rias.<br \/>\u201cEsta \u00e9 sem d\u00favidas a maior edi\u00e7\u00e3o do Bloco Calif\u00f3rnia. Preparamos uma festa animada, com muita m\u00fasica, diversidade, seguran\u00e7a e ativa\u00e7\u00f5es\u201d, comenta Mikhael Nakad, organizador do evento.<\/p>\n<p><strong>Venda de ingressos<\/strong><\/p>\n<p>O evento est\u00e1 com um lote extra de ingressos, com valores entre R$60 e R$500, para os setores pista e camarote open bar. As entradas podem ser adquiridas pela plataforma Blacktag.<br \/>O abad\u00e1 \u2013 de uso n\u00e3o obrigat\u00f3rio \u2013 custa R$30 e pode ser adquirido no site. Tamb\u00e9m est\u00e3o dispon\u00edveis para compra produtos personalizados do Bloco, como \u00f3culos, caneca e tirante.<\/p>\n<p><strong>Schweppes Mixed apresenta Bloco Calif\u00f3rnia<\/strong><\/p>\n<p>Em sua 8\u00aa edi\u00e7\u00e3o, o Bloco Calif\u00f3rnia celebra o relan\u00e7amento da marca Coca-Cola, Schweppes Mixed, a patrocinadora oficial da festa.<br \/>A linha \u2013 antes conhecida como Schweppes Premium Drinks \u2013 far\u00e1 parte do evento com suas op\u00e7\u00f5es de drinks prontos, que contam com nova identidade visual e uma gama de sabores que inclui Gin T\u00f4nica, Gin T\u00f4nica Pink, Vodka Citrus e Spritz.<\/p>\n<p><strong>Bloco Calif\u00f3rnia 2024<\/strong><br \/>Dia: 22 de fevereiro<br \/>Local: Est\u00e1dio Palma Travassos, em Ribeir\u00e3o Preto<br \/>Hor\u00e1rio: A partir das 15h<br \/>Convites: Atrav\u00e9s do site<\/p>\n<p>&#13;<br \/>\n\t\t\t\t<span class=\"post-views-icon dashicons dashicons-chart-bar\"\/> <span class=\"post-views-label\">Visualiza\u00e7\u00f5es:<\/span> <span class=\"post-views-count\">5<\/span>&#13;\n\t\t\t<\/p>\n<\/p><\/div>\n<p><br \/>\n<br \/><a href=\"https:\/\/folhaderibeirao.com.br\/2025\/02\/19\/bloco-california-atrai-folioes-de-todo-interior-paulista\/\">Source link <\/a><\/p>\n<!-- CONTENT END 1 -->\n","protected":false},"excerpt":{"rendered":"<p>Dois trios el\u00e9tricos, 18 atra\u00e7\u00f5es e nove horas de folia. O Bloco Calif\u00f3rnia, que acontece neste s\u00e1bado, dia 22 de fevereiro, no Est\u00e1dio Palma Travassos,&#8230;<\/p>\n","protected":false},"author":1,"featured_media":63720,"comment_status":"open","ping_status":"open","sticky":false,"template":"","format":"standard","meta":{"advanced_seo_description":"","jetpack_seo_html_title":"","jetpack_seo_noindex":false,"jetpack_post_was_ever_published":false,"_jetpack_newsletter_access":"","_jetpack_dont_email_post_to_subs":false,"_jetpack_newsletter_tier_id":0,"_jetpack_memberships_contains_paywalled_content":false,"_jetpack_memberships_contains_paid_content":false,"footnotes":"","jetpack_publicize_message":"","jetpack_publicize_feature_enabled":true,"jetpack_social_post_already_shared":true,"jetpack_social_options":{"image_generator_settings":{"template":"highway","default_image_id":0,"font":"","enabled":false},"version":2}},"categories":[11],"tags":[4558,1673,1674,4192,237,762,2015],"class_list":["post-63719","post","type-post","status-publish","format-standard","has-post-thumbnail","hentry","category-noticias-de-ribeirao-preto-sp-e-regiao-ismael-colosi","tag-atrai","tag-bloco","tag-california","tag-folioes","tag-interior","tag-paulista","tag-todo"],"jetpack_publicize_connections":[],"jetpack_featured_media_url":"https:\/\/i0.wp.com\/noticiasribeiraopreto.com.br\/wp-content\/uploads\/2025\/02\/WhatsApp-Image-2025-02-19-at-16.28.59.jpeg?fit=1600%2C1068&ssl=1","jetpack-related-posts":[{"id":63831,"url":"https:\/\/noticiasribeiraopreto.com.br\/index.php\/2025\/02\/23\/bloco-california-reune-15-mil-folioes-em-ribeirao-preto-veja-galeria-de-fotos\/","url_meta":{"origin":63719,"position":0},"title":"Bloco Calif\u00f3rnia re\u00fane 15 mil foli\u00f5es em Ribeir\u00e3o Preto; Veja galeria de fotos","author":"noticiasribeiraopreto.com.br","date":"23 de February de 2025","format":false,"excerpt":"O Bloco Calif\u00f3rnia reuniu aproximadamente 15 mil foli\u00f5es neste s\u00e1bado (22), no Est\u00e1dio Palma Travassos, em Ribeir\u00e3o Preto. O n\u00famero foi divulgado pela organiza\u00e7\u00e3o. Confira fotos abaixo. O evento trouxe Jammil, DJ GBR, Valesca Popozuda, Tati Romero, Jana Lima, Tom Baratella, DJs e baterias universit\u00e1rias, e ainda contou com dois\u2026","rel":"","context":"In &quot;Not\u00edcias de Ribeir\u00e3o Preto-SP e Regi\u00e3o&quot;","block_context":{"text":"Not\u00edcias de Ribeir\u00e3o Preto-SP e Regi\u00e3o","link":"https:\/\/noticiasribeiraopreto.com.br\/index.php\/category\/noticias-de-ribeirao-preto-sp-e-regiao-ismael-colosi\/"},"img":{"alt_text":"","src":"https:\/\/i0.wp.com\/noticiasribeiraopreto.com.br\/wp-content\/uploads\/2025\/02\/Jammil_2025-02-23_16-12-19_jpg_2025-02-23_16-12-19.webp.webp?fit=1200%2C800&ssl=1&resize=350%2C200","width":350,"height":200,"srcset":"https:\/\/i0.wp.com\/noticiasribeiraopreto.com.br\/wp-content\/uploads\/2025\/02\/Jammil_2025-02-23_16-12-19_jpg_2025-02-23_16-12-19.webp.webp?fit=1200%2C800&ssl=1&resize=350%2C200 1x, https:\/\/i0.wp.com\/noticiasribeiraopreto.com.br\/wp-content\/uploads\/2025\/02\/Jammil_2025-02-23_16-12-19_jpg_2025-02-23_16-12-19.webp.webp?fit=1200%2C800&ssl=1&resize=525%2C300 1.5x, https:\/\/i0.wp.com\/noticiasribeiraopreto.com.br\/wp-content\/uploads\/2025\/02\/Jammil_2025-02-23_16-12-19_jpg_2025-02-23_16-12-19.webp.webp?fit=1200%2C800&ssl=1&resize=700%2C400 2x, https:\/\/i0.wp.com\/noticiasribeiraopreto.com.br\/wp-content\/uploads\/2025\/02\/Jammil_2025-02-23_16-12-19_jpg_2025-02-23_16-12-19.webp.webp?fit=1200%2C800&ssl=1&resize=1050%2C600 3x"},"classes":[]},{"id":63833,"url":"https:\/\/noticiasribeiraopreto.com.br\/index.php\/2025\/02\/23\/bloco-california-reune-15-mil-folioes-em-ribeirao-preto-veja-galeria-de-fotos-2\/","url_meta":{"origin":63719,"position":1},"title":"Bloco Calif\u00f3rnia re\u00fane 15 mil foli\u00f5es em Ribeir\u00e3o Preto; Veja galeria de fotos","author":"noticiasribeiraopreto.com.br","date":"23 de February de 2025","format":false,"excerpt":"O Bloco Calif\u00f3rnia reuniu aproximadamente 15 mil foli\u00f5es neste s\u00e1bado (22), no Est\u00e1dio Palma Travassos, em Ribeir\u00e3o Preto. O n\u00famero foi divulgado pela organiza\u00e7\u00e3o. Confira fotos abaixo. O evento trouxe Jammil, DJ GBR, Valesca Popozuda, Tati Romero, Jana Lima, Tom Baratella, DJs e baterias universit\u00e1rias, e ainda contou com dois\u2026","rel":"","context":"In &quot;Not\u00edcias de Ribeir\u00e3o Preto-SP e Regi\u00e3o&quot;","block_context":{"text":"Not\u00edcias de Ribeir\u00e3o Preto-SP e Regi\u00e3o","link":"https:\/\/noticiasribeiraopreto.com.br\/index.php\/category\/noticias-de-ribeirao-preto-sp-e-regiao-ismael-colosi\/"},"img":{"alt_text":"","src":"https:\/\/i0.wp.com\/noticiasribeiraopreto.com.br\/wp-content\/uploads\/2025\/02\/CALIFORNIA_2025-02-23_16-18-39_jpg_2025-02-23_16-18-40.webp.webp?fit=1200%2C866&ssl=1&resize=350%2C200","width":350,"height":200,"srcset":"https:\/\/i0.wp.com\/noticiasribeiraopreto.com.br\/wp-content\/uploads\/2025\/02\/CALIFORNIA_2025-02-23_16-18-39_jpg_2025-02-23_16-18-40.webp.webp?fit=1200%2C866&ssl=1&resize=350%2C200 1x, https:\/\/i0.wp.com\/noticiasribeiraopreto.com.br\/wp-content\/uploads\/2025\/02\/CALIFORNIA_2025-02-23_16-18-39_jpg_2025-02-23_16-18-40.webp.webp?fit=1200%2C866&ssl=1&resize=525%2C300 1.5x, https:\/\/i0.wp.com\/noticiasribeiraopreto.com.br\/wp-content\/uploads\/2025\/02\/CALIFORNIA_2025-02-23_16-18-39_jpg_2025-02-23_16-18-40.webp.webp?fit=1200%2C866&ssl=1&resize=700%2C400 2x, https:\/\/i0.wp.com\/noticiasribeiraopreto.com.br\/wp-content\/uploads\/2025\/02\/CALIFORNIA_2025-02-23_16-18-39_jpg_2025-02-23_16-18-40.webp.webp?fit=1200%2C866&ssl=1&resize=1050%2C600 3x"},"classes":[]},{"id":34917,"url":"https:\/\/noticiasribeiraopreto.com.br\/index.php\/2024\/02\/04\/bloco-california-agita-ribeirao-e-reune-15-mil-folioes-veja-fotos\/","url_meta":{"origin":63719,"position":2},"title":"Bloco Calif\u00f3rnia agita Ribeir\u00e3o e re\u00fane 15 mil foli\u00f5es; Veja fotos","author":"noticiasribeiraopreto.com.br","date":"4 de February de 2024","format":false,"excerpt":"Aconteceu neste s\u00e1bado (3), no est\u00e1dio Palma Travassos, zona Leste de Ribeir\u00e3o Preto, a 7\u00aa edi\u00e7\u00e3o do Bloco Calif\u00f3rnia. Com nove horas de dura\u00e7\u00e3o, o maior pr\u00e9-Carnaval da regi\u00e3o recebeu 15 mil foli\u00f5es. O evento contou com a participa\u00e7\u00e3o de artistas como as cantoras Carla Cristina e Tati Quebra Barraco,\u2026","rel":"","context":"In &quot;Not\u00edcias de Ribeir\u00e3o Preto-SP e Regi\u00e3o&quot;","block_context":{"text":"Not\u00edcias de Ribeir\u00e3o Preto-SP e Regi\u00e3o","link":"https:\/\/noticiasribeiraopreto.com.br\/index.php\/category\/noticias-de-ribeirao-preto-sp-e-regiao-ismael-colosi\/"},"img":{"alt_text":"","src":"https:\/\/i0.wp.com\/noticiasribeiraopreto.com.br\/wp-content\/uploads\/2024\/02\/i-NWq8rTS-XL.jpg?fit=1024%2C681&ssl=1&resize=350%2C200","width":350,"height":200,"srcset":"https:\/\/i0.wp.com\/noticiasribeiraopreto.com.br\/wp-content\/uploads\/2024\/02\/i-NWq8rTS-XL.jpg?fit=1024%2C681&ssl=1&resize=350%2C200 1x, https:\/\/i0.wp.com\/noticiasribeiraopreto.com.br\/wp-content\/uploads\/2024\/02\/i-NWq8rTS-XL.jpg?fit=1024%2C681&ssl=1&resize=525%2C300 1.5x, https:\/\/i0.wp.com\/noticiasribeiraopreto.com.br\/wp-content\/uploads\/2024\/02\/i-NWq8rTS-XL.jpg?fit=1024%2C681&ssl=1&resize=700%2C400 2x"},"classes":[]},{"id":63623,"url":"https:\/\/noticiasribeiraopreto.com.br\/index.php\/2025\/02\/18\/bloco-california-tudo-o-que-voce-precisa-saber-sobre-o-maior-pre-carnaval-da-regiao\/","url_meta":{"origin":63719,"position":3},"title":"Bloco Calif\u00f3rnia: tudo o que voc\u00ea precisa saber sobre o maior pr\u00e9-carnaval da regi\u00e3o","author":"noticiasribeiraopreto.com.br","date":"18 de February de 2025","format":false,"excerpt":"Bloco Calif\u00f3rnia: tudo o que voc\u00ea precisa saber sobre o maior pr\u00e9-carnaval da regi\u00e3oJammil, DJ GBR, Valesca Popozuda, Tati Romero, Jana Lima e Tom Baratella est\u00e3o entre os confirmados na programa\u00e7\u00e3o do evento, que acontece no pr\u00f3ximo s\u00e1bado, dia 22 de fevereiro, no Est\u00e1dio Palma Travassos Abrindo alas para o\u2026","rel":"","context":"In &quot;Not\u00edcias de Ribeir\u00e3o Preto-SP e Regi\u00e3o&quot;","block_context":{"text":"Not\u00edcias de Ribeir\u00e3o Preto-SP e Regi\u00e3o","link":"https:\/\/noticiasribeiraopreto.com.br\/index.php\/category\/noticias-de-ribeirao-preto-sp-e-regiao-ismael-colosi\/"},"img":{"alt_text":"","src":"https:\/\/i0.wp.com\/noticiasribeiraopreto.com.br\/wp-content\/uploads\/2025\/02\/Imagem-do-WhatsApp-de-2025-02-17-as-15.30.24_37fc7792.jpg?fit=1200%2C801&ssl=1&resize=350%2C200","width":350,"height":200,"srcset":"https:\/\/i0.wp.com\/noticiasribeiraopreto.com.br\/wp-content\/uploads\/2025\/02\/Imagem-do-WhatsApp-de-2025-02-17-as-15.30.24_37fc7792.jpg?fit=1200%2C801&ssl=1&resize=350%2C200 1x, https:\/\/i0.wp.com\/noticiasribeiraopreto.com.br\/wp-content\/uploads\/2025\/02\/Imagem-do-WhatsApp-de-2025-02-17-as-15.30.24_37fc7792.jpg?fit=1200%2C801&ssl=1&resize=525%2C300 1.5x, https:\/\/i0.wp.com\/noticiasribeiraopreto.com.br\/wp-content\/uploads\/2025\/02\/Imagem-do-WhatsApp-de-2025-02-17-as-15.30.24_37fc7792.jpg?fit=1200%2C801&ssl=1&resize=700%2C400 2x, https:\/\/i0.wp.com\/noticiasribeiraopreto.com.br\/wp-content\/uploads\/2025\/02\/Imagem-do-WhatsApp-de-2025-02-17-as-15.30.24_37fc7792.jpg?fit=1200%2C801&ssl=1&resize=1050%2C600 3x"},"classes":[]},{"id":34947,"url":"https:\/\/noticiasribeiraopreto.com.br\/index.php\/2024\/02\/04\/interior-de-sao-paulo-esta-em-alerta-para-chuvas-intensas-veja-as-cidades\/","url_meta":{"origin":63719,"position":4},"title":"Interior de S\u00e3o Paulo est\u00e1 em alerta para chuvas intensas; Veja as cidades","author":"noticiasribeiraopreto.com.br","date":"4 de February de 2024","format":false,"excerpt":"O Inmet (Instituto Nacional de Meteorologia) ampliou na manh\u00e3 deste domingo (4) o per\u00edodo de alerta sobre o risco de chuvas intensas em diversas cidades do interior de S\u00e3o Paulo (confira abaixo). \u00a0 De acordo com o instituto, o aviso \u00e9 v\u00e1lido at\u00e9 \u00e0s 10h de segunda-feira (5). A previs\u00e3o\u2026","rel":"","context":"In &quot;Not\u00edcias de Ribeir\u00e3o Preto-SP e Regi\u00e3o&quot;","block_context":{"text":"Not\u00edcias de Ribeir\u00e3o Preto-SP e Regi\u00e3o","link":"https:\/\/noticiasribeiraopreto.com.br\/index.php\/category\/noticias-de-ribeirao-preto-sp-e-regiao-ismael-colosi\/"},"img":{"alt_text":"","src":"https:\/\/i0.wp.com\/noticiasribeiraopreto.com.br\/wp-content\/uploads\/2024\/02\/Capturar-3.jpg?fit=739%2C452&ssl=1&resize=350%2C200","width":350,"height":200,"srcset":"https:\/\/i0.wp.com\/noticiasribeiraopreto.com.br\/wp-content\/uploads\/2024\/02\/Capturar-3.jpg?fit=739%2C452&ssl=1&resize=350%2C200 1x, https:\/\/i0.wp.com\/noticiasribeiraopreto.com.br\/wp-content\/uploads\/2024\/02\/Capturar-3.jpg?fit=739%2C452&ssl=1&resize=525%2C300 1.5x, https:\/\/i0.wp.com\/noticiasribeiraopreto.com.br\/wp-content\/uploads\/2024\/02\/Capturar-3.jpg?fit=739%2C452&ssl=1&resize=700%2C400 2x"},"classes":[]},{"id":63514,"url":"https:\/\/noticiasribeiraopreto.com.br\/index.php\/2025\/02\/14\/bloco-california-divulga-horarios-dos-shows-de-sua-8a-edicao\/","url_meta":{"origin":63719,"position":5},"title":"Bloco Calif\u00f3rnia divulga hor\u00e1rios dos shows de sua 8\u00aa edi\u00e7\u00e3o","author":"noticiasribeiraopreto.com.br","date":"14 de February de 2025","format":false,"excerpt":"Foi dada a largada para as celebra\u00e7\u00f5es de Carnaval em Ribeir\u00e3o Preto e regi\u00e3o. No dia 22 de fevereiro, o Bloco Calif\u00f3rnia abre a agenda das festividades com 18 atra\u00e7\u00f5es, nove horas de evento e a expectativa de reunir mais de 15 mil pessoas em um circuito fechado no est\u00e1dio\u2026","rel":"","context":"In &quot;Not\u00edcias de Ribeir\u00e3o Preto-SP e Regi\u00e3o&quot;","block_context":{"text":"Not\u00edcias de Ribeir\u00e3o Preto-SP e Regi\u00e3o","link":"https:\/\/noticiasribeiraopreto.com.br\/index.php\/category\/noticias-de-ribeirao-preto-sp-e-regiao-ismael-colosi\/"},"img":{"alt_text":"","src":"https:\/\/i0.wp.com\/noticiasribeiraopreto.com.br\/wp-content\/uploads\/2025\/02\/Imagem-do-WhatsApp-de-2025-02-14-as-15.45.48_f720a9c3.jpg?fit=1200%2C900&ssl=1&resize=350%2C200","width":350,"height":200,"srcset":"https:\/\/i0.wp.com\/noticiasribeiraopreto.com.br\/wp-content\/uploads\/2025\/02\/Imagem-do-WhatsApp-de-2025-02-14-as-15.45.48_f720a9c3.jpg?fit=1200%2C900&ssl=1&resize=350%2C200 1x, https:\/\/i0.wp.com\/noticiasribeiraopreto.com.br\/wp-content\/uploads\/2025\/02\/Imagem-do-WhatsApp-de-2025-02-14-as-15.45.48_f720a9c3.jpg?fit=1200%2C900&ssl=1&resize=525%2C300 1.5x, https:\/\/i0.wp.com\/noticiasribeiraopreto.com.br\/wp-content\/uploads\/2025\/02\/Imagem-do-WhatsApp-de-2025-02-14-as-15.45.48_f720a9c3.jpg?fit=1200%2C900&ssl=1&resize=700%2C400 2x, https:\/\/i0.wp.com\/noticiasribeiraopreto.com.br\/wp-content\/uploads\/2025\/02\/Imagem-do-WhatsApp-de-2025-02-14-as-15.45.48_f720a9c3.jpg?fit=1200%2C900&ssl=1&resize=1050%2C600 3x"},"classes":[]}],"jetpack_sharing_enabled":true,"jetpack_shortlink":"https:\/\/wp.me\/peQAOb-gzJ","_links":{"self":[{"href":"https:\/\/noticiasribeiraopreto.com.br\/index.php\/wp-json\/wp\/v2\/posts\/63719","targetHints":{"allow":["GET"]}}],"collection":[{"href":"https:\/\/noticiasribeiraopreto.com.br\/index.php\/wp-json\/wp\/v2\/posts"}],"about":[{"href":"https:\/\/noticiasribeiraopreto.com.br\/index.php\/wp-json\/wp\/v2\/types\/post"}],"author":[{"embeddable":true,"href":"https:\/\/noticiasribeiraopreto.com.br\/index.php\/wp-json\/wp\/v2\/users\/1"}],"replies":[{"embeddable":true,"href":"https:\/\/noticiasribeiraopreto.com.br\/index.php\/wp-json\/wp\/v2\/comments?post=63719"}],"version-history":[{"count":0,"href":"https:\/\/noticiasribeiraopreto.com.br\/index.php\/wp-json\/wp\/v2\/posts\/63719\/revisions"}],"wp:featuredmedia":[{"embeddable":true,"href":"https:\/\/noticiasribeiraopreto.com.br\/index.php\/wp-json\/wp\/v2\/media\/63720"}],"wp:attachment":[{"href":"https:\/\/noticiasribeiraopreto.com.br\/index.php\/wp-json\/wp\/v2\/media?parent=63719"}],"wp:term":[{"taxonomy":"category","embeddable":true,"href":"https:\/\/noticiasribeiraopreto.com.br\/index.php\/wp-json\/wp\/v2\/categories?post=63719"},{"taxonomy":"post_tag","embeddable":true,"href":"https:\/\/noticiasribeiraopreto.com.br\/index.php\/wp-json\/wp\/v2\/tags?post=63719"}],"curies":[{"name":"wp","href":"https:\/\/api.w.org\/{rel}","templated":true}]}}