{"id":63782,"date":"2025-02-21T17:35:15","date_gmt":"2025-02-21T20:35:15","guid":{"rendered":"https:\/\/noticiasribeiraopreto.com.br\/index.php\/2025\/02\/21\/so-vi-o-caminhao-jogando-para-cima-da-gente-diz-sobrevivente-de-tragedia-no-interior-de-sp\/"},"modified":"2025-02-21T17:35:15","modified_gmt":"2025-02-21T20:35:15","slug":"so-vi-o-caminhao-jogando-para-cima-da-gente-diz-sobrevivente-de-tragedia-no-interior-de-sp","status":"publish","type":"post","link":"https:\/\/noticiasribeiraopreto.com.br\/index.php\/2025\/02\/21\/so-vi-o-caminhao-jogando-para-cima-da-gente-diz-sobrevivente-de-tragedia-no-interior-de-sp\/","title":{"rendered":"\u2018S\u00f3 vi o caminh\u00e3o jogando para cima da gente\u2019, diz sobrevivente de trag\u00e9dia no interior de SP"},"content":{"rendered":"<p> <br \/>\n<\/p>\n<div>\n<p>Um dos estudantes que estava no \u00f4nibus que se envolveu no acidente que resultou na morte de 12 pessoas, na noite da \u00faltima quinta-feira (20), disse que o motorista do caminh\u00e3o envolvido na batida teria jogado o ve\u00edculo no coletivo. O acidente aconteceu na rodovia Waldir Canevari, em <strong>Nuporanga<\/strong>, na <strong>regi\u00e3o de Ribeir\u00e3o Preto<\/strong>.<\/p>\n<p>\u201cEu levantei para conversar com o motorista, nesse momento s\u00f3 vi o caminh\u00e3o jogando para cima da gente\u201d, disse o estudante Lucas Lima, identificado como coordenador do \u00f4nibus, em entrevista \u00e0 <strong>TV Globo\/EPTV<\/strong>. Ele afirma que estava em um banco na terceira fileira do coletivo.<\/p>\n<p>\u201cEu s\u00f3 consegui segurar na barra do corrim\u00e3o e segurar o meu corpo para n\u00e3o quebrar o meu pesco\u00e7o ou algo do tipo. Eu vi o estilha\u00e7o voando na minha cara, nos meus bra\u00e7os, nas minhas pernas, tudo ralado\u201d, declarou.<\/p>\n<p>\u201cO nosso motorista ajudou bastante, porque conseguiu jogar o \u00f4nibus do lado\u201d, completou o estudante.<\/p>\n<blockquote class=\"instagram-media\" data-instgrm-permalink=\"https:\/\/www.instagram.com\/reel\/DGVjHLBuCgl\/?utm_source=ig_embed&amp;utm_campaign=loading\" data-instgrm-version=\"14\" style=\" background:#FFF; border:0; border-radius:3px; box-shadow:0 0 1px 0 rgba(0,0,0,0.5),0 1px 10px 0 rgba(0,0,0,0.15); margin: 1px; max-width:540px; min-width:326px; padding:0; width:99.375%; width:-webkit-calc(100% - 2px); width:calc(100% - 2px);\"\/>\n<h4 class=\"wp-block-heading\"><strong>O acidente<\/strong><\/h4>\n<p>O \u00f4nibus transportava mais de 30 estudantes de <strong>S\u00e3o Joaquim da Barra<\/strong>, que vinham de uma universidade de Franca. Al\u00e9m das 12 v\u00edtimas fatais, outras 21 pessoas ficaram feridas e foram levadas para hospitais da regi\u00e3o.<\/p>\n<p>O motorista da carreta, que est\u00e1 hospitalizado, foi autuado em flagrante por fuga de local, homic\u00eddio culposo e les\u00e3o corporal culposa na dire\u00e7\u00e3o de ve\u00edculo automotor.<\/p>\n<p>Os corpos das v\u00edtimas foram levados ao <strong>IML (Instituto M\u00e9dico Legal) de S\u00e3o Joaquim da Barra<\/strong> e as equipes trabalham para identifica\u00e7\u00e3o e libera\u00e7\u00e3o para as fam\u00edlias.<\/p>\n<p>SAIBA MAIS<br \/>Motorista de caminh\u00e3o envolvido em batida com \u00f4nibus \u00e9 preso; 12 estudantes morreram<\/p>\n<h4 class=\"wp-block-heading\"><strong>FIQUE ON<\/strong><\/h4>\n<p>Fique ligado em tudo que acontece em Ribeir\u00e3o Preto e regi\u00e3o. Siga os perfis do <strong>acidade on<\/strong> no<a href=\"https:\/\/www.instagram.com\/acidadeonribeirao\" target=\"_blank\" rel=\"noreferrer noopener nofollow\"> Instagram <\/a>e no <a href=\"https:\/\/www.facebook.com\/acidadeonribeirao\/\" target=\"_blank\" rel=\"noreferrer noopener nofollow\">Facebook.<\/a><\/p>\n<p>Receba not\u00edcias do<strong> acidade on<\/strong> no WhatsApp. <a href=\"https:\/\/chat.whatsapp.com\/BjKQZ9oJwlz8VVT50NuePq\" target=\"_blank\" rel=\"noreferrer noopener nofollow\">Para entrar no grupo, basta clicar aqui.<\/a><\/p>\n<p>Fa\u00e7a uma den\u00fancia ou sugira uma reportagem sobre Ribeir\u00e3o Preto e regi\u00e3o pelo WhatsApp: 16 99117 7802.<\/p>\n<p>VEJA TAMB\u00c9M<br \/>Qual o perigo de uma trombose no bra\u00e7o?<\/p>\n<p><!-- CONTENT END 1 -->\n<\/div>\n<p><script async src=\"\/\/www.instagram.com\/embed.js\"><\/script><br \/>\n<br \/><br \/>\n<br \/><a href=\"https:\/\/www.acidadeon.com\/ribeiraopreto\/cotidiano\/so-vi-o-caminhao-jogando-para-cima-da-gente-diz-sobrevivente-de-tragedia-no-interior-de-sp\/\">Source link <\/a><\/p>\n","protected":false},"excerpt":{"rendered":"<p>Um dos estudantes que estava no \u00f4nibus que se envolveu no acidente que resultou na morte de 12 pessoas, na noite da \u00faltima quinta-feira (20),&#8230;<\/p>\n","protected":false},"author":1,"featured_media":63783,"comment_status":"open","ping_status":"open","sticky":false,"template":"","format":"standard","meta":{"advanced_seo_description":"","jetpack_seo_html_title":"","jetpack_seo_noindex":false,"jetpack_post_was_ever_published":false,"_jetpack_newsletter_access":"","_jetpack_dont_email_post_to_subs":false,"_jetpack_newsletter_tier_id":0,"_jetpack_memberships_contains_paywalled_content":false,"_jetpack_memberships_contains_paid_content":false,"footnotes":"","jetpack_publicize_message":"","jetpack_publicize_feature_enabled":true,"jetpack_social_post_already_shared":true,"jetpack_social_options":{"image_generator_settings":{"template":"highway","default_image_id":0,"font":"","enabled":false},"version":2}},"categories":[11],"tags":[],"class_list":["post-63782","post","type-post","status-publish","format-standard","has-post-thumbnail","hentry","category-noticias-de-ribeirao-preto-sp-e-regiao-ismael-colosi"],"jetpack_publicize_connections":[],"jetpack_featured_media_url":"https:\/\/i0.wp.com\/noticiasribeiraopreto.com.br\/wp-content\/uploads\/2025\/02\/lucas_2025-02-21_13-19-15_jpg_2025-02-21_13-19-15.webp.webp?fit=1200%2C679&ssl=1","jetpack-related-posts":[{"id":63774,"url":"https:\/\/noticiasribeiraopreto.com.br\/index.php\/2025\/02\/21\/motorista-de-caminhao-envolvido-em-batida-com-onibus-e-preso-12-estudantes-morreram\/","url_meta":{"origin":63782,"position":0},"title":"Motorista de caminh\u00e3o envolvido em batida com \u00f4nibus \u00e9 preso; 12 estudantes morreram","author":"noticiasribeiraopreto.com.br","date":"21 de February de 2025","format":false,"excerpt":"O motorista do caminh\u00e3o envolvido em um acidente com um \u00f4nibus na noite desta quinta-feira (20), na rodovia Waldir Canevari (SP-355\/330), entre os munic\u00edpios de Nuporanga e S\u00e3o Jos\u00e9 da Bela Vista, foi preso. Doze estudantes de S\u00e3o Joaquim da Barra que estavam no \u00f4nibus morreram. Outras 19 pessoas ficaram\u2026","rel":"","context":"In &quot;Not\u00edcias de Ribeir\u00e3o Preto-SP e Regi\u00e3o&quot;","block_context":{"text":"Not\u00edcias de Ribeir\u00e3o Preto-SP e Regi\u00e3o","link":"https:\/\/noticiasribeiraopreto.com.br\/index.php\/category\/noticias-de-ribeirao-preto-sp-e-regiao-ismael-colosi\/"},"img":{"alt_text":"","src":"https:\/\/i0.wp.com\/noticiasribeiraopreto.com.br\/wp-content\/uploads\/2025\/02\/WhatsApp-Image-2025-02-21-at-06.46.11_2025-02-21_10-55-29_jpeg_2025-02-21_10-55-30-scaled.webp.webp?fit=1200%2C675&ssl=1&resize=350%2C200","width":350,"height":200,"srcset":"https:\/\/i0.wp.com\/noticiasribeiraopreto.com.br\/wp-content\/uploads\/2025\/02\/WhatsApp-Image-2025-02-21-at-06.46.11_2025-02-21_10-55-29_jpeg_2025-02-21_10-55-30-scaled.webp.webp?fit=1200%2C675&ssl=1&resize=350%2C200 1x, https:\/\/i0.wp.com\/noticiasribeiraopreto.com.br\/wp-content\/uploads\/2025\/02\/WhatsApp-Image-2025-02-21-at-06.46.11_2025-02-21_10-55-29_jpeg_2025-02-21_10-55-30-scaled.webp.webp?fit=1200%2C675&ssl=1&resize=525%2C300 1.5x, https:\/\/i0.wp.com\/noticiasribeiraopreto.com.br\/wp-content\/uploads\/2025\/02\/WhatsApp-Image-2025-02-21-at-06.46.11_2025-02-21_10-55-29_jpeg_2025-02-21_10-55-30-scaled.webp.webp?fit=1200%2C675&ssl=1&resize=700%2C400 2x, https:\/\/i0.wp.com\/noticiasribeiraopreto.com.br\/wp-content\/uploads\/2025\/02\/WhatsApp-Image-2025-02-21-at-06.46.11_2025-02-21_10-55-29_jpeg_2025-02-21_10-55-30-scaled.webp.webp?fit=1200%2C675&ssl=1&resize=1050%2C600 3x"},"classes":[]},{"id":3705,"url":"https:\/\/noticiasribeiraopreto.com.br\/index.php\/2023\/11\/19\/acidente-entre-caminhoes-e-carro-deixa-uma-vitima-fatal-na-regiao-de-ribeirao-preto\/","url_meta":{"origin":63782,"position":1},"title":"Acidente entre caminh\u00f5es e carro deixa uma v\u00edtima fatal na regi\u00e3o de Ribeir\u00e3o Preto","author":"noticiasribeiraopreto.com.br","date":"19 de November de 2023","format":false,"excerpt":"Um homem de 41 anos morreu, na tarde deste domingo (19), ap\u00f3s um acidente entre dois caminh\u00f5es e um ve\u00edculo, na estrada vicinal Argeo Marchi\u00f3, no distrito de Cruz das Posses, em Sert\u00e3ozinho. De acordo com a apura\u00e7\u00e3o de uma equipe da EPTV, que esteve no local do ocorrido e\u2026","rel":"","context":"In &quot;Not\u00edcias de Ribeir\u00e3o Preto-SP e Regi\u00e3o&quot;","block_context":{"text":"Not\u00edcias de Ribeir\u00e3o Preto-SP e Regi\u00e3o","link":"https:\/\/noticiasribeiraopreto.com.br\/index.php\/category\/noticias-de-ribeirao-preto-sp-e-regiao-ismael-colosi\/"},"img":{"alt_text":"","src":"https:\/\/i0.wp.com\/noticiasribeiraopreto.com.br\/wp-content\/uploads\/2023\/11\/WhatsApp-Image-2023-11-19-at-19.20.07.jpeg?fit=1200%2C675&ssl=1&resize=350%2C200","width":350,"height":200,"srcset":"https:\/\/i0.wp.com\/noticiasribeiraopreto.com.br\/wp-content\/uploads\/2023\/11\/WhatsApp-Image-2023-11-19-at-19.20.07.jpeg?fit=1200%2C675&ssl=1&resize=350%2C200 1x, https:\/\/i0.wp.com\/noticiasribeiraopreto.com.br\/wp-content\/uploads\/2023\/11\/WhatsApp-Image-2023-11-19-at-19.20.07.jpeg?fit=1200%2C675&ssl=1&resize=525%2C300 1.5x, https:\/\/i0.wp.com\/noticiasribeiraopreto.com.br\/wp-content\/uploads\/2023\/11\/WhatsApp-Image-2023-11-19-at-19.20.07.jpeg?fit=1200%2C675&ssl=1&resize=700%2C400 2x, https:\/\/i0.wp.com\/noticiasribeiraopreto.com.br\/wp-content\/uploads\/2023\/11\/WhatsApp-Image-2023-11-19-at-19.20.07.jpeg?fit=1200%2C675&ssl=1&resize=1050%2C600 3x"},"classes":[]},{"id":63772,"url":"https:\/\/noticiasribeiraopreto.com.br\/index.php\/2025\/02\/21\/acidente-deixa-12-estudantes-mortos-em-rodovia-na-regiao-da-ribeirao-preto\/","url_meta":{"origin":63782,"position":2},"title":"Acidente deixa 12 estudantes mortos em rodovia na regi\u00e3o da Ribeir\u00e3o Preto","author":"noticiasribeiraopreto.com.br","date":"21 de February de 2025","format":false,"excerpt":"Uma batida entre um caminh\u00e3o e um \u00f4nibus deixou 12 estudantes mortos na noite desta quinta-feira (20), na rodovia Waldir Canevari (SP-355\/330), entre os munic\u00edpios de Nuporanga e S\u00e3o Jos\u00e9 da Bela Vista, na regi\u00e3o de Ribeir\u00e3o Preto. H\u00e1, ainda, 11 pessoas feridas, que foram levadas para hospitais da regi\u00e3o.\u2026","rel":"","context":"In &quot;Not\u00edcias de Ribeir\u00e3o Preto-SP e Regi\u00e3o&quot;","block_context":{"text":"Not\u00edcias de Ribeir\u00e3o Preto-SP e Regi\u00e3o","link":"https:\/\/noticiasribeiraopreto.com.br\/index.php\/category\/noticias-de-ribeirao-preto-sp-e-regiao-ismael-colosi\/"},"img":{"alt_text":"","src":"https:\/\/i0.wp.com\/noticiasribeiraopreto.com.br\/wp-content\/uploads\/2025\/02\/ONIBUS_2025-02-21_09-23-25_jpg_2025-02-21_09-23-25.webp.webp?fit=1200%2C640&ssl=1&resize=350%2C200","width":350,"height":200,"srcset":"https:\/\/i0.wp.com\/noticiasribeiraopreto.com.br\/wp-content\/uploads\/2025\/02\/ONIBUS_2025-02-21_09-23-25_jpg_2025-02-21_09-23-25.webp.webp?fit=1200%2C640&ssl=1&resize=350%2C200 1x, https:\/\/i0.wp.com\/noticiasribeiraopreto.com.br\/wp-content\/uploads\/2025\/02\/ONIBUS_2025-02-21_09-23-25_jpg_2025-02-21_09-23-25.webp.webp?fit=1200%2C640&ssl=1&resize=525%2C300 1.5x, https:\/\/i0.wp.com\/noticiasribeiraopreto.com.br\/wp-content\/uploads\/2025\/02\/ONIBUS_2025-02-21_09-23-25_jpg_2025-02-21_09-23-25.webp.webp?fit=1200%2C640&ssl=1&resize=700%2C400 2x, https:\/\/i0.wp.com\/noticiasribeiraopreto.com.br\/wp-content\/uploads\/2025\/02\/ONIBUS_2025-02-21_09-23-25_jpg_2025-02-21_09-23-25.webp.webp?fit=1200%2C640&ssl=1&resize=1050%2C600 3x"},"classes":[]},{"id":63786,"url":"https:\/\/noticiasribeiraopreto.com.br\/index.php\/2025\/02\/21\/vamos-acompanhar-as-investigacoes-diz-tarcisio-sobre-morte-de-12-estudantes-em-acidente\/","url_meta":{"origin":63782,"position":3},"title":"&#8216;Vamos acompanhar as investiga\u00e7\u00f5es&#8217;, diz Tarc\u00edsio sobre morte de 12 estudantes em acidente","author":"noticiasribeiraopreto.com.br","date":"21 de February de 2025","format":false,"excerpt":"O governador de S\u00e3o Paulo, Tarc\u00edsio de Freitas, publicou em suas redes sociais uma nota de pesar, ap\u00f3s a morte de 12 estudantes em um acidente entre um \u00f4nibus e um caminh\u00e3o, na noite desta quinta-feira (20), na rodovia Waldir Canevari (SP-355\/330), entre os munic\u00edpios de Nuporanga e S\u00e3o Jos\u00e9\u2026","rel":"","context":"In &quot;Not\u00edcias de Ribeir\u00e3o Preto-SP e Regi\u00e3o&quot;","block_context":{"text":"Not\u00edcias de Ribeir\u00e3o Preto-SP e Regi\u00e3o","link":"https:\/\/noticiasribeiraopreto.com.br\/index.php\/category\/noticias-de-ribeirao-preto-sp-e-regiao-ismael-colosi\/"},"img":{"alt_text":"","src":"https:\/\/i0.wp.com\/noticiasribeiraopreto.com.br\/wp-content\/uploads\/2025\/02\/WhatsApp-Image-2025-02-21-at-06.14.17_2025-02-21_13-24-12_jpeg_2025-02-21_13-24-12-scaled.webp.webp?fit=1200%2C675&ssl=1&resize=350%2C200","width":350,"height":200,"srcset":"https:\/\/i0.wp.com\/noticiasribeiraopreto.com.br\/wp-content\/uploads\/2025\/02\/WhatsApp-Image-2025-02-21-at-06.14.17_2025-02-21_13-24-12_jpeg_2025-02-21_13-24-12-scaled.webp.webp?fit=1200%2C675&ssl=1&resize=350%2C200 1x, https:\/\/i0.wp.com\/noticiasribeiraopreto.com.br\/wp-content\/uploads\/2025\/02\/WhatsApp-Image-2025-02-21-at-06.14.17_2025-02-21_13-24-12_jpeg_2025-02-21_13-24-12-scaled.webp.webp?fit=1200%2C675&ssl=1&resize=525%2C300 1.5x, https:\/\/i0.wp.com\/noticiasribeiraopreto.com.br\/wp-content\/uploads\/2025\/02\/WhatsApp-Image-2025-02-21-at-06.14.17_2025-02-21_13-24-12_jpeg_2025-02-21_13-24-12-scaled.webp.webp?fit=1200%2C675&ssl=1&resize=700%2C400 2x, https:\/\/i0.wp.com\/noticiasribeiraopreto.com.br\/wp-content\/uploads\/2025\/02\/WhatsApp-Image-2025-02-21-at-06.14.17_2025-02-21_13-24-12_jpeg_2025-02-21_13-24-12-scaled.webp.webp?fit=1200%2C675&ssl=1&resize=1050%2C600 3x"},"classes":[]},{"id":70930,"url":"https:\/\/noticiasribeiraopreto.com.br\/index.php\/2025\/05\/31\/nao-vi-nada-sol-forte-ofusca-visao-de-motorista-e-caminhao-tem-cabine-destruida\/","url_meta":{"origin":63782,"position":4},"title":"&#8216;N\u00e3o vi nada&#8217;: sol forte ofusca vis\u00e3o de motorista e caminh\u00e3o tem cabine destru\u00edda","author":"noticiasribeiraopreto.com.br","date":"31 de May de 2025","format":false,"excerpt":"Dois caminh\u00f5es se envolveram em um acidente de tr\u00e2nsito na manh\u00e3 deste s\u00e1bado (31), em Franca cidade acerca de 90 quil\u00f4metros de Ribeir\u00e3o Preto. O caso aconteceu na avenida Em\u00edlio Paludeto, na zona sul do munic\u00edpio. Imagens do local mostram a cabine de um dos ve\u00edculos envolvidos totalmente destru\u00edda \u2013\u2026","rel":"","context":"In &quot;Not\u00edcias de Ribeir\u00e3o Preto-SP e Regi\u00e3o&quot;","block_context":{"text":"Not\u00edcias de Ribeir\u00e3o Preto-SP e Regi\u00e3o","link":"https:\/\/noticiasribeiraopreto.com.br\/index.php\/category\/noticias-de-ribeirao-preto-sp-e-regiao-ismael-colosi\/"},"img":{"alt_text":"","src":"https:\/\/i0.wp.com\/noticiasribeiraopreto.com.br\/wp-content\/uploads\/2025\/05\/Copia-de-Copia-de-Copia-de-TAMANHO-EXATO-PARA-FOTOS-NO-SISTEMA-NOVO-2025-05-31T103919.598_2025-05-31_13-39-40.webp.webp?fit=1200%2C675&ssl=1&resize=350%2C200","width":350,"height":200,"srcset":"https:\/\/i0.wp.com\/noticiasribeiraopreto.com.br\/wp-content\/uploads\/2025\/05\/Copia-de-Copia-de-Copia-de-TAMANHO-EXATO-PARA-FOTOS-NO-SISTEMA-NOVO-2025-05-31T103919.598_2025-05-31_13-39-40.webp.webp?fit=1200%2C675&ssl=1&resize=350%2C200 1x, https:\/\/i0.wp.com\/noticiasribeiraopreto.com.br\/wp-content\/uploads\/2025\/05\/Copia-de-Copia-de-Copia-de-TAMANHO-EXATO-PARA-FOTOS-NO-SISTEMA-NOVO-2025-05-31T103919.598_2025-05-31_13-39-40.webp.webp?fit=1200%2C675&ssl=1&resize=525%2C300 1.5x, https:\/\/i0.wp.com\/noticiasribeiraopreto.com.br\/wp-content\/uploads\/2025\/05\/Copia-de-Copia-de-Copia-de-TAMANHO-EXATO-PARA-FOTOS-NO-SISTEMA-NOVO-2025-05-31T103919.598_2025-05-31_13-39-40.webp.webp?fit=1200%2C675&ssl=1&resize=700%2C400 2x, https:\/\/i0.wp.com\/noticiasribeiraopreto.com.br\/wp-content\/uploads\/2025\/05\/Copia-de-Copia-de-Copia-de-TAMANHO-EXATO-PARA-FOTOS-NO-SISTEMA-NOVO-2025-05-31T103919.598_2025-05-31_13-39-40.webp.webp?fit=1200%2C675&ssl=1&resize=1050%2C600 3x"},"classes":[]},{"id":63907,"url":"https:\/\/noticiasribeiraopreto.com.br\/index.php\/2025\/02\/25\/ultima-vitima-de-acidente-com-onibus-de-estudantes-recebe-alta-e-deixa-hospital\/","url_meta":{"origin":63782,"position":5},"title":"\u00daltima v\u00edtima de acidente com \u00f4nibus de estudantes recebe alta e deixa hospital","author":"noticiasribeiraopreto.com.br","date":"25 de February de 2025","format":false,"excerpt":"A jovem Priscila Teixeira Lombardi, de 20 anos, \u00faltima v\u00edtima do acidente com \u00f4nibus de estudantes que estava internada, recebeu alta m\u00e9dica na manh\u00e3 desta ter\u00e7a-feira (25), na Santa Casa de Franca, a aproximadamente 80 quil\u00f4metros de Ribeir\u00e3o Preto. Ela deixou o hospital por um port\u00e3o alternativo do hospital. A\u2026","rel":"","context":"In &quot;Not\u00edcias de Ribeir\u00e3o Preto-SP e Regi\u00e3o&quot;","block_context":{"text":"Not\u00edcias de Ribeir\u00e3o Preto-SP e Regi\u00e3o","link":"https:\/\/noticiasribeiraopreto.com.br\/index.php\/category\/noticias-de-ribeirao-preto-sp-e-regiao-ismael-colosi\/"},"img":{"alt_text":"","src":"https:\/\/i0.wp.com\/noticiasribeiraopreto.com.br\/wp-content\/uploads\/2025\/02\/WhatsApp-Image-2025-02-21-at-06.27.08_2025-02-21_14-34-23_jpeg_2025-02-21_14-34-24-scaled.webp.webp?fit=1200%2C675&ssl=1&resize=350%2C200","width":350,"height":200,"srcset":"https:\/\/i0.wp.com\/noticiasribeiraopreto.com.br\/wp-content\/uploads\/2025\/02\/WhatsApp-Image-2025-02-21-at-06.27.08_2025-02-21_14-34-23_jpeg_2025-02-21_14-34-24-scaled.webp.webp?fit=1200%2C675&ssl=1&resize=350%2C200 1x, https:\/\/i0.wp.com\/noticiasribeiraopreto.com.br\/wp-content\/uploads\/2025\/02\/WhatsApp-Image-2025-02-21-at-06.27.08_2025-02-21_14-34-23_jpeg_2025-02-21_14-34-24-scaled.webp.webp?fit=1200%2C675&ssl=1&resize=525%2C300 1.5x, https:\/\/i0.wp.com\/noticiasribeiraopreto.com.br\/wp-content\/uploads\/2025\/02\/WhatsApp-Image-2025-02-21-at-06.27.08_2025-02-21_14-34-23_jpeg_2025-02-21_14-34-24-scaled.webp.webp?fit=1200%2C675&ssl=1&resize=700%2C400 2x, https:\/\/i0.wp.com\/noticiasribeiraopreto.com.br\/wp-content\/uploads\/2025\/02\/WhatsApp-Image-2025-02-21-at-06.27.08_2025-02-21_14-34-23_jpeg_2025-02-21_14-34-24-scaled.webp.webp?fit=1200%2C675&ssl=1&resize=1050%2C600 3x"},"classes":[]}],"jetpack_sharing_enabled":true,"jetpack_shortlink":"https:\/\/wp.me\/peQAOb-gAK","_links":{"self":[{"href":"https:\/\/noticiasribeiraopreto.com.br\/index.php\/wp-json\/wp\/v2\/posts\/63782","targetHints":{"allow":["GET"]}}],"collection":[{"href":"https:\/\/noticiasribeiraopreto.com.br\/index.php\/wp-json\/wp\/v2\/posts"}],"about":[{"href":"https:\/\/noticiasribeiraopreto.com.br\/index.php\/wp-json\/wp\/v2\/types\/post"}],"author":[{"embeddable":true,"href":"https:\/\/noticiasribeiraopreto.com.br\/index.php\/wp-json\/wp\/v2\/users\/1"}],"replies":[{"embeddable":true,"href":"https:\/\/noticiasribeiraopreto.com.br\/index.php\/wp-json\/wp\/v2\/comments?post=63782"}],"version-history":[{"count":0,"href":"https:\/\/noticiasribeiraopreto.com.br\/index.php\/wp-json\/wp\/v2\/posts\/63782\/revisions"}],"wp:featuredmedia":[{"embeddable":true,"href":"https:\/\/noticiasribeiraopreto.com.br\/index.php\/wp-json\/wp\/v2\/media\/63783"}],"wp:attachment":[{"href":"https:\/\/noticiasribeiraopreto.com.br\/index.php\/wp-json\/wp\/v2\/media?parent=63782"}],"wp:term":[{"taxonomy":"category","embeddable":true,"href":"https:\/\/noticiasribeiraopreto.com.br\/index.php\/wp-json\/wp\/v2\/categories?post=63782"},{"taxonomy":"post_tag","embeddable":true,"href":"https:\/\/noticiasribeiraopreto.com.br\/index.php\/wp-json\/wp\/v2\/tags?post=63782"}],"curies":[{"name":"wp","href":"https:\/\/api.w.org\/{rel}","templated":true}]}}