{"id":63941,"date":"2025-02-26T03:48:34","date_gmt":"2025-02-26T06:48:34","guid":{"rendered":"https:\/\/noticiasribeiraopreto.com.br\/index.php\/2025\/02\/26\/campanha-de-natal-do-ribeiraoshopping-e-shoppingsantaursula-entrega-doacao-para-o-hospital-das-clinicas\/"},"modified":"2025-02-26T03:48:34","modified_gmt":"2025-02-26T06:48:34","slug":"campanha-de-natal-do-ribeiraoshopping-e-shoppingsantaursula-entrega-doacao-para-o-hospital-das-clinicas","status":"publish","type":"post","link":"https:\/\/noticiasribeiraopreto.com.br\/index.php\/2025\/02\/26\/campanha-de-natal-do-ribeiraoshopping-e-shoppingsantaursula-entrega-doacao-para-o-hospital-das-clinicas\/","title":{"rendered":"Campanha de Natal do Ribeir\u00e3oShopping e ShoppingSanta\u00darsula entrega doa\u00e7\u00e3o para o Hospital das Cl\u00ednicas"},"content":{"rendered":"<div class='code-block code-block-1' style='margin: 8px 0 8px auto; text-align: right; display: block; clear: both;'>\n<p><a href=\"https:\/\/wa.link\/vpicfd\"><img data-recalc-dims=\"1\" class=\"wp-image-4922\" style=\"aspect-ratio: 2.0253164556962027; width: 561px; height: auto;\" src=\"https:\/\/i0.wp.com\/ismaelcolosi.com.br\/wp-content\/uploads\/2023\/11\/grupo-de-empregos-whatsapp-e-facebook-ismael-colosi-vagas.jpg?ssl=1\" alt=\"\" \/><\/a><\/p>\n<!-- \/wp:image -->\n<\/div>\n<p> <br \/>\n<\/p>\n<div>\n<p>A Multiplan, administradora de 20 shopping centers presentes em sete estados brasileiros, arrecadou R$1,1 milh\u00e3o por meio da campanha solid\u00e1ria \u201cArrecad\u00f4metro de Natal\u201d. Uma parte do valor ser\u00e1 destinado \u00e0 compra de cestas b\u00e1sicas e a outra transferida para institui\u00e7\u00f5es parceiras, beneficiando mais de 30 mil pessoas em situa\u00e7\u00e3o de vulnerabilidade social.<\/p>\n<p>Em Ribeir\u00e3o Preto, as campanhas do Ribeir\u00e3oShopping e ShoppingSanta\u00darsula somadas \u00e0 participa\u00e7\u00e3o da Multiplan entregaram R$86 mil, que foram integralmente destinados ao Hospital das Cl\u00ednicas da Faculdade de Medicina de Ribeir\u00e3o Preto da Universidade de S\u00e3o Paulo (HCFMRP-USP).<\/p>\n<p>A entrega foi feita na \u00faltima sexta-feira, 21, nas depend\u00eancias do hospital e contou com a presen\u00e7a do Vice-Presidente Institucional da Multiplan, Vander Giordano, do Superintendente do Ribeir\u00e3oShopping, Marcos Botelho, Maira Ferrari, Gerente de Marketing do Ribeir\u00e3oShopping, Juliana Gasparini, Coordenadora de Marketing do ShoppingSanta\u00darsula, Marcela Gontijo Bonandin, Gerente de Opera\u00e7\u00f5es do ShoppingSanta\u00darsula, e dos professores Ricardo Cavalli, Superintendente do HCRP, Jorge Elias J\u00fanior, Diretor da Faculdade de Medicina de Ribeir\u00e3o Preto (FMRP) da USP, e Valdair Francisco Muglia, Diretor Executivo da Funda\u00e7\u00e3o de Apoio ao Ensino, Pesquisa e Assist\u00eancia (FAEPA).<\/p>\n<p>A iniciativa integra o \u201cMultiplique o Bem\u201d, hub de impacto social da Multiplan, que visa gerar impactos positivos, fortalecer la\u00e7os comunit\u00e1rios e promover a sustentabilidade. Durante a Campanha de Natal, cada nota fiscal de compras cadastradas no aplicativo Multi resultou nesta doa\u00e7\u00e3o pelos empreendimentos.<\/p>\n<p>Este ano, o valor arrecadado na a\u00e7\u00e3o dos empreendimentos da Multiplan em Ribeir\u00e3o Preto, representa um aumento de 43% em rela\u00e7\u00e3o a 2023, refor\u00e7ando o compromisso com a\u00e7\u00f5es de impacto crescente.<\/p>\n<p>\u201cH\u00e1 quatro anos, o Arrecad\u00f4metro de Natal refor\u00e7a nosso compromisso em transformar vidas. Superar as metas de arrecada\u00e7\u00e3o nos enche de orgulho e reafirma nosso prop\u00f3sito. Agradecemos aos nossos clientes, lojistas e colaboradores por acreditarem e engajarem na a\u00e7\u00e3o junto conosco e transformar a realidade de tantas fam\u00edlias\u201d, destaca Vander Giordano, Vice-Presidente Institucional da Multiplan, reafirmando o compromisso alinhado \u00e0s a\u00e7\u00f5es sustent\u00e1veis da companhia.<\/p>\n<p><strong>Sobre o Ribeir\u00e3oShopping<\/strong><\/p>\n<p>Inaugurado em 5 de maio de 1981, o Ribeir\u00e3oShopping foi o primeiro shopping center de Ribeir\u00e3o Preto, o segundo da rede Multiplan e um dos primeiros no Brasil, totalizando 43 anos de uma trajet\u00f3ria com oito bem-sucedidas expans\u00f5es e a constru\u00e7\u00e3o de um moderno Centro M\u00e9dico. Um dos maiores geradores de empregos da cidade e da regi\u00e3o, o Ribeir\u00e3oShopping oferece mais de 5 mil empregos diretos.<br \/>Com todas as suas qualidades, os consumidores podem resolver tudo que precisam em um s\u00f3 lugar com conforto e praticidade, desfrutando das comodidades que o shopping oferece.<\/p>\n<p><strong>Sobre o ShoppingSanta\u00darsula<\/strong><\/p>\n<p>H\u00e1 25 anos, o ShoppingSanta\u00darsula \u00e9 refer\u00eancia na regi\u00e3o central de Ribeir\u00e3o Preto, com diversas op\u00e7\u00f5es de compras, gastronomia e entretenimento para toda fam\u00edlia com conforto e praticidade.<\/p>\n<p>Pioneiro em Ribeir\u00e3o no sistema free flow \u2013 entradas expressas e sem cancelas \u2013 o empreendimento oferece a comodidade do Acesso Multi para pagamento do estacionamento. Aos domingos, o servi\u00e7o \u00e9 gratuito para clientes cadastrados no App Multi.<\/p>\n<p>O Santa tamb\u00e9m \u00e9 o primeiro shopping da cidade a permitir a visita\u00e7\u00e3o de pets. No espa\u00e7o idealizado especialmente para os animais \u2013 localizado no Piso 3, pr\u00f3ximo \u00e0 Pra\u00e7a de Alimenta\u00e7\u00e3o \u2013 tutores e pets podem curtir juntos com seguran\u00e7a e conforto.<\/p>\n<p>O empreendimento est\u00e1 localizado na Rua S\u00e3o Jos\u00e9, 933 \u2013 Bairro Higien\u00f3polis. Mais informa\u00e7\u00f5es: (16) 2102-7400, ou pelo site: shoppingsantaursula.com.br e nas redes sociais: @shoppingsantaursula.<\/p>\n<p>&#13;<br \/>\n\t\t\t\t<span class=\"post-views-icon dashicons dashicons-chart-bar\"\/> <span class=\"post-views-label\">Visualiza\u00e7\u00f5es:<\/span> <span class=\"post-views-count\">13<\/span>&#13;\n\t\t\t<\/p>\n<\/p><\/div>\n<p><br \/>\n<br \/><a href=\"https:\/\/folhaderibeirao.com.br\/2025\/02\/26\/campanha-de-natal-do-ribeiraoshopping-e-shoppingsantaursula-entrega-doacao-para-o-hospital-das-clinicas\/\">Source link <\/a><\/p>\n<!-- CONTENT END 1 -->\n","protected":false},"excerpt":{"rendered":"<p>A Multiplan, administradora de 20 shopping centers presentes em sete estados brasileiros, arrecadou R$1,1 milh\u00e3o por meio da campanha solid\u00e1ria \u201cArrecad\u00f4metro de Natal\u201d. Uma parte&#8230;<\/p>\n","protected":false},"author":1,"featured_media":63942,"comment_status":"open","ping_status":"open","sticky":false,"template":"","format":"standard","meta":{"advanced_seo_description":"","jetpack_seo_html_title":"","jetpack_seo_noindex":false,"jetpack_post_was_ever_published":false,"_jetpack_newsletter_access":"","_jetpack_dont_email_post_to_subs":false,"_jetpack_newsletter_tier_id":0,"_jetpack_memberships_contains_paywalled_content":false,"_jetpack_memberships_contains_paid_content":false,"footnotes":"","jetpack_publicize_message":"","jetpack_publicize_feature_enabled":true,"jetpack_social_post_already_shared":true,"jetpack_social_options":{"image_generator_settings":{"template":"highway","default_image_id":0,"font":"","enabled":false},"version":2}},"categories":[11],"tags":[832,525,429,2566,1398,524,288,71,4098,3996],"class_list":["post-63941","post","type-post","status-publish","format-standard","has-post-thumbnail","hentry","category-noticias-de-ribeirao-preto-sp-e-regiao-ismael-colosi","tag-campanha","tag-clinicas","tag-das","tag-doacao","tag-entrega","tag-hospital","tag-natal","tag-para","tag-ribeiraoshopping","tag-shoppingsantaursula"],"jetpack_publicize_connections":[],"jetpack_featured_media_url":"https:\/\/i0.wp.com\/noticiasribeiraopreto.com.br\/wp-content\/uploads\/2025\/02\/WhatsApp-Image-2025-02-24-at-09.50.57.jpeg?fit=1600%2C1066&ssl=1","jetpack-related-posts":[{"id":64189,"url":"https:\/\/noticiasribeiraopreto.com.br\/index.php\/2025\/03\/04\/ribeiraoshopping-e-shoppingsantaursula-tem-programacao-e-horarios-especiais-nesta-terca-feira-4\/","url_meta":{"origin":63941,"position":0},"title":"Ribeir\u00e3oShopping e ShoppingSanta\u00darsula t\u00eam programa\u00e7\u00e3o e hor\u00e1rios especiais nesta ter\u00e7a-feira, 4","author":"noticiasribeiraopreto.com.br","date":"4 de March de 2025","format":false,"excerpt":"O Ribeir\u00e3oShopping e ShoppingSanta\u00darsula oferecem uma programa\u00e7\u00e3o especial para a fam\u00edlia e pets nesta ter\u00e7a-feira de Carnaval, dia 4 de mar\u00e7o. As atividades s\u00e3o gratuitas e para participar os interessados devem baixar o app Multi e seguir as orienta\u00e7\u00f5es para se inscrever, por meio de resgate ou troca de pontos.\u2026","rel":"","context":"In &quot;Not\u00edcias de Ribeir\u00e3o Preto-SP e Regi\u00e3o&quot;","block_context":{"text":"Not\u00edcias de Ribeir\u00e3o Preto-SP e Regi\u00e3o","link":"https:\/\/noticiasribeiraopreto.com.br\/index.php\/category\/noticias-de-ribeirao-preto-sp-e-regiao-ismael-colosi\/"},"img":{"alt_text":"","src":"https:\/\/i0.wp.com\/noticiasribeiraopreto.com.br\/wp-content\/uploads\/2025\/03\/WhatsApp-Image-2025-03-04-at-12.09.26.jpeg?fit=800%2C533&ssl=1&resize=350%2C200","width":350,"height":200,"srcset":"https:\/\/i0.wp.com\/noticiasribeiraopreto.com.br\/wp-content\/uploads\/2025\/03\/WhatsApp-Image-2025-03-04-at-12.09.26.jpeg?fit=800%2C533&ssl=1&resize=350%2C200 1x, https:\/\/i0.wp.com\/noticiasribeiraopreto.com.br\/wp-content\/uploads\/2025\/03\/WhatsApp-Image-2025-03-04-at-12.09.26.jpeg?fit=800%2C533&ssl=1&resize=525%2C300 1.5x, https:\/\/i0.wp.com\/noticiasribeiraopreto.com.br\/wp-content\/uploads\/2025\/03\/WhatsApp-Image-2025-03-04-at-12.09.26.jpeg?fit=800%2C533&ssl=1&resize=700%2C400 2x"},"classes":[]},{"id":63947,"url":"https:\/\/noticiasribeiraopreto.com.br\/index.php\/2025\/02\/26\/projeto-gratuito-promove-a-escolarizacao-de-jovens-e-adultos-no-ribeiraoshopping-e-shoppingsantaursula\/","url_meta":{"origin":63941,"position":1},"title":"Projeto gratuito promove a escolariza\u00e7\u00e3o de jovens e adultos no Ribeir\u00e3oShopping e ShoppingSanta\u00darsula","author":"noticiasribeiraopreto.com.br","date":"26 de February de 2025","format":false,"excerpt":"A oportunidade de concluir os estudos e sonhar com um futuro melhor agora est\u00e1 ao alcance de funcion\u00e1rios e seus familiares no Ribeir\u00e3oShopping e ShoppingSanta\u00darsula. O projeto de escolariza\u00e7\u00e3o, uma iniciativa da Multiplan em parceria com todos os shoppings da rede, tem sido um divisor de \u00e1guas na vida de\u2026","rel":"","context":"In &quot;Not\u00edcias de Ribeir\u00e3o Preto-SP e Regi\u00e3o&quot;","block_context":{"text":"Not\u00edcias de Ribeir\u00e3o Preto-SP e Regi\u00e3o","link":"https:\/\/noticiasribeiraopreto.com.br\/index.php\/category\/noticias-de-ribeirao-preto-sp-e-regiao-ismael-colosi\/"},"img":{"alt_text":"","src":"https:\/\/i0.wp.com\/noticiasribeiraopreto.com.br\/wp-content\/uploads\/2025\/02\/WhatsApp-Image-2025-02-21-at-12.10.56.jpeg?fit=1200%2C800&ssl=1&resize=350%2C200","width":350,"height":200,"srcset":"https:\/\/i0.wp.com\/noticiasribeiraopreto.com.br\/wp-content\/uploads\/2025\/02\/WhatsApp-Image-2025-02-21-at-12.10.56.jpeg?fit=1200%2C800&ssl=1&resize=350%2C200 1x, https:\/\/i0.wp.com\/noticiasribeiraopreto.com.br\/wp-content\/uploads\/2025\/02\/WhatsApp-Image-2025-02-21-at-12.10.56.jpeg?fit=1200%2C800&ssl=1&resize=525%2C300 1.5x, https:\/\/i0.wp.com\/noticiasribeiraopreto.com.br\/wp-content\/uploads\/2025\/02\/WhatsApp-Image-2025-02-21-at-12.10.56.jpeg?fit=1200%2C800&ssl=1&resize=700%2C400 2x, https:\/\/i0.wp.com\/noticiasribeiraopreto.com.br\/wp-content\/uploads\/2025\/02\/WhatsApp-Image-2025-02-21-at-12.10.56.jpeg?fit=1200%2C800&ssl=1&resize=1050%2C600 3x"},"classes":[]},{"id":66148,"url":"https:\/\/noticiasribeiraopreto.com.br\/index.php\/2025\/03\/28\/abril-azul-ribeiraoshopping-e-shoppingsantaursula-promovem-conscientizacao-e-acolhimento-para-pessoas-com-transtorno-do-espectro-autista\/","url_meta":{"origin":63941,"position":2},"title":"Abril Azul: Ribeir\u00e3oShopping e ShoppingSanta\u00darsula promovem conscientiza\u00e7\u00e3o e acolhimento para pessoas com Transtorno do Espectro Autista","author":"noticiasribeiraopreto.com.br","date":"28 de March de 2025","format":false,"excerpt":"A campanha \u201cAbril Azul\u201d foi criada pela em 2007 pela Organiza\u00e7\u00e3o das Na\u00e7\u00f5es Unidas (ONU) como uma forma de conscientizar as pessoas sobre o autismo, assim como dar visibilidade ao Transtorno do Espectro Autista (TEA). Segundo estimativa da Organiza\u00e7\u00e3o Mundial de Sa\u00fade (OMS), uma em cada cem crian\u00e7as no mundo\u2026","rel":"","context":"In &quot;Not\u00edcias de Ribeir\u00e3o Preto-SP e Regi\u00e3o&quot;","block_context":{"text":"Not\u00edcias de Ribeir\u00e3o Preto-SP e Regi\u00e3o","link":"https:\/\/noticiasribeiraopreto.com.br\/index.php\/category\/noticias-de-ribeirao-preto-sp-e-regiao-ismael-colosi\/"},"img":{"alt_text":"","src":"https:\/\/i0.wp.com\/noticiasribeiraopreto.com.br\/wp-content\/uploads\/2025\/03\/Imagem-do-WhatsApp-de-2025-03-28-as-10.58.53_a1d2decd.jpg?fit=1200%2C900&ssl=1&resize=350%2C200","width":350,"height":200,"srcset":"https:\/\/i0.wp.com\/noticiasribeiraopreto.com.br\/wp-content\/uploads\/2025\/03\/Imagem-do-WhatsApp-de-2025-03-28-as-10.58.53_a1d2decd.jpg?fit=1200%2C900&ssl=1&resize=350%2C200 1x, https:\/\/i0.wp.com\/noticiasribeiraopreto.com.br\/wp-content\/uploads\/2025\/03\/Imagem-do-WhatsApp-de-2025-03-28-as-10.58.53_a1d2decd.jpg?fit=1200%2C900&ssl=1&resize=525%2C300 1.5x, https:\/\/i0.wp.com\/noticiasribeiraopreto.com.br\/wp-content\/uploads\/2025\/03\/Imagem-do-WhatsApp-de-2025-03-28-as-10.58.53_a1d2decd.jpg?fit=1200%2C900&ssl=1&resize=700%2C400 2x, https:\/\/i0.wp.com\/noticiasribeiraopreto.com.br\/wp-content\/uploads\/2025\/03\/Imagem-do-WhatsApp-de-2025-03-28-as-10.58.53_a1d2decd.jpg?fit=1200%2C900&ssl=1&resize=1050%2C600 3x"},"classes":[]},{"id":60712,"url":"https:\/\/noticiasribeiraopreto.com.br\/index.php\/2024\/11\/22\/lar-de-idosos-promove-campanha-solidaria-de-natal-saiba-como-participar\/","url_meta":{"origin":63941,"position":3},"title":"Lar de idosos promove campanha solid\u00e1ria de Natal; Saiba como participar","author":"noticiasribeiraopreto.com.br","date":"22 de November de 2024","format":false,"excerpt":"O Lar do Vov\u00f4 Albano, institui\u00e7\u00e3o de cuidados com idosos localizada no bairro Planalto Verde, zona Oeste de Ribeir\u00e3o Preto, iniciou a campanha solid\u00e1ria \u201cAdote um Vov\u00f4 ou uma Vov\u00f3\u201d. O projeto busca atender aos pedidos de Natal realizado pelos 24 moradores da casa. De acordo com Gislene Mazer, assistente\u2026","rel":"","context":"In &quot;Not\u00edcias de Ribeir\u00e3o Preto-SP e Regi\u00e3o&quot;","block_context":{"text":"Not\u00edcias de Ribeir\u00e3o Preto-SP e Regi\u00e3o","link":"https:\/\/noticiasribeiraopreto.com.br\/index.php\/category\/noticias-de-ribeirao-preto-sp-e-regiao-ismael-colosi\/"},"img":{"alt_text":"","src":"https:\/\/i0.wp.com\/noticiasribeiraopreto.com.br\/wp-content\/uploads\/2024\/11\/Copia-de-Copia-de-Copia-de-TAMANHO-EXATO-PARA-FOTOS-NO-SISTEMA-NOVO-2024-11-22T174502.445_2024-11-22_20-45-47_png_2024-11-22_20-45-47.webp.webp?fit=1200%2C675&ssl=1&resize=350%2C200","width":350,"height":200,"srcset":"https:\/\/i0.wp.com\/noticiasribeiraopreto.com.br\/wp-content\/uploads\/2024\/11\/Copia-de-Copia-de-Copia-de-TAMANHO-EXATO-PARA-FOTOS-NO-SISTEMA-NOVO-2024-11-22T174502.445_2024-11-22_20-45-47_png_2024-11-22_20-45-47.webp.webp?fit=1200%2C675&ssl=1&resize=350%2C200 1x, https:\/\/i0.wp.com\/noticiasribeiraopreto.com.br\/wp-content\/uploads\/2024\/11\/Copia-de-Copia-de-Copia-de-TAMANHO-EXATO-PARA-FOTOS-NO-SISTEMA-NOVO-2024-11-22T174502.445_2024-11-22_20-45-47_png_2024-11-22_20-45-47.webp.webp?fit=1200%2C675&ssl=1&resize=525%2C300 1.5x, https:\/\/i0.wp.com\/noticiasribeiraopreto.com.br\/wp-content\/uploads\/2024\/11\/Copia-de-Copia-de-Copia-de-TAMANHO-EXATO-PARA-FOTOS-NO-SISTEMA-NOVO-2024-11-22T174502.445_2024-11-22_20-45-47_png_2024-11-22_20-45-47.webp.webp?fit=1200%2C675&ssl=1&resize=700%2C400 2x, https:\/\/i0.wp.com\/noticiasribeiraopreto.com.br\/wp-content\/uploads\/2024\/11\/Copia-de-Copia-de-Copia-de-TAMANHO-EXATO-PARA-FOTOS-NO-SISTEMA-NOVO-2024-11-22T174502.445_2024-11-22_20-45-47_png_2024-11-22_20-45-47.webp.webp?fit=1200%2C675&ssl=1&resize=1050%2C600 3x"},"classes":[]},{"id":12961,"url":"https:\/\/noticiasribeiraopreto.com.br\/index.php\/2023\/12\/08\/veja-como-participar-da-campanha-natal-das-criancas-do-fundo-social-de-ribeirao\/","url_meta":{"origin":63941,"position":4},"title":"Veja como participar da campanha Natal das Crian\u00e7as do Fundo Social de Ribeir\u00e3o","author":"noticiasribeiraopreto.com.br","date":"8 de December de 2023","format":false,"excerpt":"O Fundo Social de Solidariedade de Ribeir\u00e3o Preto lan\u00e7ou nesta sexta-feira (8) a campanha \u201cNatal das Crian\u00e7as\u201d, que pretende arrecadar brinquedos novos e usados (em bom estado de conserva\u00e7\u00e3o) para crian\u00e7as carentes. As doa\u00e7\u00f5es podem ser realizadas at\u00e9 o dia 20 de dezembro, na sede do Fundo Social, que fica\u2026","rel":"","context":"In &quot;Not\u00edcias de Ribeir\u00e3o Preto-SP e Regi\u00e3o&quot;","block_context":{"text":"Not\u00edcias de Ribeir\u00e3o Preto-SP e Regi\u00e3o","link":"https:\/\/noticiasribeiraopreto.com.br\/index.php\/category\/noticias-de-ribeirao-preto-sp-e-regiao-ismael-colosi\/"},"img":{"alt_text":"","src":"https:\/\/i0.wp.com\/noticiasribeiraopreto.com.br\/wp-content\/uploads\/2023\/12\/papai-noel.jpg?fit=1200%2C800&ssl=1&resize=350%2C200","width":350,"height":200,"srcset":"https:\/\/i0.wp.com\/noticiasribeiraopreto.com.br\/wp-content\/uploads\/2023\/12\/papai-noel.jpg?fit=1200%2C800&ssl=1&resize=350%2C200 1x, https:\/\/i0.wp.com\/noticiasribeiraopreto.com.br\/wp-content\/uploads\/2023\/12\/papai-noel.jpg?fit=1200%2C800&ssl=1&resize=525%2C300 1.5x, https:\/\/i0.wp.com\/noticiasribeiraopreto.com.br\/wp-content\/uploads\/2023\/12\/papai-noel.jpg?fit=1200%2C800&ssl=1&resize=700%2C400 2x, https:\/\/i0.wp.com\/noticiasribeiraopreto.com.br\/wp-content\/uploads\/2023\/12\/papai-noel.jpg?fit=1200%2C800&ssl=1&resize=1050%2C600 3x"},"classes":[]},{"id":65911,"url":"https:\/\/noticiasribeiraopreto.com.br\/index.php\/2025\/03\/25\/sofisticacao-conforto-e-estilo-boho-chic-estao-entre-as-principais-tendencias-da-colecao-outono-inverno-2025\/","url_meta":{"origin":63941,"position":5},"title":"Sofistica\u00e7\u00e3o, conforto e estilo boho chic est\u00e3o entre as principais tend\u00eancias da cole\u00e7\u00e3o outono\/inverno 2025","author":"noticiasribeiraopreto.com.br","date":"25 de March de 2025","format":false,"excerpt":"Com a chegada da cole\u00e7\u00e3o outono\/inverno, novas apostas da moda surgem, trazendo inspira\u00e7\u00f5es atuais para o guarda-roupa. As tend\u00eancias, baseadas nas semanas de moda internacionais, incluem pe\u00e7as que unem eleg\u00e2ncia, conforto e um toque de inova\u00e7\u00e3o, com cores neutras e tons terrosos, al\u00e9m do retorno do estilo boho chic, que\u2026","rel":"","context":"In &quot;Not\u00edcias de Ribeir\u00e3o Preto-SP e Regi\u00e3o&quot;","block_context":{"text":"Not\u00edcias de Ribeir\u00e3o Preto-SP e Regi\u00e3o","link":"https:\/\/noticiasribeiraopreto.com.br\/index.php\/category\/noticias-de-ribeirao-preto-sp-e-regiao-ismael-colosi\/"},"img":{"alt_text":"","src":"https:\/\/i0.wp.com\/noticiasribeiraopreto.com.br\/wp-content\/uploads\/2025\/03\/WhatsApp-Image-2025-03-21-at-11.22.51.jpeg?fit=840%2C1200&ssl=1&resize=350%2C200","width":350,"height":200,"srcset":"https:\/\/i0.wp.com\/noticiasribeiraopreto.com.br\/wp-content\/uploads\/2025\/03\/WhatsApp-Image-2025-03-21-at-11.22.51.jpeg?fit=840%2C1200&ssl=1&resize=350%2C200 1x, https:\/\/i0.wp.com\/noticiasribeiraopreto.com.br\/wp-content\/uploads\/2025\/03\/WhatsApp-Image-2025-03-21-at-11.22.51.jpeg?fit=840%2C1200&ssl=1&resize=525%2C300 1.5x, https:\/\/i0.wp.com\/noticiasribeiraopreto.com.br\/wp-content\/uploads\/2025\/03\/WhatsApp-Image-2025-03-21-at-11.22.51.jpeg?fit=840%2C1200&ssl=1&resize=700%2C400 2x"},"classes":[]}],"jetpack_sharing_enabled":true,"jetpack_shortlink":"https:\/\/wp.me\/peQAOb-gDj","_links":{"self":[{"href":"https:\/\/noticiasribeiraopreto.com.br\/index.php\/wp-json\/wp\/v2\/posts\/63941","targetHints":{"allow":["GET"]}}],"collection":[{"href":"https:\/\/noticiasribeiraopreto.com.br\/index.php\/wp-json\/wp\/v2\/posts"}],"about":[{"href":"https:\/\/noticiasribeiraopreto.com.br\/index.php\/wp-json\/wp\/v2\/types\/post"}],"author":[{"embeddable":true,"href":"https:\/\/noticiasribeiraopreto.com.br\/index.php\/wp-json\/wp\/v2\/users\/1"}],"replies":[{"embeddable":true,"href":"https:\/\/noticiasribeiraopreto.com.br\/index.php\/wp-json\/wp\/v2\/comments?post=63941"}],"version-history":[{"count":0,"href":"https:\/\/noticiasribeiraopreto.com.br\/index.php\/wp-json\/wp\/v2\/posts\/63941\/revisions"}],"wp:featuredmedia":[{"embeddable":true,"href":"https:\/\/noticiasribeiraopreto.com.br\/index.php\/wp-json\/wp\/v2\/media\/63942"}],"wp:attachment":[{"href":"https:\/\/noticiasribeiraopreto.com.br\/index.php\/wp-json\/wp\/v2\/media?parent=63941"}],"wp:term":[{"taxonomy":"category","embeddable":true,"href":"https:\/\/noticiasribeiraopreto.com.br\/index.php\/wp-json\/wp\/v2\/categories?post=63941"},{"taxonomy":"post_tag","embeddable":true,"href":"https:\/\/noticiasribeiraopreto.com.br\/index.php\/wp-json\/wp\/v2\/tags?post=63941"}],"curies":[{"name":"wp","href":"https:\/\/api.w.org\/{rel}","templated":true}]}}