{"id":64018,"date":"2025-02-27T15:19:34","date_gmt":"2025-02-27T18:19:34","guid":{"rendered":"https:\/\/noticiasribeiraopreto.com.br\/index.php\/2025\/02\/27\/caminhao-tomba-na-zona-sul-de-ribeirao-preto-veja-video\/"},"modified":"2025-02-27T15:19:34","modified_gmt":"2025-02-27T18:19:34","slug":"caminhao-tomba-na-zona-sul-de-ribeirao-preto-veja-video","status":"publish","type":"post","link":"https:\/\/noticiasribeiraopreto.com.br\/index.php\/2025\/02\/27\/caminhao-tomba-na-zona-sul-de-ribeirao-preto-veja-video\/","title":{"rendered":"Caminh\u00e3o tomba na zona Sul de Ribeir\u00e3o Preto; Veja v\u00eddeo"},"content":{"rendered":"<div class='code-block code-block-1' style='margin: 8px 0 8px auto; text-align: right; display: block; clear: both;'>\n<p><a href=\"https:\/\/wa.link\/vpicfd\"><img data-recalc-dims=\"1\" class=\"wp-image-4922\" style=\"aspect-ratio: 2.0253164556962027; width: 561px; height: auto;\" src=\"https:\/\/i0.wp.com\/ismaelcolosi.com.br\/wp-content\/uploads\/2023\/11\/grupo-de-empregos-whatsapp-e-facebook-ismael-colosi-vagas.jpg?ssl=1\" alt=\"\" \/><\/a><\/p>\n<!-- \/wp:image -->\n<\/div>\n<p> <br \/>\n<\/p>\n<p>Na tarde desta quinta-feira (27), <strong>um caminh\u00e3o tombou<\/strong>, <strong>no acesso \u00e0 avenida Jo\u00e3o Fi\u00fasa<\/strong>, zona Sul de Ribeir\u00e3o Preto;<\/p>\n<p>De acordo com a <strong>RP Mobi<\/strong>, a via j\u00e1 est\u00e1 liberada para o tr\u00e1fego de ve\u00edculos e o fluxo de carros est\u00e1 acontecendo normalmente. <\/p>\n<p>A <strong>Pol\u00edcia Rodovi\u00e1ria <\/strong>segue no local para realizar os procedimentos finais de registro da ocorr\u00eancia.<strong> At\u00e9 o momento, n\u00e3o h\u00e1 informa\u00e7\u00f5es de feridos. <\/strong><\/p>\n<p><strong>Veja v\u00eddeo:<\/strong><\/p>\n<blockquote class=\"instagram-media\" data-instgrm-permalink=\"https:\/\/www.instagram.com\/reel\/DGlbK9bBqP2\/?utm_source=ig_embed&amp;utm_campaign=loading\" data-instgrm-version=\"14\" style=\"background:#FFF;border:0;border-radius:3px;margin: 1px;max-width:540px;min-width:326px;padding:0;width:99.375%;width:-webkit-calc(100% - 2px);width:calc(100% - 2px)\">\n<div style=\"padding:16px\"> <a href=\"https:\/\/www.instagram.com\/reel\/DGlbK9bBqP2\/?utm_source=ig_embed&amp;utm_campaign=loading\" style=\"background:#FFFFFF;line-height:0;padding:0 0;text-align:center;text-decoration:none;width:100%\" target=\"_blank\" rel=\"noopener\"> <\/p>\n<div style=\"flex-direction: row;align-items: center\">\n<div style=\"background-color: #F4F4F4;border-radius: 50%;flex-grow: 0;height: 40px;margin-right: 14px;width: 40px\"><\/div>\n<div style=\"flex-direction: column;flex-grow: 1;justify-content: center\">\n<div style=\"background-color: #F4F4F4;border-radius: 4px;flex-grow: 0;height: 14px;margin-bottom: 6px;width: 100px\"><\/div>\n<div style=\"background-color: #F4F4F4;border-radius: 4px;flex-grow: 0;height: 14px;width: 60px\"><\/div>\n<\/div>\n<\/div>\n<div style=\"padding: 19% 0\"><\/div>\n<div style=\"height:50px;margin:0 auto 12px;width:50px\"><\/div>\n<div style=\"padding-top: 8px\">\n<div style=\"color:#3897f0;font-family:Arial,sans-serif;font-size:14px;font-style:normal;font-weight:550;line-height:18px\">Ver essa foto no Instagram<\/div>\n<\/div>\n<div style=\"padding: 12.5% 0\"><\/div>\n<div style=\"flex-direction: row;margin-bottom: 14px;align-items: center\">\n<div>\n<div style=\"background-color: #F4F4F4;border-radius: 50%;height: 12.5px;width: 12.5px\"><\/div>\n<div style=\"background-color: #F4F4F4;height: 12.5px;width: 12.5px;flex-grow: 0;margin-right: 14px;margin-left: 2px\"><\/div>\n<div style=\"background-color: #F4F4F4;border-radius: 50%;height: 12.5px;width: 12.5px\"><\/div>\n<\/div>\n<div style=\"margin-left: 8px\">\n<div style=\"background-color: #F4F4F4;border-radius: 50%;flex-grow: 0;height: 20px;width: 20px\"><\/div>\n<div style=\"width: 0;height: 0;border-top: 2px solid transparent;border-left: 6px solid #f4f4f4;border-bottom: 2px solid transparent\"><\/div>\n<\/div>\n<div style=\"margin-left: auto\">\n<div style=\"width: 0px;border-top: 8px solid #F4F4F4;border-right: 8px solid transparent\"><\/div>\n<div style=\"background-color: #F4F4F4;flex-grow: 0;height: 12px;width: 16px\"><\/div>\n<div style=\"width: 0;height: 0;border-top: 8px solid #F4F4F4;border-left: 8px solid transparent\"><\/div>\n<\/div>\n<\/div>\n<div style=\"flex-direction: column;flex-grow: 1;justify-content: center;margin-bottom: 24px\">\n<div style=\"background-color: #F4F4F4;border-radius: 4px;flex-grow: 0;height: 14px;margin-bottom: 6px;width: 224px\"><\/div>\n<div style=\"background-color: #F4F4F4;border-radius: 4px;flex-grow: 0;height: 14px;width: 144px\"><\/div>\n<\/div>\n<p><\/a><\/p>\n<p style=\"color:#c9c8cd;font-family:Arial,sans-serif;font-size:14px;line-height:17px;margin-bottom:0;margin-top:8px;overflow:hidden;padding:8px 0 7px;text-align:center\"><a href=\"https:\/\/www.instagram.com\/reel\/DGlbK9bBqP2\/?utm_source=ig_embed&amp;utm_campaign=loading\" style=\"color:#c9c8cd;font-family:Arial,sans-serif;font-size:14px;font-style:normal;font-weight:normal;line-height:17px;text-decoration:none\" target=\"_blank\" rel=\"noopener\">Uma publica\u00e7\u00e3o compartilhada por acidade on Ribeir\u00e3o (@acidadeonribeirao)<\/a><\/p>\n<\/div>\n<\/blockquote>\n<hr class=\"wp-block-separator has-alpha-channel-opacity\" \/>\n<p>SAIBA MAIS<\/p>\n<p>Carnaval 2025: Confira a programa\u00e7\u00e3o especial do Sesc Ribeir\u00e3o Preto<\/p>\n<h4 class=\"wp-block-heading\"><strong>FIQUE ON<\/strong><\/h4>\n<p>Fique ligado em tudo que acontece em Ribeir\u00e3o Preto e regi\u00e3o. Siga os perfis do&nbsp;<strong>acidade on&nbsp;<\/strong>no&nbsp;<a href=\"https:\/\/www.instagram.com\/acidadeonribeirao\" target=\"_blank\" rel=\"noreferrer noopener\">Instagram<\/a>&nbsp;e no&nbsp;<a href=\"https:\/\/www.facebook.com\/acidadeonribeirao\" target=\"_blank\" rel=\"noreferrer noopener\">Facebook<\/a>.<\/p>\n<p>Receba not\u00edcias do&nbsp;<strong>acidade on<\/strong>&nbsp;no WhatsApp. Para entrar no grupo, basta&nbsp;<a href=\"https:\/\/chat.whatsapp.com\/BjKQZ9oJwlz8VVT50NuePq\" target=\"_blank\" rel=\"noreferrer noopener\">clicar aqui<\/a>.<\/p>\n<p>Fa\u00e7a uma den\u00fancia ou sugira uma reportagem sobre Ribeir\u00e3o Preto e regi\u00e3o pelo WhatsApp: 16 99117 7802.<\/p>\n<p>VEJA TAMB\u00c9M<\/p>\n<p>Por que a Globo n\u00e3o tem mais a Globeleza?<\/p>\n<p>O post Caminh\u00e3o tomba na zona Sul de Ribeir\u00e3o Preto; Veja v\u00eddeo apareceu primeiro em ACidade ON Ribeir\u00e3o Preto.<\/p>\n<p><script async src=\"\/\/www.instagram.com\/embed.js\"><\/script><br \/>\n<br \/><br \/>\n<br \/><a href=\"https:\/\/www.acidadeon.com\/ribeiraopreto\/cotidiano\/acidente-caminhao-tomba-na-zona-sul-de-ribeirao-preto\/\">Source link <\/a><\/p>\n<!-- CONTENT END 1 -->\n","protected":false},"excerpt":{"rendered":"<p>Na tarde desta quinta-feira (27), um caminh\u00e3o tombou, no acesso \u00e0 avenida Jo\u00e3o Fi\u00fasa, zona Sul de Ribeir\u00e3o Preto; De acordo com a RP Mobi,&#8230;<\/p>\n","protected":false},"author":1,"featured_media":64019,"comment_status":"open","ping_status":"open","sticky":false,"template":"","format":"standard","meta":{"advanced_seo_description":"","jetpack_seo_html_title":"","jetpack_seo_noindex":false,"jetpack_post_was_ever_published":false,"_jetpack_newsletter_access":"","_jetpack_dont_email_post_to_subs":false,"_jetpack_newsletter_tier_id":0,"_jetpack_memberships_contains_paywalled_content":false,"_jetpack_memberships_contains_paid_content":false,"footnotes":"","jetpack_publicize_message":"","jetpack_publicize_feature_enabled":true,"jetpack_social_post_already_shared":true,"jetpack_social_options":{"image_generator_settings":{"template":"highway","default_image_id":0,"font":"","enabled":false},"version":2}},"categories":[11],"tags":[],"class_list":["post-64018","post","type-post","status-publish","format-standard","has-post-thumbnail","hentry","category-noticias-de-ribeirao-preto-sp-e-regiao-ismael-colosi"],"jetpack_publicize_connections":[],"jetpack_featured_media_url":"https:\/\/i0.wp.com\/noticiasribeiraopreto.com.br\/wp-content\/uploads\/2025\/02\/Copia-de-Copia-de-Copia-de-TAMANHO-EXATO-PARA-FOTOS-NO-SISTEMA-NOVO-2025-02-27T141607.450_2025-02-27_17-17-10_png_2025-02-27_17-17-10.webp.webp?fit=1200%2C675&ssl=1","jetpack-related-posts":[{"id":60927,"url":"https:\/\/noticiasribeiraopreto.com.br\/index.php\/2024\/11\/29\/caminhao-quebra-e-interdita-parte-de-avenida-na-zona-sul-de-ribeirao-preto\/","url_meta":{"origin":64018,"position":0},"title":"Caminh\u00e3o quebra e interdita parte de  avenida na zona Sul de Ribeir\u00e3o Preto","author":"noticiasribeiraopreto.com.br","date":"29 de November de 2024","format":false,"excerpt":"Um caminh\u00e3o com problema mec\u00e2nico interdita uma das faixas da avenida Adelmo Perdizza, na manh\u00e3 desta sexta-feira (29), na zona Sul de Ribeir\u00e3o Preto. O motorista que est\u00e1 no sentido ao Anel Vi\u00e1rio Sul enfrenta congestionamento no tr\u00e2nsito. No local h\u00e1 agentes da RP Mobi para orientar os condutores e\u2026","rel":"","context":"In &quot;Not\u00edcias de Ribeir\u00e3o Preto-SP e Regi\u00e3o&quot;","block_context":{"text":"Not\u00edcias de Ribeir\u00e3o Preto-SP e Regi\u00e3o","link":"https:\/\/noticiasribeiraopreto.com.br\/index.php\/category\/noticias-de-ribeirao-preto-sp-e-regiao-ismael-colosi\/"},"img":{"alt_text":"","src":"https:\/\/i0.wp.com\/noticiasribeiraopreto.com.br\/wp-content\/uploads\/2024\/11\/CAMINHAO_2024-11-29_11-52-29_jpg_2024-11-29_11-52-30.webp.webp?fit=1200%2C581&ssl=1&resize=350%2C200","width":350,"height":200,"srcset":"https:\/\/i0.wp.com\/noticiasribeiraopreto.com.br\/wp-content\/uploads\/2024\/11\/CAMINHAO_2024-11-29_11-52-29_jpg_2024-11-29_11-52-30.webp.webp?fit=1200%2C581&ssl=1&resize=350%2C200 1x, https:\/\/i0.wp.com\/noticiasribeiraopreto.com.br\/wp-content\/uploads\/2024\/11\/CAMINHAO_2024-11-29_11-52-29_jpg_2024-11-29_11-52-30.webp.webp?fit=1200%2C581&ssl=1&resize=525%2C300 1.5x, https:\/\/i0.wp.com\/noticiasribeiraopreto.com.br\/wp-content\/uploads\/2024\/11\/CAMINHAO_2024-11-29_11-52-29_jpg_2024-11-29_11-52-30.webp.webp?fit=1200%2C581&ssl=1&resize=700%2C400 2x, https:\/\/i0.wp.com\/noticiasribeiraopreto.com.br\/wp-content\/uploads\/2024\/11\/CAMINHAO_2024-11-29_11-52-29_jpg_2024-11-29_11-52-30.webp.webp?fit=1200%2C581&ssl=1&resize=1050%2C600 3x"},"classes":[]},{"id":78934,"url":"https:\/\/noticiasribeiraopreto.com.br\/index.php\/2025\/10\/21\/caminhao-cegonha-derruba-fios-e-complica-transito-na-zona-sul-de-ribeirao-preto-video\/","url_meta":{"origin":64018,"position":1},"title":"Caminh\u00e3o-cegonha derruba fios e complica tr\u00e2nsito na zona Sul de Ribeir\u00e3o Preto; V\u00eddeo","author":"noticiasribeiraopreto.com.br","date":"21 de October de 2025","format":false,"excerpt":"Um caminh\u00e3o-cegonha derrubou fios nesta ter\u00e7a-feira (21), na avenida Jos\u00e9 Ces\u00e1rio Monteiro da Silva, zona Sul de Ribeir\u00e3o Preto. O ve\u00edculo est\u00e1 parado no cruzamento com rua Jo\u00e3o Gomes Frossard. Assista ao v\u00eddeo e veja galeria de fotos abaixo. H\u00e1 desvios e lentid\u00e3o no tr\u00e2nsito, inclusive em vias pr\u00f3ximas como\u2026","rel":"","context":"In &quot;Not\u00edcias de Ribeir\u00e3o Preto-SP e Regi\u00e3o&quot;","block_context":{"text":"Not\u00edcias de Ribeir\u00e3o Preto-SP e Regi\u00e3o","link":"https:\/\/noticiasribeiraopreto.com.br\/index.php\/category\/noticias-de-ribeirao-preto-sp-e-regiao-ismael-colosi\/"},"img":{"alt_text":"","src":"https:\/\/i0.wp.com\/noticiasribeiraopreto.com.br\/wp-content\/uploads\/2025\/10\/WhatsApp-Image-2025-10-21-at-08.44.18_2025-10-21_11-44-36.webp.webp?fit=718%2C374&ssl=1&resize=350%2C200","width":350,"height":200,"srcset":"https:\/\/i0.wp.com\/noticiasribeiraopreto.com.br\/wp-content\/uploads\/2025\/10\/WhatsApp-Image-2025-10-21-at-08.44.18_2025-10-21_11-44-36.webp.webp?fit=718%2C374&ssl=1&resize=350%2C200 1x, https:\/\/i0.wp.com\/noticiasribeiraopreto.com.br\/wp-content\/uploads\/2025\/10\/WhatsApp-Image-2025-10-21-at-08.44.18_2025-10-21_11-44-36.webp.webp?fit=718%2C374&ssl=1&resize=525%2C300 1.5x, https:\/\/i0.wp.com\/noticiasribeiraopreto.com.br\/wp-content\/uploads\/2025\/10\/WhatsApp-Image-2025-10-21-at-08.44.18_2025-10-21_11-44-36.webp.webp?fit=718%2C374&ssl=1&resize=700%2C400 2x"},"classes":[]},{"id":61439,"url":"https:\/\/noticiasribeiraopreto.com.br\/index.php\/2024\/12\/12\/caminhao-carregado-de-terra-tomba-apos-asfalto-ceder-na-zona-sul-de-ribeirao\/","url_meta":{"origin":64018,"position":2},"title":"Caminh\u00e3o carregado de terra tomba ap\u00f3s asfalto ceder na zona Sul de Ribeir\u00e3o","author":"noticiasribeiraopreto.com.br","date":"12 de December de 2024","format":false,"excerpt":"Na tarde desta quinta-feira (12), um caminh\u00e3o afundou e tombou ap\u00f3s asfalto ceder na rua Clemente Ferreira, no Jardim S\u00e3o Luiz, zona Sul de Ribeir\u00e3o Preto. De acordo com o motorista, o ve\u00edculo j\u00e1 havia passado pelo local outras duas vezes, realizando o transporte de terra para uma obra. No\u2026","rel":"","context":"In &quot;Not\u00edcias de Ribeir\u00e3o Preto-SP e Regi\u00e3o&quot;","block_context":{"text":"Not\u00edcias de Ribeir\u00e3o Preto-SP e Regi\u00e3o","link":"https:\/\/noticiasribeiraopreto.com.br\/index.php\/category\/noticias-de-ribeirao-preto-sp-e-regiao-ismael-colosi\/"},"img":{"alt_text":"","src":"https:\/\/i0.wp.com\/noticiasribeiraopreto.com.br\/wp-content\/uploads\/2024\/12\/Copia-de-Copia-de-Copia-de-TAMANHO-EXATO-PARA-FOTOS-NO-SISTEMA-NOVO-2024-12-12T145843.186_2024-12-12_18-00-01_png_2024-12-12_18-00-01.webp.webp?fit=1200%2C675&ssl=1&resize=350%2C200","width":350,"height":200,"srcset":"https:\/\/i0.wp.com\/noticiasribeiraopreto.com.br\/wp-content\/uploads\/2024\/12\/Copia-de-Copia-de-Copia-de-TAMANHO-EXATO-PARA-FOTOS-NO-SISTEMA-NOVO-2024-12-12T145843.186_2024-12-12_18-00-01_png_2024-12-12_18-00-01.webp.webp?fit=1200%2C675&ssl=1&resize=350%2C200 1x, https:\/\/i0.wp.com\/noticiasribeiraopreto.com.br\/wp-content\/uploads\/2024\/12\/Copia-de-Copia-de-Copia-de-TAMANHO-EXATO-PARA-FOTOS-NO-SISTEMA-NOVO-2024-12-12T145843.186_2024-12-12_18-00-01_png_2024-12-12_18-00-01.webp.webp?fit=1200%2C675&ssl=1&resize=525%2C300 1.5x, https:\/\/i0.wp.com\/noticiasribeiraopreto.com.br\/wp-content\/uploads\/2024\/12\/Copia-de-Copia-de-Copia-de-TAMANHO-EXATO-PARA-FOTOS-NO-SISTEMA-NOVO-2024-12-12T145843.186_2024-12-12_18-00-01_png_2024-12-12_18-00-01.webp.webp?fit=1200%2C675&ssl=1&resize=700%2C400 2x, https:\/\/i0.wp.com\/noticiasribeiraopreto.com.br\/wp-content\/uploads\/2024\/12\/Copia-de-Copia-de-Copia-de-TAMANHO-EXATO-PARA-FOTOS-NO-SISTEMA-NOVO-2024-12-12T145843.186_2024-12-12_18-00-01_png_2024-12-12_18-00-01.webp.webp?fit=1200%2C675&ssl=1&resize=1050%2C600 3x"},"classes":[]},{"id":63994,"url":"https:\/\/noticiasribeiraopreto.com.br\/index.php\/2025\/02\/27\/caminhao-cegonha-fica-preso-e-bloqueia-acesso-na-zona-norte-de-ribeirao-preto-video\/","url_meta":{"origin":64018,"position":3},"title":"Caminh\u00e3o-cegonha fica preso e bloqueia acesso na zona Norte de Ribeir\u00e3o Preto; V\u00eddeo","author":"noticiasribeiraopreto.com.br","date":"27 de February de 2025","format":false,"excerpt":"Um caminh\u00e3o-cegonha ficou preso na manh\u00e3 desta quinta-feira (27), no acesso aos bairros Vila Albertina e Jardim Jandaia, pela\u00a0rua Ambr\u00f3sio\u00a0Chaguri, ao lado da Unidade de Vigil\u00e2ncia de Zoonoses, na zona Norte de Ribeir\u00e3o Preto. Assista ao v\u00eddeo abaixo. Segundo a RP Mobi, h\u00e1 um bloqueio na via e a orienta\u00e7\u00e3o\u2026","rel":"","context":"In &quot;Not\u00edcias de Ribeir\u00e3o Preto-SP e Regi\u00e3o&quot;","block_context":{"text":"Not\u00edcias de Ribeir\u00e3o Preto-SP e Regi\u00e3o","link":"https:\/\/noticiasribeiraopreto.com.br\/index.php\/category\/noticias-de-ribeirao-preto-sp-e-regiao-ismael-colosi\/"},"img":{"alt_text":"","src":"https:\/\/i0.wp.com\/noticiasribeiraopreto.com.br\/wp-content\/uploads\/2025\/02\/CAMINHA-CEGONHA_2025-02-27_12-02-25_jpg_2025-02-27_12-02-25.webp.webp?fit=1200%2C674&ssl=1&resize=350%2C200","width":350,"height":200,"srcset":"https:\/\/i0.wp.com\/noticiasribeiraopreto.com.br\/wp-content\/uploads\/2025\/02\/CAMINHA-CEGONHA_2025-02-27_12-02-25_jpg_2025-02-27_12-02-25.webp.webp?fit=1200%2C674&ssl=1&resize=350%2C200 1x, https:\/\/i0.wp.com\/noticiasribeiraopreto.com.br\/wp-content\/uploads\/2025\/02\/CAMINHA-CEGONHA_2025-02-27_12-02-25_jpg_2025-02-27_12-02-25.webp.webp?fit=1200%2C674&ssl=1&resize=525%2C300 1.5x, https:\/\/i0.wp.com\/noticiasribeiraopreto.com.br\/wp-content\/uploads\/2025\/02\/CAMINHA-CEGONHA_2025-02-27_12-02-25_jpg_2025-02-27_12-02-25.webp.webp?fit=1200%2C674&ssl=1&resize=700%2C400 2x, https:\/\/i0.wp.com\/noticiasribeiraopreto.com.br\/wp-content\/uploads\/2025\/02\/CAMINHA-CEGONHA_2025-02-27_12-02-25_jpg_2025-02-27_12-02-25.webp.webp?fit=1200%2C674&ssl=1&resize=1050%2C600 3x"},"classes":[]},{"id":61623,"url":"https:\/\/noticiasribeiraopreto.com.br\/index.php\/2024\/12\/17\/caminhao-tomba-apos-asfalto-ceder-em-rua-da-zona-sul-de-ribeirao-preto\/","url_meta":{"origin":64018,"position":4},"title":"Caminh\u00e3o tomba ap\u00f3s asfalto ceder em rua da zona Sul de Ribeir\u00e3o Preto","author":"noticiasribeiraopreto.com.br","date":"17 de December de 2024","format":false,"excerpt":"O container de um caminh\u00e3o tombou ap\u00f3s um buraco abrir no asfalto da rua Adolfo Mantovani, no Jardim Calif\u00f3rnia, zona Sul de Ribeir\u00e3o Preto, na tarde desta ter\u00e7a-feira (17). De acordo com as informa\u00e7\u00f5es da EPTV, um funcion\u00e1rio de uma empresa que fica perto do local onde foi o ocorrido\u2026","rel":"","context":"In &quot;Not\u00edcias de Ribeir\u00e3o Preto-SP e Regi\u00e3o&quot;","block_context":{"text":"Not\u00edcias de Ribeir\u00e3o Preto-SP e Regi\u00e3o","link":"https:\/\/noticiasribeiraopreto.com.br\/index.php\/category\/noticias-de-ribeirao-preto-sp-e-regiao-ismael-colosi\/"},"img":{"alt_text":"","src":"https:\/\/i0.wp.com\/noticiasribeiraopreto.com.br\/wp-content\/uploads\/2024\/12\/WhatsApp-Image-2024-12-17-at-15.00.03-2_2024-12-17_20-10-32_jpeg_2024-12-17_20-10-33.webp.webp?fit=1200%2C675&ssl=1&resize=350%2C200","width":350,"height":200,"srcset":"https:\/\/i0.wp.com\/noticiasribeiraopreto.com.br\/wp-content\/uploads\/2024\/12\/WhatsApp-Image-2024-12-17-at-15.00.03-2_2024-12-17_20-10-32_jpeg_2024-12-17_20-10-33.webp.webp?fit=1200%2C675&ssl=1&resize=350%2C200 1x, https:\/\/i0.wp.com\/noticiasribeiraopreto.com.br\/wp-content\/uploads\/2024\/12\/WhatsApp-Image-2024-12-17-at-15.00.03-2_2024-12-17_20-10-32_jpeg_2024-12-17_20-10-33.webp.webp?fit=1200%2C675&ssl=1&resize=525%2C300 1.5x, https:\/\/i0.wp.com\/noticiasribeiraopreto.com.br\/wp-content\/uploads\/2024\/12\/WhatsApp-Image-2024-12-17-at-15.00.03-2_2024-12-17_20-10-32_jpeg_2024-12-17_20-10-33.webp.webp?fit=1200%2C675&ssl=1&resize=700%2C400 2x, https:\/\/i0.wp.com\/noticiasribeiraopreto.com.br\/wp-content\/uploads\/2024\/12\/WhatsApp-Image-2024-12-17-at-15.00.03-2_2024-12-17_20-10-32_jpeg_2024-12-17_20-10-33.webp.webp?fit=1200%2C675&ssl=1&resize=1050%2C600 3x"},"classes":[]},{"id":66397,"url":"https:\/\/noticiasribeiraopreto.com.br\/index.php\/2025\/03\/31\/caminhao-arranca-fios-derruba-poste-e-atinge-carro-estacionado-em-ribeirao-preto\/","url_meta":{"origin":64018,"position":5},"title":"Caminh\u00e3o arranca fios, derruba poste e atinge carro estacionado em Ribeir\u00e3o Preto","author":"noticiasribeiraopreto.com.br","date":"31 de March de 2025","format":false,"excerpt":"Na tarde desta segunda-feira (31), um caminh\u00e3o rompeu a fia\u00e7\u00e3o e derrubou um poste na rua Newton Stilac Leal, na zona Sul de Ribeir\u00e3o Preto. O poste atingiu um carro que estava estacionado e o quarteir\u00e3o est\u00e1 sem energia el\u00e9trica. O motorista do caminh\u00e3o fugiu. Equipes da CPFL e RP\u2026","rel":"","context":"In &quot;Not\u00edcias de Ribeir\u00e3o Preto-SP e Regi\u00e3o&quot;","block_context":{"text":"Not\u00edcias de Ribeir\u00e3o Preto-SP e Regi\u00e3o","link":"https:\/\/noticiasribeiraopreto.com.br\/index.php\/category\/noticias-de-ribeirao-preto-sp-e-regiao-ismael-colosi\/"},"img":{"alt_text":"","src":"https:\/\/i0.wp.com\/noticiasribeiraopreto.com.br\/wp-content\/uploads\/2025\/03\/Copia-de-Copia-de-Copia-de-TAMANHO-EXATO-PARA-FOTOS-NO-SISTEMA-NOVO-2025-03-31T165248.961_2025-03-31_19-52-56_png_2025-03-31_19-52-56.webp.webp?fit=1200%2C675&ssl=1&resize=350%2C200","width":350,"height":200,"srcset":"https:\/\/i0.wp.com\/noticiasribeiraopreto.com.br\/wp-content\/uploads\/2025\/03\/Copia-de-Copia-de-Copia-de-TAMANHO-EXATO-PARA-FOTOS-NO-SISTEMA-NOVO-2025-03-31T165248.961_2025-03-31_19-52-56_png_2025-03-31_19-52-56.webp.webp?fit=1200%2C675&ssl=1&resize=350%2C200 1x, https:\/\/i0.wp.com\/noticiasribeiraopreto.com.br\/wp-content\/uploads\/2025\/03\/Copia-de-Copia-de-Copia-de-TAMANHO-EXATO-PARA-FOTOS-NO-SISTEMA-NOVO-2025-03-31T165248.961_2025-03-31_19-52-56_png_2025-03-31_19-52-56.webp.webp?fit=1200%2C675&ssl=1&resize=525%2C300 1.5x, https:\/\/i0.wp.com\/noticiasribeiraopreto.com.br\/wp-content\/uploads\/2025\/03\/Copia-de-Copia-de-Copia-de-TAMANHO-EXATO-PARA-FOTOS-NO-SISTEMA-NOVO-2025-03-31T165248.961_2025-03-31_19-52-56_png_2025-03-31_19-52-56.webp.webp?fit=1200%2C675&ssl=1&resize=700%2C400 2x, https:\/\/i0.wp.com\/noticiasribeiraopreto.com.br\/wp-content\/uploads\/2025\/03\/Copia-de-Copia-de-Copia-de-TAMANHO-EXATO-PARA-FOTOS-NO-SISTEMA-NOVO-2025-03-31T165248.961_2025-03-31_19-52-56_png_2025-03-31_19-52-56.webp.webp?fit=1200%2C675&ssl=1&resize=1050%2C600 3x"},"classes":[]}],"jetpack_sharing_enabled":true,"jetpack_shortlink":"https:\/\/wp.me\/peQAOb-gEy","_links":{"self":[{"href":"https:\/\/noticiasribeiraopreto.com.br\/index.php\/wp-json\/wp\/v2\/posts\/64018","targetHints":{"allow":["GET"]}}],"collection":[{"href":"https:\/\/noticiasribeiraopreto.com.br\/index.php\/wp-json\/wp\/v2\/posts"}],"about":[{"href":"https:\/\/noticiasribeiraopreto.com.br\/index.php\/wp-json\/wp\/v2\/types\/post"}],"author":[{"embeddable":true,"href":"https:\/\/noticiasribeiraopreto.com.br\/index.php\/wp-json\/wp\/v2\/users\/1"}],"replies":[{"embeddable":true,"href":"https:\/\/noticiasribeiraopreto.com.br\/index.php\/wp-json\/wp\/v2\/comments?post=64018"}],"version-history":[{"count":0,"href":"https:\/\/noticiasribeiraopreto.com.br\/index.php\/wp-json\/wp\/v2\/posts\/64018\/revisions"}],"wp:featuredmedia":[{"embeddable":true,"href":"https:\/\/noticiasribeiraopreto.com.br\/index.php\/wp-json\/wp\/v2\/media\/64019"}],"wp:attachment":[{"href":"https:\/\/noticiasribeiraopreto.com.br\/index.php\/wp-json\/wp\/v2\/media?parent=64018"}],"wp:term":[{"taxonomy":"category","embeddable":true,"href":"https:\/\/noticiasribeiraopreto.com.br\/index.php\/wp-json\/wp\/v2\/categories?post=64018"},{"taxonomy":"post_tag","embeddable":true,"href":"https:\/\/noticiasribeiraopreto.com.br\/index.php\/wp-json\/wp\/v2\/tags?post=64018"}],"curies":[{"name":"wp","href":"https:\/\/api.w.org\/{rel}","templated":true}]}}