{"id":64037,"date":"2025-02-27T21:43:32","date_gmt":"2025-02-28T00:43:32","guid":{"rendered":"https:\/\/noticiasribeiraopreto.com.br\/index.php\/2025\/02\/27\/troca-de-nome-da-guarda-civil-para-policia-metropolitana-e-aprovada-pela-camara-de-ribeirao-2\/"},"modified":"2025-02-27T21:43:32","modified_gmt":"2025-02-28T00:43:32","slug":"troca-de-nome-da-guarda-civil-para-policia-metropolitana-e-aprovada-pela-camara-de-ribeirao-2","status":"publish","type":"post","link":"https:\/\/noticiasribeiraopreto.com.br\/index.php\/2025\/02\/27\/troca-de-nome-da-guarda-civil-para-policia-metropolitana-e-aprovada-pela-camara-de-ribeirao-2\/","title":{"rendered":"Troca de nome da Guarda Civil para Pol\u00edcia Metropolitana \u00e9 aprovada pela C\u00e2mara de Ribeir\u00e3o"},"content":{"rendered":"<p> <br \/>\n<\/p>\n<div>\n<p>A <strong><a href=\"https:\/\/www.camararibeiraopreto.sp.gov.br\/\" target=\"_blank\" rel=\"noreferrer noopener nofollow\">C\u00e2mara de Ribeir\u00e3o Preto<\/a><\/strong> aprovou na sess\u00e3o desta quinta-feira (27) projeto de lei que muda o nome da <strong>Guarda Civil Metropolitana<\/strong> para <strong>Pol\u00edcia Metropolitana<\/strong>. A proposta \u00e9 do chefe do Executivo e foi anunciada pelo prefeito <strong>Ricardo Silva (PSD) <\/strong>ap\u00f3s decis\u00e3o do <strong>STF (Supremo Tribunal Federal) <\/strong>que autoriza os agentes a realizarem o policiamento ostensivo.<\/p>\n<p>O projeto foi aprovado com <strong>16 votos a favo<\/strong>r e <strong>2 contr\u00e1rios<\/strong>, que vieram das vereadoras <strong>Duda Hidalgo (PT) <\/strong>e <strong>Perla M\u00fcller (PT).<\/strong><\/p>\n<p>Agora, a proposta precisa ser aprovada em segunda vota\u00e7\u00e3o, que deve acontecer na quinta-feira (6), antes que seja encaminhada para o Executivo, para que a lei seja sancionada.<\/p>\n<h3 class=\"wp-block-heading\"><strong>O que muda?<\/strong><\/h3>\n<p>Anteriormente, a principal fun\u00e7\u00e3o da GCM era a seguran\u00e7a patrimonial de espa\u00e7os p\u00fablicos e a prote\u00e7\u00e3o dos direitos dos cidad\u00e3os.<\/p>\n<p>Com a mudan\u00e7a, <mark style=\"background-color:#fcb900\" class=\"has-inline-color has-black-color\">a nova Pol\u00edcia Metropolitana poder\u00e1 realizar pris\u00f5es em flagrante, efetuar patrulhamento ostensivo e comunit\u00e1rio, incluindo abordagens e revistas, mas sem o poder de investiga\u00e7\u00e3o<\/mark>.<\/p>\n<p>\u201cA Pol\u00edcia Metropolitana de Ribeir\u00e3o Preto tem por finalidade primordial a prote\u00e7\u00e3o de bens, servi\u00e7os e instala\u00e7\u00f5es municipais e, ainda, no \u00e2mbito do munic\u00edpio, o exerc\u00edcio de a\u00e7\u00f5es de seguran\u00e7a urbana, inclusive o policiamento ostensivo comunit\u00e1rio, respeitadas as atribui\u00e7\u00f5es dos demais \u00f3rg\u00e3os de seguran\u00e7a p\u00fablica previstos no artigo 144 da Constitui\u00e7\u00e3o Federal e exclu\u00edda qualquer atividade de pol\u00edcia judici\u00e1ria\u201d, informa a proposta.<\/p>\n<h4 class=\"wp-block-heading\"><strong>FIQUE ON<\/strong><\/h4>\n<p>Fique ligado em tudo que acontece em Ribeir\u00e3o Preto e regi\u00e3o. Siga os perfis do\u00a0<strong>acidade on<\/strong>\u00a0no<a href=\"https:\/\/www.instagram.com\/acidadeonribeirao\" target=\"_blank\" rel=\"noreferrer noopener\">\u00a0Instagram<\/a>\u00a0e no\u00a0<a href=\"https:\/\/www.facebook.com\/acidadeonribeirao\/\" target=\"_blank\" rel=\"noreferrer noopener\">Facebook.<\/a><\/p>\n<p>Receba not\u00edcias do\u00a0<strong>acidade on\u00a0<\/strong>no WhatsApp.\u00a0<a href=\"https:\/\/chat.whatsapp.com\/BjKQZ9oJwlz8VVT50NuePq\" target=\"_blank\" rel=\"noreferrer noopener\">Para entrar no grupo, basta clicar aqui.<\/a><\/p>\n<p>Fa\u00e7a uma den\u00fancia ou sugira uma reportagem sobre Ribeir\u00e3o Preto e regi\u00e3o pelo WhatsApp: 16 99117 7802.<\/p>\n<p>VEJA TAMB\u00c9M<br \/>Quando come\u00e7a o Pix por aproxima\u00e7\u00e3o?<\/p>\n<p><!-- CONTENT END 1 -->\n<\/div>\n<p><script async src=\"\/\/www.instagram.com\/embed.js\"><\/script><br \/>\n<br \/><br \/>\n<br \/><a href=\"https:\/\/www.acidadeon.com\/ribeiraopreto\/politica\/troca-de-nome-da-guarda-civil-para-policia-metropolitana-e-aprovada-pela-camara-de-ribeirao\/\">Source link <\/a><\/p>\n","protected":false},"excerpt":{"rendered":"<p>A C\u00e2mara de Ribeir\u00e3o Preto aprovou na sess\u00e3o desta quinta-feira (27) projeto de lei que muda o nome da Guarda Civil Metropolitana para Pol\u00edcia Metropolitana&#8230;.<\/p>\n","protected":false},"author":1,"featured_media":64036,"comment_status":"open","ping_status":"open","sticky":false,"template":"","format":"standard","meta":{"advanced_seo_description":"","jetpack_seo_html_title":"","jetpack_seo_noindex":false,"jetpack_post_was_ever_published":false,"_jetpack_newsletter_access":"","_jetpack_dont_email_post_to_subs":false,"_jetpack_newsletter_tier_id":0,"_jetpack_memberships_contains_paywalled_content":false,"_jetpack_memberships_contains_paid_content":false,"footnotes":"","jetpack_publicize_message":"","jetpack_publicize_feature_enabled":true,"jetpack_social_post_already_shared":true,"jetpack_social_options":{"image_generator_settings":{"template":"highway","default_image_id":0,"font":"","enabled":false},"version":2}},"categories":[11],"tags":[],"class_list":["post-64037","post","type-post","status-publish","format-standard","has-post-thumbnail","hentry","category-noticias-de-ribeirao-preto-sp-e-regiao-ismael-colosi"],"jetpack_publicize_connections":[],"jetpack_featured_media_url":"https:\/\/i0.wp.com\/noticiasribeiraopreto.com.br\/wp-content\/uploads\/2025\/02\/guarda-civil-metropolitana-ribeirao-preto_2025-02-27_21-43-15_jpg_2025-02-27_21-43-15.webp.webp?fit=1200%2C800&ssl=1","jetpack-related-posts":[{"id":64035,"url":"https:\/\/noticiasribeiraopreto.com.br\/index.php\/2025\/02\/27\/troca-de-nome-da-guarda-civil-para-policia-metropolitana-e-aprovada-pela-camara-de-ribeirao\/","url_meta":{"origin":64037,"position":0},"title":"Troca de nome da Guarda Civil para Pol\u00edcia Metropolitana \u00e9 aprovada pela C\u00e2mara de Ribeir\u00e3o","author":"noticiasribeiraopreto.com.br","date":"27 de February de 2025","format":false,"excerpt":"A C\u00e2mara de Ribeir\u00e3o Preto aprovou na sess\u00e3o desta quinta-feira (27) projeto de lei que muda o nome da Guarda Civil Metropolitana para Pol\u00edcia Metropolitana. A proposta \u00e9 do chefe do Executivo e foi anunciada pelo prefeito Ricardo Silva (PSD) ap\u00f3s decis\u00e3o do STF (Supremo Tribunal Federal) que autoriza os\u2026","rel":"","context":"In &quot;Not\u00edcias de Ribeir\u00e3o Preto-SP e Regi\u00e3o&quot;","block_context":{"text":"Not\u00edcias de Ribeir\u00e3o Preto-SP e Regi\u00e3o","link":"https:\/\/noticiasribeiraopreto.com.br\/index.php\/category\/noticias-de-ribeirao-preto-sp-e-regiao-ismael-colosi\/"},"img":{"alt_text":"","src":"https:\/\/i0.wp.com\/noticiasribeiraopreto.com.br\/wp-content\/uploads\/2025\/02\/guarda-civil-metropolitana-ribeirao-preto_2025-02-27_21-43-15_jpg_2025-02-27_21-43-15.webp.webp?fit=1200%2C800&ssl=1&resize=350%2C200","width":350,"height":200,"srcset":"https:\/\/i0.wp.com\/noticiasribeiraopreto.com.br\/wp-content\/uploads\/2025\/02\/guarda-civil-metropolitana-ribeirao-preto_2025-02-27_21-43-15_jpg_2025-02-27_21-43-15.webp.webp?fit=1200%2C800&ssl=1&resize=350%2C200 1x, https:\/\/i0.wp.com\/noticiasribeiraopreto.com.br\/wp-content\/uploads\/2025\/02\/guarda-civil-metropolitana-ribeirao-preto_2025-02-27_21-43-15_jpg_2025-02-27_21-43-15.webp.webp?fit=1200%2C800&ssl=1&resize=525%2C300 1.5x, https:\/\/i0.wp.com\/noticiasribeiraopreto.com.br\/wp-content\/uploads\/2025\/02\/guarda-civil-metropolitana-ribeirao-preto_2025-02-27_21-43-15_jpg_2025-02-27_21-43-15.webp.webp?fit=1200%2C800&ssl=1&resize=700%2C400 2x, https:\/\/i0.wp.com\/noticiasribeiraopreto.com.br\/wp-content\/uploads\/2025\/02\/guarda-civil-metropolitana-ribeirao-preto_2025-02-27_21-43-15_jpg_2025-02-27_21-43-15.webp.webp?fit=1200%2C800&ssl=1&resize=1050%2C600 3x"},"classes":[]},{"id":64808,"url":"https:\/\/noticiasribeiraopreto.com.br\/index.php\/2025\/03\/12\/prefeitura-oficializa-mudanca-de-nome-da-guarda-para-policia-metropolitana-de-ribeirao-preto\/","url_meta":{"origin":64037,"position":1},"title":"Prefeitura oficializa mudan\u00e7a de nome da Guarda para Pol\u00edcia Metropolitana de Ribeir\u00e3o Preto","author":"noticiasribeiraopreto.com.br","date":"12 de March de 2025","format":false,"excerpt":"O prefeito de Ribeir\u00e3o Preto, Ricardo Silva (PSD), sancionou a lei que muda o nome da Guarda Civil Metropolitana para Pol\u00edcia Metropolitana. A promulga\u00e7\u00e3o foi publicada na edi\u00e7\u00e3o desta quarta-feira (12) do Di\u00e1rio Oficial do Munic\u00edpio. A proposta, do pr\u00f3prio chefe do Executivo, foi aprovada em definitivo pela C\u00e2mara Municipal\u2026","rel":"","context":"In &quot;Not\u00edcias de Ribeir\u00e3o Preto-SP e Regi\u00e3o&quot;","block_context":{"text":"Not\u00edcias de Ribeir\u00e3o Preto-SP e Regi\u00e3o","link":"https:\/\/noticiasribeiraopreto.com.br\/index.php\/category\/noticias-de-ribeirao-preto-sp-e-regiao-ismael-colosi\/"},"img":{"alt_text":"","src":"https:\/\/i0.wp.com\/noticiasribeiraopreto.com.br\/wp-content\/uploads\/2025\/02\/guarda-civil-metropolitana-ribeirao-preto_2025-02-27_21-43-15_jpg_2025-02-27_21-43-15.webp.webp?fit=1200%2C800&ssl=1&resize=350%2C200","width":350,"height":200,"srcset":"https:\/\/i0.wp.com\/noticiasribeiraopreto.com.br\/wp-content\/uploads\/2025\/02\/guarda-civil-metropolitana-ribeirao-preto_2025-02-27_21-43-15_jpg_2025-02-27_21-43-15.webp.webp?fit=1200%2C800&ssl=1&resize=350%2C200 1x, https:\/\/i0.wp.com\/noticiasribeiraopreto.com.br\/wp-content\/uploads\/2025\/02\/guarda-civil-metropolitana-ribeirao-preto_2025-02-27_21-43-15_jpg_2025-02-27_21-43-15.webp.webp?fit=1200%2C800&ssl=1&resize=525%2C300 1.5x, https:\/\/i0.wp.com\/noticiasribeiraopreto.com.br\/wp-content\/uploads\/2025\/02\/guarda-civil-metropolitana-ribeirao-preto_2025-02-27_21-43-15_jpg_2025-02-27_21-43-15.webp.webp?fit=1200%2C800&ssl=1&resize=700%2C400 2x, https:\/\/i0.wp.com\/noticiasribeiraopreto.com.br\/wp-content\/uploads\/2025\/02\/guarda-civil-metropolitana-ribeirao-preto_2025-02-27_21-43-15_jpg_2025-02-27_21-43-15.webp.webp?fit=1200%2C800&ssl=1&resize=1050%2C600 3x"},"classes":[]},{"id":64378,"url":"https:\/\/noticiasribeiraopreto.com.br\/index.php\/2025\/03\/07\/camara-de-ribeirao-aprova-projeto-que-denomina-a-gcm-de-policia-metropolitana\/","url_meta":{"origin":64037,"position":2},"title":"C\u00e2mara de Ribeir\u00e3o aprova projeto que denomina a GCM de Pol\u00edcia Metropolitana","author":"noticiasribeiraopreto.com.br","date":"7 de March de 2025","format":false,"excerpt":"A C\u00e2mara de Ribeir\u00e3o Preto aprovou, em definitivo, o projeto de lei complementar 6\/2025 que transforma a GCM (Guarda Civil Metropolitana) de Ribeir\u00e3o Preto em Pol\u00edcia Metropolitana. A segunda vota\u00e7\u00e3o da proposta, que \u00e9 de autoria do chefe do Executivo, foi realizada na sess\u00e3o de quinta-feira (6). O projeto recebeu\u2026","rel":"","context":"In &quot;Not\u00edcias de Ribeir\u00e3o Preto-SP e Regi\u00e3o&quot;","block_context":{"text":"Not\u00edcias de Ribeir\u00e3o Preto-SP e Regi\u00e3o","link":"https:\/\/noticiasribeiraopreto.com.br\/index.php\/category\/noticias-de-ribeirao-preto-sp-e-regiao-ismael-colosi\/"},"img":{"alt_text":"","src":"https:\/\/i0.wp.com\/noticiasribeiraopreto.com.br\/wp-content\/uploads\/2025\/02\/AnyConv.com__guarda-civil-metropolitana_2024-07-03_19-49-25.webp.webp?fit=1200%2C800&ssl=1&resize=350%2C200","width":350,"height":200,"srcset":"https:\/\/i0.wp.com\/noticiasribeiraopreto.com.br\/wp-content\/uploads\/2025\/02\/AnyConv.com__guarda-civil-metropolitana_2024-07-03_19-49-25.webp.webp?fit=1200%2C800&ssl=1&resize=350%2C200 1x, https:\/\/i0.wp.com\/noticiasribeiraopreto.com.br\/wp-content\/uploads\/2025\/02\/AnyConv.com__guarda-civil-metropolitana_2024-07-03_19-49-25.webp.webp?fit=1200%2C800&ssl=1&resize=525%2C300 1.5x, https:\/\/i0.wp.com\/noticiasribeiraopreto.com.br\/wp-content\/uploads\/2025\/02\/AnyConv.com__guarda-civil-metropolitana_2024-07-03_19-49-25.webp.webp?fit=1200%2C800&ssl=1&resize=700%2C400 2x, https:\/\/i0.wp.com\/noticiasribeiraopreto.com.br\/wp-content\/uploads\/2025\/02\/AnyConv.com__guarda-civil-metropolitana_2024-07-03_19-49-25.webp.webp?fit=1200%2C800&ssl=1&resize=1050%2C600 3x"},"classes":[]},{"id":70647,"url":"https:\/\/noticiasribeiraopreto.com.br\/index.php\/2025\/05\/28\/gcm-esta-mais-perto-de-virar-policia\/","url_meta":{"origin":64037,"position":3},"title":"GCM est\u00e1 mais perto de virar Pol\u00edcia","author":"noticiasribeiraopreto.com.br","date":"28 de May de 2025","format":false,"excerpt":"28 de maio de 2025 16:013 Compartilhar0 A Guarda Civil Metropolitana (GCM) de Ribeir\u00e3o Preto est\u00e1 mais perto de virar Pol\u00edcia Metropolitana. O Senado Federal aprovou, na noite de ter\u00e7a-feira, 27 de maio, a Proposta de Emenda Constitucional (PEC) que incorpora as guardas municipais e os agentes de tr\u00e2nsito aos\u2026","rel":"","context":"In &quot;Not\u00edcias de Ribeir\u00e3o Preto-SP e Regi\u00e3o&quot;","block_context":{"text":"Not\u00edcias de Ribeir\u00e3o Preto-SP e Regi\u00e3o","link":"https:\/\/noticiasribeiraopreto.com.br\/index.php\/category\/noticias-de-ribeirao-preto-sp-e-regiao-ismael-colosi\/"},"img":{"alt_text":"","src":"https:\/\/i0.wp.com\/noticiasribeiraopreto.com.br\/wp-content\/uploads\/2025\/05\/GuardaGCM-Guilherme-Sircili-2-scaled.jpg?fit=750%2C500&ssl=1&resize=350%2C200","width":350,"height":200,"srcset":"https:\/\/i0.wp.com\/noticiasribeiraopreto.com.br\/wp-content\/uploads\/2025\/05\/GuardaGCM-Guilherme-Sircili-2-scaled.jpg?fit=750%2C500&ssl=1&resize=350%2C200 1x, https:\/\/i0.wp.com\/noticiasribeiraopreto.com.br\/wp-content\/uploads\/2025\/05\/GuardaGCM-Guilherme-Sircili-2-scaled.jpg?fit=750%2C500&ssl=1&resize=525%2C300 1.5x, https:\/\/i0.wp.com\/noticiasribeiraopreto.com.br\/wp-content\/uploads\/2025\/05\/GuardaGCM-Guilherme-Sircili-2-scaled.jpg?fit=750%2C500&ssl=1&resize=700%2C400 2x"},"classes":[]},{"id":84792,"url":"https:\/\/noticiasribeiraopreto.com.br\/index.php\/2026\/04\/16\/stf-veta-mudanca-em-guardas-municipais\/","url_meta":{"origin":64037,"position":4},"title":"STF veta mudan\u00e7a em guardas municipais","author":"noticiasribeiraopreto.com.br","date":"16 de April de 2026","format":false,"excerpt":"Supremo Tribunal Federal barra mudan\u00e7a de nome para Pol\u00edcia Municipal e afirma que altera\u00e7\u00e3o afeta o atual modelo constitucional de seguran\u00e7a p\u00fablica O Supremo Tribunal Federal (STF) decidiu que os munic\u00edpios n\u00e3o podem substituir o nome \u201cGuarda Municipal\u201d por \u201cPol\u00edcia Municipal\u201d ou denomina\u00e7\u00f5es similares. A decis\u00e3o, que vale para todas\u2026","rel":"","context":"In &quot;Not\u00edcias de Ribeir\u00e3o Preto-SP e Regi\u00e3o&quot;","block_context":{"text":"Not\u00edcias de Ribeir\u00e3o Preto-SP e Regi\u00e3o","link":"https:\/\/noticiasribeiraopreto.com.br\/index.php\/category\/noticias-de-ribeirao-preto-sp-e-regiao-ismael-colosi\/"},"img":{"alt_text":"","src":"https:\/\/i0.wp.com\/noticiasribeiraopreto.com.br\/wp-content\/uploads\/2026\/04\/GuardaGCM-Fernando-Gonzaga-scaled.jpg?fit=1170%2C780&ssl=1&resize=350%2C200","width":350,"height":200,"srcset":"https:\/\/i0.wp.com\/noticiasribeiraopreto.com.br\/wp-content\/uploads\/2026\/04\/GuardaGCM-Fernando-Gonzaga-scaled.jpg?fit=1170%2C780&ssl=1&resize=350%2C200 1x, https:\/\/i0.wp.com\/noticiasribeiraopreto.com.br\/wp-content\/uploads\/2026\/04\/GuardaGCM-Fernando-Gonzaga-scaled.jpg?fit=1170%2C780&ssl=1&resize=525%2C300 1.5x, https:\/\/i0.wp.com\/noticiasribeiraopreto.com.br\/wp-content\/uploads\/2026\/04\/GuardaGCM-Fernando-Gonzaga-scaled.jpg?fit=1170%2C780&ssl=1&resize=700%2C400 2x, https:\/\/i0.wp.com\/noticiasribeiraopreto.com.br\/wp-content\/uploads\/2026\/04\/GuardaGCM-Fernando-Gonzaga-scaled.jpg?fit=1170%2C780&ssl=1&resize=1050%2C600 3x"},"classes":[]},{"id":63930,"url":"https:\/\/noticiasribeiraopreto.com.br\/index.php\/2025\/02\/25\/entenda-o-projeto-que-cria-a-policia-metropolitana-de-ribeirao-preto\/","url_meta":{"origin":64037,"position":5},"title":"Entenda o projeto que cria a Pol\u00edcia Metropolitana de Ribeir\u00e3o Preto","author":"noticiasribeiraopreto.com.br","date":"25 de February de 2025","format":false,"excerpt":"Nesta ter\u00e7a-feira (25), a Prefeitura de Ribeir\u00e3o Preto enviou \u00e0 C\u00e2mara Municipal o projeto de lei que transforma a Guarda Civil Metropolitana (GCM) em Pol\u00edcia Metropolitana. A medida foi anunciada pelo prefeito Ricardo Silva (PSD) no \u00faltimo s\u00e1bado (22) e visa atender \u00e0 decis\u00e3o do Supremo Tribunal Federal (STF), que\u2026","rel":"","context":"In &quot;Not\u00edcias de Ribeir\u00e3o Preto-SP e Regi\u00e3o&quot;","block_context":{"text":"Not\u00edcias de Ribeir\u00e3o Preto-SP e Regi\u00e3o","link":"https:\/\/noticiasribeiraopreto.com.br\/index.php\/category\/noticias-de-ribeirao-preto-sp-e-regiao-ismael-colosi\/"},"img":{"alt_text":"","src":"https:\/\/i0.wp.com\/noticiasribeiraopreto.com.br\/wp-content\/uploads\/2025\/02\/inshot_20230118_104925799-1_2025-02-25_21-49-13_jpg_2025-02-25_21-49-13.webp.webp?fit=1200%2C813&ssl=1&resize=350%2C200","width":350,"height":200,"srcset":"https:\/\/i0.wp.com\/noticiasribeiraopreto.com.br\/wp-content\/uploads\/2025\/02\/inshot_20230118_104925799-1_2025-02-25_21-49-13_jpg_2025-02-25_21-49-13.webp.webp?fit=1200%2C813&ssl=1&resize=350%2C200 1x, https:\/\/i0.wp.com\/noticiasribeiraopreto.com.br\/wp-content\/uploads\/2025\/02\/inshot_20230118_104925799-1_2025-02-25_21-49-13_jpg_2025-02-25_21-49-13.webp.webp?fit=1200%2C813&ssl=1&resize=525%2C300 1.5x, https:\/\/i0.wp.com\/noticiasribeiraopreto.com.br\/wp-content\/uploads\/2025\/02\/inshot_20230118_104925799-1_2025-02-25_21-49-13_jpg_2025-02-25_21-49-13.webp.webp?fit=1200%2C813&ssl=1&resize=700%2C400 2x, https:\/\/i0.wp.com\/noticiasribeiraopreto.com.br\/wp-content\/uploads\/2025\/02\/inshot_20230118_104925799-1_2025-02-25_21-49-13_jpg_2025-02-25_21-49-13.webp.webp?fit=1200%2C813&ssl=1&resize=1050%2C600 3x"},"classes":[]}],"jetpack_sharing_enabled":true,"jetpack_shortlink":"https:\/\/wp.me\/peQAOb-gER","_links":{"self":[{"href":"https:\/\/noticiasribeiraopreto.com.br\/index.php\/wp-json\/wp\/v2\/posts\/64037","targetHints":{"allow":["GET"]}}],"collection":[{"href":"https:\/\/noticiasribeiraopreto.com.br\/index.php\/wp-json\/wp\/v2\/posts"}],"about":[{"href":"https:\/\/noticiasribeiraopreto.com.br\/index.php\/wp-json\/wp\/v2\/types\/post"}],"author":[{"embeddable":true,"href":"https:\/\/noticiasribeiraopreto.com.br\/index.php\/wp-json\/wp\/v2\/users\/1"}],"replies":[{"embeddable":true,"href":"https:\/\/noticiasribeiraopreto.com.br\/index.php\/wp-json\/wp\/v2\/comments?post=64037"}],"version-history":[{"count":0,"href":"https:\/\/noticiasribeiraopreto.com.br\/index.php\/wp-json\/wp\/v2\/posts\/64037\/revisions"}],"wp:featuredmedia":[{"embeddable":true,"href":"https:\/\/noticiasribeiraopreto.com.br\/index.php\/wp-json\/wp\/v2\/media\/64036"}],"wp:attachment":[{"href":"https:\/\/noticiasribeiraopreto.com.br\/index.php\/wp-json\/wp\/v2\/media?parent=64037"}],"wp:term":[{"taxonomy":"category","embeddable":true,"href":"https:\/\/noticiasribeiraopreto.com.br\/index.php\/wp-json\/wp\/v2\/categories?post=64037"},{"taxonomy":"post_tag","embeddable":true,"href":"https:\/\/noticiasribeiraopreto.com.br\/index.php\/wp-json\/wp\/v2\/tags?post=64037"}],"curies":[{"name":"wp","href":"https:\/\/api.w.org\/{rel}","templated":true}]}}