{"id":64038,"date":"2025-02-28T05:03:24","date_gmt":"2025-02-28T08:03:24","guid":{"rendered":"https:\/\/noticiasribeiraopreto.com.br\/index.php\/2025\/02\/28\/fies-2025-lista-de-espera-e-divulgada-e-abre-novas-chances-para-estudantes\/"},"modified":"2025-02-28T05:03:24","modified_gmt":"2025-02-28T08:03:24","slug":"fies-2025-lista-de-espera-e-divulgada-e-abre-novas-chances-para-estudantes","status":"publish","type":"post","link":"https:\/\/noticiasribeiraopreto.com.br\/index.php\/2025\/02\/28\/fies-2025-lista-de-espera-e-divulgada-e-abre-novas-chances-para-estudantes\/","title":{"rendered":"FIES 2025: Lista de Espera \u00e9 Divulgada e Abre Novas Chances para Estudantes"},"content":{"rendered":"<div class='code-block code-block-1' style='margin: 8px 0 8px auto; text-align: right; display: block; clear: both;'>\n<p><a href=\"https:\/\/wa.link\/vpicfd\"><img data-recalc-dims=\"1\" class=\"wp-image-4922\" style=\"aspect-ratio: 2.0253164556962027; width: 561px; height: auto;\" src=\"https:\/\/i0.wp.com\/ismaelcolosi.com.br\/wp-content\/uploads\/2023\/11\/grupo-de-empregos-whatsapp-e-facebook-ismael-colosi-vagas.jpg?ssl=1\" alt=\"\" \/><\/a><\/p>\n<!-- \/wp:image -->\n<\/div>\n<p> <br \/>\n<\/p>\n<div>\n<p data-start=\"304\" data-end=\"693\">Nesta ter\u00e7a-feira, a convoca\u00e7\u00e3o da lista de espera do FIES 2025 ser\u00e1 oficialmente divulgada, oferecendo uma nova chance para estudantes que n\u00e3o conseguiram acesso na sele\u00e7\u00e3o inicial do programa de financiamento estudantil. A medida faz parte dos esfor\u00e7os cont\u00ednuos do governo para democratizar o acesso ao ensino superior e ampliar as oportunidades para jovens de diversas regi\u00f5es do pa\u00eds.<\/p>\n<p data-start=\"695\" data-end=\"744\"><strong data-start=\"695\" data-end=\"744\">Nova Oportunidade para Milhares de Estudantes<\/strong><\/p>\n<p data-start=\"746\" data-end=\"1247\">O Fundo de Financiamento Estudantil (FIES) \u00e9 uma ferramenta fundamental para milh\u00f5es de brasileiros que buscam ingressar ou continuar seus estudos em institui\u00e7\u00f5es de ensino superior. Com a divulga\u00e7\u00e3o da lista de espera, aqueles que n\u00e3o foram contemplados na primeira etapa poder\u00e3o ser convocados, conforme a disponibilidade de vagas e recursos. Essa iniciativa refor\u00e7a o compromisso do governo com a inclus\u00e3o educacional, permitindo que um n\u00famero maior de estudantes alcance seus objetivos acad\u00eamicos.<\/p>\n<p data-start=\"1249\" data-end=\"1284\"><strong data-start=\"1249\" data-end=\"1284\">Processo e Crit\u00e9rios de Sele\u00e7\u00e3o<\/strong><\/p>\n<p data-start=\"1286\" data-end=\"1740\">A sele\u00e7\u00e3o para o FIES 2025 j\u00e1 foi realizada e, agora, a lista de espera entra em a\u00e7\u00e3o como uma etapa complementar do processo. Os crit\u00e9rios adotados para a primeira sele\u00e7\u00e3o permanecem em vigor, e os estudantes que atenderem aos requisitos ter\u00e3o a chance de serem chamados conforme a ordem de classifica\u00e7\u00e3o. As informa\u00e7\u00f5es sobre como acessar a lista e os procedimentos para a contrata\u00e7\u00e3o do financiamento estar\u00e3o dispon\u00edveis no portal oficial do programa.<\/p>\n<p data-start=\"1742\" data-end=\"1787\"><strong data-start=\"1742\" data-end=\"1787\">Impacto no Ensino Superior e na Sociedade<\/strong><\/p>\n<p data-start=\"1789\" data-end=\"2312\">Especialistas em educa\u00e7\u00e3o destacam que a divulga\u00e7\u00e3o da lista de espera pode significar um importante avan\u00e7o na democratiza\u00e7\u00e3o do ensino superior. Ao proporcionar uma segunda oportunidade para os candidatos, o FIES 2025 contribui para a redu\u00e7\u00e3o das desigualdades educacionais e fomenta o desenvolvimento de uma m\u00e3o de obra mais qualificada. Essa iniciativa pode gerar efeitos positivos n\u00e3o apenas na vida dos estudantes, mas tamb\u00e9m no cen\u00e1rio socioecon\u00f4mico do pa\u00eds, ao ampliar as chances de inser\u00e7\u00e3o no mercado de trabalho.<\/p>\n<p data-start=\"2314\" data-end=\"2355\"><strong data-start=\"2314\" data-end=\"2355\">Desafios e Expectativas para o Futuro<\/strong><\/p>\n<p data-start=\"2357\" data-end=\"2843\">Embora a medida represente uma boa not\u00edcia para muitos jovens, ela tamb\u00e9m ressalta a necessidade de aprimoramento cont\u00ednuo do sistema de financiamento estudantil. A demanda por vagas supera a oferta, e a lista de espera \u00e9 um indicativo dos desafios enfrentados para garantir que todos tenham acesso a uma educa\u00e7\u00e3o de qualidade. Autoridades e gestores do programa seguem trabalhando para expandir os recursos e implementar melhorias que tornem o FIES cada vez mais acess\u00edvel e eficiente.<\/p>\n<p data-start=\"2845\" data-end=\"2880\"><strong data-start=\"2845\" data-end=\"2880\">Um Caminho para a Transforma\u00e7\u00e3o<\/strong><\/p>\n<p data-start=\"2882\" data-end=\"3303\">A antecipa\u00e7\u00e3o da divulga\u00e7\u00e3o da lista de espera do FIES 2025 \u00e9 recebida com otimismo por estudantes e familiares, que veem na medida uma oportunidade de transformar realidades e construir um futuro mais promissor. Enquanto o processo segue, o governo reafirma seu compromisso com a educa\u00e7\u00e3o e com a inclus\u00e3o social, buscando constantemente novas formas de apoiar a forma\u00e7\u00e3o acad\u00eamica e profissional dos jovens brasileiros.<\/p>\n<p data-start=\"3305\" data-end=\"3570\" data-is-last-node=\"\" data-is-only-node=\"\">Com essa nova etapa, espera-se que mais estudantes possam ter acesso ao financiamento que viabiliza a realiza\u00e7\u00e3o de seus sonhos, fortalecendo o papel do FIES como um pilar para o desenvolvimento pessoal e para a constru\u00e7\u00e3o de uma sociedade mais justa e igualit\u00e1ria.<\/p>\n<p>&#13;<br \/>\n\t\t\t\t<span class=\"post-views-icon dashicons dashicons-chart-bar\"\/> <span class=\"post-views-label\">Visualiza\u00e7\u00f5es:<\/span> <span class=\"post-views-count\">3<\/span>&#13;\n\t\t\t<\/p>\n<\/p><\/div>\n<p><br \/>\n<br \/><a href=\"https:\/\/folhaderibeirao.com.br\/2025\/02\/28\/fies-2025-lista-de-espera-e-divulgada-e-abre-novas-chances-para-estudantes\/\">Source link <\/a><\/p>\n<!-- CONTENT END 1 -->\n","protected":false},"excerpt":{"rendered":"<p>Nesta ter\u00e7a-feira, a convoca\u00e7\u00e3o da lista de espera do FIES 2025 ser\u00e1 oficialmente divulgada, oferecendo uma nova chance para estudantes que n\u00e3o conseguiram acesso na&#8230;<\/p>\n","protected":false},"author":1,"featured_media":59622,"comment_status":"open","ping_status":"open","sticky":false,"template":"","format":"standard","meta":{"advanced_seo_description":"","jetpack_seo_html_title":"","jetpack_seo_noindex":false,"jetpack_post_was_ever_published":false,"_jetpack_newsletter_access":"","_jetpack_dont_email_post_to_subs":false,"_jetpack_newsletter_tier_id":0,"_jetpack_memberships_contains_paywalled_content":false,"_jetpack_memberships_contains_paid_content":false,"footnotes":"","jetpack_publicize_message":"","jetpack_publicize_feature_enabled":true,"jetpack_social_post_already_shared":true,"jetpack_social_options":{"image_generator_settings":{"template":"highway","default_image_id":0,"font":"","enabled":false},"version":2}},"categories":[11],"tags":[210,1305,6216,4162,1387,882,766,763,71],"class_list":["post-64038","post","type-post","status-publish","format-standard","has-post-thumbnail","hentry","category-noticias-de-ribeirao-preto-sp-e-regiao-ismael-colosi","tag-abre","tag-chances","tag-divulgada","tag-espera","tag-estudantes","tag-fies","tag-lista","tag-novas","tag-para"],"jetpack_publicize_connections":[],"jetpack_featured_media_url":"https:\/\/i0.wp.com\/noticiasribeiraopreto.com.br\/wp-content\/uploads\/2024\/10\/0d9a2921.webp.webp?fit=1170%2C700&ssl=1","jetpack-related-posts":[{"id":74138,"url":"https:\/\/noticiasribeiraopreto.com.br\/index.php\/2025\/07\/16\/inscricoes-do-fies-vao-ate-18-de-julho\/","url_meta":{"origin":64038,"position":0},"title":"Inscri\u00e7\u00f5es do Fies v\u00e3o at\u00e9 18 de julho","author":"noticiasribeiraopreto.com.br","date":"16 de July de 2025","format":false,"excerpt":"16 de julho de 2025 17:0016 de julho de 2025 09:1810 Compartilhar0 As inscri\u00e7\u00f5es para o processo seletivo deste semestre do Fundo de Financiamento Estudantil (Fies) podem ser feitas at\u00e9 as 23h59 desta sexta-feira, 18 de julho, no hor\u00e1rio de Bras\u00edlia. As datas est\u00e3o previstas em edital publicado pelo Minist\u00e9rio\u2026","rel":"","context":"In &quot;Not\u00edcias de Ribeir\u00e3o Preto-SP e Regi\u00e3o&quot;","block_context":{"text":"Not\u00edcias de Ribeir\u00e3o Preto-SP e Regi\u00e3o","link":"https:\/\/noticiasribeiraopreto.com.br\/index.php\/category\/noticias-de-ribeirao-preto-sp-e-regiao-ismael-colosi\/"},"img":{"alt_text":"","src":"https:\/\/i0.wp.com\/noticiasribeiraopreto.com.br\/wp-content\/uploads\/2025\/07\/Fies-Jose-Cruz-Ag.Br_.jpg?fit=1170%2C700&ssl=1&resize=350%2C200","width":350,"height":200,"srcset":"https:\/\/i0.wp.com\/noticiasribeiraopreto.com.br\/wp-content\/uploads\/2025\/07\/Fies-Jose-Cruz-Ag.Br_.jpg?fit=1170%2C700&ssl=1&resize=350%2C200 1x, https:\/\/i0.wp.com\/noticiasribeiraopreto.com.br\/wp-content\/uploads\/2025\/07\/Fies-Jose-Cruz-Ag.Br_.jpg?fit=1170%2C700&ssl=1&resize=525%2C300 1.5x, https:\/\/i0.wp.com\/noticiasribeiraopreto.com.br\/wp-content\/uploads\/2025\/07\/Fies-Jose-Cruz-Ag.Br_.jpg?fit=1170%2C700&ssl=1&resize=700%2C400 2x, https:\/\/i0.wp.com\/noticiasribeiraopreto.com.br\/wp-content\/uploads\/2025\/07\/Fies-Jose-Cruz-Ag.Br_.jpg?fit=1170%2C700&ssl=1&resize=1050%2C600 3x"},"classes":[]},{"id":73984,"url":"https:\/\/noticiasribeiraopreto.com.br\/index.php\/2025\/07\/14\/inscricoes-do-fies-comecam-nesta-segunda\/","url_meta":{"origin":64038,"position":1},"title":"Inscri\u00e7\u00f5es do Fies come\u00e7am nesta segunda","author":"noticiasribeiraopreto.com.br","date":"14 de July de 2025","format":false,"excerpt":"14 de julho de 2025 08:3013 de julho de 2025 19:008 Compartilhar0 As inscri\u00e7\u00f5es para o processo seletivo deste semestre do Fundo de Financiamento Estudantil (Fies) podem ser feitas a partir desta segunda-feira, 14 de julho. O prazo termina \u00e0s 23h59 do dia 18 de julho, no hor\u00e1rio de Bras\u00edlia.\u00a0\u2026","rel":"","context":"In &quot;Not\u00edcias de Ribeir\u00e3o Preto-SP e Regi\u00e3o&quot;","block_context":{"text":"Not\u00edcias de Ribeir\u00e3o Preto-SP e Regi\u00e3o","link":"https:\/\/noticiasribeiraopreto.com.br\/index.php\/category\/noticias-de-ribeirao-preto-sp-e-regiao-ismael-colosi\/"},"img":{"alt_text":"","src":"https:\/\/i0.wp.com\/noticiasribeiraopreto.com.br\/wp-content\/uploads\/2025\/07\/fies-app_00769119_0_-B7m7Zo-696x400-1-scaled.jpeg?fit=800%2C450&ssl=1&resize=350%2C200","width":350,"height":200,"srcset":"https:\/\/i0.wp.com\/noticiasribeiraopreto.com.br\/wp-content\/uploads\/2025\/07\/fies-app_00769119_0_-B7m7Zo-696x400-1-scaled.jpeg?fit=800%2C450&ssl=1&resize=350%2C200 1x, https:\/\/i0.wp.com\/noticiasribeiraopreto.com.br\/wp-content\/uploads\/2025\/07\/fies-app_00769119_0_-B7m7Zo-696x400-1-scaled.jpeg?fit=800%2C450&ssl=1&resize=525%2C300 1.5x, https:\/\/i0.wp.com\/noticiasribeiraopreto.com.br\/wp-content\/uploads\/2025\/07\/fies-app_00769119_0_-B7m7Zo-696x400-1-scaled.jpeg?fit=800%2C450&ssl=1&resize=700%2C400 2x"},"classes":[]},{"id":75337,"url":"https:\/\/noticiasribeiraopreto.com.br\/index.php\/2025\/08\/07\/fies-2025-sai-lista-de-espera-do-2o-semestre\/","url_meta":{"origin":64038,"position":2},"title":"Fies 2025: sai lista de espera do 2\u00ba semestre","author":"noticiasribeiraopreto.com.br","date":"7 de August de 2025","format":false,"excerpt":"7 de agosto de 2025 11:007 de agosto de 2025 09:0712 Compartilhar0 Os estudantes que est\u00e3o na lista de espera do Fundo de Financiamento Estudantil (Fies), referente ao processo seletivo do segundo semestre de 2025, j\u00e1 podem conferir se foram pr\u00e9-selecionados. O programa financia a gradua\u00e7\u00e3o em cursos superiores n\u00e3o\u2026","rel":"","context":"In &quot;Not\u00edcias de Ribeir\u00e3o Preto-SP e Regi\u00e3o&quot;","block_context":{"text":"Not\u00edcias de Ribeir\u00e3o Preto-SP e Regi\u00e3o","link":"https:\/\/noticiasribeiraopreto.com.br\/index.php\/category\/noticias-de-ribeirao-preto-sp-e-regiao-ismael-colosi\/"},"img":{"alt_text":"","src":"https:\/\/i0.wp.com\/noticiasribeiraopreto.com.br\/wp-content\/uploads\/2025\/08\/fies-app_00769119_0_-B7m7Zo-696x400-1-scaled.jpeg?fit=800%2C450&ssl=1&resize=350%2C200","width":350,"height":200,"srcset":"https:\/\/i0.wp.com\/noticiasribeiraopreto.com.br\/wp-content\/uploads\/2025\/08\/fies-app_00769119_0_-B7m7Zo-696x400-1-scaled.jpeg?fit=800%2C450&ssl=1&resize=350%2C200 1x, https:\/\/i0.wp.com\/noticiasribeiraopreto.com.br\/wp-content\/uploads\/2025\/08\/fies-app_00769119_0_-B7m7Zo-696x400-1-scaled.jpeg?fit=800%2C450&ssl=1&resize=525%2C300 1.5x, https:\/\/i0.wp.com\/noticiasribeiraopreto.com.br\/wp-content\/uploads\/2025\/08\/fies-app_00769119_0_-B7m7Zo-696x400-1-scaled.jpeg?fit=800%2C450&ssl=1&resize=700%2C400 2x"},"classes":[]},{"id":42476,"url":"https:\/\/noticiasribeiraopreto.com.br\/index.php\/2024\/03\/14\/inscricoes-ao-fies-terminam-nesta-sexta15\/","url_meta":{"origin":64038,"position":3},"title":"Inscri\u00e7\u00f5es ao Fies terminam nesta sexta,15","author":"noticiasribeiraopreto.com.br","date":"14 de March de 2024","format":false,"excerpt":"14 de mar\u00e7o de 2024 | 18:0014 de mar\u00e7o de 2024 | 9:14 0As inscri\u00e7\u00f5es para o Fundo de Financiamento Estudantil (Fies) terminam nesta sexta-feira, 15 de mar\u00e7o, prazo para que os interessados entreguem a documenta\u00e7\u00e3o. Para se inscrever, \u00e9 necess\u00e1rio que o estudante tenha participado do Exame Nacional do\u2026","rel":"","context":"In &quot;Not\u00edcias de Ribeir\u00e3o Preto-SP e Regi\u00e3o&quot;","block_context":{"text":"Not\u00edcias de Ribeir\u00e3o Preto-SP e Regi\u00e3o","link":"https:\/\/noticiasribeiraopreto.com.br\/index.php\/category\/noticias-de-ribeirao-preto-sp-e-regiao-ismael-colosi\/"},"img":{"alt_text":"","src":"https:\/\/i0.wp.com\/noticiasribeiraopreto.com.br\/wp-content\/uploads\/2024\/03\/Fies-Marcello-Casal-Jr.-Ag.Br_-scaled.jpg?fit=1000%2C598&ssl=1&resize=350%2C200","width":350,"height":200,"srcset":"https:\/\/i0.wp.com\/noticiasribeiraopreto.com.br\/wp-content\/uploads\/2024\/03\/Fies-Marcello-Casal-Jr.-Ag.Br_-scaled.jpg?fit=1000%2C598&ssl=1&resize=350%2C200 1x, https:\/\/i0.wp.com\/noticiasribeiraopreto.com.br\/wp-content\/uploads\/2024\/03\/Fies-Marcello-Casal-Jr.-Ag.Br_-scaled.jpg?fit=1000%2C598&ssl=1&resize=525%2C300 1.5x, https:\/\/i0.wp.com\/noticiasribeiraopreto.com.br\/wp-content\/uploads\/2024\/03\/Fies-Marcello-Casal-Jr.-Ag.Br_-scaled.jpg?fit=1000%2C598&ssl=1&resize=700%2C400 2x"},"classes":[]},{"id":6741,"url":"https:\/\/noticiasribeiraopreto.com.br\/index.php\/2023\/11\/26\/mec-prorroga-inscricoes-para-vagas-remanescentes-do-fies\/","url_meta":{"origin":64038,"position":4},"title":"MEC prorroga inscri\u00e7\u00f5es para vagas remanescentes do Fies","author":"noticiasribeiraopreto.com.br","date":"26 de November de 2023","format":false,"excerpt":"O prazo de inscri\u00e7\u00e3o para as vagas remanescentes do Fundo de Financiamento Estudantil (Fies) foi estendido at\u00e9 30 de novembro pelo Minist\u00e9rio da Educa\u00e7\u00e3o (MEC). A inscri\u00e7\u00e3o \u00e9 gratuita e deve ser efetuada exclusivamente on-line, por meio do Portal de Acesso \u00danico ao Ensino Superior. Cr\u00e9ditos: Divulga\u00e7\u00e3o\/ MECInscri\u00e7\u00f5es para vagas\u2026","rel":"","context":"In &quot;Variedades&quot;","block_context":{"text":"Variedades","link":"https:\/\/noticiasribeiraopreto.com.br\/index.php\/category\/variedades\/"},"img":{"alt_text":"","src":"https:\/\/i0.wp.com\/noticiasribeiraopreto.com.br\/wp-content\/uploads\/2023\/11\/fies-2.jpg?fit=1200%2C638&ssl=1&resize=350%2C200","width":350,"height":200,"srcset":"https:\/\/i0.wp.com\/noticiasribeiraopreto.com.br\/wp-content\/uploads\/2023\/11\/fies-2.jpg?fit=1200%2C638&ssl=1&resize=350%2C200 1x, https:\/\/i0.wp.com\/noticiasribeiraopreto.com.br\/wp-content\/uploads\/2023\/11\/fies-2.jpg?fit=1200%2C638&ssl=1&resize=525%2C300 1.5x, https:\/\/i0.wp.com\/noticiasribeiraopreto.com.br\/wp-content\/uploads\/2023\/11\/fies-2.jpg?fit=1200%2C638&ssl=1&resize=700%2C400 2x, https:\/\/i0.wp.com\/noticiasribeiraopreto.com.br\/wp-content\/uploads\/2023\/11\/fies-2.jpg?fit=1200%2C638&ssl=1&resize=1050%2C600 3x"},"classes":[]},{"id":68115,"url":"https:\/\/noticiasribeiraopreto.com.br\/index.php\/2025\/04\/22\/fies-abre-inscricoes-para-vagas-remanescentes\/","url_meta":{"origin":64038,"position":5},"title":"Fies abre inscri\u00e7\u00f5es para vagas remanescentes","author":"noticiasribeiraopreto.com.br","date":"22 de April de 2025","format":false,"excerpt":"22 de abril de 2025 16:3022 de abril de 2025 12:377 Compartilhar0 Estudantes interessados em concorrer \u00e0s vagas remanescentes do processo seletivo do Fundo de Financiamento Estudantil (Fies), referente ao primeiro semestre de 2025, podem fazer a inscri\u00e7\u00e3o a partir desta ter\u00e7a-feira (22), por meio do Portal \u00danico de Acesso\u2026","rel":"","context":"In &quot;Not\u00edcias de Ribeir\u00e3o Preto-SP e Regi\u00e3o&quot;","block_context":{"text":"Not\u00edcias de Ribeir\u00e3o Preto-SP e Regi\u00e3o","link":"https:\/\/noticiasribeiraopreto.com.br\/index.php\/category\/noticias-de-ribeirao-preto-sp-e-regiao-ismael-colosi\/"},"img":{"alt_text":"","src":"https:\/\/i0.wp.com\/noticiasribeiraopreto.com.br\/wp-content\/uploads\/2025\/04\/654ba6ce-806e-42d2-b37a-6d3f63706805.jpg?fit=1170%2C700&ssl=1&resize=350%2C200","width":350,"height":200,"srcset":"https:\/\/i0.wp.com\/noticiasribeiraopreto.com.br\/wp-content\/uploads\/2025\/04\/654ba6ce-806e-42d2-b37a-6d3f63706805.jpg?fit=1170%2C700&ssl=1&resize=350%2C200 1x, https:\/\/i0.wp.com\/noticiasribeiraopreto.com.br\/wp-content\/uploads\/2025\/04\/654ba6ce-806e-42d2-b37a-6d3f63706805.jpg?fit=1170%2C700&ssl=1&resize=525%2C300 1.5x, https:\/\/i0.wp.com\/noticiasribeiraopreto.com.br\/wp-content\/uploads\/2025\/04\/654ba6ce-806e-42d2-b37a-6d3f63706805.jpg?fit=1170%2C700&ssl=1&resize=700%2C400 2x, https:\/\/i0.wp.com\/noticiasribeiraopreto.com.br\/wp-content\/uploads\/2025\/04\/654ba6ce-806e-42d2-b37a-6d3f63706805.jpg?fit=1170%2C700&ssl=1&resize=1050%2C600 3x"},"classes":[]}],"jetpack_sharing_enabled":true,"jetpack_shortlink":"https:\/\/wp.me\/peQAOb-gES","_links":{"self":[{"href":"https:\/\/noticiasribeiraopreto.com.br\/index.php\/wp-json\/wp\/v2\/posts\/64038","targetHints":{"allow":["GET"]}}],"collection":[{"href":"https:\/\/noticiasribeiraopreto.com.br\/index.php\/wp-json\/wp\/v2\/posts"}],"about":[{"href":"https:\/\/noticiasribeiraopreto.com.br\/index.php\/wp-json\/wp\/v2\/types\/post"}],"author":[{"embeddable":true,"href":"https:\/\/noticiasribeiraopreto.com.br\/index.php\/wp-json\/wp\/v2\/users\/1"}],"replies":[{"embeddable":true,"href":"https:\/\/noticiasribeiraopreto.com.br\/index.php\/wp-json\/wp\/v2\/comments?post=64038"}],"version-history":[{"count":0,"href":"https:\/\/noticiasribeiraopreto.com.br\/index.php\/wp-json\/wp\/v2\/posts\/64038\/revisions"}],"wp:featuredmedia":[{"embeddable":true,"href":"https:\/\/noticiasribeiraopreto.com.br\/index.php\/wp-json\/wp\/v2\/media\/59622"}],"wp:attachment":[{"href":"https:\/\/noticiasribeiraopreto.com.br\/index.php\/wp-json\/wp\/v2\/media?parent=64038"}],"wp:term":[{"taxonomy":"category","embeddable":true,"href":"https:\/\/noticiasribeiraopreto.com.br\/index.php\/wp-json\/wp\/v2\/categories?post=64038"},{"taxonomy":"post_tag","embeddable":true,"href":"https:\/\/noticiasribeiraopreto.com.br\/index.php\/wp-json\/wp\/v2\/tags?post=64038"}],"curies":[{"name":"wp","href":"https:\/\/api.w.org\/{rel}","templated":true}]}}