{"id":64132,"date":"2025-03-02T18:32:39","date_gmt":"2025-03-02T21:32:39","guid":{"rendered":"https:\/\/noticiasribeiraopreto.com.br\/index.php\/2025\/03\/02\/ainda-estou-aqui-o-vencedor-nao-oficial-do-oscar-segundo-estudiosos\/"},"modified":"2025-03-02T18:32:39","modified_gmt":"2025-03-02T21:32:39","slug":"ainda-estou-aqui-o-vencedor-nao-oficial-do-oscar-segundo-estudiosos","status":"publish","type":"post","link":"https:\/\/noticiasribeiraopreto.com.br\/index.php\/2025\/03\/02\/ainda-estou-aqui-o-vencedor-nao-oficial-do-oscar-segundo-estudiosos\/","title":{"rendered":"Ainda Estou Aqui: O Vencedor N\u00e3o Oficial do Oscar, Segundo Estudiosos"},"content":{"rendered":"<div class='code-block code-block-1' style='margin: 8px 0 8px auto; text-align: right; display: block; clear: both;'>\n<p><a href=\"https:\/\/wa.link\/vpicfd\"><img data-recalc-dims=\"1\" class=\"wp-image-4922\" style=\"aspect-ratio: 2.0253164556962027; width: 561px; height: auto;\" src=\"https:\/\/i0.wp.com\/ismaelcolosi.com.br\/wp-content\/uploads\/2023\/11\/grupo-de-empregos-whatsapp-e-facebook-ismael-colosi-vagas.jpg?ssl=1\" alt=\"\" \/><\/a><\/p>\n<!-- \/wp:image -->\n<\/div>\n<p> <br \/>\n<\/p>\n<div>\n<p data-start=\"266\" data-end=\"513\">Estudiosos e cr\u00edticos de cinema est\u00e3o exaltando o filme <em data-start=\"322\" data-end=\"340\">Ainda Estou Aqui<\/em> como o verdadeiro destaque do Oscar deste ano \u2013 um vencedor que, apesar de n\u00e3o ter sido o mais premiado na cerim\u00f4nia, se sobressai por sua inova\u00e7\u00e3o e profundidade cultural.<\/p>\n<p data-start=\"515\" data-end=\"554\"><strong data-start=\"515\" data-end=\"554\">Uma Abordagem Inovadora e Relevante<\/strong><\/p>\n<p data-start=\"556\" data-end=\"919\">Segundo os especialistas, <em data-start=\"582\" data-end=\"600\">Ainda Estou Aqui<\/em> transcende os crit\u00e9rios convencionais de premia\u00e7\u00e3o ao oferecer uma narrativa ousada que mistura elementos de realidade e fic\u00e7\u00e3o. O filme prop\u00f5e uma reflex\u00e3o sobre identidade, resili\u00eancia e a transforma\u00e7\u00e3o do cen\u00e1rio cultural contempor\u00e2neo, temas que, segundo os estudiosos, dialogam de forma \u00fanica com o p\u00fablico atual.<\/p>\n<p data-start=\"921\" data-end=\"972\"><strong data-start=\"921\" data-end=\"972\">Impacto e Influ\u00eancia na Cr\u00edtica Cinematogr\u00e1fica<\/strong><\/p>\n<p data-start=\"974\" data-end=\"1435\">Os cr\u00edticos ressaltam que o sucesso do filme vai al\u00e9m dos n\u00fameros de bilheteria e dos trof\u00e9us tradicionais. Sua est\u00e9tica inovadora e a capacidade de provocar debates intensos nas rodas acad\u00eamicas e festivais de cinema o tornam um marco na hist\u00f3ria da s\u00e9tima arte. \u201cO filme nos desafia a repensar o que \u00e9 ser um vencedor. Sua for\u00e7a est\u00e1 na capacidade de romper com o esperado e abrir novos caminhos para a linguagem cinematogr\u00e1fica\u201d, afirmou um renomado cr\u00edtico.<\/p>\n<p data-start=\"1437\" data-end=\"1474\"><strong data-start=\"1437\" data-end=\"1474\">Reconhecimento e Debate Acad\u00eamico<\/strong><\/p>\n<p data-start=\"1476\" data-end=\"1856\">O impacto cultural de <em data-start=\"1498\" data-end=\"1516\">Ainda Estou Aqui<\/em> tem sido tema de diversas confer\u00eancias e debates em institui\u00e7\u00f5es de ensino e centros de pesquisa. Acad\u00eamicos destacam que a obra se apresenta como um exemplo de como o cinema pode influenciar e refletir as transforma\u00e7\u00f5es sociais, ultrapassando os limites da ind\u00fastria do entretenimento para se tornar um fen\u00f4meno de discuss\u00e3o e inspira\u00e7\u00e3o.<\/p>\n<p data-start=\"1858\" data-end=\"1904\"><strong data-start=\"1858\" data-end=\"1904\">Redefinindo o Conceito de Vit\u00f3ria no Oscar<\/strong><\/p>\n<p data-start=\"1906\" data-end=\"2259\">Enquanto a premia\u00e7\u00e3o oficial do Oscar segue crit\u00e9rios estabelecidos pela ind\u00fastria, o reconhecimento dos estudiosos ressalta a import\u00e2ncia de se considerar o impacto cultural e a inova\u00e7\u00e3o art\u00edstica. Para muitos, <em data-start=\"2118\" data-end=\"2136\">Ainda Estou Aqui<\/em> representa uma vit\u00f3ria que vai al\u00e9m dos trof\u00e9us, marcando um novo paradigma na forma de avaliar o sucesso cinematogr\u00e1fico.<\/p>\n<p data-start=\"2261\" data-end=\"2500\">Com essa perspectiva, o filme \u00e9 celebrado n\u00e3o apenas como uma obra de arte, mas tamb\u00e9m como um s\u00edmbolo da evolu\u00e7\u00e3o do cinema contempor\u00e2neo, capaz de inspirar futuras gera\u00e7\u00f5es e estimular a reflex\u00e3o sobre os rumos da cultura e da sociedade.<\/p>\n<p>&#13;<br \/>\n\t\t\t\t<span class=\"post-views-icon dashicons dashicons-chart-bar\"\/> <span class=\"post-views-label\">Visualiza\u00e7\u00f5es:<\/span> <span class=\"post-views-count\">8<\/span>&#13;\n\t\t\t<\/p>\n<\/p><\/div>\n<p><br \/>\n<br \/><a href=\"https:\/\/folhaderibeirao.com.br\/2025\/03\/02\/ainda-estou-aqui-o-vencedor-nao-oficial-do-oscar-segundo-estudiosos\/\">Source link <\/a><\/p>\n<!-- CONTENT END 1 -->\n","protected":false},"excerpt":{"rendered":"<p>Estudiosos e cr\u00edticos de cinema est\u00e3o exaltando o filme Ainda Estou Aqui como o verdadeiro destaque do Oscar deste ano \u2013 um vencedor que, apesar&#8230;<\/p>\n","protected":false},"author":1,"featured_media":64133,"comment_status":"open","ping_status":"open","sticky":false,"template":"","format":"standard","meta":{"advanced_seo_description":"","jetpack_seo_html_title":"","jetpack_seo_noindex":false,"jetpack_post_was_ever_published":false,"_jetpack_newsletter_access":"","_jetpack_dont_email_post_to_subs":false,"_jetpack_newsletter_tier_id":0,"_jetpack_memberships_contains_paywalled_content":false,"_jetpack_memberships_contains_paid_content":false,"footnotes":"","jetpack_publicize_message":"","jetpack_publicize_feature_enabled":true,"jetpack_social_post_already_shared":true,"jetpack_social_options":{"image_generator_settings":{"template":"highway","default_image_id":0,"font":"","enabled":false},"version":2}},"categories":[11],"tags":[368,4408,6240,6241,678,5684,4913,1019,3621],"class_list":["post-64132","post","type-post","status-publish","format-standard","has-post-thumbnail","hentry","category-noticias-de-ribeirao-preto-sp-e-regiao-ismael-colosi","tag-ainda","tag-aqui","tag-estou","tag-estudiosos","tag-nao","tag-oficial","tag-oscar","tag-segundo","tag-vencedor"],"jetpack_publicize_connections":[],"jetpack_featured_media_url":"https:\/\/i0.wp.com\/noticiasribeiraopreto.com.br\/wp-content\/uploads\/2025\/03\/Capa_Alem-do-Oscar-Ainda-Estou-Aqui-pode-afetar-Lei-da-Anistia-levando-18-acoes-a-julgamento.webp.webp?fit=1200%2C675&ssl=1","jetpack-related-posts":[{"id":64136,"url":"https:\/\/noticiasribeiraopreto.com.br\/index.php\/2025\/03\/03\/diretor-vencedor-de-oscar-com-ainda-estou-aqui-dirige-serie-documental-sobre-socrates\/","url_meta":{"origin":64132,"position":0},"title":"Diretor vencedor de Oscar com &#8216;Ainda Estou Aqui&#8217; dirige s\u00e9rie documental sobre S\u00f3crates","author":"noticiasribeiraopreto.com.br","date":"3 de March de 2025","format":false,"excerpt":"O diretor Walter Salles, vencedor do Oscar de \u201cMelhor Filme Internacional\u201d com o filme \u201cAinda Estou Aqui\u201d, tamb\u00e9m produz a s\u00e9rie documental \u201cS\u00f3crates Brasileiro\u201d, sobre o ex-jogador de futebol S\u00f3crates, conhecido como um dos maiores \u00edcones do Corinthians e da sele\u00e7\u00e3o brasileira. O filme brasileiro superou \u201cEmilia P\u00e9rez\u201d (Fran\u00e7a), \u201cA\u2026","rel":"","context":"In &quot;Not\u00edcias de Ribeir\u00e3o Preto-SP e Regi\u00e3o&quot;","block_context":{"text":"Not\u00edcias de Ribeir\u00e3o Preto-SP e Regi\u00e3o","link":"https:\/\/noticiasribeiraopreto.com.br\/index.php\/category\/noticias-de-ribeirao-preto-sp-e-regiao-ismael-colosi\/"},"img":{"alt_text":"","src":"https:\/\/i0.wp.com\/noticiasribeiraopreto.com.br\/wp-content\/uploads\/2025\/03\/walter-salles-socrates_2025-03-03_12-04-17_jpeg_2025-03-03_12-04-17.webp.webp?fit=1200%2C675&ssl=1&resize=350%2C200","width":350,"height":200,"srcset":"https:\/\/i0.wp.com\/noticiasribeiraopreto.com.br\/wp-content\/uploads\/2025\/03\/walter-salles-socrates_2025-03-03_12-04-17_jpeg_2025-03-03_12-04-17.webp.webp?fit=1200%2C675&ssl=1&resize=350%2C200 1x, https:\/\/i0.wp.com\/noticiasribeiraopreto.com.br\/wp-content\/uploads\/2025\/03\/walter-salles-socrates_2025-03-03_12-04-17_jpeg_2025-03-03_12-04-17.webp.webp?fit=1200%2C675&ssl=1&resize=525%2C300 1.5x, https:\/\/i0.wp.com\/noticiasribeiraopreto.com.br\/wp-content\/uploads\/2025\/03\/walter-salles-socrates_2025-03-03_12-04-17_jpeg_2025-03-03_12-04-17.webp.webp?fit=1200%2C675&ssl=1&resize=700%2C400 2x, https:\/\/i0.wp.com\/noticiasribeiraopreto.com.br\/wp-content\/uploads\/2025\/03\/walter-salles-socrates_2025-03-03_12-04-17_jpeg_2025-03-03_12-04-17.webp.webp?fit=1200%2C675&ssl=1&resize=1050%2C600 3x"},"classes":[]},{"id":64134,"url":"https:\/\/noticiasribeiraopreto.com.br\/index.php\/2025\/03\/03\/oscar-2025-ainda-estou-aqui-faz-historia-e-anora-brilha-como-grande-vencedora-da-noite\/","url_meta":{"origin":64132,"position":1},"title":"Oscar 2025: &#8220;Ainda Estou Aqui&#8221; Faz Hist\u00f3ria e Anora Brilha como Grande Vencedora da Noite","author":"noticiasribeiraopreto.com.br","date":"3 de March de 2025","format":false,"excerpt":"Na noite de ontem, o Oscar 2025 consagrou surpresas e momentos emocionantes. O filme Ainda Estou Aqui, que vem sendo aclamado por sua narrativa inovadora e abordagem ousada, fez hist\u00f3ria ao conquistar o pr\u00eamio de Melhor Filme, desafiando as expectativas da cr\u00edtica e do p\u00fablico. Al\u00e9m do grande feito cinematogr\u00e1fico,\u2026","rel":"","context":"In &quot;Not\u00edcias de Ribeir\u00e3o Preto-SP e Regi\u00e3o&quot;","block_context":{"text":"Not\u00edcias de Ribeir\u00e3o Preto-SP e Regi\u00e3o","link":"https:\/\/noticiasribeiraopreto.com.br\/index.php\/category\/noticias-de-ribeirao-preto-sp-e-regiao-ismael-colosi\/"},"img":{"alt_text":"","src":"https:\/\/i0.wp.com\/noticiasribeiraopreto.com.br\/wp-content\/uploads\/2025\/03\/oscar2025o.webp.webp?fit=1170%2C700&ssl=1&resize=350%2C200","width":350,"height":200,"srcset":"https:\/\/i0.wp.com\/noticiasribeiraopreto.com.br\/wp-content\/uploads\/2025\/03\/oscar2025o.webp.webp?fit=1170%2C700&ssl=1&resize=350%2C200 1x, https:\/\/i0.wp.com\/noticiasribeiraopreto.com.br\/wp-content\/uploads\/2025\/03\/oscar2025o.webp.webp?fit=1170%2C700&ssl=1&resize=525%2C300 1.5x, https:\/\/i0.wp.com\/noticiasribeiraopreto.com.br\/wp-content\/uploads\/2025\/03\/oscar2025o.webp.webp?fit=1170%2C700&ssl=1&resize=700%2C400 2x, https:\/\/i0.wp.com\/noticiasribeiraopreto.com.br\/wp-content\/uploads\/2025\/03\/oscar2025o.webp.webp?fit=1170%2C700&ssl=1&resize=1050%2C600 3x"},"classes":[]},{"id":64672,"url":"https:\/\/noticiasribeiraopreto.com.br\/index.php\/2025\/03\/11\/de-ribeirao-para-o-oscar-conheca-o-produtor-ribeirao-pretano-premiado-com-ainda-estou-aqui\/","url_meta":{"origin":64132,"position":2},"title":"De Ribeir\u00e3o para o Oscar: Conhe\u00e7a o produtor ribeir\u00e3o-pretano premiado com \u2018Ainda Estou Aqui\u2019","author":"noticiasribeiraopreto.com.br","date":"11 de March de 2025","format":false,"excerpt":"O ribeir\u00e3o-pretano Louren\u00e7o Sant\u2019Anna \u00e9 um dos produtores-executivos do filme \u201cAinda Estou Aqui\u201d, que conquistou a estatueta de \u201cMelhor Filme Internacional\u201d no Oscar 2025. Esta foi a primeira vez que o Brasil venceu uma categoria na maior premia\u00e7\u00e3o do cinema mundial. Al\u00e9m disso, Louren\u00e7o j\u00e1 havia sido premiado pelo longa\u2026","rel":"","context":"In &quot;Not\u00edcias de Ribeir\u00e3o Preto-SP e Regi\u00e3o&quot;","block_context":{"text":"Not\u00edcias de Ribeir\u00e3o Preto-SP e Regi\u00e3o","link":"https:\/\/noticiasribeiraopreto.com.br\/index.php\/category\/noticias-de-ribeirao-preto-sp-e-regiao-ismael-colosi\/"},"img":{"alt_text":"","src":"https:\/\/i0.wp.com\/noticiasribeiraopreto.com.br\/wp-content\/uploads\/2025\/03\/Copia-de-Copia-de-Copia-de-TAMANHO-EXATO-PARA-FOTOS-NO-SISTEMA-NOVO-21_2025-03-11_12-12-17_jpg_2025-03-11_12-12-17.webp.webp?fit=1200%2C675&ssl=1&resize=350%2C200","width":350,"height":200,"srcset":"https:\/\/i0.wp.com\/noticiasribeiraopreto.com.br\/wp-content\/uploads\/2025\/03\/Copia-de-Copia-de-Copia-de-TAMANHO-EXATO-PARA-FOTOS-NO-SISTEMA-NOVO-21_2025-03-11_12-12-17_jpg_2025-03-11_12-12-17.webp.webp?fit=1200%2C675&ssl=1&resize=350%2C200 1x, https:\/\/i0.wp.com\/noticiasribeiraopreto.com.br\/wp-content\/uploads\/2025\/03\/Copia-de-Copia-de-Copia-de-TAMANHO-EXATO-PARA-FOTOS-NO-SISTEMA-NOVO-21_2025-03-11_12-12-17_jpg_2025-03-11_12-12-17.webp.webp?fit=1200%2C675&ssl=1&resize=525%2C300 1.5x, https:\/\/i0.wp.com\/noticiasribeiraopreto.com.br\/wp-content\/uploads\/2025\/03\/Copia-de-Copia-de-Copia-de-TAMANHO-EXATO-PARA-FOTOS-NO-SISTEMA-NOVO-21_2025-03-11_12-12-17_jpg_2025-03-11_12-12-17.webp.webp?fit=1200%2C675&ssl=1&resize=700%2C400 2x, https:\/\/i0.wp.com\/noticiasribeiraopreto.com.br\/wp-content\/uploads\/2025\/03\/Copia-de-Copia-de-Copia-de-TAMANHO-EXATO-PARA-FOTOS-NO-SISTEMA-NOVO-21_2025-03-11_12-12-17_jpg_2025-03-11_12-12-17.webp.webp?fit=1200%2C675&ssl=1&resize=1050%2C600 3x"},"classes":[]},{"id":62751,"url":"https:\/\/noticiasribeiraopreto.com.br\/index.php\/2025\/01\/23\/ainda-estou-aqui-e-indicado-em-tres-categorias-do-oscar-2025\/","url_meta":{"origin":64132,"position":3},"title":"\u2018Ainda Estou Aqui\u2019 \u00e9 indicado em tr\u00eas categorias do Oscar 2025","author":"noticiasribeiraopreto.com.br","date":"23 de January de 2025","format":false,"excerpt":"A produ\u00e7\u00e3o brasileira \u201cAinda Estou Aqui\u201d foi indicada a tr\u00eas categorias do Oscar 2025. O an\u00fancio aconteceu na manh\u00e3 desta quinta-feira (25). Esta \u00e9 a primeira vez em que um filme brasileiro \u00e9 indicado na disputa da principal categoria do Oscar, a de Melhor Filme Al\u00e9m disso, o filme dirigido\u2026","rel":"","context":"In &quot;Not\u00edcias de Ribeir\u00e3o Preto-SP e Regi\u00e3o&quot;","block_context":{"text":"Not\u00edcias de Ribeir\u00e3o Preto-SP e Regi\u00e3o","link":"https:\/\/noticiasribeiraopreto.com.br\/index.php\/category\/noticias-de-ribeirao-preto-sp-e-regiao-ismael-colosi\/"},"img":{"alt_text":"","src":"https:\/\/i0.wp.com\/noticiasribeiraopreto.com.br\/wp-content\/uploads\/2025\/01\/ainda-estou-aqui_2025-01-23_14-48-39_jpg_2025-01-23_14-48-39.webp.webp?fit=1155%2C630&ssl=1&resize=350%2C200","width":350,"height":200,"srcset":"https:\/\/i0.wp.com\/noticiasribeiraopreto.com.br\/wp-content\/uploads\/2025\/01\/ainda-estou-aqui_2025-01-23_14-48-39_jpg_2025-01-23_14-48-39.webp.webp?fit=1155%2C630&ssl=1&resize=350%2C200 1x, https:\/\/i0.wp.com\/noticiasribeiraopreto.com.br\/wp-content\/uploads\/2025\/01\/ainda-estou-aqui_2025-01-23_14-48-39_jpg_2025-01-23_14-48-39.webp.webp?fit=1155%2C630&ssl=1&resize=525%2C300 1.5x, https:\/\/i0.wp.com\/noticiasribeiraopreto.com.br\/wp-content\/uploads\/2025\/01\/ainda-estou-aqui_2025-01-23_14-48-39_jpg_2025-01-23_14-48-39.webp.webp?fit=1155%2C630&ssl=1&resize=700%2C400 2x, https:\/\/i0.wp.com\/noticiasribeiraopreto.com.br\/wp-content\/uploads\/2025\/01\/ainda-estou-aqui_2025-01-23_14-48-39_jpg_2025-01-23_14-48-39.webp.webp?fit=1155%2C630&ssl=1&resize=1050%2C600 3x"},"classes":[]},{"id":63854,"url":"https:\/\/noticiasribeiraopreto.com.br\/index.php\/2025\/02\/24\/veja-quando-e-onde-assistir-a-premiacao-do-oscar-2025\/","url_meta":{"origin":64132,"position":4},"title":"Veja quando e onde assistir a premia\u00e7\u00e3o do Oscar 2025","author":"noticiasribeiraopreto.com.br","date":"24 de February de 2025","format":false,"excerpt":"A entrega do Oscar 2025, a maior premia\u00e7\u00e3o do cinema, acontece no pr\u00f3ximo domingo (2), a partir das 21h, em Los Angeles, nos Estados Unidos. A cerim\u00f4nia ser\u00e1 transmitida em sinal aberto pela EPTV\/TV Globo, no canal por assinatura TNT e na plataforma de streaming Max. A premia\u00e7\u00e3o ser\u00e1 apresentada\u2026","rel":"","context":"In &quot;Not\u00edcias de Ribeir\u00e3o Preto-SP e Regi\u00e3o&quot;","block_context":{"text":"Not\u00edcias de Ribeir\u00e3o Preto-SP e Regi\u00e3o","link":"https:\/\/noticiasribeiraopreto.com.br\/index.php\/category\/noticias-de-ribeirao-preto-sp-e-regiao-ismael-colosi\/"},"img":{"alt_text":"","src":"https:\/\/i0.wp.com\/noticiasribeiraopreto.com.br\/wp-content\/uploads\/2025\/02\/oscar-2025_2025-02-24_13-00-04.webp.webp?fit=1200%2C675&ssl=1&resize=350%2C200","width":350,"height":200,"srcset":"https:\/\/i0.wp.com\/noticiasribeiraopreto.com.br\/wp-content\/uploads\/2025\/02\/oscar-2025_2025-02-24_13-00-04.webp.webp?fit=1200%2C675&ssl=1&resize=350%2C200 1x, https:\/\/i0.wp.com\/noticiasribeiraopreto.com.br\/wp-content\/uploads\/2025\/02\/oscar-2025_2025-02-24_13-00-04.webp.webp?fit=1200%2C675&ssl=1&resize=525%2C300 1.5x, https:\/\/i0.wp.com\/noticiasribeiraopreto.com.br\/wp-content\/uploads\/2025\/02\/oscar-2025_2025-02-24_13-00-04.webp.webp?fit=1200%2C675&ssl=1&resize=700%2C400 2x, https:\/\/i0.wp.com\/noticiasribeiraopreto.com.br\/wp-content\/uploads\/2025\/02\/oscar-2025_2025-02-24_13-00-04.webp.webp?fit=1200%2C675&ssl=1&resize=1050%2C600 3x"},"classes":[]},{"id":62919,"url":"https:\/\/noticiasribeiraopreto.com.br\/index.php\/2025\/01\/28\/diretor-de-ainda-estou-aqui-dirige-serie-documental-sobre-socrates\/","url_meta":{"origin":64132,"position":5},"title":"Diretor de &#8216;Ainda Estou Aqui&#8217; dirige s\u00e9rie documental sobre S\u00f3crates","author":"noticiasribeiraopreto.com.br","date":"28 de January de 2025","format":false,"excerpt":"O renomado diretor Walter Salles, que disputa o Oscar de Melhor Filme com \u201cAinda Estou Aqui\u201d, est\u00e1 \u00e0 frente da produ\u00e7\u00e3o de \u201cS\u00f3crates Brasileiro\u201d, uma s\u00e9rie documental sobre o ribeir\u00e3o-pretano e ex-jogador de futebol S\u00f3crates, um dos maiores \u00edcones do Corinthians e da sele\u00e7\u00e3o brasileira. A produ\u00e7\u00e3o de quatro epis\u00f3dios,\u2026","rel":"","context":"In &quot;Not\u00edcias de Ribeir\u00e3o Preto-SP e Regi\u00e3o&quot;","block_context":{"text":"Not\u00edcias de Ribeir\u00e3o Preto-SP e Regi\u00e3o","link":"https:\/\/noticiasribeiraopreto.com.br\/index.php\/category\/noticias-de-ribeirao-preto-sp-e-regiao-ismael-colosi\/"},"img":{"alt_text":"","src":"https:\/\/i0.wp.com\/noticiasribeiraopreto.com.br\/wp-content\/uploads\/2025\/01\/socrates-2.jpeg?fit=1200%2C675&ssl=1&resize=350%2C200","width":350,"height":200,"srcset":"https:\/\/i0.wp.com\/noticiasribeiraopreto.com.br\/wp-content\/uploads\/2025\/01\/socrates-2.jpeg?fit=1200%2C675&ssl=1&resize=350%2C200 1x, https:\/\/i0.wp.com\/noticiasribeiraopreto.com.br\/wp-content\/uploads\/2025\/01\/socrates-2.jpeg?fit=1200%2C675&ssl=1&resize=525%2C300 1.5x, https:\/\/i0.wp.com\/noticiasribeiraopreto.com.br\/wp-content\/uploads\/2025\/01\/socrates-2.jpeg?fit=1200%2C675&ssl=1&resize=700%2C400 2x, https:\/\/i0.wp.com\/noticiasribeiraopreto.com.br\/wp-content\/uploads\/2025\/01\/socrates-2.jpeg?fit=1200%2C675&ssl=1&resize=1050%2C600 3x"},"classes":[]}],"jetpack_sharing_enabled":true,"jetpack_shortlink":"https:\/\/wp.me\/peQAOb-gGo","_links":{"self":[{"href":"https:\/\/noticiasribeiraopreto.com.br\/index.php\/wp-json\/wp\/v2\/posts\/64132","targetHints":{"allow":["GET"]}}],"collection":[{"href":"https:\/\/noticiasribeiraopreto.com.br\/index.php\/wp-json\/wp\/v2\/posts"}],"about":[{"href":"https:\/\/noticiasribeiraopreto.com.br\/index.php\/wp-json\/wp\/v2\/types\/post"}],"author":[{"embeddable":true,"href":"https:\/\/noticiasribeiraopreto.com.br\/index.php\/wp-json\/wp\/v2\/users\/1"}],"replies":[{"embeddable":true,"href":"https:\/\/noticiasribeiraopreto.com.br\/index.php\/wp-json\/wp\/v2\/comments?post=64132"}],"version-history":[{"count":0,"href":"https:\/\/noticiasribeiraopreto.com.br\/index.php\/wp-json\/wp\/v2\/posts\/64132\/revisions"}],"wp:featuredmedia":[{"embeddable":true,"href":"https:\/\/noticiasribeiraopreto.com.br\/index.php\/wp-json\/wp\/v2\/media\/64133"}],"wp:attachment":[{"href":"https:\/\/noticiasribeiraopreto.com.br\/index.php\/wp-json\/wp\/v2\/media?parent=64132"}],"wp:term":[{"taxonomy":"category","embeddable":true,"href":"https:\/\/noticiasribeiraopreto.com.br\/index.php\/wp-json\/wp\/v2\/categories?post=64132"},{"taxonomy":"post_tag","embeddable":true,"href":"https:\/\/noticiasribeiraopreto.com.br\/index.php\/wp-json\/wp\/v2\/tags?post=64132"}],"curies":[{"name":"wp","href":"https:\/\/api.w.org\/{rel}","templated":true}]}}