{"id":64145,"date":"2025-03-03T11:18:44","date_gmt":"2025-03-03T14:18:44","guid":{"rendered":"https:\/\/noticiasribeiraopreto.com.br\/index.php\/2025\/03\/03\/confira-as-atracoes-de-carnaval-nesta-segunda-feira-em-ribeirao-preto\/"},"modified":"2025-03-03T11:18:44","modified_gmt":"2025-03-03T14:18:44","slug":"confira-as-atracoes-de-carnaval-nesta-segunda-feira-em-ribeirao-preto","status":"publish","type":"post","link":"https:\/\/noticiasribeiraopreto.com.br\/index.php\/2025\/03\/03\/confira-as-atracoes-de-carnaval-nesta-segunda-feira-em-ribeirao-preto\/","title":{"rendered":"Confira as atra\u00e7\u00f5es de Carnaval nesta segunda-feira em Ribeir\u00e3o Preto"},"content":{"rendered":"<p> <br \/>\n<\/p>\n<div>\n<p><strong>Ribeir\u00e3o Preto<\/strong> segue com a programa\u00e7\u00e3o de <strong>Carnaval<\/strong> nesta <strong>segunda-feira (3)<\/strong>. As atividades incluem bloquinhos de rua e cortejo para as crian\u00e7as. <mark style=\"background-color:#fcb900\" class=\"has-inline-color has-black-color\">Confira:<\/mark><\/p>\n<h2 class=\"wp-block-heading\"><strong>SESC Cortejo dos Pequenos Sintonizados\u00a0<\/strong><\/h2>\n<p>Bloco Sintonize\u00a0<br \/><strong>Hor\u00e1rio:<\/strong> 10h30 \u2013 12h\u00a0<br \/><strong>Local: <\/strong>Sa\u00edda da Avenida Nove de Julho 299 (Sesc 9 de Julho)<br \/><strong>Entrada gratuita<\/strong><\/p>\n<h2 class=\"wp-block-heading\"><strong>CarnaRock das Tribos<\/strong><\/h2>\n<p>Bloco de Carnaval de Rua<br \/>Hor\u00e1rio: 13h \u2013 22h<br \/>Local: Teatro de Arena Jaime Zeiger \u2013 Jardim Mosteiro<br \/>Entrada gratuita<\/p>\n<h2 class=\"wp-block-heading\"><strong>Um Amor Em Cada Bloco <\/strong><\/h2>\n<p>Bloco de Carnaval de Rua <br \/><strong>Hor\u00e1rio: <\/strong>15h \u2013 22h<br \/><strong>Local:<\/strong> Avenida Nove de Julho, 299 <br \/><strong>Entrada gratuita <\/strong><\/p>\n<h2 class=\"wp-block-heading\"><strong>Bloco do Fub\u00e1 (Cervejaria Amarillo)<\/strong><\/h2>\n<p>Bloco de Carnaval de Rua <br \/><strong>Hor\u00e1rio: <\/strong>12h \u2013 21h<br \/><strong>Local:<\/strong> Rua Pedro Giroto, 1075 \u2013 Jardim Nova Alian\u00e7a <br \/><strong>Entrada gratuita <\/strong><\/p>\n<h2 class=\"wp-block-heading\"><strong>Carnaval Guadalupe 2025 (Xapa)<\/strong><\/h2>\n<p>Bloco de Carnaval de Rua <br \/><strong>Hor\u00e1rio: <\/strong>14h \u2013 22h<br \/><strong>Local:<\/strong> Rua Visconde do Rio Branco, 710 <br \/><strong>Entrada gratuita <\/strong><\/p>\n<h2 class=\"wp-block-heading\"><strong>Carnaval Solid\u00e1rio na Pra\u00e7a da Bicicleta <\/strong><\/h2>\n<p>Atividades de Carnaval <br \/><strong>Hor\u00e1rio: <\/strong>14h \u2013 22h<br \/><strong>Local:<\/strong> Pra\u00e7a Mateus Nader Nemer (Bicicleta) | Rua Galilei Galilei, 1272 \u2013 Jardim Iraj\u00e1 <br \/><strong>Entrada gratuita<\/strong><\/p>\n<h2 class=\"wp-block-heading\"><strong>Bloco Purpurina <\/strong><\/h2>\n<p>Bloco de Carnaval de Rua <br \/><strong>Hor\u00e1rio: <\/strong>14h \u2013 22h<br \/><strong>Local:<\/strong> Bar do Freedom e Bar Henrietta | Rua Mal. Deodoro, 281 e 278 <br \/><strong>Entrada gratuita<\/strong><\/p>\n<h2 class=\"wp-block-heading\"><strong>Bloco Cai e Sara \u2013 Raiz y Raz\u00f3n <\/strong><\/h2>\n<p>Bloco de Rua <br \/><strong>Hor\u00e1rio: <\/strong>14h \u2013 22h<br \/><strong>Local:<\/strong> Cai\u00e7ara | Rua Mariana Junqueira, 473<br \/><strong>Entrada gratuita<\/strong><\/p>\n<h2 class=\"wp-block-heading\"><strong>Carnaval do Covil <\/strong><\/h2>\n<p>Bloco de Rua<br \/><strong>Hor\u00e1rio: <\/strong>15h \u2013 22h<br \/><strong>Local:<\/strong> Covil do Lobo | Rua Piracicaba, 1825 <br \/><strong>Entrada gratuita<\/strong><\/p>\n<h2 class=\"wp-block-heading\"><strong>Bloco do Fub\u00e1 (Pra\u00e7a do Canh\u00e3o) <\/strong><\/h2>\n<p>Bloco de Rua<br \/><strong>Hor\u00e1rio: <\/strong>16h \u2013 21h<br \/><strong>Local:<\/strong> Pra\u00e7a Rotary Club <br \/><strong>Entrada gratuita<\/strong><\/p>\n<h2 class=\"wp-block-heading\"><strong>Carnaval da Diversidade<\/strong><\/h2>\n<p>DJ com m\u00fasicas de Carnaval <br \/><strong>Hor\u00e1rio: <\/strong>17h \u2013 22h<br \/><strong>Local:<\/strong> Stone Wall | Avenida Doutor Francisco Junqueira, 1346 <br \/><strong>Entrada gratuita<\/strong><\/p>\n<h2 class=\"wp-block-heading\"><strong>Bloco Magn\u00f3lia <\/strong><\/h2>\n<p>Bloco de Rua <br \/><strong>Hor\u00e1rio: <\/strong>19h \u2013 22h<br \/><strong>Local:<\/strong> Pra\u00e7a dos Expedicion\u00e1rios (Pra\u00e7a do Canh\u00e3o)| Rua Piracicaba, 1866<br \/><strong>Entrada gratuita<\/strong><\/p>\n<p>SAIBA MAIS<br \/>Veja o abre e fecha dos servi\u00e7os durante o Carnaval em Ribeir\u00e3o Preto<\/p>\n<h4 class=\"wp-block-heading\"><strong>FIQUE ON<\/strong><\/h4>\n<p>Fique ligado em tudo que acontece em Ribeir\u00e3o Preto e regi\u00e3o. Siga os perfis do <strong>acidade on <\/strong>no <a href=\"https:\/\/www.instagram.com\/acidadeonribeirao\" target=\"_blank\" rel=\"noreferrer noopener\">Instagram<\/a> e no <a href=\"https:\/\/www.facebook.com\/acidadeonribeirao\" target=\"_blank\" rel=\"noreferrer noopener\">Facebook<\/a>.<\/p>\n<p>Receba not\u00edcias do <strong>acidade on<\/strong> no WhatsApp. Para entrar no grupo, basta <a href=\"https:\/\/chat.whatsapp.com\/BjKQZ9oJwlz8VVT50NuePq\" target=\"_blank\" rel=\"noreferrer noopener\">clicar aqui<\/a>.<\/p>\n<p>Fa\u00e7a uma den\u00fancia ou sugira uma reportagem sobre Ribeir\u00e3o Preto e regi\u00e3o pelo WhatsApp: 16 99117 7802.<\/p>\n<p>VEJA TAMB\u00c9M<br \/>Qual a idade de Mikey Madison, vencedora do Oscar de Melhor Atriz?<\/p>\n<p><!-- CONTENT END 1 -->\n<\/div>\n<p><script async src=\"\/\/www.instagram.com\/embed.js\"><\/script><br \/>\n<br \/><br \/>\n<br \/><a href=\"https:\/\/www.acidadeon.com\/ribeiraopreto\/lazer-e-cultura\/confira-as-atracoes-de-carnaval-nesta-segunda-feira-em-ribeirao-preto\/\">Source link <\/a><\/p>\n","protected":false},"excerpt":{"rendered":"<p>Ribeir\u00e3o Preto segue com a programa\u00e7\u00e3o de Carnaval nesta segunda-feira (3). As atividades incluem bloquinhos de rua e cortejo para as crian\u00e7as. Confira: SESC Cortejo&#8230;<\/p>\n","protected":false},"author":1,"featured_media":64146,"comment_status":"open","ping_status":"open","sticky":false,"template":"","format":"standard","meta":{"advanced_seo_description":"","jetpack_seo_html_title":"","jetpack_seo_noindex":false,"jetpack_seo_schema_type":"","_jetpack_newsletter_access":"","_jetpack_dont_email_post_to_subs":false,"_jetpack_newsletter_tier_id":0,"_jetpack_memberships_contains_paywalled_content":false,"_jetpack_feature_clip_id":0,"_jetpack_memberships_contains_paid_content":false,"footnotes":"","jetpack_publicize_message":"","jetpack_publicize_feature_enabled":true,"jetpack_social_post_already_shared":true,"jetpack_social_options":{"image_generator_settings":{"template":"highway","default_image_id":0,"font":"","enabled":false},"version":2},"jetpack_post_was_ever_published":false},"categories":[11],"tags":[],"class_list":["post-64145","post","type-post","status-publish","format-standard","has-post-thumbnail","hentry","category-noticias-de-ribeirao-preto-sp-e-regiao-ismael-colosi"],"jetpack_publicize_connections":[],"jetpack-related-posts":[{"id":63355,"url":"https:\/\/noticiasribeiraopreto.com.br\/index.php\/2025\/02\/11\/veja-a-programacao-completa-do-carnaval-2025-em-ribeirao-preto\/","url_meta":{"origin":64145,"position":0},"title":"Veja a programa\u00e7\u00e3o completa do Carnaval 2025 em Ribeir\u00e3o Preto","author":"noticiasribeiraopreto.com.br","date":"11 de February de 2025","format":false,"excerpt":"A Secretaria Municipal de Cultura e Turismo anunciou nesta ter\u00e7a-feira (11) a programa\u00e7\u00e3o completa do Carnaval 2025 em Ribeir\u00e3o Preto. As atividades t\u00eam in\u00edcio nesta quinta-feira (13) e seguem at\u00e9 o dia 4 de mar\u00e7o. A programa\u00e7\u00e3o, que promete ser a maior da hist\u00f3ria da cidade, contar\u00e1 com 60 atra\u00e7\u00f5es\u2026","rel":"","context":"In &quot;Not\u00edcias de Ribeir\u00e3o Preto-SP e Regi\u00e3o&quot;","block_context":{"text":"Not\u00edcias de Ribeir\u00e3o Preto-SP e Regi\u00e3o","link":"https:\/\/noticiasribeiraopreto.com.br\/index.php\/category\/noticias-de-ribeirao-preto-sp-e-regiao-ismael-colosi\/"},"img":{"alt_text":"","src":"https:\/\/i0.wp.com\/noticiasribeiraopreto.com.br\/wp-content\/uploads\/2025\/02\/pessoa-feliz-no-carnaval.jpg?fit=1200%2C800&ssl=1&resize=350%2C200","width":350,"height":200,"srcset":"https:\/\/i0.wp.com\/noticiasribeiraopreto.com.br\/wp-content\/uploads\/2025\/02\/pessoa-feliz-no-carnaval.jpg?fit=1200%2C800&ssl=1&resize=350%2C200 1x, https:\/\/i0.wp.com\/noticiasribeiraopreto.com.br\/wp-content\/uploads\/2025\/02\/pessoa-feliz-no-carnaval.jpg?fit=1200%2C800&ssl=1&resize=525%2C300 1.5x, https:\/\/i0.wp.com\/noticiasribeiraopreto.com.br\/wp-content\/uploads\/2025\/02\/pessoa-feliz-no-carnaval.jpg?fit=1200%2C800&ssl=1&resize=700%2C400 2x, https:\/\/i0.wp.com\/noticiasribeiraopreto.com.br\/wp-content\/uploads\/2025\/02\/pessoa-feliz-no-carnaval.jpg?fit=1200%2C800&ssl=1&resize=1050%2C600 3x"},"classes":[]},{"id":64166,"url":"https:\/\/noticiasribeiraopreto.com.br\/index.php\/2025\/03\/04\/veja-onde-aproveitar-o-carnaval-em-ribeirao-preto-nesta-terca-feira\/","url_meta":{"origin":64145,"position":1},"title":"Veja onde aproveitar o Carnaval em Ribeir\u00e3o Preto nesta ter\u00e7a-feira","author":"noticiasribeiraopreto.com.br","date":"4 de March de 2025","format":false,"excerpt":"Carnaval Guadalupe 2025 (Xapa)\u00a0 Grupos Art\u00edsticos e Culturais\u00a0Hor\u00e1rio: 14h \u00e0s 22h\u00a0Local: Guadalupe Caf\u00e9, rua Visconde do Rio Branco, 710Entrada gratuita Tutubloco! Carnaval de Rua\u00a0 Bloco de Carnaval de Rua\u00a0Hor\u00e1rio: 16h \u00e0s 22h\u00a0Local: Avenida Nove de Julho, 299Entrada gratuita Carnaval da Diversidade\u00a0 Dj com m\u00fasicas de Carnaval\u00a0Hor\u00e1rio: 17h \u00e0s 22h\u00a0Local: Stone\u2026","rel":"","context":"In &quot;Not\u00edcias de Ribeir\u00e3o Preto-SP e Regi\u00e3o&quot;","block_context":{"text":"Not\u00edcias de Ribeir\u00e3o Preto-SP e Regi\u00e3o","link":"https:\/\/noticiasribeiraopreto.com.br\/index.php\/category\/noticias-de-ribeirao-preto-sp-e-regiao-ismael-colosi\/"},"img":{"alt_text":"","src":"https:\/\/i0.wp.com\/noticiasribeiraopreto.com.br\/wp-content\/uploads\/2024\/02\/bloco-carnaval.webp.webp?fit=1024%2C768&ssl=1&resize=350%2C200","width":350,"height":200,"srcset":"https:\/\/i0.wp.com\/noticiasribeiraopreto.com.br\/wp-content\/uploads\/2024\/02\/bloco-carnaval.webp.webp?fit=1024%2C768&ssl=1&resize=350%2C200 1x, https:\/\/i0.wp.com\/noticiasribeiraopreto.com.br\/wp-content\/uploads\/2024\/02\/bloco-carnaval.webp.webp?fit=1024%2C768&ssl=1&resize=525%2C300 1.5x, https:\/\/i0.wp.com\/noticiasribeiraopreto.com.br\/wp-content\/uploads\/2024\/02\/bloco-carnaval.webp.webp?fit=1024%2C768&ssl=1&resize=700%2C400 2x"},"classes":[]},{"id":82178,"url":"https:\/\/noticiasribeiraopreto.com.br\/index.php\/2026\/02\/06\/carnaval-2026-ribeirao-preto-divulga-programacao-oficial\/","url_meta":{"origin":64145,"position":2},"title":"Carnaval 2026: Ribeir\u00e3o Preto divulga programa\u00e7\u00e3o oficial","author":"noticiasribeiraopreto.com.br","date":"6 de February de 2026","format":false,"excerpt":"A Prefeitura de Ribeir\u00e3o Preto divulgou a programa\u00e7\u00e3o oficial do Carnaval Ribeir\u00e3o 2026. Entre os dias 12 e 20 de fevereiro, est\u00e3o previstos mais de 50 eventos gratuitos, que ser\u00e3o realizados em ruas, pra\u00e7as, centros culturais e outros espa\u00e7os do munic\u00edpio. A abertura oficial da programa\u00e7\u00e3o ser\u00e1 com o show\u2026","rel":"","context":"In &quot;Not\u00edcias de Ribeir\u00e3o Preto-SP e Regi\u00e3o&quot;","block_context":{"text":"Not\u00edcias de Ribeir\u00e3o Preto-SP e Regi\u00e3o","link":"https:\/\/noticiasribeiraopreto.com.br\/index.php\/category\/noticias-de-ribeirao-preto-sp-e-regiao-ismael-colosi\/"},"img":{"alt_text":"","src":"https:\/\/i0.wp.com\/noticiasribeiraopreto.com.br\/wp-content\/uploads\/2026\/02\/WhatsApp-Image-2025-02-18-at-17.24.59_2025-02-20_19-24-37_jpeg_2025-02-20_19-24-37.webp.webp?fit=1200%2C800&ssl=1&resize=350%2C200","width":350,"height":200,"srcset":"https:\/\/i0.wp.com\/noticiasribeiraopreto.com.br\/wp-content\/uploads\/2026\/02\/WhatsApp-Image-2025-02-18-at-17.24.59_2025-02-20_19-24-37_jpeg_2025-02-20_19-24-37.webp.webp?fit=1200%2C800&ssl=1&resize=350%2C200 1x, https:\/\/i0.wp.com\/noticiasribeiraopreto.com.br\/wp-content\/uploads\/2026\/02\/WhatsApp-Image-2025-02-18-at-17.24.59_2025-02-20_19-24-37_jpeg_2025-02-20_19-24-37.webp.webp?fit=1200%2C800&ssl=1&resize=525%2C300 1.5x, https:\/\/i0.wp.com\/noticiasribeiraopreto.com.br\/wp-content\/uploads\/2026\/02\/WhatsApp-Image-2025-02-18-at-17.24.59_2025-02-20_19-24-37_jpeg_2025-02-20_19-24-37.webp.webp?fit=1200%2C800&ssl=1&resize=700%2C400 2x, https:\/\/i0.wp.com\/noticiasribeiraopreto.com.br\/wp-content\/uploads\/2026\/02\/WhatsApp-Image-2025-02-18-at-17.24.59_2025-02-20_19-24-37_jpeg_2025-02-20_19-24-37.webp.webp?fit=1200%2C800&ssl=1&resize=1050%2C600 3x"},"classes":[]},{"id":82430,"url":"https:\/\/noticiasribeiraopreto.com.br\/index.php\/2026\/02\/14\/cumbia-calavera-abre-carnaval-de-rua-na-nove-de-julho-em-ribeirao-preto\/","url_meta":{"origin":64145,"position":3},"title":"Cumbia Calavera abre carnaval de rua na Nove de Julho em Ribeir\u00e3o Preto","author":"noticiasribeiraopreto.com.br","date":"14 de February de 2026","format":false,"excerpt":"A Cumbia Calavera abre, nesta sexta-feira (13), a programa\u00e7\u00e3o do Carnaval de Todos os Cantos e marca o retorno dos blocos \u00e0 avenida Nove de Julho, em Ribeir\u00e3o Preto. A partir das 19h30, a fanfarra latina puxa os foli\u00f5es rumo ao Sesc Ribeir\u00e3o Preto e d\u00e1 in\u00edcio a uma agenda\u2026","rel":"","context":"In &quot;Not\u00edcias de Ribeir\u00e3o Preto-SP e Regi\u00e3o&quot;","block_context":{"text":"Not\u00edcias de Ribeir\u00e3o Preto-SP e Regi\u00e3o","link":"https:\/\/noticiasribeiraopreto.com.br\/index.php\/category\/noticias-de-ribeirao-preto-sp-e-regiao-ismael-colosi\/"},"img":{"alt_text":"","src":"https:\/\/i0.wp.com\/noticiasribeiraopreto.com.br\/wp-content\/uploads\/2026\/02\/palace-17_2026-02-13_20-13-55.webp.webp?fit=1200%2C675&ssl=1&resize=350%2C200","width":350,"height":200,"srcset":"https:\/\/i0.wp.com\/noticiasribeiraopreto.com.br\/wp-content\/uploads\/2026\/02\/palace-17_2026-02-13_20-13-55.webp.webp?fit=1200%2C675&ssl=1&resize=350%2C200 1x, https:\/\/i0.wp.com\/noticiasribeiraopreto.com.br\/wp-content\/uploads\/2026\/02\/palace-17_2026-02-13_20-13-55.webp.webp?fit=1200%2C675&ssl=1&resize=525%2C300 1.5x, https:\/\/i0.wp.com\/noticiasribeiraopreto.com.br\/wp-content\/uploads\/2026\/02\/palace-17_2026-02-13_20-13-55.webp.webp?fit=1200%2C675&ssl=1&resize=700%2C400 2x, https:\/\/i0.wp.com\/noticiasribeiraopreto.com.br\/wp-content\/uploads\/2026\/02\/palace-17_2026-02-13_20-13-55.webp.webp?fit=1200%2C675&ssl=1&resize=1050%2C600 3x"},"classes":[]},{"id":64088,"url":"https:\/\/noticiasribeiraopreto.com.br\/index.php\/2025\/03\/01\/veja-as-opcoes-para-curtir-o-sabado-de-carnaval-em-ribeirao-preto\/","url_meta":{"origin":64145,"position":4},"title":"Veja as op\u00e7\u00f5es para curtir o s\u00e1bado de Carnaval em Ribeir\u00e3o Preto","author":"noticiasribeiraopreto.com.br","date":"1 de March de 2025","format":false,"excerpt":"O m\u00eas de mar\u00e7o come\u00e7ou logo no s\u00e1bado de Carnaval, e Ribeir\u00e3o Preto conta com diversas atividades para quem n\u00e3o quer ficar parado. Confira os bloquinhos que tomam conta da cidade: Afox\u00e9 Om\u00f3 Or\u00fanmil\u00e1 Neste s\u00e1bado (1\u00ba mar\u00e7o), o tradicional Afox\u00e9 Om\u00f3 Or\u00f9nmil\u00e1 comemora 30 anos no Teatro de Arena,\u2026","rel":"","context":"In &quot;Not\u00edcias de Ribeir\u00e3o Preto-SP e Regi\u00e3o&quot;","block_context":{"text":"Not\u00edcias de Ribeir\u00e3o Preto-SP e Regi\u00e3o","link":"https:\/\/noticiasribeiraopreto.com.br\/index.php\/category\/noticias-de-ribeirao-preto-sp-e-regiao-ismael-colosi\/"},"img":{"alt_text":"","src":"https:\/\/i0.wp.com\/noticiasribeiraopreto.com.br\/wp-content\/uploads\/2025\/03\/Snapinst.app_473669436_18478971064024389_448097986808217743_n_1080-e1739987310882-664x332-1_2025-02-28_13-27-28_jpg_2025-02-28_13-27-28.webp.webp?fit=664%2C332&ssl=1&resize=350%2C200","width":350,"height":200,"srcset":"https:\/\/i0.wp.com\/noticiasribeiraopreto.com.br\/wp-content\/uploads\/2025\/03\/Snapinst.app_473669436_18478971064024389_448097986808217743_n_1080-e1739987310882-664x332-1_2025-02-28_13-27-28_jpg_2025-02-28_13-27-28.webp.webp?fit=664%2C332&ssl=1&resize=350%2C200 1x, https:\/\/i0.wp.com\/noticiasribeiraopreto.com.br\/wp-content\/uploads\/2025\/03\/Snapinst.app_473669436_18478971064024389_448097986808217743_n_1080-e1739987310882-664x332-1_2025-02-28_13-27-28_jpg_2025-02-28_13-27-28.webp.webp?fit=664%2C332&ssl=1&resize=525%2C300 1.5x"},"classes":[]},{"id":64069,"url":"https:\/\/noticiasribeiraopreto.com.br\/index.php\/2025\/02\/28\/bloco-de-carnaval-acontece-em-tradicional-avenida-de-ribeirao-preto-veja-quando\/","url_meta":{"origin":64145,"position":5},"title":"Bloco de Carnaval acontece em tradicional avenida de Ribeir\u00e3o Preto; Veja quando","author":"noticiasribeiraopreto.com.br","date":"28 de February de 2025","format":false,"excerpt":"Ribeir\u00e3o Preto recebe no domingo (2) e na segunda-feira (3), a quarta edi\u00e7\u00e3o do \u201cUm Amor em Cada Bloco\u201d, evento gratuito que busca resgatar o tradicional Carnaval de rua no mun\u00edcipio. A festa acontece das 15h \u00e0s 22h, na avenida Nove de Julho, entre as ruas Tibiri\u00e7\u00e1 e Visconde do\u2026","rel":"","context":"In &quot;Not\u00edcias de Ribeir\u00e3o Preto-SP e Regi\u00e3o&quot;","block_context":{"text":"Not\u00edcias de Ribeir\u00e3o Preto-SP e Regi\u00e3o","link":"https:\/\/noticiasribeiraopreto.com.br\/index.php\/category\/noticias-de-ribeirao-preto-sp-e-regiao-ismael-colosi\/"},"img":{"alt_text":"","src":"https:\/\/i0.wp.com\/noticiasribeiraopreto.com.br\/wp-content\/uploads\/2025\/02\/WhatsApp-Image-2025-02-18-at-17.25.00-3_2025-02-28_15-10-40_jpeg_2025-02-28_15-10-40.webp.webp?fit=1200%2C800&ssl=1&resize=350%2C200","width":350,"height":200,"srcset":"https:\/\/i0.wp.com\/noticiasribeiraopreto.com.br\/wp-content\/uploads\/2025\/02\/WhatsApp-Image-2025-02-18-at-17.25.00-3_2025-02-28_15-10-40_jpeg_2025-02-28_15-10-40.webp.webp?fit=1200%2C800&ssl=1&resize=350%2C200 1x, https:\/\/i0.wp.com\/noticiasribeiraopreto.com.br\/wp-content\/uploads\/2025\/02\/WhatsApp-Image-2025-02-18-at-17.25.00-3_2025-02-28_15-10-40_jpeg_2025-02-28_15-10-40.webp.webp?fit=1200%2C800&ssl=1&resize=525%2C300 1.5x, https:\/\/i0.wp.com\/noticiasribeiraopreto.com.br\/wp-content\/uploads\/2025\/02\/WhatsApp-Image-2025-02-18-at-17.25.00-3_2025-02-28_15-10-40_jpeg_2025-02-28_15-10-40.webp.webp?fit=1200%2C800&ssl=1&resize=700%2C400 2x, https:\/\/i0.wp.com\/noticiasribeiraopreto.com.br\/wp-content\/uploads\/2025\/02\/WhatsApp-Image-2025-02-18-at-17.25.00-3_2025-02-28_15-10-40_jpeg_2025-02-28_15-10-40.webp.webp?fit=1200%2C800&ssl=1&resize=1050%2C600 3x"},"classes":[]}],"jetpack_sharing_enabled":true,"jetpack_shortlink":"https:\/\/wp.me\/peQAOb-gGB","jetpack_featured_media_url":"https:\/\/i0.wp.com\/noticiasribeiraopreto.com.br\/wp-content\/uploads\/2025\/03\/bloco-de-carnaval_2025-03-03_13-40-12_jpeg_2025-03-03_13-40-13.webp.webp?fit=1280%2C852&ssl=1","_links":{"self":[{"href":"https:\/\/noticiasribeiraopreto.com.br\/index.php\/wp-json\/wp\/v2\/posts\/64145","targetHints":{"allow":["GET"]}}],"collection":[{"href":"https:\/\/noticiasribeiraopreto.com.br\/index.php\/wp-json\/wp\/v2\/posts"}],"about":[{"href":"https:\/\/noticiasribeiraopreto.com.br\/index.php\/wp-json\/wp\/v2\/types\/post"}],"author":[{"embeddable":true,"href":"https:\/\/noticiasribeiraopreto.com.br\/index.php\/wp-json\/wp\/v2\/users\/1"}],"replies":[{"embeddable":true,"href":"https:\/\/noticiasribeiraopreto.com.br\/index.php\/wp-json\/wp\/v2\/comments?post=64145"}],"version-history":[{"count":0,"href":"https:\/\/noticiasribeiraopreto.com.br\/index.php\/wp-json\/wp\/v2\/posts\/64145\/revisions"}],"wp:featuredmedia":[{"embeddable":true,"href":"https:\/\/noticiasribeiraopreto.com.br\/index.php\/wp-json\/wp\/v2\/media\/64146"}],"wp:attachment":[{"href":"https:\/\/noticiasribeiraopreto.com.br\/index.php\/wp-json\/wp\/v2\/media?parent=64145"}],"wp:term":[{"taxonomy":"category","embeddable":true,"href":"https:\/\/noticiasribeiraopreto.com.br\/index.php\/wp-json\/wp\/v2\/categories?post=64145"},{"taxonomy":"post_tag","embeddable":true,"href":"https:\/\/noticiasribeiraopreto.com.br\/index.php\/wp-json\/wp\/v2\/tags?post=64145"}],"curies":[{"name":"wp","href":"https:\/\/api.w.org\/{rel}","templated":true}]}}