{"id":6415,"date":"2023-11-25T19:39:10","date_gmt":"2023-11-25T22:39:10","guid":{"rendered":"https:\/\/noticiasribeiraopreto.com.br\/index.php\/2023\/11\/25\/black-se-revolta-diz-que-a-fazenda-15-e-uma-desgraca-e-xinga-o-publico\/"},"modified":"2023-11-25T19:39:10","modified_gmt":"2023-11-25T22:39:10","slug":"black-se-revolta-diz-que-a-fazenda-15-e-uma-desgraca-e-xinga-o-publico","status":"publish","type":"post","link":"https:\/\/noticiasribeiraopreto.com.br\/index.php\/2023\/11\/25\/black-se-revolta-diz-que-a-fazenda-15-e-uma-desgraca-e-xinga-o-publico\/","title":{"rendered":"Black se revolta, diz que A Fazenda 15 \u00e9 uma &#8216;desgra\u00e7a&#8217; e xinga o p\u00fablico"},"content":{"rendered":"<div class='code-block code-block-1' style='margin: 8px 0 8px auto; text-align: right; display: block; clear: both;'>\n<p><a href=\"https:\/\/wa.link\/vpicfd\"><img data-recalc-dims=\"1\" class=\"wp-image-4922\" style=\"aspect-ratio: 2.0253164556962027; width: 561px; height: auto;\" src=\"https:\/\/i0.wp.com\/ismaelcolosi.com.br\/wp-content\/uploads\/2023\/11\/grupo-de-empregos-whatsapp-e-facebook-ismael-colosi-vagas.jpg?ssl=1\" alt=\"\" \/><\/a><\/p>\n<!-- \/wp:image -->\n<\/div>\n<p> <br \/>\n<\/p>\n<div itemprop=\"text\">\n<p>De forma recente, Cezar Black se mostrou irritado com o programa \u2018A Fazenda 15\u2019. Acontece que o ex-BBB tem passado por poucas e boas dentro do Reality Show, ap\u00f3s a elimina\u00e7\u00e3o de Al\u00edcia X, sua aliada no grupo Paiol.<\/p>\n<p>Na festa que aconteceu durante a madrugada, ele se revoltou e alegou que nunca teria dependido de Reality Show e ainda teria mandado um \u2018foda-s3\u2019 para o programa e para todas as pessoas que estavam falando mal dele.<\/p>\n<p><strong>\u201cNunca mais aqui dentro nenhum \u2018merd*\u2019 vai me fazer duvidar de quem eu sou. Um bando de hip\u00f3critas de \u2018merd*\u2019. Aceito perder f\u00e1cil para essa p*rra de lixo de gente, que a gente convive diariamente, que \u00e9 farsante, personagem e ficam tentando emplacar meme toda hora e chora de mentira\u201d<\/strong>, declarou ele, revoltado ao conversar com outro participante.<\/p>\n<p>Logo em seguida, o ex-BBB tamb\u00e9m despejou o seu rancor no p\u00fablico, que \u00e9 o respons\u00e1vel por eleger quem ser\u00e1 o ganhador do Reality Show.<\/p>\n<p>Ele declarou que n\u00e3o liga se o p\u00fablico est\u00e1 o achando escroto e que teria seu dinheiro, o seu trabalho e n\u00e3o dependeria de ningu\u00e9m para nada.<\/p>\n<p>Abaixo voc\u00ea pode conferir com mais detalhes o v\u00eddeo que mostra toda a situa\u00e7\u00e3o, com a revolta do participante:<\/p>\n<blockquote class=\"twitter-tweet\">\n<p dir=\"ltr\" lang=\"pt\">Os crias est\u00e3o na mira do fazendeiro. Cezar Black pretende indicar WL para a ro\u00e7a mas, caso o pe\u00e3o esteja na baia, seu alvo ser\u00e1 Tonz\u00e3o! Se preparem para votar \u00e1guias \ud83d\udc4a\ud83c\udffe <a href=\"https:\/\/twitter.com\/hashtag\/AFazenda?src=hash&amp;ref_src=twsrc%5Etfw\">#AFazenda<\/a> <a href=\"https:\/\/twitter.com\/hashtag\/TeamTonz%C3%A3o?src=hash&amp;ref_src=twsrc%5Etfw\">#TeamTonz\u00e3o<\/a> <a href=\"https:\/\/t.co\/3M43WIRpbK\">pic.twitter.com\/3M43WIRpbK<\/a><\/p>\n<p>\u2014 Tonz\u00e3o Chagas \ud83e\udd85 (@TonzaoChagas) <a href=\"https:\/\/twitter.com\/TonzaoChagas\/status\/1728253777327857733?ref_src=twsrc%5Etfw\">November 25, 2023<\/a><\/p>\n<\/blockquote>\n<p>O ex-BBB ainda garantiu que se precisar sair do programa, sair\u00e1 com a cabe\u00e7a erguida e sem arrependimentos das atitudes que cometeu durante sua participa\u00e7\u00e3o.<\/p>\n<\/div>\n<p><script async src=\"\/\/platform.twitter.com\/widgets.js\" charset=\"utf-8\"><\/script><br \/>\n<br \/><br \/>\n<br \/><a href=\"https:\/\/fnmais.com\/black-se-revolta-diz-que-fazenda-15-desgraca-xinga-publico\/\">Source link <\/a><\/p>\n<!-- CONTENT END 1 -->\n","protected":false},"excerpt":{"rendered":"<p>De forma recente, Cezar Black se mostrou irritado com o programa \u2018A Fazenda 15\u2019. Acontece que o ex-BBB tem passado por poucas e boas dentro&#8230;<\/p>\n","protected":false},"author":1,"featured_media":6416,"comment_status":"open","ping_status":"open","sticky":false,"template":"","format":"standard","meta":{"advanced_seo_description":"","jetpack_seo_html_title":"","jetpack_seo_noindex":false,"jetpack_post_was_ever_published":false,"_jetpack_newsletter_access":"","_jetpack_dont_email_post_to_subs":false,"_jetpack_newsletter_tier_id":0,"_jetpack_memberships_contains_paywalled_content":false,"_jetpack_memberships_contains_paid_content":false,"footnotes":"","jetpack_publicize_message":"","jetpack_publicize_feature_enabled":true,"jetpack_social_post_already_shared":true,"jetpack_social_options":{"image_generator_settings":{"template":"highway","default_image_id":0,"font":"","enabled":false},"version":2}},"categories":[1],"tags":[],"class_list":["post-6415","post","type-post","status-publish","format-standard","has-post-thumbnail","hentry","category-blog"],"jetpack_publicize_connections":[],"jetpack_featured_media_url":"https:\/\/i0.wp.com\/noticiasribeiraopreto.com.br\/wp-content\/uploads\/2023\/11\/postimg-6562713c3fcf79016.jpg?fit=1200%2C628&ssl=1","jetpack-related-posts":[{"id":29953,"url":"https:\/\/noticiasribeiraopreto.com.br\/index.php\/2024\/01\/19\/suposta-traicao-em-santa-catarina-e-exposta-em-grupo-do-bbb-24-e-viraliza\/","url_meta":{"origin":6415,"position":0},"title":"Suposta trai\u00e7\u00e3o em Santa Catarina \u00e9 exposta em grupo do BBB 24 e viraliza","author":"noticiasribeiraopreto.com.br","date":"19 de January de 2024","format":false,"excerpt":"A vig\u00e9sima quarta edi\u00e7\u00e3o do Big Brother Brasil teria colocado fim em um relacionamento, isso porque uma suposta trai\u00e7\u00e3o acabou viralizando em um grupo do Telegram sobre o programa e ganhou destaque em v\u00e1rios portais de not\u00edcias.Como acontece em todas as edi\u00e7\u00f5es do reality show da Globo, a curiosidade sobre\u2026","rel":"","context":"In &quot;Blog&quot;","block_context":{"text":"Blog","link":"https:\/\/noticiasribeiraopreto.com.br\/index.php\/category\/blog\/"},"img":{"alt_text":"","src":"https:\/\/i0.wp.com\/noticiasribeiraopreto.com.br\/wp-content\/uploads\/2024\/01\/postimg-65aade21360c31483.jpg?fit=1200%2C628&ssl=1&resize=350%2C200","width":350,"height":200,"srcset":"https:\/\/i0.wp.com\/noticiasribeiraopreto.com.br\/wp-content\/uploads\/2024\/01\/postimg-65aade21360c31483.jpg?fit=1200%2C628&ssl=1&resize=350%2C200 1x, https:\/\/i0.wp.com\/noticiasribeiraopreto.com.br\/wp-content\/uploads\/2024\/01\/postimg-65aade21360c31483.jpg?fit=1200%2C628&ssl=1&resize=525%2C300 1.5x, https:\/\/i0.wp.com\/noticiasribeiraopreto.com.br\/wp-content\/uploads\/2024\/01\/postimg-65aade21360c31483.jpg?fit=1200%2C628&ssl=1&resize=700%2C400 2x, https:\/\/i0.wp.com\/noticiasribeiraopreto.com.br\/wp-content\/uploads\/2024\/01\/postimg-65aade21360c31483.jpg?fit=1200%2C628&ssl=1&resize=1050%2C600 3x"},"classes":[]},{"id":19409,"url":"https:\/\/noticiasribeiraopreto.com.br\/index.php\/2023\/12\/22\/ex-bbb-jaquelline-grohalski-vence-a-fazenda-15-e-recebe-comentario-polemico-de-boninho\/","url_meta":{"origin":6415,"position":1},"title":"Ex-BBB Jaquelline Grohalski vence &#8216;A Fazenda 15&#8217; e recebe coment\u00e1rio pol\u00eamico de Boninho","author":"noticiasribeiraopreto.com.br","date":"22 de December de 2023","format":false,"excerpt":"A Fazenda 15 chegou ao fim na noite de quinta feira. O reality contou com a participa\u00e7\u00e3o de 22 famosos. Entre atores, cantores, influenciadores e ex BBBs, a edi\u00e7\u00e3o entregou o pr\u00eamioA grande campe\u00e3 foi a ex BBB Jaqueline Grohalski foi quem levou para casa o pr\u00eamio de R$ 1,5\u2026","rel":"","context":"In &quot;Blog&quot;","block_context":{"text":"Blog","link":"https:\/\/noticiasribeiraopreto.com.br\/index.php\/category\/blog\/"},"img":{"alt_text":"","src":"https:\/\/i0.wp.com\/noticiasribeiraopreto.com.br\/wp-content\/uploads\/2023\/12\/postimg-658595ed897666082.jpg?fit=1200%2C628&ssl=1&resize=350%2C200","width":350,"height":200,"srcset":"https:\/\/i0.wp.com\/noticiasribeiraopreto.com.br\/wp-content\/uploads\/2023\/12\/postimg-658595ed897666082.jpg?fit=1200%2C628&ssl=1&resize=350%2C200 1x, https:\/\/i0.wp.com\/noticiasribeiraopreto.com.br\/wp-content\/uploads\/2023\/12\/postimg-658595ed897666082.jpg?fit=1200%2C628&ssl=1&resize=525%2C300 1.5x, https:\/\/i0.wp.com\/noticiasribeiraopreto.com.br\/wp-content\/uploads\/2023\/12\/postimg-658595ed897666082.jpg?fit=1200%2C628&ssl=1&resize=700%2C400 2x, https:\/\/i0.wp.com\/noticiasribeiraopreto.com.br\/wp-content\/uploads\/2023\/12\/postimg-658595ed897666082.jpg?fit=1200%2C628&ssl=1&resize=1050%2C600 3x"},"classes":[]},{"id":5822,"url":"https:\/\/noticiasribeiraopreto.com.br\/index.php\/2023\/11\/24\/video-apos-saida-de-lucas-souza-cezar-black-toma-decisao-nunca-mais\/","url_meta":{"origin":6415,"position":2},"title":"V\u00eddeo: Ap\u00f3s sa\u00edda de Lucas Souza, Cez\u00e1r Black toma decis\u00e3o: \u201cNunca mais\u201d","author":"noticiasribeiraopreto.com.br","date":"24 de November de 2023","format":false,"excerpt":"Estar em confinamento influ\u00eancia os participantes a tomarem diversas decis\u00f5es e posicionamentos. As vezes, parte dessas escolhas trazem grandes consequ\u00eancias e grandes impactos.A Fazenda 15 est\u00e1 sendo caracterizada por pol\u00eamicas sucessivas. De puni\u00e7\u00f5es a expuls\u00e3o, o reality chegou a contar tamb\u00e9m com uma desist\u00eancia que chocou os participantes.C\u00e9zar Black e\u2026","rel":"","context":"In &quot;Blog&quot;","block_context":{"text":"Blog","link":"https:\/\/noticiasribeiraopreto.com.br\/index.php\/category\/blog\/"},"img":{"alt_text":"","src":"https:\/\/i0.wp.com\/noticiasribeiraopreto.com.br\/wp-content\/uploads\/2023\/11\/postimg-6560b9d9e69013821.jpg?fit=1200%2C628&ssl=1&resize=350%2C200","width":350,"height":200,"srcset":"https:\/\/i0.wp.com\/noticiasribeiraopreto.com.br\/wp-content\/uploads\/2023\/11\/postimg-6560b9d9e69013821.jpg?fit=1200%2C628&ssl=1&resize=350%2C200 1x, https:\/\/i0.wp.com\/noticiasribeiraopreto.com.br\/wp-content\/uploads\/2023\/11\/postimg-6560b9d9e69013821.jpg?fit=1200%2C628&ssl=1&resize=525%2C300 1.5x, https:\/\/i0.wp.com\/noticiasribeiraopreto.com.br\/wp-content\/uploads\/2023\/11\/postimg-6560b9d9e69013821.jpg?fit=1200%2C628&ssl=1&resize=700%2C400 2x, https:\/\/i0.wp.com\/noticiasribeiraopreto.com.br\/wp-content\/uploads\/2023\/11\/postimg-6560b9d9e69013821.jpg?fit=1200%2C628&ssl=1&resize=1050%2C600 3x"},"classes":[]},{"id":5304,"url":"https:\/\/noticiasribeiraopreto.com.br\/index.php\/2023\/11\/23\/rachel-sheherazade-declara-apoio-a-lucas-souza-apos-sua-desistencia-de-a-fazenda-15\/","url_meta":{"origin":6415,"position":3},"title":"Rachel Sheherazade declara apoio a Lucas Souza ap\u00f3s sua desist\u00eancia de &#8216;A Fazenda 15&#8217;","author":"noticiasribeiraopreto.com.br","date":"23 de November de 2023","format":false,"excerpt":"A participa\u00e7\u00e3o do ex militar Lucas Souza est\u00e1 dando o que falar desde o come\u00e7o da edi\u00e7\u00e3o. O ex de Jojo Todynho atualmente \u00e9 o assunto do momento ap\u00f3s desistir do programa.Lucas saiu do programa ontem, quarta feira 22 de novembro, alegando n\u00e3o estar se sentindo bem mais dentro da\u2026","rel":"","context":"In &quot;Blog&quot;","block_context":{"text":"Blog","link":"https:\/\/noticiasribeiraopreto.com.br\/index.php\/category\/blog\/"},"img":{"alt_text":"","src":"https:\/\/i0.wp.com\/noticiasribeiraopreto.com.br\/wp-content\/uploads\/2023\/11\/postimg-655f60bd3aaec4332.jpg?fit=1200%2C713&ssl=1&resize=350%2C200","width":350,"height":200,"srcset":"https:\/\/i0.wp.com\/noticiasribeiraopreto.com.br\/wp-content\/uploads\/2023\/11\/postimg-655f60bd3aaec4332.jpg?fit=1200%2C713&ssl=1&resize=350%2C200 1x, https:\/\/i0.wp.com\/noticiasribeiraopreto.com.br\/wp-content\/uploads\/2023\/11\/postimg-655f60bd3aaec4332.jpg?fit=1200%2C713&ssl=1&resize=525%2C300 1.5x, https:\/\/i0.wp.com\/noticiasribeiraopreto.com.br\/wp-content\/uploads\/2023\/11\/postimg-655f60bd3aaec4332.jpg?fit=1200%2C713&ssl=1&resize=700%2C400 2x, https:\/\/i0.wp.com\/noticiasribeiraopreto.com.br\/wp-content\/uploads\/2023\/11\/postimg-655f60bd3aaec4332.jpg?fit=1200%2C713&ssl=1&resize=1050%2C600 3x"},"classes":[]},{"id":26054,"url":"https:\/\/noticiasribeiraopreto.com.br\/index.php\/2024\/01\/09\/ex-bbb-gustavo-benedeti-faz-pedido-de-casamento-para-namorada-eu-disse-sim\/","url_meta":{"origin":6415,"position":4},"title":"Ex-BBB Gustavo Benedeti faz pedido de casamento para namorada: &#8216;Eu disse sim&#8217;","author":"noticiasribeiraopreto.com.br","date":"9 de January de 2024","format":false,"excerpt":"Conhecido no pa\u00eds depois de sua participa\u00e7\u00e3o no BBB23, Gustavo Benedeti encantou seus seguidores com um recente an\u00fancio. O rapaz decidiu dar um passo a mais em seu relacionamento amoroso.Gustavo, que tamb\u00e9m ficou conhecido como Cowboy, vive um relacionamento com Ana Paula Heiss. Os dois ficaram noivos ap\u00f3s um pedido\u2026","rel":"","context":"In &quot;Blog&quot;","block_context":{"text":"Blog","link":"https:\/\/noticiasribeiraopreto.com.br\/index.php\/category\/blog\/"},"img":{"alt_text":"","src":"https:\/\/i0.wp.com\/noticiasribeiraopreto.com.br\/wp-content\/uploads\/2024\/01\/postimg-659ccef986cb53366.jpg?fit=1200%2C628&ssl=1&resize=350%2C200","width":350,"height":200,"srcset":"https:\/\/i0.wp.com\/noticiasribeiraopreto.com.br\/wp-content\/uploads\/2024\/01\/postimg-659ccef986cb53366.jpg?fit=1200%2C628&ssl=1&resize=350%2C200 1x, https:\/\/i0.wp.com\/noticiasribeiraopreto.com.br\/wp-content\/uploads\/2024\/01\/postimg-659ccef986cb53366.jpg?fit=1200%2C628&ssl=1&resize=525%2C300 1.5x, https:\/\/i0.wp.com\/noticiasribeiraopreto.com.br\/wp-content\/uploads\/2024\/01\/postimg-659ccef986cb53366.jpg?fit=1200%2C628&ssl=1&resize=700%2C400 2x, https:\/\/i0.wp.com\/noticiasribeiraopreto.com.br\/wp-content\/uploads\/2024\/01\/postimg-659ccef986cb53366.jpg?fit=1200%2C628&ssl=1&resize=1050%2C600 3x"},"classes":[]},{"id":11702,"url":"https:\/\/noticiasribeiraopreto.com.br\/index.php\/2023\/12\/06\/governo-vai-prorrogar-programa-desenrola-por-mais-tres-meses\/","url_meta":{"origin":6415,"position":5},"title":"Governo vai prorrogar Programa Desenrola por mais tr\u00eas meses","author":"noticiasribeiraopreto.com.br","date":"6 de December de 2023","format":false,"excerpt":"6 de dezembro de 2023 | 17:306 de dezembro de 2023 | 14:03 0O governo federal vai prorrogar o Desenrola por mais tr\u00eas meses. O programa de renegocia\u00e7\u00e3o de d\u00edvidas termina no dia 31 de dezembro. Segundo informou hoje (6) o secret\u00e1rio de Reformas Econ\u00f4micas do Minist\u00e9rio da Fazenda, Marcos\u2026","rel":"","context":"In &quot;Not\u00edcias de Ribeir\u00e3o Preto-SP e Regi\u00e3o&quot;","block_context":{"text":"Not\u00edcias de Ribeir\u00e3o Preto-SP e Regi\u00e3o","link":"https:\/\/noticiasribeiraopreto.com.br\/index.php\/category\/noticias-de-ribeirao-preto-sp-e-regiao-ismael-colosi\/"},"img":{"alt_text":"","src":"https:\/\/i0.wp.com\/noticiasribeiraopreto.com.br\/wp-content\/uploads\/2023\/12\/desenrola-1-scaled.jpg?fit=967%2C645&ssl=1&resize=350%2C200","width":350,"height":200,"srcset":"https:\/\/i0.wp.com\/noticiasribeiraopreto.com.br\/wp-content\/uploads\/2023\/12\/desenrola-1-scaled.jpg?fit=967%2C645&ssl=1&resize=350%2C200 1x, https:\/\/i0.wp.com\/noticiasribeiraopreto.com.br\/wp-content\/uploads\/2023\/12\/desenrola-1-scaled.jpg?fit=967%2C645&ssl=1&resize=525%2C300 1.5x, https:\/\/i0.wp.com\/noticiasribeiraopreto.com.br\/wp-content\/uploads\/2023\/12\/desenrola-1-scaled.jpg?fit=967%2C645&ssl=1&resize=700%2C400 2x"},"classes":[]}],"jetpack_sharing_enabled":true,"jetpack_shortlink":"https:\/\/wp.me\/peQAOb-1Ft","_links":{"self":[{"href":"https:\/\/noticiasribeiraopreto.com.br\/index.php\/wp-json\/wp\/v2\/posts\/6415","targetHints":{"allow":["GET"]}}],"collection":[{"href":"https:\/\/noticiasribeiraopreto.com.br\/index.php\/wp-json\/wp\/v2\/posts"}],"about":[{"href":"https:\/\/noticiasribeiraopreto.com.br\/index.php\/wp-json\/wp\/v2\/types\/post"}],"author":[{"embeddable":true,"href":"https:\/\/noticiasribeiraopreto.com.br\/index.php\/wp-json\/wp\/v2\/users\/1"}],"replies":[{"embeddable":true,"href":"https:\/\/noticiasribeiraopreto.com.br\/index.php\/wp-json\/wp\/v2\/comments?post=6415"}],"version-history":[{"count":0,"href":"https:\/\/noticiasribeiraopreto.com.br\/index.php\/wp-json\/wp\/v2\/posts\/6415\/revisions"}],"wp:featuredmedia":[{"embeddable":true,"href":"https:\/\/noticiasribeiraopreto.com.br\/index.php\/wp-json\/wp\/v2\/media\/6416"}],"wp:attachment":[{"href":"https:\/\/noticiasribeiraopreto.com.br\/index.php\/wp-json\/wp\/v2\/media?parent=6415"}],"wp:term":[{"taxonomy":"category","embeddable":true,"href":"https:\/\/noticiasribeiraopreto.com.br\/index.php\/wp-json\/wp\/v2\/categories?post=6415"},{"taxonomy":"post_tag","embeddable":true,"href":"https:\/\/noticiasribeiraopreto.com.br\/index.php\/wp-json\/wp\/v2\/tags?post=6415"}],"curies":[{"name":"wp","href":"https:\/\/api.w.org\/{rel}","templated":true}]}}