{"id":64235,"date":"2025-03-06T08:12:51","date_gmt":"2025-03-06T11:12:51","guid":{"rendered":"https:\/\/noticiasribeiraopreto.com.br\/index.php\/2025\/03\/06\/onibus-cai-em-ribanceira-e-deixa-ao-menos-um-morto-em-rodovia-no-interior-de-sp\/"},"modified":"2025-03-06T08:12:51","modified_gmt":"2025-03-06T11:12:51","slug":"onibus-cai-em-ribanceira-e-deixa-ao-menos-um-morto-em-rodovia-no-interior-de-sp","status":"publish","type":"post","link":"https:\/\/noticiasribeiraopreto.com.br\/index.php\/2025\/03\/06\/onibus-cai-em-ribanceira-e-deixa-ao-menos-um-morto-em-rodovia-no-interior-de-sp\/","title":{"rendered":"\u00d4nibus cai em ribanceira e deixa ao menos um morto em rodovia no interior de SP"},"content":{"rendered":"<p> <br \/>\n<\/p>\n<div data-td-block-uid=\"tdi_95\">\n<div class=\"tdb-block-inner td-fix-index\">\n<p><strong>Um \u00f4nibus com 45 pessoas caiu em uma ribanceira da rodovia Presidente Dutra, na madrugada desta quinta-feira (6), em trecho de Pindamonhangaba, no Vale do Para\u00edba, interior de SP.<\/strong><\/p>\n<p>Segundo as primeiras informa\u00e7\u00f5es, <mark style=\"background-color:#abb8c3\" class=\"has-inline-color has-black-color\">ao menos uma pessoa morreu e 25 ficaram feridas.<\/mark><\/p>\n<p>O ve\u00edculo seguia do Rio de Janeiro para S\u00e3o Paulo.<\/p>\n<p>O Corpo de Bombeiros informou, inicialmente, que o \u00f4nibus teria apresentado problemas mec\u00e2nicos. Ao parar no acostamento da rodovia, o solo teria cedido e o ve\u00edculo caiu na ribanceira, com aproximadamente sete metros.<\/p>\n<p>A v\u00edtima que n\u00e3o resistiu e faleceu \u00e9 um adolescente de 13 anos.<\/p>\n<p>As causas, por\u00e9m, ainda dever\u00e3o ser apuradas.<\/p>\n<p>SAIBA MAIS<\/p>\n<p>Temperatura vai cair? Veja como ser\u00e1 o efeito da frente fria no estado de SP<\/p>\n<h4 class=\"wp-block-heading\"><strong>FIQUE ON<\/strong><\/h4>\n<p>Fique ligado em tudo que acontece em Ribeir\u00e3o Preto e regi\u00e3o. Siga os perfis do<strong>\u00a0acidade on<\/strong>\u00a0no<a href=\"https:\/\/www.instagram.com\/acidadeonribeirao\" target=\"_blank\" rel=\"noreferrer noopener\">\u00a0Instagram<\/a>\u00a0e no\u00a0<a href=\"https:\/\/www.facebook.com\/acidadeonribeirao\/\" target=\"_blank\" rel=\"noreferrer noopener\">Facebook<\/a>.<\/p>\n<p>Receba not\u00edcias do<strong>\u00a0acidade on\u00a0<\/strong>no WhatsApp.\u00a0<a href=\"https:\/\/chat.whatsapp.com\/BjKQZ9oJwlz8VVT50NuePq\" target=\"_blank\" rel=\"noreferrer noopener\">Para entrar no grupo, basta clicar aqui.<\/a><\/p>\n<p>Fa\u00e7a uma den\u00fancia ou sugira uma reportagem sobre Ribeir\u00e3o Preto e regi\u00e3o pelo WhatsApp: 16 99117 7802.<\/p>\n<p>VEJA TAMB\u00c9M<\/p>\n<p>Quais as vantagens de se investir em Tesouro Direto?<\/p>\n<p><!-- CONTENT END 1 -->\n<\/div>\n<\/div>\n<p><script async src=\"\/\/www.instagram.com\/embed.js\"><\/script><br \/>\n<br \/><br \/>\n<br \/><a href=\"https:\/\/www.acidadeon.com\/ribeiraopreto\/cotidiano\/onibus-cai-em-ribanceira-e-deixa-ao-menos-um-morto-em-rodovia-no-interior-de-sp\/\">Source link <\/a><\/p>\n","protected":false},"excerpt":{"rendered":"<p>Um \u00f4nibus com 45 pessoas caiu em uma ribanceira da rodovia Presidente Dutra, na madrugada desta quinta-feira (6), em trecho de Pindamonhangaba, no Vale do&#8230;<\/p>\n","protected":false},"author":1,"featured_media":64236,"comment_status":"open","ping_status":"open","sticky":false,"template":"","format":"standard","meta":{"advanced_seo_description":"","jetpack_seo_html_title":"","jetpack_seo_noindex":false,"jetpack_post_was_ever_published":false,"_jetpack_newsletter_access":"","_jetpack_dont_email_post_to_subs":false,"_jetpack_newsletter_tier_id":0,"_jetpack_memberships_contains_paywalled_content":false,"_jetpack_memberships_contains_paid_content":false,"footnotes":"","jetpack_publicize_message":"","jetpack_publicize_feature_enabled":true,"jetpack_social_post_already_shared":true,"jetpack_social_options":{"image_generator_settings":{"template":"highway","default_image_id":0,"font":"","enabled":false},"version":2}},"categories":[11],"tags":[],"class_list":["post-64235","post","type-post","status-publish","format-standard","has-post-thumbnail","hentry","category-noticias-de-ribeirao-preto-sp-e-regiao-ismael-colosi"],"jetpack_publicize_connections":[],"jetpack_featured_media_url":"https:\/\/i0.wp.com\/noticiasribeiraopreto.com.br\/wp-content\/uploads\/2025\/03\/ONIBUS_2025-03-06_10-50-54_jpg_2025-03-06_10-50-55.webp.webp?fit=2000%2C1205&ssl=1","jetpack-related-posts":[{"id":68238,"url":"https:\/\/noticiasribeiraopreto.com.br\/index.php\/2025\/04\/23\/crianca-socorrida-apos-carro-cair-em-ribanceira-e-transferida-para-ribeirao-preto\/","url_meta":{"origin":64235,"position":0},"title":"Crian\u00e7a socorrida ap\u00f3s carro cair em ribanceira \u00e9 transferida para Ribeir\u00e3o Preto","author":"noticiasribeiraopreto.com.br","date":"23 de April de 2025","format":false,"excerpt":"Uma crian\u00e7a de 7 anos v\u00edtima de um acidente na madrugada desta ter\u00e7a-feira (22), na rodovia Prefeito Jos\u00e9 Andr\u00e9 de Lima (SP-340), em Mococa, foi transferida para o Hospital das Cl\u00ednicas \u2013 Unidade de Emerg\u00eancia (HC-UE), em Ribeir\u00e3o Preto. Os pais morreram ap\u00f3s o carro da fam\u00edlia bater contra a\u2026","rel":"","context":"In &quot;Not\u00edcias de Ribeir\u00e3o Preto-SP e Regi\u00e3o&quot;","block_context":{"text":"Not\u00edcias de Ribeir\u00e3o Preto-SP e Regi\u00e3o","link":"https:\/\/noticiasribeiraopreto.com.br\/index.php\/category\/noticias-de-ribeirao-preto-sp-e-regiao-ismael-colosi\/"},"img":{"alt_text":"","src":"https:\/\/i0.wp.com\/noticiasribeiraopreto.com.br\/wp-content\/uploads\/2025\/04\/vitima_2025-04-23_15-20-03.webp.webp?fit=1200%2C841&ssl=1&resize=350%2C200","width":350,"height":200,"srcset":"https:\/\/i0.wp.com\/noticiasribeiraopreto.com.br\/wp-content\/uploads\/2025\/04\/vitima_2025-04-23_15-20-03.webp.webp?fit=1200%2C841&ssl=1&resize=350%2C200 1x, https:\/\/i0.wp.com\/noticiasribeiraopreto.com.br\/wp-content\/uploads\/2025\/04\/vitima_2025-04-23_15-20-03.webp.webp?fit=1200%2C841&ssl=1&resize=525%2C300 1.5x, https:\/\/i0.wp.com\/noticiasribeiraopreto.com.br\/wp-content\/uploads\/2025\/04\/vitima_2025-04-23_15-20-03.webp.webp?fit=1200%2C841&ssl=1&resize=700%2C400 2x, https:\/\/i0.wp.com\/noticiasribeiraopreto.com.br\/wp-content\/uploads\/2025\/04\/vitima_2025-04-23_15-20-03.webp.webp?fit=1200%2C841&ssl=1&resize=1050%2C600 3x"},"classes":[]},{"id":31277,"url":"https:\/\/noticiasribeiraopreto.com.br\/index.php\/2024\/01\/21\/condutor-perde-a-vida-apos-colisao-e-carro-despencar-em-ribanceira\/","url_meta":{"origin":64235,"position":1},"title":"Condutor perde a vida ap\u00f3s colis\u00e3o e carro despencar em ribanceira","author":"noticiasribeiraopreto.com.br","date":"21 de January de 2024","format":false,"excerpt":"Na tarde do \u00faltimo s\u00e1bado (20), uma grave acidente terminou em trag\u00e9dia. O cen\u00e1rio do acidente foi a rodovia SC-155, na altura do munic\u00edpio It\u00e1, localizado na regi\u00e3o Oeste de Santa Catarina.Dois ve\u00edculos se envolveram no acidente, um deles capotou a acabou caindo um uma ribanceira. De acordo com os\u2026","rel":"","context":"In &quot;Blog&quot;","block_context":{"text":"Blog","link":"https:\/\/noticiasribeiraopreto.com.br\/index.php\/category\/blog\/"},"img":{"alt_text":"","src":"https:\/\/i0.wp.com\/noticiasribeiraopreto.com.br\/wp-content\/uploads\/2024\/01\/postimg-65ad7e4824af28007.jpg?fit=1200%2C628&ssl=1&resize=350%2C200","width":350,"height":200,"srcset":"https:\/\/i0.wp.com\/noticiasribeiraopreto.com.br\/wp-content\/uploads\/2024\/01\/postimg-65ad7e4824af28007.jpg?fit=1200%2C628&ssl=1&resize=350%2C200 1x, https:\/\/i0.wp.com\/noticiasribeiraopreto.com.br\/wp-content\/uploads\/2024\/01\/postimg-65ad7e4824af28007.jpg?fit=1200%2C628&ssl=1&resize=525%2C300 1.5x, https:\/\/i0.wp.com\/noticiasribeiraopreto.com.br\/wp-content\/uploads\/2024\/01\/postimg-65ad7e4824af28007.jpg?fit=1200%2C628&ssl=1&resize=700%2C400 2x, https:\/\/i0.wp.com\/noticiasribeiraopreto.com.br\/wp-content\/uploads\/2024\/01\/postimg-65ad7e4824af28007.jpg?fit=1200%2C628&ssl=1&resize=1050%2C600 3x"},"classes":[]},{"id":63956,"url":"https:\/\/noticiasribeiraopreto.com.br\/index.php\/2025\/02\/26\/caminhao-carregado-de-produtos-lacteos-tomba-em-ribanceira-na-anhanguera\/","url_meta":{"origin":64235,"position":2},"title":"Caminh\u00e3o carregado de produtos l\u00e1cteos tomba em ribanceira na Anhanguera","author":"noticiasribeiraopreto.com.br","date":"26 de February de 2025","format":false,"excerpt":"Um caminh\u00e3o carregado de produtos l\u00e1cteos tombou nesta quarta-feira (26), no km 327 da rodovia Anhanguera (SP-330), em Jardin\u00f3polis, na regi\u00e3o de Ribeir\u00e3o Preto. Segundo informa\u00e7\u00f5es da Artesp (Ag\u00eancia de Transporte do Estado de S\u00e3o Paulo), o caminh\u00e3o trafegava no sentido Sul (Capital), quando atingiu a prote\u00e7\u00e3o met\u00e1lica e entrou\u2026","rel":"","context":"In &quot;Not\u00edcias de Ribeir\u00e3o Preto-SP e Regi\u00e3o&quot;","block_context":{"text":"Not\u00edcias de Ribeir\u00e3o Preto-SP e Regi\u00e3o","link":"https:\/\/noticiasribeiraopreto.com.br\/index.php\/category\/noticias-de-ribeirao-preto-sp-e-regiao-ismael-colosi\/"},"img":{"alt_text":"","src":"https:\/\/i0.wp.com\/noticiasribeiraopreto.com.br\/wp-content\/uploads\/2025\/02\/WhatsApp-Image-2025-02-26-at-08.52.14_2025-02-26_12-22-11_jpeg_2025-02-26_12-22-11.webp.webp?fit=1200%2C675&ssl=1&resize=350%2C200","width":350,"height":200,"srcset":"https:\/\/i0.wp.com\/noticiasribeiraopreto.com.br\/wp-content\/uploads\/2025\/02\/WhatsApp-Image-2025-02-26-at-08.52.14_2025-02-26_12-22-11_jpeg_2025-02-26_12-22-11.webp.webp?fit=1200%2C675&ssl=1&resize=350%2C200 1x, https:\/\/i0.wp.com\/noticiasribeiraopreto.com.br\/wp-content\/uploads\/2025\/02\/WhatsApp-Image-2025-02-26-at-08.52.14_2025-02-26_12-22-11_jpeg_2025-02-26_12-22-11.webp.webp?fit=1200%2C675&ssl=1&resize=525%2C300 1.5x, https:\/\/i0.wp.com\/noticiasribeiraopreto.com.br\/wp-content\/uploads\/2025\/02\/WhatsApp-Image-2025-02-26-at-08.52.14_2025-02-26_12-22-11_jpeg_2025-02-26_12-22-11.webp.webp?fit=1200%2C675&ssl=1&resize=700%2C400 2x, https:\/\/i0.wp.com\/noticiasribeiraopreto.com.br\/wp-content\/uploads\/2025\/02\/WhatsApp-Image-2025-02-26-at-08.52.14_2025-02-26_12-22-11_jpeg_2025-02-26_12-22-11.webp.webp?fit=1200%2C675&ssl=1&resize=1050%2C600 3x"},"classes":[]},{"id":51779,"url":"https:\/\/noticiasribeiraopreto.com.br\/index.php\/2024\/05\/30\/onibus-com-66-pessoas-tomba-e-deixa-1-morto-e-feridos-na-rodovia-anhanguera\/","url_meta":{"origin":64235,"position":3},"title":"\u00d4nibus com 66 pessoas tomba e deixa 1 morto e feridos na rodovia Anhanguera \u00a0","author":"noticiasribeiraopreto.com.br","date":"30 de May de 2024","format":false,"excerpt":"Um \u00f4nibus com 66 pessoas tombou na madrugada desta quinta-feira (30) e deixou um morto e ao menos quatro feridos, entre os quais um em estado grave, no km 301 da rodovia Anhanguera, entre Cravinhos e Ribeir\u00e3o Preto. O ve\u00edculo havia sa\u00eddo de Suzano (SP) e seguia com destino a\u2026","rel":"","context":"In &quot;Not\u00edcias de Ribeir\u00e3o Preto-SP e Regi\u00e3o&quot;","block_context":{"text":"Not\u00edcias de Ribeir\u00e3o Preto-SP e Regi\u00e3o","link":"https:\/\/noticiasribeiraopreto.com.br\/index.php\/category\/noticias-de-ribeirao-preto-sp-e-regiao-ismael-colosi\/"},"img":{"alt_text":"","src":"https:\/\/i0.wp.com\/noticiasribeiraopreto.com.br\/wp-content\/uploads\/2024\/05\/WhatsApp-Image-2024-05-30-at-07.00.42_2024-05-30_10-22-40_jpeg_2024-05-30_10-22-41-scaled.webp.webp?fit=1200%2C675&ssl=1&resize=350%2C200","width":350,"height":200,"srcset":"https:\/\/i0.wp.com\/noticiasribeiraopreto.com.br\/wp-content\/uploads\/2024\/05\/WhatsApp-Image-2024-05-30-at-07.00.42_2024-05-30_10-22-40_jpeg_2024-05-30_10-22-41-scaled.webp.webp?fit=1200%2C675&ssl=1&resize=350%2C200 1x, https:\/\/i0.wp.com\/noticiasribeiraopreto.com.br\/wp-content\/uploads\/2024\/05\/WhatsApp-Image-2024-05-30-at-07.00.42_2024-05-30_10-22-40_jpeg_2024-05-30_10-22-41-scaled.webp.webp?fit=1200%2C675&ssl=1&resize=525%2C300 1.5x, https:\/\/i0.wp.com\/noticiasribeiraopreto.com.br\/wp-content\/uploads\/2024\/05\/WhatsApp-Image-2024-05-30-at-07.00.42_2024-05-30_10-22-40_jpeg_2024-05-30_10-22-41-scaled.webp.webp?fit=1200%2C675&ssl=1&resize=700%2C400 2x, https:\/\/i0.wp.com\/noticiasribeiraopreto.com.br\/wp-content\/uploads\/2024\/05\/WhatsApp-Image-2024-05-30-at-07.00.42_2024-05-30_10-22-40_jpeg_2024-05-30_10-22-41-scaled.webp.webp?fit=1200%2C675&ssl=1&resize=1050%2C600 3x"},"classes":[]},{"id":56521,"url":"https:\/\/noticiasribeiraopreto.com.br\/index.php\/2024\/08\/14\/caminhao-carregado-tomba-no-anel-viario-sul-em-ribeirao-preto\/","url_meta":{"origin":64235,"position":4},"title":"Caminh\u00e3o carregado tomba no Anel Vi\u00e1rio Sul em Ribeir\u00e3o Preto","author":"noticiasribeiraopreto.com.br","date":"14 de August de 2024","format":false,"excerpt":"Um caminh\u00e3o carregado com cana de a\u00e7\u00facar tombou e quase caiu em uma ribanceira na manh\u00e3 desta quarta-(14), na al\u00e7a de acesso que liga a rodovia Ant\u00f4nio Machado Santana (SP-255) ao Anel Vi\u00e1rio Sul, no sentido a Ribeir\u00e3o Preto. O motorista perdeu o controle da carreta e tombou em um\u2026","rel":"","context":"In &quot;Not\u00edcias de Ribeir\u00e3o Preto-SP e Regi\u00e3o&quot;","block_context":{"text":"Not\u00edcias de Ribeir\u00e3o Preto-SP e Regi\u00e3o","link":"https:\/\/noticiasribeiraopreto.com.br\/index.php\/category\/noticias-de-ribeirao-preto-sp-e-regiao-ismael-colosi\/"},"img":{"alt_text":"","src":"https:\/\/i0.wp.com\/noticiasribeiraopreto.com.br\/wp-content\/uploads\/2024\/08\/Copia-de-Copia-de-Copia-de-TAMANHO-EXATO-PARA-FOTOS-NO-SISTEMA-NOVO-2_2024-08-14_15-31-07_png_2024-08-14_15-31-07.webp.webp?fit=1200%2C675&ssl=1&resize=350%2C200","width":350,"height":200,"srcset":"https:\/\/i0.wp.com\/noticiasribeiraopreto.com.br\/wp-content\/uploads\/2024\/08\/Copia-de-Copia-de-Copia-de-TAMANHO-EXATO-PARA-FOTOS-NO-SISTEMA-NOVO-2_2024-08-14_15-31-07_png_2024-08-14_15-31-07.webp.webp?fit=1200%2C675&ssl=1&resize=350%2C200 1x, https:\/\/i0.wp.com\/noticiasribeiraopreto.com.br\/wp-content\/uploads\/2024\/08\/Copia-de-Copia-de-Copia-de-TAMANHO-EXATO-PARA-FOTOS-NO-SISTEMA-NOVO-2_2024-08-14_15-31-07_png_2024-08-14_15-31-07.webp.webp?fit=1200%2C675&ssl=1&resize=525%2C300 1.5x, https:\/\/i0.wp.com\/noticiasribeiraopreto.com.br\/wp-content\/uploads\/2024\/08\/Copia-de-Copia-de-Copia-de-TAMANHO-EXATO-PARA-FOTOS-NO-SISTEMA-NOVO-2_2024-08-14_15-31-07_png_2024-08-14_15-31-07.webp.webp?fit=1200%2C675&ssl=1&resize=700%2C400 2x, https:\/\/i0.wp.com\/noticiasribeiraopreto.com.br\/wp-content\/uploads\/2024\/08\/Copia-de-Copia-de-Copia-de-TAMANHO-EXATO-PARA-FOTOS-NO-SISTEMA-NOVO-2_2024-08-14_15-31-07_png_2024-08-14_15-31-07.webp.webp?fit=1200%2C675&ssl=1&resize=1050%2C600 3x"},"classes":[]},{"id":84473,"url":"https:\/\/noticiasribeiraopreto.com.br\/index.php\/2026\/04\/10\/motorista-morre-apos-bater-carro-sair-do-veiculo-e-ser-atropelado-por-onibus-em-rodovia\/","url_meta":{"origin":64235,"position":5},"title":"Motorista morre ap\u00f3s bater carro, sair do ve\u00edculo e ser atropelado por \u00f4nibus em rodovia","author":"noticiasribeiraopreto.com.br","date":"10 de April de 2026","format":false,"excerpt":"Ler o resumo da not\u00edcia Motorista morreu atropelado por \u00f4nibus na rodovia C\u00e2ndido Portinari (SP-334), em Ribeir\u00e3o Preto, na noite de quinta-feira (9). Condutor bateu o carro contra prote\u00e7\u00e3o met\u00e1lica ao acessar a Anhanguera (SP-330) pelo km 318, saiu do ve\u00edculo e foi atingido no sentido norte. Motorista do \u00f4nibus\u2026","rel":"","context":"In &quot;Not\u00edcias de Ribeir\u00e3o Preto-SP e Regi\u00e3o&quot;","block_context":{"text":"Not\u00edcias de Ribeir\u00e3o Preto-SP e Regi\u00e3o","link":"https:\/\/noticiasribeiraopreto.com.br\/index.php\/category\/noticias-de-ribeirao-preto-sp-e-regiao-ismael-colosi\/"},"img":{"alt_text":"","src":"https:\/\/i0.wp.com\/noticiasribeiraopreto.com.br\/wp-content\/uploads\/2026\/04\/19aa59d2-a2ae-4a84-95dd-dca5750e81eb_2026-04-10_10-33-16.webp.webp?fit=1200%2C900&ssl=1&resize=350%2C200","width":350,"height":200,"srcset":"https:\/\/i0.wp.com\/noticiasribeiraopreto.com.br\/wp-content\/uploads\/2026\/04\/19aa59d2-a2ae-4a84-95dd-dca5750e81eb_2026-04-10_10-33-16.webp.webp?fit=1200%2C900&ssl=1&resize=350%2C200 1x, https:\/\/i0.wp.com\/noticiasribeiraopreto.com.br\/wp-content\/uploads\/2026\/04\/19aa59d2-a2ae-4a84-95dd-dca5750e81eb_2026-04-10_10-33-16.webp.webp?fit=1200%2C900&ssl=1&resize=525%2C300 1.5x, https:\/\/i0.wp.com\/noticiasribeiraopreto.com.br\/wp-content\/uploads\/2026\/04\/19aa59d2-a2ae-4a84-95dd-dca5750e81eb_2026-04-10_10-33-16.webp.webp?fit=1200%2C900&ssl=1&resize=700%2C400 2x, https:\/\/i0.wp.com\/noticiasribeiraopreto.com.br\/wp-content\/uploads\/2026\/04\/19aa59d2-a2ae-4a84-95dd-dca5750e81eb_2026-04-10_10-33-16.webp.webp?fit=1200%2C900&ssl=1&resize=1050%2C600 3x"},"classes":[]}],"jetpack_sharing_enabled":true,"jetpack_shortlink":"https:\/\/wp.me\/peQAOb-gI3","_links":{"self":[{"href":"https:\/\/noticiasribeiraopreto.com.br\/index.php\/wp-json\/wp\/v2\/posts\/64235","targetHints":{"allow":["GET"]}}],"collection":[{"href":"https:\/\/noticiasribeiraopreto.com.br\/index.php\/wp-json\/wp\/v2\/posts"}],"about":[{"href":"https:\/\/noticiasribeiraopreto.com.br\/index.php\/wp-json\/wp\/v2\/types\/post"}],"author":[{"embeddable":true,"href":"https:\/\/noticiasribeiraopreto.com.br\/index.php\/wp-json\/wp\/v2\/users\/1"}],"replies":[{"embeddable":true,"href":"https:\/\/noticiasribeiraopreto.com.br\/index.php\/wp-json\/wp\/v2\/comments?post=64235"}],"version-history":[{"count":0,"href":"https:\/\/noticiasribeiraopreto.com.br\/index.php\/wp-json\/wp\/v2\/posts\/64235\/revisions"}],"wp:featuredmedia":[{"embeddable":true,"href":"https:\/\/noticiasribeiraopreto.com.br\/index.php\/wp-json\/wp\/v2\/media\/64236"}],"wp:attachment":[{"href":"https:\/\/noticiasribeiraopreto.com.br\/index.php\/wp-json\/wp\/v2\/media?parent=64235"}],"wp:term":[{"taxonomy":"category","embeddable":true,"href":"https:\/\/noticiasribeiraopreto.com.br\/index.php\/wp-json\/wp\/v2\/categories?post=64235"},{"taxonomy":"post_tag","embeddable":true,"href":"https:\/\/noticiasribeiraopreto.com.br\/index.php\/wp-json\/wp\/v2\/tags?post=64235"}],"curies":[{"name":"wp","href":"https:\/\/api.w.org\/{rel}","templated":true}]}}