{"id":64237,"date":"2025-03-06T08:49:41","date_gmt":"2025-03-06T11:49:41","guid":{"rendered":"https:\/\/noticiasribeiraopreto.com.br\/index.php\/2025\/03\/06\/pagamento-especial-do-saque-aniversario-do-fgts-comeca-nesta-quinta\/"},"modified":"2025-03-06T08:49:41","modified_gmt":"2025-03-06T11:49:41","slug":"pagamento-especial-do-saque-aniversario-do-fgts-comeca-nesta-quinta","status":"publish","type":"post","link":"https:\/\/noticiasribeiraopreto.com.br\/index.php\/2025\/03\/06\/pagamento-especial-do-saque-aniversario-do-fgts-comeca-nesta-quinta\/","title":{"rendered":"Pagamento Especial do Saque-Anivers\u00e1rio do FGTS Come\u00e7a Nesta Quinta"},"content":{"rendered":"<div class='code-block code-block-1' style='margin: 8px 0 8px auto; text-align: right; display: block; clear: both;'>\n<p><a href=\"https:\/\/wa.link\/vpicfd\"><img data-recalc-dims=\"1\" class=\"wp-image-4922\" style=\"aspect-ratio: 2.0253164556962027; width: 561px; height: auto;\" src=\"https:\/\/i0.wp.com\/ismaelcolosi.com.br\/wp-content\/uploads\/2023\/11\/grupo-de-empregos-whatsapp-e-facebook-ismael-colosi-vagas.jpg?ssl=1\" alt=\"\" \/><\/a><\/p>\n<!-- \/wp:image -->\n<\/div>\n<p> <br \/>\n<\/p>\n<div>\n<p data-start=\"251\" data-end=\"637\">Nesta quinta-feira, entra em vigor o pagamento especial do saque-anivers\u00e1rio do FGTS, beneficiando os trabalhadores que aderiram a essa modalidade de saque. A iniciativa permite que os segurados retirem, de forma antecipada, uma porcentagem dos valores depositados em suas contas do Fundo de Garantia do Tempo de Servi\u00e7o, aproveitando condi\u00e7\u00f5es diferenciadas estabelecidas pelo governo.<\/p>\n<p data-start=\"639\" data-end=\"662\"><strong data-start=\"639\" data-end=\"662\">Objetivos da Medida<\/strong><\/p>\n<p data-start=\"664\" data-end=\"1057\">O pagamento especial foi anunciado como parte de uma estrat\u00e9gia para dinamizar a economia, injetando recursos diretamente nas m\u00e3os dos trabalhadores. Segundo as autoridades, a libera\u00e7\u00e3o dos valores tem o potencial de estimular o consumo e auxiliar no pagamento de d\u00edvidas, contribuindo para a retomada do crescimento econ\u00f4mico em meio a desafios financeiros enfrentados por muitos brasileiros.<\/p>\n<p data-start=\"1059\" data-end=\"1097\"><strong data-start=\"1059\" data-end=\"1097\">Funcionamento do Saque-Anivers\u00e1rio<\/strong><\/p>\n<p data-start=\"1099\" data-end=\"1495\">Diferente do saque rescis\u00f3rio, que \u00e9 realizado em situa\u00e7\u00f5es espec\u00edficas como a demiss\u00e3o sem justa causa, o saque-anivers\u00e1rio permite que os trabalhadores acessem parte dos seus dep\u00f3sitos anualmente, no m\u00eas de seu anivers\u00e1rio. Nesta rodada especial, as condi\u00e7\u00f5es foram ajustadas para tornar o benef\u00edcio ainda mais atrativo, oferecendo percentuais diferenciados de saque conforme o saldo acumulado.<\/p>\n<p data-start=\"1497\" data-end=\"1536\"><strong data-start=\"1497\" data-end=\"1536\">Impactos na Economia e no Dia a Dia<\/strong><\/p>\n<p data-start=\"1538\" data-end=\"1933\">Especialistas apontam que a disponibiliza\u00e7\u00e3o desse recurso extra pode ter efeitos positivos tanto para a economia quanto para a qualidade de vida dos benefici\u00e1rios. Ao terem acesso a uma quantia consider\u00e1vel de dinheiro, os trabalhadores poder\u00e3o investir em melhorias pessoais, quitar d\u00edvidas ou mesmo impulsionar pequenos neg\u00f3cios, fortalecendo o consumo interno e, consequentemente, o mercado.<\/p>\n<p data-start=\"1935\" data-end=\"1968\"><strong data-start=\"1935\" data-end=\"1968\">Orienta\u00e7\u00f5es aos Benefici\u00e1rios<\/strong><\/p>\n<p data-start=\"1970\" data-end=\"2311\">As autoridades recomendam que os trabalhadores verifiquem, por meio dos canais oficiais do FGTS, as condi\u00e7\u00f5es espec\u00edficas desta rodada especial e os prazos para efetuar o saque. Com informa\u00e7\u00f5es precisas e acesso facilitado, os benefici\u00e1rios poder\u00e3o aproveitar ao m\u00e1ximo a oportunidade, utilizando os recursos de forma consciente e planejada.<\/p>\n<p data-start=\"2313\" data-end=\"2582\" data-is-last-node=\"\" data-is-only-node=\"\">Com o in\u00edcio do pagamento especial do saque-anivers\u00e1rio, o governo refor\u00e7a seu compromisso em oferecer alternativas que promovam a liquidez e o bem-estar dos trabalhadores, contribuindo para a retomada econ\u00f4mica e para a melhoria das condi\u00e7\u00f5es financeiras da popula\u00e7\u00e3o.<\/p>\n<p>&#13;<br \/>\n\t\t\t\t<span class=\"post-views-icon dashicons dashicons-chart-bar\"\/> <span class=\"post-views-label\">Visualiza\u00e7\u00f5es:<\/span> <span class=\"post-views-count\">3<\/span>&#13;\n\t\t\t<\/p>\n<\/p><\/div>\n<p><br \/>\n<br \/><a href=\"https:\/\/folhaderibeirao.com.br\/2025\/03\/06\/pagamento-especial-do-saque-aniversario-do-fgts-comeca-nesta-quinta\/\">Source link <\/a><\/p>\n<!-- CONTENT END 1 -->\n","protected":false},"excerpt":{"rendered":"<p>Nesta quinta-feira, entra em vigor o pagamento especial do saque-anivers\u00e1rio do FGTS, beneficiando os trabalhadores que aderiram a essa modalidade de saque. A iniciativa permite&#8230;<\/p>\n","protected":false},"author":1,"featured_media":64238,"comment_status":"open","ping_status":"open","sticky":false,"template":"","format":"standard","meta":{"advanced_seo_description":"","jetpack_seo_html_title":"","jetpack_seo_noindex":false,"jetpack_post_was_ever_published":false,"_jetpack_newsletter_access":"","_jetpack_dont_email_post_to_subs":false,"_jetpack_newsletter_tier_id":0,"_jetpack_memberships_contains_paywalled_content":false,"_jetpack_memberships_contains_paid_content":false,"footnotes":"","jetpack_publicize_message":"","jetpack_publicize_feature_enabled":true,"jetpack_social_post_already_shared":true,"jetpack_social_options":{"image_generator_settings":{"template":"highway","default_image_id":0,"font":"","enabled":false},"version":2}},"categories":[11],"tags":[206,923,2906,207,1232,884,2905],"class_list":["post-64237","post","type-post","status-publish","format-standard","has-post-thumbnail","hentry","category-noticias-de-ribeirao-preto-sp-e-regiao-ismael-colosi","tag-comeca","tag-especial","tag-fgts","tag-nesta","tag-pagamento","tag-quinta","tag-saqueaniversario"],"jetpack_publicize_connections":[],"jetpack_featured_media_url":"https:\/\/i0.wp.com\/noticiasribeiraopreto.com.br\/wp-content\/uploads\/2025\/03\/mg_8465.webp.webp?fit=1170%2C700&ssl=1","jetpack-related-posts":[{"id":64245,"url":"https:\/\/noticiasribeiraopreto.com.br\/index.php\/2025\/03\/06\/veja-quem-pode-receber-o-pagamento-especial-do-saque-aniversario-do-fgts\/","url_meta":{"origin":64237,"position":0},"title":"Veja quem pode receber o pagamento especial do saque-anivers\u00e1rio do FGTS","author":"noticiasribeiraopreto.com.br","date":"6 de March de 2025","format":false,"excerpt":"Os trabalhadores que aderiram ao saque-anivers\u00e1rio do FGTS (Fundo de Garantia do Tempo de Servi\u00e7o) e foram demitidos sem justa causa de janeiro de 2020 at\u00e9 o fim de fevereiro deste ano come\u00e7am a receber, nesta quinta-feira (6), o saldo integral dos dep\u00f3sitos dos antigos empregadores. O dinheiro estava bloqueado\u2026","rel":"","context":"In &quot;Not\u00edcias de Ribeir\u00e3o Preto-SP e Regi\u00e3o&quot;","block_context":{"text":"Not\u00edcias de Ribeir\u00e3o Preto-SP e Regi\u00e3o","link":"https:\/\/noticiasribeiraopreto.com.br\/index.php\/category\/noticias-de-ribeirao-preto-sp-e-regiao-ismael-colosi\/"},"img":{"alt_text":"","src":"https:\/\/i0.wp.com\/noticiasribeiraopreto.com.br\/wp-content\/uploads\/2025\/03\/saque-aniversario_2025-03-06_12-51-30_jpg_2025-03-06_12-51-30.webp.webp?fit=1170%2C700&ssl=1&resize=350%2C200","width":350,"height":200,"srcset":"https:\/\/i0.wp.com\/noticiasribeiraopreto.com.br\/wp-content\/uploads\/2025\/03\/saque-aniversario_2025-03-06_12-51-30_jpg_2025-03-06_12-51-30.webp.webp?fit=1170%2C700&ssl=1&resize=350%2C200 1x, https:\/\/i0.wp.com\/noticiasribeiraopreto.com.br\/wp-content\/uploads\/2025\/03\/saque-aniversario_2025-03-06_12-51-30_jpg_2025-03-06_12-51-30.webp.webp?fit=1170%2C700&ssl=1&resize=525%2C300 1.5x, https:\/\/i0.wp.com\/noticiasribeiraopreto.com.br\/wp-content\/uploads\/2025\/03\/saque-aniversario_2025-03-06_12-51-30_jpg_2025-03-06_12-51-30.webp.webp?fit=1170%2C700&ssl=1&resize=700%2C400 2x, https:\/\/i0.wp.com\/noticiasribeiraopreto.com.br\/wp-content\/uploads\/2025\/03\/saque-aniversario_2025-03-06_12-51-30_jpg_2025-03-06_12-51-30.webp.webp?fit=1170%2C700&ssl=1&resize=1050%2C600 3x"},"classes":[]},{"id":81146,"url":"https:\/\/noticiasribeiraopreto.com.br\/index.php\/2025\/12\/25\/saiba-quem-pode-realizar-o-saque-aniversario-do-fgts\/","url_meta":{"origin":64237,"position":1},"title":"Saiba quem pode realizar o Saque-Anivers\u00e1rio do FGTS","author":"noticiasribeiraopreto.com.br","date":"25 de December de 2025","format":false,"excerpt":"A Caixa inicia na segunda-feira (29) o pagamento do FGTS (Fundo de Garantia do Tempo de Servi\u00e7o) aos trabalhadores que optaram pelo Saque-Anivers\u00e1rio e tiveram seu contrato de trabalho suspenso ou extinto entre 01\/01\/2020 e 23\/12\/2025. Nesta ter\u00e7a-feira, o Governo Federal publicou a Medida Provis\u00f3ria n\u00ba 1.331\/2025, que autoriza o\u2026","rel":"","context":"In &quot;Not\u00edcias de Ribeir\u00e3o Preto-SP e Regi\u00e3o&quot;","block_context":{"text":"Not\u00edcias de Ribeir\u00e3o Preto-SP e Regi\u00e3o","link":"https:\/\/noticiasribeiraopreto.com.br\/index.php\/category\/noticias-de-ribeirao-preto-sp-e-regiao-ismael-colosi\/"},"img":{"alt_text":"","src":"https:\/\/i0.wp.com\/noticiasribeiraopreto.com.br\/wp-content\/uploads\/2025\/12\/saque_2025-12-24_13-51-39.webp.webp?fit=1080%2C720&ssl=1&resize=350%2C200","width":350,"height":200,"srcset":"https:\/\/i0.wp.com\/noticiasribeiraopreto.com.br\/wp-content\/uploads\/2025\/12\/saque_2025-12-24_13-51-39.webp.webp?fit=1080%2C720&ssl=1&resize=350%2C200 1x, https:\/\/i0.wp.com\/noticiasribeiraopreto.com.br\/wp-content\/uploads\/2025\/12\/saque_2025-12-24_13-51-39.webp.webp?fit=1080%2C720&ssl=1&resize=525%2C300 1.5x, https:\/\/i0.wp.com\/noticiasribeiraopreto.com.br\/wp-content\/uploads\/2025\/12\/saque_2025-12-24_13-51-39.webp.webp?fit=1080%2C720&ssl=1&resize=700%2C400 2x, https:\/\/i0.wp.com\/noticiasribeiraopreto.com.br\/wp-content\/uploads\/2025\/12\/saque_2025-12-24_13-51-39.webp.webp?fit=1080%2C720&ssl=1&resize=1050%2C600 3x"},"classes":[]},{"id":17834,"url":"https:\/\/noticiasribeiraopreto.com.br\/index.php\/2023\/12\/19\/prazo-final-caixa-autoriza-pagamento-de-r-6-220-pelo-fgts-veja-quem-recebe\/","url_meta":{"origin":64237,"position":2},"title":"PRAZO FINAL! Caixa autoriza pagamento de R$ 6.220 pelo FGTS; veja quem recebe","author":"noticiasribeiraopreto.com.br","date":"19 de December de 2023","format":false,"excerpt":"O FGTS (Fundo de Garantia por Tempo de Servi\u00e7o) \u00e9 um direito de todo trabalhador de carteira assinada. Com ele, \u00e9 poss\u00edvel obter uma garantia financeira em alguns casos espec\u00edficos. Dessa forma, \u00e9 v\u00e1lido lembrar que o trabalhador n\u00e3o pode sacar o saldo dispon\u00edvel em seu Fundo de Garantia a\u2026","rel":"","context":"In &quot;Vagas de Emprego em Ribeir\u00e3o Preto-SP&quot;","block_context":{"text":"Vagas de Emprego em Ribeir\u00e3o Preto-SP","link":"https:\/\/noticiasribeiraopreto.com.br\/index.php\/category\/empregos-classificados-vagas-trabalho\/vagas-de-empregos-em-ribeirao-preto-regiao-brasil\/"},"img":{"alt_text":"","src":"https:\/\/i0.wp.com\/noticiasribeiraopreto.com.br\/wp-content\/uploads\/2023\/12\/noticiasconcursos.com_.br-prazo-final-caixa-autoriza-pagamento-de-r-6-220-pelo-fgts-veja-quem-recebe-reproducao-canva-8.jpg?fit=1200%2C800&ssl=1&resize=350%2C200","width":350,"height":200,"srcset":"https:\/\/i0.wp.com\/noticiasribeiraopreto.com.br\/wp-content\/uploads\/2023\/12\/noticiasconcursos.com_.br-prazo-final-caixa-autoriza-pagamento-de-r-6-220-pelo-fgts-veja-quem-recebe-reproducao-canva-8.jpg?fit=1200%2C800&ssl=1&resize=350%2C200 1x, https:\/\/i0.wp.com\/noticiasribeiraopreto.com.br\/wp-content\/uploads\/2023\/12\/noticiasconcursos.com_.br-prazo-final-caixa-autoriza-pagamento-de-r-6-220-pelo-fgts-veja-quem-recebe-reproducao-canva-8.jpg?fit=1200%2C800&ssl=1&resize=525%2C300 1.5x, https:\/\/i0.wp.com\/noticiasribeiraopreto.com.br\/wp-content\/uploads\/2023\/12\/noticiasconcursos.com_.br-prazo-final-caixa-autoriza-pagamento-de-r-6-220-pelo-fgts-veja-quem-recebe-reproducao-canva-8.jpg?fit=1200%2C800&ssl=1&resize=700%2C400 2x, https:\/\/i0.wp.com\/noticiasribeiraopreto.com.br\/wp-content\/uploads\/2023\/12\/noticiasconcursos.com_.br-prazo-final-caixa-autoriza-pagamento-de-r-6-220-pelo-fgts-veja-quem-recebe-reproducao-canva-8.jpg?fit=1200%2C800&ssl=1&resize=1050%2C600 3x"},"classes":[]},{"id":64081,"url":"https:\/\/noticiasribeiraopreto.com.br\/index.php\/2025\/02\/28\/medida-que-permite-saque-de-dinheiro-retido-no-fgts-e-publicada-veja-como-receber\/","url_meta":{"origin":64237,"position":3},"title":"Medida que permite saque de dinheiro retido no FGTS \u00e9 publicada; Veja como receber","author":"noticiasribeiraopreto.com.br","date":"28 de February de 2025","format":false,"excerpt":"Nesta sexta-feira (28), o Governo Federal publicou a medida provis\u00f3ria que permite o saque do Fundo de Garantia sobre o Tempo de Servi\u00e7o (FGTS) para trabalhadores que realizaram o saque-anivers\u00e1rio e foram demitidos sem justa causa entre janeiro de 2020 e a data de publica\u00e7\u00e3o da MP. A expectativa \u00e9\u2026","rel":"","context":"In &quot;Not\u00edcias de Ribeir\u00e3o Preto-SP e Regi\u00e3o&quot;","block_context":{"text":"Not\u00edcias de Ribeir\u00e3o Preto-SP e Regi\u00e3o","link":"https:\/\/noticiasribeiraopreto.com.br\/index.php\/category\/noticias-de-ribeirao-preto-sp-e-regiao-ismael-colosi\/"},"img":{"alt_text":"","src":"https:\/\/i0.wp.com\/noticiasribeiraopreto.com.br\/wp-content\/uploads\/2025\/02\/aplicativo_do_fgts_caixa_2025-02-28_23-35-13_jpg_2025-02-28_23-35-13.webp.webp?fit=1200%2C674&ssl=1&resize=350%2C200","width":350,"height":200,"srcset":"https:\/\/i0.wp.com\/noticiasribeiraopreto.com.br\/wp-content\/uploads\/2025\/02\/aplicativo_do_fgts_caixa_2025-02-28_23-35-13_jpg_2025-02-28_23-35-13.webp.webp?fit=1200%2C674&ssl=1&resize=350%2C200 1x, https:\/\/i0.wp.com\/noticiasribeiraopreto.com.br\/wp-content\/uploads\/2025\/02\/aplicativo_do_fgts_caixa_2025-02-28_23-35-13_jpg_2025-02-28_23-35-13.webp.webp?fit=1200%2C674&ssl=1&resize=525%2C300 1.5x, https:\/\/i0.wp.com\/noticiasribeiraopreto.com.br\/wp-content\/uploads\/2025\/02\/aplicativo_do_fgts_caixa_2025-02-28_23-35-13_jpg_2025-02-28_23-35-13.webp.webp?fit=1200%2C674&ssl=1&resize=700%2C400 2x, https:\/\/i0.wp.com\/noticiasribeiraopreto.com.br\/wp-content\/uploads\/2025\/02\/aplicativo_do_fgts_caixa_2025-02-28_23-35-13_jpg_2025-02-28_23-35-13.webp.webp?fit=1200%2C674&ssl=1&resize=1050%2C600 3x"},"classes":[]},{"id":15060,"url":"https:\/\/noticiasribeiraopreto.com.br\/index.php\/2023\/12\/13\/saque-especial-do-fgts-esta-chegando-ao-fim-saiba-como-aproveitar\/","url_meta":{"origin":64237,"position":4},"title":"Saque especial do FGTS est\u00e1 chegando ao FIM; saiba como aproveitar","author":"noticiasribeiraopreto.com.br","date":"13 de December de 2023","format":false,"excerpt":"O FGTS (Fundo de Garantia por Tempo de Servi\u00e7o) \u00e9 um direito de todo trabalhador de carteira assinada. Atrav\u00e9s dele, o trabalhador pode ter uma conta vinculada ao seu contrato de trabalho na Caixa Econ\u00f4mica Federal. O empregador \u00e9 respons\u00e1vel por realizar dep\u00f3sitos mensais que formam o fundo. No entanto,\u2026","rel":"","context":"In &quot;Vagas de Emprego em Ribeir\u00e3o Preto-SP&quot;","block_context":{"text":"Vagas de Emprego em Ribeir\u00e3o Preto-SP","link":"https:\/\/noticiasribeiraopreto.com.br\/index.php\/category\/empregos-classificados-vagas-trabalho\/vagas-de-empregos-em-ribeirao-preto-regiao-brasil\/"},"img":{"alt_text":"","src":"https:\/\/i0.wp.com\/noticiasribeiraopreto.com.br\/wp-content\/uploads\/2023\/12\/noticiasconcursos.com_.br-saque-especial-do-fgts-esta-chegando-ao-fim-saiba-como-aproveitar-reproducao-canva-21.jpg?fit=1200%2C800&ssl=1&resize=350%2C200","width":350,"height":200,"srcset":"https:\/\/i0.wp.com\/noticiasribeiraopreto.com.br\/wp-content\/uploads\/2023\/12\/noticiasconcursos.com_.br-saque-especial-do-fgts-esta-chegando-ao-fim-saiba-como-aproveitar-reproducao-canva-21.jpg?fit=1200%2C800&ssl=1&resize=350%2C200 1x, https:\/\/i0.wp.com\/noticiasribeiraopreto.com.br\/wp-content\/uploads\/2023\/12\/noticiasconcursos.com_.br-saque-especial-do-fgts-esta-chegando-ao-fim-saiba-como-aproveitar-reproducao-canva-21.jpg?fit=1200%2C800&ssl=1&resize=525%2C300 1.5x, https:\/\/i0.wp.com\/noticiasribeiraopreto.com.br\/wp-content\/uploads\/2023\/12\/noticiasconcursos.com_.br-saque-especial-do-fgts-esta-chegando-ao-fim-saiba-como-aproveitar-reproducao-canva-21.jpg?fit=1200%2C800&ssl=1&resize=700%2C400 2x, https:\/\/i0.wp.com\/noticiasribeiraopreto.com.br\/wp-content\/uploads\/2023\/12\/noticiasconcursos.com_.br-saque-especial-do-fgts-esta-chegando-ao-fim-saiba-como-aproveitar-reproducao-canva-21.jpg?fit=1200%2C800&ssl=1&resize=1050%2C600 3x"},"classes":[]},{"id":20538,"url":"https:\/\/noticiasribeiraopreto.com.br\/index.php\/2023\/12\/25\/fgts-surpreende-trabalhador-com-aumento-de-r-500-no-saque\/","url_meta":{"origin":64237,"position":5},"title":"FGTS surpreende trabalhador com aumento de R$ 500 no saque","author":"noticiasribeiraopreto.com.br","date":"25 de December de 2023","format":false,"excerpt":"Cr\u00e9ditos: Marcelo Camargo\/Ag\u00eancia BrasilFGTS traz novidades para o trabalhador? O Fundo de Garantia do Tempo de Servi\u00e7o (FGTS) anuncia uma surpresa positiva para os trabalhadores ao aumentar o limite de saque em R$ 500. Essa medida representa um significativo al\u00edvio financeiro para milhares de cidad\u00e3os, oferecendo-lhes a oportunidade de acessar\u2026","rel":"","context":"In &quot;Variedades&quot;","block_context":{"text":"Variedades","link":"https:\/\/noticiasribeiraopreto.com.br\/index.php\/category\/variedades\/"},"img":{"alt_text":"","src":"https:\/\/i0.wp.com\/noticiasribeiraopreto.com.br\/wp-content\/uploads\/2023\/12\/dinheiro-inesperado-lucro-bilionario-do-fgts-sera-distribuido-para-trabalhadores.jpg?fit=1200%2C638&ssl=1&resize=350%2C200","width":350,"height":200,"srcset":"https:\/\/i0.wp.com\/noticiasribeiraopreto.com.br\/wp-content\/uploads\/2023\/12\/dinheiro-inesperado-lucro-bilionario-do-fgts-sera-distribuido-para-trabalhadores.jpg?fit=1200%2C638&ssl=1&resize=350%2C200 1x, https:\/\/i0.wp.com\/noticiasribeiraopreto.com.br\/wp-content\/uploads\/2023\/12\/dinheiro-inesperado-lucro-bilionario-do-fgts-sera-distribuido-para-trabalhadores.jpg?fit=1200%2C638&ssl=1&resize=525%2C300 1.5x, https:\/\/i0.wp.com\/noticiasribeiraopreto.com.br\/wp-content\/uploads\/2023\/12\/dinheiro-inesperado-lucro-bilionario-do-fgts-sera-distribuido-para-trabalhadores.jpg?fit=1200%2C638&ssl=1&resize=700%2C400 2x, https:\/\/i0.wp.com\/noticiasribeiraopreto.com.br\/wp-content\/uploads\/2023\/12\/dinheiro-inesperado-lucro-bilionario-do-fgts-sera-distribuido-para-trabalhadores.jpg?fit=1200%2C638&ssl=1&resize=1050%2C600 3x"},"classes":[]}],"jetpack_sharing_enabled":true,"jetpack_shortlink":"https:\/\/wp.me\/peQAOb-gI5","_links":{"self":[{"href":"https:\/\/noticiasribeiraopreto.com.br\/index.php\/wp-json\/wp\/v2\/posts\/64237","targetHints":{"allow":["GET"]}}],"collection":[{"href":"https:\/\/noticiasribeiraopreto.com.br\/index.php\/wp-json\/wp\/v2\/posts"}],"about":[{"href":"https:\/\/noticiasribeiraopreto.com.br\/index.php\/wp-json\/wp\/v2\/types\/post"}],"author":[{"embeddable":true,"href":"https:\/\/noticiasribeiraopreto.com.br\/index.php\/wp-json\/wp\/v2\/users\/1"}],"replies":[{"embeddable":true,"href":"https:\/\/noticiasribeiraopreto.com.br\/index.php\/wp-json\/wp\/v2\/comments?post=64237"}],"version-history":[{"count":0,"href":"https:\/\/noticiasribeiraopreto.com.br\/index.php\/wp-json\/wp\/v2\/posts\/64237\/revisions"}],"wp:featuredmedia":[{"embeddable":true,"href":"https:\/\/noticiasribeiraopreto.com.br\/index.php\/wp-json\/wp\/v2\/media\/64238"}],"wp:attachment":[{"href":"https:\/\/noticiasribeiraopreto.com.br\/index.php\/wp-json\/wp\/v2\/media?parent=64237"}],"wp:term":[{"taxonomy":"category","embeddable":true,"href":"https:\/\/noticiasribeiraopreto.com.br\/index.php\/wp-json\/wp\/v2\/categories?post=64237"},{"taxonomy":"post_tag","embeddable":true,"href":"https:\/\/noticiasribeiraopreto.com.br\/index.php\/wp-json\/wp\/v2\/tags?post=64237"}],"curies":[{"name":"wp","href":"https:\/\/api.w.org\/{rel}","templated":true}]}}