{"id":64239,"date":"2025-03-06T08:52:51","date_gmt":"2025-03-06T11:52:51","guid":{"rendered":"https:\/\/noticiasribeiraopreto.com.br\/index.php\/2025\/03\/06\/hospital-interrompe-protocolo-de-morte-encefalica-de-jogador-do-sub-20-do-bragantino\/"},"modified":"2025-03-06T08:52:51","modified_gmt":"2025-03-06T11:52:51","slug":"hospital-interrompe-protocolo-de-morte-encefalica-de-jogador-do-sub-20-do-bragantino","status":"publish","type":"post","link":"https:\/\/noticiasribeiraopreto.com.br\/index.php\/2025\/03\/06\/hospital-interrompe-protocolo-de-morte-encefalica-de-jogador-do-sub-20-do-bragantino\/","title":{"rendered":"Hospital Interrompe Protocolo de Morte Encef\u00e1lica de Jogador do Sub-20 do Bragantino"},"content":{"rendered":"<div class='code-block code-block-1' style='margin: 8px 0 8px auto; text-align: right; display: block; clear: both;'>\n<p><a href=\"https:\/\/wa.link\/vpicfd\"><img data-recalc-dims=\"1\" class=\"wp-image-4922\" style=\"aspect-ratio: 2.0253164556962027; width: 561px; height: auto;\" src=\"https:\/\/i0.wp.com\/ismaelcolosi.com.br\/wp-content\/uploads\/2023\/11\/grupo-de-empregos-whatsapp-e-facebook-ismael-colosi-vagas.jpg?ssl=1\" alt=\"\" \/><\/a><\/p>\n<!-- \/wp:image -->\n<\/div>\n<p> <br \/>\n<\/p>\n<div>\n<p data-start=\"276\" data-end=\"638\">Na manh\u00e3 de 5 de mar\u00e7o de 2025, um hospital na regi\u00e3o de Campinas interrompeu o protocolo de morte encef\u00e1lica de um jogador do Sub-20 do Bragantino. Inicialmente, uma s\u00e9rie de exames rigorosos havia sido iniciada para confirmar a aus\u00eancia de atividade cerebral, mas a equipe m\u00e9dica optou por suspender o procedimento para realizar uma reavalia\u00e7\u00e3o mais detalhada.<\/p>\n<p data-start=\"640\" data-end=\"666\"><strong data-start=\"640\" data-end=\"666\">Reavalia\u00e7\u00e3o dos Exames<\/strong><\/p>\n<p data-start=\"668\" data-end=\"1109\">De acordo com informa\u00e7\u00f5es dos respons\u00e1veis pelo caso, a interrup\u00e7\u00e3o do protocolo se deu devido \u00e0 necessidade de exames complementares. \u201cDecidimos pausar os procedimentos para garantir que todos os par\u00e2metros sejam cuidadosamente analisados antes de uma decis\u00e3o definitiva\u201d, afirmou um dos m\u00e9dicos. Essa medida visa evitar um diagn\u00f3stico prematuro e assegurar que nenhuma possibilidade de recupera\u00e7\u00e3o seja descartada sem a devida comprova\u00e7\u00e3o.<\/p>\n<p data-start=\"1111\" data-end=\"1162\"><strong data-start=\"1111\" data-end=\"1162\">Impacto para a Fam\u00edlia e a Comunidade Esportiva<\/strong><\/p>\n<p data-start=\"1164\" data-end=\"1495\">A not\u00edcia gerou grande expectativa e al\u00edvio tempor\u00e1rio entre familiares e torcedores, que acompanham a trajet\u00f3ria do jovem atleta com grande interesse. O clube do Bragantino manifestou solidariedade \u00e0 fam\u00edlia e destacou que todos os esfor\u00e7os m\u00e9dicos est\u00e3o concentrados na tentativa de obter uma defini\u00e7\u00e3o precisa do quadro cl\u00ednico.<\/p>\n<p data-start=\"1497\" data-end=\"1521\"><strong data-start=\"1497\" data-end=\"1521\">Perspectivas Futuras<\/strong><\/p>\n<p data-start=\"1523\" data-end=\"1900\">Os exames complementares est\u00e3o previstos para serem conclu\u00eddos nos pr\u00f3ximos dias, quando os resultados poder\u00e3o definir com mais clareza o estado neurol\u00f3gico do jogador. Especialistas ressaltam que, embora os protocolos de morte encef\u00e1lica sejam extremamente rigorosos, a complexidade dos casos de les\u00f5es cerebrais graves pode demandar uma abordagem mais cautelosa e criteriosa.<\/p>\n<p data-start=\"1902\" data-end=\"2057\" data-is-last-node=\"\" data-is-only-node=\"\">Enquanto isso, a fam\u00edlia e a comunidade esportiva aguardam ansiosamente por not\u00edcias que possam trazer uma reviravolta positiva nesse cen\u00e1rio t\u00e3o delicado.<\/p>\n<p>&#13;<br \/>\n\t\t\t\t<span class=\"post-views-icon dashicons dashicons-chart-bar\"\/> <span class=\"post-views-label\">Visualiza\u00e7\u00f5es:<\/span> <span class=\"post-views-count\">4<\/span>&#13;\n\t\t\t<\/p>\n<\/p><\/div>\n<p><br \/>\n<br \/><a href=\"https:\/\/folhaderibeirao.com.br\/2025\/03\/06\/hospital-interrompe-protocolo-de-morte-encefalica-de-jogador-do-sub-20-do-bragantino\/\">Source link <\/a><\/p>\n<!-- CONTENT END 1 -->\n","protected":false},"excerpt":{"rendered":"<p>Na manh\u00e3 de 5 de mar\u00e7o de 2025, um hospital na regi\u00e3o de Campinas interrompeu o protocolo de morte encef\u00e1lica de um jogador do Sub-20&#8230;<\/p>\n","protected":false},"author":1,"featured_media":64240,"comment_status":"open","ping_status":"open","sticky":false,"template":"","format":"standard","meta":{"advanced_seo_description":"","jetpack_seo_html_title":"","jetpack_seo_noindex":false,"jetpack_seo_schema_type":"","_jetpack_newsletter_access":"","_jetpack_dont_email_post_to_subs":false,"_jetpack_newsletter_tier_id":0,"_jetpack_memberships_contains_paywalled_content":false,"_jetpack_feature_clip_id":0,"_jetpack_memberships_contains_paid_content":false,"footnotes":"","jetpack_publicize_message":"","jetpack_publicize_feature_enabled":true,"jetpack_social_post_already_shared":true,"jetpack_social_options":{"image_generator_settings":{"template":"highway","default_image_id":0,"font":"","enabled":false},"version":2},"jetpack_post_was_ever_published":false},"categories":[11],"tags":[3919,6248,524,6246,457,558,6247,6249],"class_list":["post-64239","post","type-post","status-publish","format-standard","has-post-thumbnail","hentry","category-noticias-de-ribeirao-preto-sp-e-regiao-ismael-colosi","tag-bragantino","tag-encefalica","tag-hospital","tag-interrompe","tag-jogador","tag-morte","tag-protocolo","tag-sub20"],"jetpack_publicize_connections":[],"jetpack-related-posts":[{"id":64223,"url":"https:\/\/noticiasribeiraopreto.com.br\/index.php\/2025\/03\/05\/hospital-interrompe-protocolo-de-morte-encefalica-de-jogador-de-ribeirao-preto\/","url_meta":{"origin":64239,"position":0},"title":"Hospital interrompe protocolo de morte encef\u00e1lica de jogador de Ribeir\u00e3o Preto","author":"noticiasribeiraopreto.com.br","date":"5 de March de 2025","format":false,"excerpt":"O Hospital Municipal Dr. Waldemar Tebaldi, em Americana, onde est\u00e1 internado o atleta Pedro Severino, informou que interrompeu o protocolo de morte encef\u00e1lica devido \u00e0 presen\u00e7a de reflexo de tosse no paciente. O comunicado, emitido na tarde desta quarta-feira (5), esclareceu que o jovem seguir\u00e1 com seda\u00e7\u00e3o, ventila\u00e7\u00e3o mec\u00e2nica, uso\u2026","rel":"","context":"In &quot;Not\u00edcias de Ribeir\u00e3o Preto-SP e Regi\u00e3o&quot;","block_context":{"text":"Not\u00edcias de Ribeir\u00e3o Preto-SP e Regi\u00e3o","link":"https:\/\/noticiasribeiraopreto.com.br\/index.php\/category\/noticias-de-ribeirao-preto-sp-e-regiao-ismael-colosi\/"},"img":{"alt_text":"","src":"https:\/\/i0.wp.com\/noticiasribeiraopreto.com.br\/wp-content\/uploads\/2025\/03\/Molde-Midiass-8_2025-03-04_17-03-50_jpg_2025-03-04_17-03-50.webp.webp?fit=960%2C539&ssl=1&resize=350%2C200","width":350,"height":200,"srcset":"https:\/\/i0.wp.com\/noticiasribeiraopreto.com.br\/wp-content\/uploads\/2025\/03\/Molde-Midiass-8_2025-03-04_17-03-50_jpg_2025-03-04_17-03-50.webp.webp?fit=960%2C539&ssl=1&resize=350%2C200 1x, https:\/\/i0.wp.com\/noticiasribeiraopreto.com.br\/wp-content\/uploads\/2025\/03\/Molde-Midiass-8_2025-03-04_17-03-50_jpg_2025-03-04_17-03-50.webp.webp?fit=960%2C539&ssl=1&resize=525%2C300 1.5x, https:\/\/i0.wp.com\/noticiasribeiraopreto.com.br\/wp-content\/uploads\/2025\/03\/Molde-Midiass-8_2025-03-04_17-03-50_jpg_2025-03-04_17-03-50.webp.webp?fit=960%2C539&ssl=1&resize=700%2C400 2x"},"classes":[]},{"id":64193,"url":"https:\/\/noticiasribeiraopreto.com.br\/index.php\/2025\/03\/04\/hospital-inicia-procedimentos-para-confirmar-morte-cerebral-de-jogador-emprestado-do-botafogo-ao-bragantino\/","url_meta":{"origin":64239,"position":1},"title":"Hospital inicia procedimentos para confirmar morte cerebral de jogador emprestado do Botafogo ao Bragantino","author":"noticiasribeiraopreto.com.br","date":"4 de March de 2025","format":false,"excerpt":"O Hospital Municipal Dr. Waldemar Tebaldi informou que abriu um procedimento para a confirma\u00e7\u00e3o de morte encef\u00e1lica do atacante Pedro Severino, de Ribeir\u00e3o Preto. O jovem, de 19 anos, foi v\u00edtima de um acidente na rodovia Anhanguera (SP-330), na manh\u00e3 desta ter\u00e7a-feira (4). De acordo com a nota, a decis\u00e3o\u2026","rel":"","context":"In &quot;Not\u00edcias de Ribeir\u00e3o Preto-SP e Regi\u00e3o&quot;","block_context":{"text":"Not\u00edcias de Ribeir\u00e3o Preto-SP e Regi\u00e3o","link":"https:\/\/noticiasribeiraopreto.com.br\/index.php\/category\/noticias-de-ribeirao-preto-sp-e-regiao-ismael-colosi\/"},"img":{"alt_text":"","src":"https:\/\/i0.wp.com\/noticiasribeiraopreto.com.br\/wp-content\/uploads\/2025\/03\/PEDRO_2025-03-04_14-47-44_jpg_2025-03-04_14-47-44.webp.webp?fit=1200%2C699&ssl=1&resize=350%2C200","width":350,"height":200,"srcset":"https:\/\/i0.wp.com\/noticiasribeiraopreto.com.br\/wp-content\/uploads\/2025\/03\/PEDRO_2025-03-04_14-47-44_jpg_2025-03-04_14-47-44.webp.webp?fit=1200%2C699&ssl=1&resize=350%2C200 1x, https:\/\/i0.wp.com\/noticiasribeiraopreto.com.br\/wp-content\/uploads\/2025\/03\/PEDRO_2025-03-04_14-47-44_jpg_2025-03-04_14-47-44.webp.webp?fit=1200%2C699&ssl=1&resize=525%2C300 1.5x, https:\/\/i0.wp.com\/noticiasribeiraopreto.com.br\/wp-content\/uploads\/2025\/03\/PEDRO_2025-03-04_14-47-44_jpg_2025-03-04_14-47-44.webp.webp?fit=1200%2C699&ssl=1&resize=700%2C400 2x, https:\/\/i0.wp.com\/noticiasribeiraopreto.com.br\/wp-content\/uploads\/2025\/03\/PEDRO_2025-03-04_14-47-44_jpg_2025-03-04_14-47-44.webp.webp?fit=1200%2C699&ssl=1&resize=1050%2C600 3x"},"classes":[]},{"id":64399,"url":"https:\/\/noticiasribeiraopreto.com.br\/index.php\/2025\/03\/07\/depois-de-suspeita-de-morte-encefalica-pedro-severino-da-sinais-que-segue-lutando-pela-vida\/","url_meta":{"origin":64239,"position":2},"title":"Depois de suspeita de morte encef\u00e1lica, Pedro Severino d\u00e1 sinais que segue lutando pela vida","author":"noticiasribeiraopreto.com.br","date":"7 de March de 2025","format":false,"excerpt":"A Unimed Ribeir\u00e3o Preto divulgou informativo sobre a situa\u00e7\u00e3o do jogador Pedro Henrique Severino, de 19 anos. Ele segue em cuidados m\u00e9dicos na Unidade de Terapia Intensiva do Hospital Unimed Ribeir\u00e3o Preto, onde passa por uma s\u00e9rie de exames de imagem e monitoramento de suas fun\u00e7\u00f5es cerebrais. Houve suspeita de\u2026","rel":"","context":"In &quot;Not\u00edcias de Franca-SP&quot;","block_context":{"text":"Not\u00edcias de Franca-SP","link":"https:\/\/noticiasribeiraopreto.com.br\/index.php\/category\/noticias-de-ribeirao-preto-sp-e-regiao-ismael-colosi\/noticias-franca-sp\/"},"img":{"alt_text":"","src":"https:\/\/i0.wp.com\/noticiasribeiraopreto.com.br\/wp-content\/uploads\/2025\/03\/pedro-severiano-jogador-.png?fit=700%2C450&ssl=1&resize=350%2C200","width":350,"height":200,"srcset":"https:\/\/i0.wp.com\/noticiasribeiraopreto.com.br\/wp-content\/uploads\/2025\/03\/pedro-severiano-jogador-.png?fit=700%2C450&ssl=1&resize=350%2C200 1x, https:\/\/i0.wp.com\/noticiasribeiraopreto.com.br\/wp-content\/uploads\/2025\/03\/pedro-severiano-jogador-.png?fit=700%2C450&ssl=1&resize=525%2C300 1.5x, https:\/\/i0.wp.com\/noticiasribeiraopreto.com.br\/wp-content\/uploads\/2025\/03\/pedro-severiano-jogador-.png?fit=700%2C450&ssl=1&resize=700%2C400 2x"},"classes":[]},{"id":72015,"url":"https:\/\/noticiasribeiraopreto.com.br\/index.php\/2025\/06\/12\/video-confira-os-detalhes-da-alta-hospitalar-de-pedro-severino\/","url_meta":{"origin":64239,"position":3},"title":"V\u00eddeo: Confira os detalhes da alta hospitalar de Pedro Severino","author":"noticiasribeiraopreto.com.br","date":"12 de June de 2025","format":false,"excerpt":"12 de junho de 2025 14:276 Compartilhar0 O atacante Pedro Severino, de 19 anos, recebeu alta do Hospital Unimed, em Ribeir\u00e3o Preto, na \u00faltima ter\u00e7a-feira (10). O jogador passou 96 dias internado na cidade ap\u00f3s um grave acidente automobil\u00edstico na Rodovia Anhanguera, na altura de Americana (SP), na madrugada de\u2026","rel":"","context":"In &quot;Not\u00edcias de Ribeir\u00e3o Preto-SP e Regi\u00e3o&quot;","block_context":{"text":"Not\u00edcias de Ribeir\u00e3o Preto-SP e Regi\u00e3o","link":"https:\/\/noticiasribeiraopreto.com.br\/index.php\/category\/noticias-de-ribeirao-preto-sp-e-regiao-ismael-colosi\/"},"img":{"alt_text":"","src":"https:\/\/i0.wp.com\/noticiasribeiraopreto.com.br\/wp-content\/uploads\/2025\/06\/maxresdefault-2-scaled.jpg?fit=800%2C450&ssl=1&resize=350%2C200","width":350,"height":200,"srcset":"https:\/\/i0.wp.com\/noticiasribeiraopreto.com.br\/wp-content\/uploads\/2025\/06\/maxresdefault-2-scaled.jpg?fit=800%2C450&ssl=1&resize=350%2C200 1x, https:\/\/i0.wp.com\/noticiasribeiraopreto.com.br\/wp-content\/uploads\/2025\/06\/maxresdefault-2-scaled.jpg?fit=800%2C450&ssl=1&resize=525%2C300 1.5x, https:\/\/i0.wp.com\/noticiasribeiraopreto.com.br\/wp-content\/uploads\/2025\/06\/maxresdefault-2-scaled.jpg?fit=800%2C450&ssl=1&resize=700%2C400 2x"},"classes":[]},{"id":64267,"url":"https:\/\/noticiasribeiraopreto.com.br\/index.php\/2025\/03\/06\/funcionarios-do-botafogo-fazem-oracao-pela-recuperacao-do-jogador-pedro-severino\/","url_meta":{"origin":64239,"position":4},"title":"Funcion\u00e1rios do Botafogo fazem ora\u00e7\u00e3o pela recupera\u00e7\u00e3o do jogador Pedro Severino","author":"noticiasribeiraopreto.com.br","date":"6 de March de 2025","format":false,"excerpt":"Funcion\u00e1rios, jogadores e a comiss\u00e3o t\u00e9cnica do Botafogo se reuniram na manh\u00e3 desta quinta-feira (6), em um c\u00edrculo no gramado do Est\u00e1dio Santa Cruz, em Ribeir\u00e3o Preto, para realizarem uma ora\u00e7\u00e3o pela recupera\u00e7\u00e3o do jogador Pedro Severino, v\u00edtima de acidente na \u00faltima ter\u00e7a-feira (4). O atacante, que tem 19 anos\u2026","rel":"","context":"In &quot;Not\u00edcias de Ribeir\u00e3o Preto-SP e Regi\u00e3o&quot;","block_context":{"text":"Not\u00edcias de Ribeir\u00e3o Preto-SP e Regi\u00e3o","link":"https:\/\/noticiasribeiraopreto.com.br\/index.php\/category\/noticias-de-ribeirao-preto-sp-e-regiao-ismael-colosi\/"},"img":{"alt_text":"","src":"https:\/\/i0.wp.com\/noticiasribeiraopreto.com.br\/wp-content\/uploads\/2025\/03\/BOTAFOGO_2025-03-06_14-32-13_jpg_2025-03-06_14-32-14.webp.webp?fit=1200%2C797&ssl=1&resize=350%2C200","width":350,"height":200,"srcset":"https:\/\/i0.wp.com\/noticiasribeiraopreto.com.br\/wp-content\/uploads\/2025\/03\/BOTAFOGO_2025-03-06_14-32-13_jpg_2025-03-06_14-32-14.webp.webp?fit=1200%2C797&ssl=1&resize=350%2C200 1x, https:\/\/i0.wp.com\/noticiasribeiraopreto.com.br\/wp-content\/uploads\/2025\/03\/BOTAFOGO_2025-03-06_14-32-13_jpg_2025-03-06_14-32-14.webp.webp?fit=1200%2C797&ssl=1&resize=525%2C300 1.5x, https:\/\/i0.wp.com\/noticiasribeiraopreto.com.br\/wp-content\/uploads\/2025\/03\/BOTAFOGO_2025-03-06_14-32-13_jpg_2025-03-06_14-32-14.webp.webp?fit=1200%2C797&ssl=1&resize=700%2C400 2x, https:\/\/i0.wp.com\/noticiasribeiraopreto.com.br\/wp-content\/uploads\/2025\/03\/BOTAFOGO_2025-03-06_14-32-13_jpg_2025-03-06_14-32-14.webp.webp?fit=1200%2C797&ssl=1&resize=1050%2C600 3x"},"classes":[]},{"id":72026,"url":"https:\/\/noticiasribeiraopreto.com.br\/index.php\/2025\/06\/12\/alegria-diz-jogador-pedro-severino-em-video-ao-deixar-hospital-apos-96-dias\/","url_meta":{"origin":64239,"position":5},"title":"\u2018Alegria\u2019, diz jogador Pedro Severino em v\u00eddeo ao deixar hospital ap\u00f3s 96 dias","author":"noticiasribeiraopreto.com.br","date":"12 de June de 2025","format":false,"excerpt":"Em um v\u00eddeo divulgado nesta quinta-feira (12), logo ap\u00f3s a coletiva de imprensa com a equipe m\u00e9dica que est\u00e1 \u00e0 frente do tratamento do jogador Pedro Severino, o atleta aparece ao lado dos pais, momentos antes de deixar o hospital onde ficou por 96 dias, e diz a palavra \u201calegria\u201d\u2026","rel":"","context":"In &quot;Not\u00edcias de Ribeir\u00e3o Preto-SP e Regi\u00e3o&quot;","block_context":{"text":"Not\u00edcias de Ribeir\u00e3o Preto-SP e Regi\u00e3o","link":"https:\/\/noticiasribeiraopreto.com.br\/index.php\/category\/noticias-de-ribeirao-preto-sp-e-regiao-ismael-colosi\/"},"img":{"alt_text":"","src":"https:\/\/i0.wp.com\/noticiasribeiraopreto.com.br\/wp-content\/uploads\/2025\/06\/PEDRO-SEVERINO_2025-06-12_15-06-42.webp.webp?fit=1200%2C761&ssl=1&resize=350%2C200","width":350,"height":200,"srcset":"https:\/\/i0.wp.com\/noticiasribeiraopreto.com.br\/wp-content\/uploads\/2025\/06\/PEDRO-SEVERINO_2025-06-12_15-06-42.webp.webp?fit=1200%2C761&ssl=1&resize=350%2C200 1x, https:\/\/i0.wp.com\/noticiasribeiraopreto.com.br\/wp-content\/uploads\/2025\/06\/PEDRO-SEVERINO_2025-06-12_15-06-42.webp.webp?fit=1200%2C761&ssl=1&resize=525%2C300 1.5x, https:\/\/i0.wp.com\/noticiasribeiraopreto.com.br\/wp-content\/uploads\/2025\/06\/PEDRO-SEVERINO_2025-06-12_15-06-42.webp.webp?fit=1200%2C761&ssl=1&resize=700%2C400 2x, https:\/\/i0.wp.com\/noticiasribeiraopreto.com.br\/wp-content\/uploads\/2025\/06\/PEDRO-SEVERINO_2025-06-12_15-06-42.webp.webp?fit=1200%2C761&ssl=1&resize=1050%2C600 3x"},"classes":[]}],"jetpack_sharing_enabled":true,"jetpack_shortlink":"https:\/\/wp.me\/peQAOb-gI7","jetpack_featured_media_url":"https:\/\/i0.wp.com\/noticiasribeiraopreto.com.br\/wp-content\/uploads\/2025\/03\/Pedro-Severino-1.jpg?fit=1200%2C675&ssl=1","_links":{"self":[{"href":"https:\/\/noticiasribeiraopreto.com.br\/index.php\/wp-json\/wp\/v2\/posts\/64239","targetHints":{"allow":["GET"]}}],"collection":[{"href":"https:\/\/noticiasribeiraopreto.com.br\/index.php\/wp-json\/wp\/v2\/posts"}],"about":[{"href":"https:\/\/noticiasribeiraopreto.com.br\/index.php\/wp-json\/wp\/v2\/types\/post"}],"author":[{"embeddable":true,"href":"https:\/\/noticiasribeiraopreto.com.br\/index.php\/wp-json\/wp\/v2\/users\/1"}],"replies":[{"embeddable":true,"href":"https:\/\/noticiasribeiraopreto.com.br\/index.php\/wp-json\/wp\/v2\/comments?post=64239"}],"version-history":[{"count":0,"href":"https:\/\/noticiasribeiraopreto.com.br\/index.php\/wp-json\/wp\/v2\/posts\/64239\/revisions"}],"wp:featuredmedia":[{"embeddable":true,"href":"https:\/\/noticiasribeiraopreto.com.br\/index.php\/wp-json\/wp\/v2\/media\/64240"}],"wp:attachment":[{"href":"https:\/\/noticiasribeiraopreto.com.br\/index.php\/wp-json\/wp\/v2\/media?parent=64239"}],"wp:term":[{"taxonomy":"category","embeddable":true,"href":"https:\/\/noticiasribeiraopreto.com.br\/index.php\/wp-json\/wp\/v2\/categories?post=64239"},{"taxonomy":"post_tag","embeddable":true,"href":"https:\/\/noticiasribeiraopreto.com.br\/index.php\/wp-json\/wp\/v2\/tags?post=64239"}],"curies":[{"name":"wp","href":"https:\/\/api.w.org\/{rel}","templated":true}]}}