{"id":64256,"date":"2025-03-06T11:30:16","date_gmt":"2025-03-06T14:30:16","guid":{"rendered":"https:\/\/noticiasribeiraopreto.com.br\/index.php\/2025\/03\/06\/legislativo-aprova-primeira-discussao-sobre-alteracao-do-nome-da-guarda-civil-metropolitana\/"},"modified":"2025-03-06T11:30:16","modified_gmt":"2025-03-06T14:30:16","slug":"legislativo-aprova-primeira-discussao-sobre-alteracao-do-nome-da-guarda-civil-metropolitana","status":"publish","type":"post","link":"https:\/\/noticiasribeiraopreto.com.br\/index.php\/2025\/03\/06\/legislativo-aprova-primeira-discussao-sobre-alteracao-do-nome-da-guarda-civil-metropolitana\/","title":{"rendered":"Legislativo Aprova Primeira Discuss\u00e3o sobre Altera\u00e7\u00e3o do Nome da Guarda Civil Metropolitana"},"content":{"rendered":"<div class='code-block code-block-1' style='margin: 8px 0 8px auto; text-align: right; display: block; clear: both;'>\n<p><a href=\"https:\/\/wa.link\/vpicfd\"><img data-recalc-dims=\"1\" class=\"wp-image-4922\" style=\"aspect-ratio: 2.0253164556962027; width: 561px; height: auto;\" src=\"https:\/\/i0.wp.com\/ismaelcolosi.com.br\/wp-content\/uploads\/2023\/11\/grupo-de-empregos-whatsapp-e-facebook-ismael-colosi-vagas.jpg?ssl=1\" alt=\"\" \/><\/a><\/p>\n<!-- \/wp:image -->\n<\/div>\n<p> <br \/>\n<\/p>\n<div>\n<p data-start=\"252\" data-end=\"688\">Na \u00faltima sess\u00e3o, a C\u00e2mara Municipal de Ribeir\u00e3o Preto aprovou a primeira discuss\u00e3o sobre a altera\u00e7\u00e3o do nome da Guarda Civil Metropolitana, sinalizando um movimento rumo \u00e0 moderniza\u00e7\u00e3o e \u00e0 adequa\u00e7\u00e3o da institui\u00e7\u00e3o aos desafios contempor\u00e2neos de seguran\u00e7a urbana. A proposta, que vem ganhando for\u00e7a entre os vereadores, busca refletir uma imagem mais atualizada e alinhada com as novas fun\u00e7\u00f5es e responsabilidades assumidas pela guarda.<\/p>\n<p data-start=\"690\" data-end=\"715\"><strong data-start=\"690\" data-end=\"715\">Contexto e Motiva\u00e7\u00f5es<\/strong><\/p>\n<p data-start=\"717\" data-end=\"1142\">Os defensores da mudan\u00e7a argumentam que a denomina\u00e7\u00e3o atual n\u00e3o corresponde mais ao escopo ampliado e \u00e0 evolu\u00e7\u00e3o do papel desempenhado pela institui\u00e7\u00e3o, que hoje atua n\u00e3o apenas na seguran\u00e7a p\u00fablica, mas tamb\u00e9m em a\u00e7\u00f5es de preven\u00e7\u00e3o e de integra\u00e7\u00e3o com a comunidade. Segundo os proponentes, uma nova nomenclatura poder\u00e1 refor\u00e7ar a confian\u00e7a dos cidad\u00e3os e evidenciar o compromisso com uma atua\u00e7\u00e3o mais transparente e moderna.<\/p>\n<p data-start=\"1144\" data-end=\"1176\"><strong data-start=\"1144\" data-end=\"1176\">Contribui\u00e7\u00f5es e Perspectivas<\/strong><\/p>\n<p data-start=\"1178\" data-end=\"1653\">Durante o debate, vereadores apresentaram sugest\u00f5es de nomes que pudessem representar melhor as atribui\u00e7\u00f5es e os valores da institui\u00e7\u00e3o, enfatizando a necessidade de um r\u00f3tulo que transmita efici\u00eancia, inova\u00e7\u00e3o e proximidade com a popula\u00e7\u00e3o. Ao mesmo tempo, alguns parlamentares defenderam a preserva\u00e7\u00e3o da identidade hist\u00f3rica da Guarda Civil Metropolitana, ressaltando que mudan\u00e7as desse porte devem ser cuidadosamente analisadas para n\u00e3o desvirtuar o legado institucional.<\/p>\n<p data-start=\"1655\" data-end=\"1674\"><strong data-start=\"1655\" data-end=\"1674\">Pr\u00f3ximos Passos<\/strong><\/p>\n<p data-start=\"1676\" data-end=\"2117\">A decis\u00e3o de abrir esse espa\u00e7o de debate \u00e9 vista como o primeiro passo para a elabora\u00e7\u00e3o de uma proposta mais concreta, que ser\u00e1 aprofundada em futuras reuni\u00f5es. O objetivo \u00e9 que, ap\u00f3s uma an\u00e1lise detalhada e ampla participa\u00e7\u00e3o da sociedade, a C\u00e2mara possa encaminhar ao Executivo uma proposta que contemple as transforma\u00e7\u00f5es necess\u00e1rias para que a institui\u00e7\u00e3o se posicione de forma mais adequada \u00e0s demandas atuais de seguran\u00e7a e cidadania.<\/p>\n<p data-start=\"2119\" data-end=\"2522\" data-is-last-node=\"\" data-is-only-node=\"\">A iniciativa reflete o compromisso do Legislativo em buscar solu\u00e7\u00f5es inovadoras que contribuam para a melhoria dos servi\u00e7os p\u00fablicos e para o fortalecimento da imagem das institui\u00e7\u00f5es de seguran\u00e7a em Ribeir\u00e3o Preto. A comunidade aguarda novas atualiza\u00e7\u00f5es e a continuidade do processo de discuss\u00e3o, que poder\u00e1 culminar em mudan\u00e7as significativas na identidade e na atua\u00e7\u00e3o da Guarda Civil Metropolitana.<\/p>\n<p>&#13;<br \/>\n\t\t\t\t<span class=\"post-views-icon dashicons dashicons-chart-bar\"\/> <span class=\"post-views-label\">Visualiza\u00e7\u00f5es:<\/span> <span class=\"post-views-count\">7<\/span>&#13;\n\t\t\t<\/p>\n<\/p><\/div>\n<p><br \/>\n<br \/><a href=\"https:\/\/folhaderibeirao.com.br\/2025\/03\/06\/legislativo-aprova-primeira-discussao-sobre-alteracao-do-nome-da-guarda-civil-metropolitana\/\">Source link <\/a><\/p>\n<!-- CONTENT END 1 -->\n","protected":false},"excerpt":{"rendered":"<p>Na \u00faltima sess\u00e3o, a C\u00e2mara Municipal de Ribeir\u00e3o Preto aprovou a primeira discuss\u00e3o sobre a altera\u00e7\u00e3o do nome da Guarda Civil Metropolitana, sinalizando um movimento&#8230;<\/p>\n","protected":false},"author":1,"featured_media":64257,"comment_status":"open","ping_status":"open","sticky":false,"template":"","format":"standard","meta":{"advanced_seo_description":"","jetpack_seo_html_title":"","jetpack_seo_noindex":false,"jetpack_post_was_ever_published":false,"_jetpack_newsletter_access":"","_jetpack_dont_email_post_to_subs":false,"_jetpack_newsletter_tier_id":0,"_jetpack_memberships_contains_paywalled_content":false,"_jetpack_memberships_contains_paid_content":false,"footnotes":"","jetpack_publicize_message":"","jetpack_publicize_feature_enabled":true,"jetpack_social_post_already_shared":true,"jetpack_social_options":{"image_generator_settings":{"template":"highway","default_image_id":0,"font":"","enabled":false},"version":2}},"categories":[11],"tags":[1157,155,450,1902,2943,1683,6255,1804,189,468],"class_list":["post-64256","post","type-post","status-publish","format-standard","has-post-thumbnail","hentry","category-noticias-de-ribeirao-preto-sp-e-regiao-ismael-colosi","tag-alteracao","tag-aprova","tag-civil","tag-discussao","tag-guarda","tag-legislativo","tag-metropolitana","tag-nome","tag-primeira","tag-sobre"],"jetpack_publicize_connections":[],"jetpack_featured_media_url":"https:\/\/i0.wp.com\/noticiasribeiraopreto.com.br\/wp-content\/uploads\/2025\/03\/DSC5057-scaled.jpg?fit=2560%2C1707&ssl=1","jetpack-related-posts":[{"id":65344,"url":"https:\/\/noticiasribeiraopreto.com.br\/index.php\/2025\/03\/19\/mudanca-de-nome-da-gcm-para-policia-metropolitana-gera-conflito-judicial-em-ribeirao-preto\/","url_meta":{"origin":64256,"position":0},"title":"Mudan\u00e7a de Nome da GCM para Pol\u00edcia Metropolitana Gera Conflito Judicial em Ribeir\u00e3o Preto","author":"noticiasribeiraopreto.com.br","date":"19 de March de 2025","format":false,"excerpt":"A recente decis\u00e3o da Prefeitura de Ribeir\u00e3o Preto de alterar o nome da Guarda Civil Municipal (GCM) para \u201cPol\u00edcia Metropolitana\u201d gerou controv\u00e9rsias e provocou uma rea\u00e7\u00e3o judicial da Procuradoria Geral do Estado de S\u00e3o Paulo (PGE). A mudan\u00e7a, anunciada como parte de um projeto de valoriza\u00e7\u00e3o e moderniza\u00e7\u00e3o da corpora\u00e7\u00e3o,\u2026","rel":"","context":"In &quot;Not\u00edcias de Ribeir\u00e3o Preto-SP e Regi\u00e3o&quot;","block_context":{"text":"Not\u00edcias de Ribeir\u00e3o Preto-SP e Regi\u00e3o","link":"https:\/\/noticiasribeiraopreto.com.br\/index.php\/category\/noticias-de-ribeirao-preto-sp-e-regiao-ismael-colosi\/"},"img":{"alt_text":"","src":"https:\/\/i0.wp.com\/noticiasribeiraopreto.com.br\/wp-content\/uploads\/2025\/03\/20230206123620267595i-1-1200x675-1.jpg?fit=1200%2C675&ssl=1&resize=350%2C200","width":350,"height":200,"srcset":"https:\/\/i0.wp.com\/noticiasribeiraopreto.com.br\/wp-content\/uploads\/2025\/03\/20230206123620267595i-1-1200x675-1.jpg?fit=1200%2C675&ssl=1&resize=350%2C200 1x, https:\/\/i0.wp.com\/noticiasribeiraopreto.com.br\/wp-content\/uploads\/2025\/03\/20230206123620267595i-1-1200x675-1.jpg?fit=1200%2C675&ssl=1&resize=525%2C300 1.5x, https:\/\/i0.wp.com\/noticiasribeiraopreto.com.br\/wp-content\/uploads\/2025\/03\/20230206123620267595i-1-1200x675-1.jpg?fit=1200%2C675&ssl=1&resize=700%2C400 2x, https:\/\/i0.wp.com\/noticiasribeiraopreto.com.br\/wp-content\/uploads\/2025\/03\/20230206123620267595i-1-1200x675-1.jpg?fit=1200%2C675&ssl=1&resize=1050%2C600 3x"},"classes":[]},{"id":64808,"url":"https:\/\/noticiasribeiraopreto.com.br\/index.php\/2025\/03\/12\/prefeitura-oficializa-mudanca-de-nome-da-guarda-para-policia-metropolitana-de-ribeirao-preto\/","url_meta":{"origin":64256,"position":1},"title":"Prefeitura oficializa mudan\u00e7a de nome da Guarda para Pol\u00edcia Metropolitana de Ribeir\u00e3o Preto","author":"noticiasribeiraopreto.com.br","date":"12 de March de 2025","format":false,"excerpt":"O prefeito de Ribeir\u00e3o Preto, Ricardo Silva (PSD), sancionou a lei que muda o nome da Guarda Civil Metropolitana para Pol\u00edcia Metropolitana. A promulga\u00e7\u00e3o foi publicada na edi\u00e7\u00e3o desta quarta-feira (12) do Di\u00e1rio Oficial do Munic\u00edpio. A proposta, do pr\u00f3prio chefe do Executivo, foi aprovada em definitivo pela C\u00e2mara Municipal\u2026","rel":"","context":"In &quot;Not\u00edcias de Ribeir\u00e3o Preto-SP e Regi\u00e3o&quot;","block_context":{"text":"Not\u00edcias de Ribeir\u00e3o Preto-SP e Regi\u00e3o","link":"https:\/\/noticiasribeiraopreto.com.br\/index.php\/category\/noticias-de-ribeirao-preto-sp-e-regiao-ismael-colosi\/"},"img":{"alt_text":"","src":"https:\/\/i0.wp.com\/noticiasribeiraopreto.com.br\/wp-content\/uploads\/2025\/02\/guarda-civil-metropolitana-ribeirao-preto_2025-02-27_21-43-15_jpg_2025-02-27_21-43-15.webp.webp?fit=1200%2C800&ssl=1&resize=350%2C200","width":350,"height":200,"srcset":"https:\/\/i0.wp.com\/noticiasribeiraopreto.com.br\/wp-content\/uploads\/2025\/02\/guarda-civil-metropolitana-ribeirao-preto_2025-02-27_21-43-15_jpg_2025-02-27_21-43-15.webp.webp?fit=1200%2C800&ssl=1&resize=350%2C200 1x, https:\/\/i0.wp.com\/noticiasribeiraopreto.com.br\/wp-content\/uploads\/2025\/02\/guarda-civil-metropolitana-ribeirao-preto_2025-02-27_21-43-15_jpg_2025-02-27_21-43-15.webp.webp?fit=1200%2C800&ssl=1&resize=525%2C300 1.5x, https:\/\/i0.wp.com\/noticiasribeiraopreto.com.br\/wp-content\/uploads\/2025\/02\/guarda-civil-metropolitana-ribeirao-preto_2025-02-27_21-43-15_jpg_2025-02-27_21-43-15.webp.webp?fit=1200%2C800&ssl=1&resize=700%2C400 2x, https:\/\/i0.wp.com\/noticiasribeiraopreto.com.br\/wp-content\/uploads\/2025\/02\/guarda-civil-metropolitana-ribeirao-preto_2025-02-27_21-43-15_jpg_2025-02-27_21-43-15.webp.webp?fit=1200%2C800&ssl=1&resize=1050%2C600 3x"},"classes":[]},{"id":84792,"url":"https:\/\/noticiasribeiraopreto.com.br\/index.php\/2026\/04\/16\/stf-veta-mudanca-em-guardas-municipais\/","url_meta":{"origin":64256,"position":2},"title":"STF veta mudan\u00e7a em guardas municipais","author":"noticiasribeiraopreto.com.br","date":"16 de April de 2026","format":false,"excerpt":"Supremo Tribunal Federal barra mudan\u00e7a de nome para Pol\u00edcia Municipal e afirma que altera\u00e7\u00e3o afeta o atual modelo constitucional de seguran\u00e7a p\u00fablica O Supremo Tribunal Federal (STF) decidiu que os munic\u00edpios n\u00e3o podem substituir o nome \u201cGuarda Municipal\u201d por \u201cPol\u00edcia Municipal\u201d ou denomina\u00e7\u00f5es similares. A decis\u00e3o, que vale para todas\u2026","rel":"","context":"In &quot;Not\u00edcias de Ribeir\u00e3o Preto-SP e Regi\u00e3o&quot;","block_context":{"text":"Not\u00edcias de Ribeir\u00e3o Preto-SP e Regi\u00e3o","link":"https:\/\/noticiasribeiraopreto.com.br\/index.php\/category\/noticias-de-ribeirao-preto-sp-e-regiao-ismael-colosi\/"},"img":{"alt_text":"","src":"https:\/\/i0.wp.com\/noticiasribeiraopreto.com.br\/wp-content\/uploads\/2026\/04\/GuardaGCM-Fernando-Gonzaga-scaled.jpg?fit=1170%2C780&ssl=1&resize=350%2C200","width":350,"height":200,"srcset":"https:\/\/i0.wp.com\/noticiasribeiraopreto.com.br\/wp-content\/uploads\/2026\/04\/GuardaGCM-Fernando-Gonzaga-scaled.jpg?fit=1170%2C780&ssl=1&resize=350%2C200 1x, https:\/\/i0.wp.com\/noticiasribeiraopreto.com.br\/wp-content\/uploads\/2026\/04\/GuardaGCM-Fernando-Gonzaga-scaled.jpg?fit=1170%2C780&ssl=1&resize=525%2C300 1.5x, https:\/\/i0.wp.com\/noticiasribeiraopreto.com.br\/wp-content\/uploads\/2026\/04\/GuardaGCM-Fernando-Gonzaga-scaled.jpg?fit=1170%2C780&ssl=1&resize=700%2C400 2x, https:\/\/i0.wp.com\/noticiasribeiraopreto.com.br\/wp-content\/uploads\/2026\/04\/GuardaGCM-Fernando-Gonzaga-scaled.jpg?fit=1170%2C780&ssl=1&resize=1050%2C600 3x"},"classes":[]},{"id":65296,"url":"https:\/\/noticiasribeiraopreto.com.br\/index.php\/2025\/03\/18\/mp-quer-barrar-lei-que-renomeia-gcm-para-policia-metropolitana-de-ribeirao-preto\/","url_meta":{"origin":64256,"position":3},"title":"MP quer barrar lei que renomeia GCM para Pol\u00edcia Metropolitana de Ribeir\u00e3o Preto","author":"noticiasribeiraopreto.com.br","date":"18 de March de 2025","format":false,"excerpt":"A Procuradoria-Geral de Justi\u00e7a de S\u00e3o Paulo, \u00f3rg\u00e3o m\u00e1ximo do MP-SP (Minist\u00e9rio P\u00fablico de S\u00e3o Paulo), entrou com uma Adin (A\u00e7\u00e3o Direta de Inconstitucionalidade) contra a lei que muda o nome da GCM (Guarda Civil Metropolitana) para Pol\u00edcia Metropolitana de Ribeir\u00e3o Preto. De acordo com a a\u00e7\u00e3o, que deu entrada\u2026","rel":"","context":"In &quot;Not\u00edcias de Ribeir\u00e3o Preto-SP e Regi\u00e3o&quot;","block_context":{"text":"Not\u00edcias de Ribeir\u00e3o Preto-SP e Regi\u00e3o","link":"https:\/\/noticiasribeiraopreto.com.br\/index.php\/category\/noticias-de-ribeirao-preto-sp-e-regiao-ismael-colosi\/"},"img":{"alt_text":"","src":"https:\/\/i0.wp.com\/noticiasribeiraopreto.com.br\/wp-content\/uploads\/2025\/02\/AnyConv.com__guarda-civil-metropolitana_2024-07-03_19-49-25.webp.webp?fit=1200%2C800&ssl=1&resize=350%2C200","width":350,"height":200,"srcset":"https:\/\/i0.wp.com\/noticiasribeiraopreto.com.br\/wp-content\/uploads\/2025\/02\/AnyConv.com__guarda-civil-metropolitana_2024-07-03_19-49-25.webp.webp?fit=1200%2C800&ssl=1&resize=350%2C200 1x, https:\/\/i0.wp.com\/noticiasribeiraopreto.com.br\/wp-content\/uploads\/2025\/02\/AnyConv.com__guarda-civil-metropolitana_2024-07-03_19-49-25.webp.webp?fit=1200%2C800&ssl=1&resize=525%2C300 1.5x, https:\/\/i0.wp.com\/noticiasribeiraopreto.com.br\/wp-content\/uploads\/2025\/02\/AnyConv.com__guarda-civil-metropolitana_2024-07-03_19-49-25.webp.webp?fit=1200%2C800&ssl=1&resize=700%2C400 2x, https:\/\/i0.wp.com\/noticiasribeiraopreto.com.br\/wp-content\/uploads\/2025\/02\/AnyConv.com__guarda-civil-metropolitana_2024-07-03_19-49-25.webp.webp?fit=1200%2C800&ssl=1&resize=1050%2C600 3x"},"classes":[]},{"id":64035,"url":"https:\/\/noticiasribeiraopreto.com.br\/index.php\/2025\/02\/27\/troca-de-nome-da-guarda-civil-para-policia-metropolitana-e-aprovada-pela-camara-de-ribeirao\/","url_meta":{"origin":64256,"position":4},"title":"Troca de nome da Guarda Civil para Pol\u00edcia Metropolitana \u00e9 aprovada pela C\u00e2mara de Ribeir\u00e3o","author":"noticiasribeiraopreto.com.br","date":"27 de February de 2025","format":false,"excerpt":"A C\u00e2mara de Ribeir\u00e3o Preto aprovou na sess\u00e3o desta quinta-feira (27) projeto de lei que muda o nome da Guarda Civil Metropolitana para Pol\u00edcia Metropolitana. A proposta \u00e9 do chefe do Executivo e foi anunciada pelo prefeito Ricardo Silva (PSD) ap\u00f3s decis\u00e3o do STF (Supremo Tribunal Federal) que autoriza os\u2026","rel":"","context":"In &quot;Not\u00edcias de Ribeir\u00e3o Preto-SP e Regi\u00e3o&quot;","block_context":{"text":"Not\u00edcias de Ribeir\u00e3o Preto-SP e Regi\u00e3o","link":"https:\/\/noticiasribeiraopreto.com.br\/index.php\/category\/noticias-de-ribeirao-preto-sp-e-regiao-ismael-colosi\/"},"img":{"alt_text":"","src":"https:\/\/i0.wp.com\/noticiasribeiraopreto.com.br\/wp-content\/uploads\/2025\/02\/guarda-civil-metropolitana-ribeirao-preto_2025-02-27_21-43-15_jpg_2025-02-27_21-43-15.webp.webp?fit=1200%2C800&ssl=1&resize=350%2C200","width":350,"height":200,"srcset":"https:\/\/i0.wp.com\/noticiasribeiraopreto.com.br\/wp-content\/uploads\/2025\/02\/guarda-civil-metropolitana-ribeirao-preto_2025-02-27_21-43-15_jpg_2025-02-27_21-43-15.webp.webp?fit=1200%2C800&ssl=1&resize=350%2C200 1x, https:\/\/i0.wp.com\/noticiasribeiraopreto.com.br\/wp-content\/uploads\/2025\/02\/guarda-civil-metropolitana-ribeirao-preto_2025-02-27_21-43-15_jpg_2025-02-27_21-43-15.webp.webp?fit=1200%2C800&ssl=1&resize=525%2C300 1.5x, https:\/\/i0.wp.com\/noticiasribeiraopreto.com.br\/wp-content\/uploads\/2025\/02\/guarda-civil-metropolitana-ribeirao-preto_2025-02-27_21-43-15_jpg_2025-02-27_21-43-15.webp.webp?fit=1200%2C800&ssl=1&resize=700%2C400 2x, https:\/\/i0.wp.com\/noticiasribeiraopreto.com.br\/wp-content\/uploads\/2025\/02\/guarda-civil-metropolitana-ribeirao-preto_2025-02-27_21-43-15_jpg_2025-02-27_21-43-15.webp.webp?fit=1200%2C800&ssl=1&resize=1050%2C600 3x"},"classes":[]},{"id":64037,"url":"https:\/\/noticiasribeiraopreto.com.br\/index.php\/2025\/02\/27\/troca-de-nome-da-guarda-civil-para-policia-metropolitana-e-aprovada-pela-camara-de-ribeirao-2\/","url_meta":{"origin":64256,"position":5},"title":"Troca de nome da Guarda Civil para Pol\u00edcia Metropolitana \u00e9 aprovada pela C\u00e2mara de Ribeir\u00e3o","author":"noticiasribeiraopreto.com.br","date":"27 de February de 2025","format":false,"excerpt":"A C\u00e2mara de Ribeir\u00e3o Preto aprovou na sess\u00e3o desta quinta-feira (27) projeto de lei que muda o nome da Guarda Civil Metropolitana para Pol\u00edcia Metropolitana. A proposta \u00e9 do chefe do Executivo e foi anunciada pelo prefeito Ricardo Silva (PSD) ap\u00f3s decis\u00e3o do STF (Supremo Tribunal Federal) que autoriza os\u2026","rel":"","context":"In &quot;Not\u00edcias de Ribeir\u00e3o Preto-SP e Regi\u00e3o&quot;","block_context":{"text":"Not\u00edcias de Ribeir\u00e3o Preto-SP e Regi\u00e3o","link":"https:\/\/noticiasribeiraopreto.com.br\/index.php\/category\/noticias-de-ribeirao-preto-sp-e-regiao-ismael-colosi\/"},"img":{"alt_text":"","src":"https:\/\/i0.wp.com\/noticiasribeiraopreto.com.br\/wp-content\/uploads\/2025\/02\/guarda-civil-metropolitana-ribeirao-preto_2025-02-27_21-43-15_jpg_2025-02-27_21-43-15.webp.webp?fit=1200%2C800&ssl=1&resize=350%2C200","width":350,"height":200,"srcset":"https:\/\/i0.wp.com\/noticiasribeiraopreto.com.br\/wp-content\/uploads\/2025\/02\/guarda-civil-metropolitana-ribeirao-preto_2025-02-27_21-43-15_jpg_2025-02-27_21-43-15.webp.webp?fit=1200%2C800&ssl=1&resize=350%2C200 1x, https:\/\/i0.wp.com\/noticiasribeiraopreto.com.br\/wp-content\/uploads\/2025\/02\/guarda-civil-metropolitana-ribeirao-preto_2025-02-27_21-43-15_jpg_2025-02-27_21-43-15.webp.webp?fit=1200%2C800&ssl=1&resize=525%2C300 1.5x, https:\/\/i0.wp.com\/noticiasribeiraopreto.com.br\/wp-content\/uploads\/2025\/02\/guarda-civil-metropolitana-ribeirao-preto_2025-02-27_21-43-15_jpg_2025-02-27_21-43-15.webp.webp?fit=1200%2C800&ssl=1&resize=700%2C400 2x, https:\/\/i0.wp.com\/noticiasribeiraopreto.com.br\/wp-content\/uploads\/2025\/02\/guarda-civil-metropolitana-ribeirao-preto_2025-02-27_21-43-15_jpg_2025-02-27_21-43-15.webp.webp?fit=1200%2C800&ssl=1&resize=1050%2C600 3x"},"classes":[]}],"jetpack_sharing_enabled":true,"jetpack_shortlink":"https:\/\/wp.me\/peQAOb-gIo","_links":{"self":[{"href":"https:\/\/noticiasribeiraopreto.com.br\/index.php\/wp-json\/wp\/v2\/posts\/64256","targetHints":{"allow":["GET"]}}],"collection":[{"href":"https:\/\/noticiasribeiraopreto.com.br\/index.php\/wp-json\/wp\/v2\/posts"}],"about":[{"href":"https:\/\/noticiasribeiraopreto.com.br\/index.php\/wp-json\/wp\/v2\/types\/post"}],"author":[{"embeddable":true,"href":"https:\/\/noticiasribeiraopreto.com.br\/index.php\/wp-json\/wp\/v2\/users\/1"}],"replies":[{"embeddable":true,"href":"https:\/\/noticiasribeiraopreto.com.br\/index.php\/wp-json\/wp\/v2\/comments?post=64256"}],"version-history":[{"count":0,"href":"https:\/\/noticiasribeiraopreto.com.br\/index.php\/wp-json\/wp\/v2\/posts\/64256\/revisions"}],"wp:featuredmedia":[{"embeddable":true,"href":"https:\/\/noticiasribeiraopreto.com.br\/index.php\/wp-json\/wp\/v2\/media\/64257"}],"wp:attachment":[{"href":"https:\/\/noticiasribeiraopreto.com.br\/index.php\/wp-json\/wp\/v2\/media?parent=64256"}],"wp:term":[{"taxonomy":"category","embeddable":true,"href":"https:\/\/noticiasribeiraopreto.com.br\/index.php\/wp-json\/wp\/v2\/categories?post=64256"},{"taxonomy":"post_tag","embeddable":true,"href":"https:\/\/noticiasribeiraopreto.com.br\/index.php\/wp-json\/wp\/v2\/tags?post=64256"}],"curies":[{"name":"wp","href":"https:\/\/api.w.org\/{rel}","templated":true}]}}