{"id":64407,"date":"2025-03-07T19:08:41","date_gmt":"2025-03-07T22:08:41","guid":{"rendered":"https:\/\/noticiasribeiraopreto.com.br\/index.php\/2025\/03\/07\/policia-conclui-inquerito-e-indica-motorista-de-caminhao-por-acidente-fatal\/"},"modified":"2025-03-07T19:08:41","modified_gmt":"2025-03-07T22:08:41","slug":"policia-conclui-inquerito-e-indica-motorista-de-caminhao-por-acidente-fatal","status":"publish","type":"post","link":"https:\/\/noticiasribeiraopreto.com.br\/index.php\/2025\/03\/07\/policia-conclui-inquerito-e-indica-motorista-de-caminhao-por-acidente-fatal\/","title":{"rendered":"Pol\u00edcia Conclui Inqu\u00e9rito e Indica Motorista de Caminh\u00e3o por Acidente Fatal"},"content":{"rendered":"<div class='code-block code-block-1' style='margin: 8px 0 8px auto; text-align: right; display: block; clear: both;'>\n<p><a href=\"https:\/\/wa.link\/vpicfd\"><img data-recalc-dims=\"1\" class=\"wp-image-4922\" style=\"aspect-ratio: 2.0253164556962027; width: 561px; height: auto;\" src=\"https:\/\/i0.wp.com\/ismaelcolosi.com.br\/wp-content\/uploads\/2023\/11\/grupo-de-empregos-whatsapp-e-facebook-ismael-colosi-vagas.jpg?ssl=1\" alt=\"\" \/><\/a><\/p>\n<!-- \/wp:image -->\n<\/div>\n<p> <br \/>\n<\/p>\n<div>\n<p data-start=\"295\" data-end=\"624\">A Pol\u00edcia Civil encerrou o inqu\u00e9rito que apura o tr\u00e1gico acidente ocorrido em S\u00e3o Paulo, no qual um caminh\u00e3o colidiu com um \u00f4nibus escolar, ceifando a vida de 12 estudantes. Segundo os investigadores, o motorista do caminh\u00e3o foi indicado como o principal suspeito, tendo agido com imprud\u00eancia e descumprido as normas de tr\u00e2nsito.<\/p>\n<p data-start=\"626\" data-end=\"666\"><strong data-start=\"626\" data-end=\"666\">Detalhes do Acidente e Investiga\u00e7\u00f5es<\/strong><\/p>\n<p data-start=\"668\" data-end=\"994\">O incidente ocorreu na regi\u00e3o de Ribeir\u00e3o Preto\/Franca, quando o caminh\u00e3o, trafegando em alta velocidade, atingiu o \u00f4nibus que transportava estudantes. A colis\u00e3o causou danos irrepar\u00e1veis ao ve\u00edculo e, infelizmente, resultou na perda de vidas, causando como\u00e7\u00e3o imediata na comunidade escolar e entre os familiares das v\u00edtimas.<\/p>\n<p data-start=\"996\" data-end=\"1377\">Durante a investiga\u00e7\u00e3o, a pol\u00edcia analisou imagens de c\u00e2meras de seguran\u00e7a, depoimentos de testemunhas e a din\u00e2mica dos fatos, o que levou \u00e0 conclus\u00e3o de que a conduta negligente do motorista foi determinante para a trag\u00e9dia. Os peritos tamb\u00e9m apontaram que a falta de aten\u00e7\u00e3o e o desrespeito aos limites de velocidade foram fatores cr\u00edticos que contribu\u00edram para o desfecho fatal.<\/p>\n<p data-start=\"1379\" data-end=\"1405\"><strong data-start=\"1379\" data-end=\"1405\">Medidas e Repercuss\u00f5es<\/strong><\/p>\n<p data-start=\"1407\" data-end=\"1788\">Com o inqu\u00e9rito conclu\u00eddo, o motorista agora poder\u00e1 ser processado criminalmente por homic\u00eddio culposo, al\u00e9m de responder por outras infra\u00e7\u00f5es de tr\u00e2nsito. As autoridades afirmam que o caso seguir\u00e1 para a esfera judicial, com a expectativa de que a decis\u00e3o seja um alerta para a necessidade de maior rigor no cumprimento das leis de tr\u00e2nsito, especialmente em vias de grande fluxo.<\/p>\n<p data-start=\"1790\" data-end=\"2180\">O acidente desencadeou uma onda de indigna\u00e7\u00e3o e mobiliza\u00e7\u00e3o tanto entre os moradores quanto na comunidade escolar, refor\u00e7ando o pedido por pol\u00edticas de fiscaliza\u00e7\u00e3o mais rigorosas e investimentos em infraestrutura de seguran\u00e7a vi\u00e1ria. Enquanto isso, familiares e amigos das v\u00edtimas aguardam por justi\u00e7a e respostas que possam, no futuro, prevenir que trag\u00e9dias semelhantes voltem a ocorrer.<\/p>\n<p data-start=\"2182\" data-end=\"2392\" data-is-last-node=\"\" data-is-only-node=\"\">Este epis\u00f3dio ressalta a import\u00e2ncia da responsabilidade no tr\u00e2nsito e a necessidade de medidas que assegurem a prote\u00e7\u00e3o de todos os usu\u00e1rios das vias, evitando que a imprud\u00eancia resulte em perdas irrepar\u00e1veis.<\/p>\n<p>&#13;<br \/>\n\t\t\t\t<span class=\"post-views-icon dashicons dashicons-chart-bar\"\/> <span class=\"post-views-label\">Visualiza\u00e7\u00f5es:<\/span> <span class=\"post-views-count\">4<\/span>&#13;\n\t\t\t<\/p>\n<\/p><\/div>\n<p><br \/>\n<br \/><a href=\"https:\/\/folhaderibeirao.com.br\/2025\/03\/07\/policia-conclui-inquerito-e-indica-motorista-de-caminhao-por-acidente-fatal\/\">Source link <\/a><\/p>\n<!-- CONTENT END 1 -->\n","protected":false},"excerpt":{"rendered":"<p>A Pol\u00edcia Civil encerrou o inqu\u00e9rito que apura o tr\u00e1gico acidente ocorrido em S\u00e3o Paulo, no qual um caminh\u00e3o colidiu com um \u00f4nibus escolar, ceifando&#8230;<\/p>\n","protected":false},"author":1,"featured_media":64408,"comment_status":"open","ping_status":"open","sticky":false,"template":"","format":"standard","meta":{"advanced_seo_description":"","jetpack_seo_html_title":"","jetpack_seo_noindex":false,"jetpack_post_was_ever_published":false,"_jetpack_newsletter_access":"","_jetpack_dont_email_post_to_subs":false,"_jetpack_newsletter_tier_id":0,"_jetpack_memberships_contains_paywalled_content":false,"_jetpack_memberships_contains_paid_content":false,"footnotes":"","jetpack_publicize_message":"","jetpack_publicize_feature_enabled":true,"jetpack_social_post_already_shared":true,"jetpack_social_options":{"image_generator_settings":{"template":"highway","default_image_id":0,"font":"","enabled":false},"version":2}},"categories":[11],"tags":[74,1971,2416,392,889,4333,319,20,134],"class_list":["post-64407","post","type-post","status-publish","format-standard","has-post-thumbnail","hentry","category-noticias-de-ribeirao-preto-sp-e-regiao-ismael-colosi","tag-acidente","tag-caminhao","tag-conclui","tag-fatal","tag-indica","tag-inquerito","tag-motorista","tag-policia","tag-por"],"jetpack_publicize_connections":[],"jetpack_featured_media_url":"https:\/\/i0.wp.com\/noticiasribeiraopreto.com.br\/wp-content\/uploads\/2025\/03\/174012940567b8447d7fa8b_1740129405_3x2_lg.jpg?fit=1024%2C682&ssl=1","jetpack-related-posts":[{"id":63774,"url":"https:\/\/noticiasribeiraopreto.com.br\/index.php\/2025\/02\/21\/motorista-de-caminhao-envolvido-em-batida-com-onibus-e-preso-12-estudantes-morreram\/","url_meta":{"origin":64407,"position":0},"title":"Motorista de caminh\u00e3o envolvido em batida com \u00f4nibus \u00e9 preso; 12 estudantes morreram","author":"noticiasribeiraopreto.com.br","date":"21 de February de 2025","format":false,"excerpt":"O motorista do caminh\u00e3o envolvido em um acidente com um \u00f4nibus na noite desta quinta-feira (20), na rodovia Waldir Canevari (SP-355\/330), entre os munic\u00edpios de Nuporanga e S\u00e3o Jos\u00e9 da Bela Vista, foi preso. Doze estudantes de S\u00e3o Joaquim da Barra que estavam no \u00f4nibus morreram. Outras 19 pessoas ficaram\u2026","rel":"","context":"In &quot;Not\u00edcias de Ribeir\u00e3o Preto-SP e Regi\u00e3o&quot;","block_context":{"text":"Not\u00edcias de Ribeir\u00e3o Preto-SP e Regi\u00e3o","link":"https:\/\/noticiasribeiraopreto.com.br\/index.php\/category\/noticias-de-ribeirao-preto-sp-e-regiao-ismael-colosi\/"},"img":{"alt_text":"","src":"https:\/\/i0.wp.com\/noticiasribeiraopreto.com.br\/wp-content\/uploads\/2025\/02\/WhatsApp-Image-2025-02-21-at-06.46.11_2025-02-21_10-55-29_jpeg_2025-02-21_10-55-30-scaled.webp.webp?fit=1200%2C675&ssl=1&resize=350%2C200","width":350,"height":200,"srcset":"https:\/\/i0.wp.com\/noticiasribeiraopreto.com.br\/wp-content\/uploads\/2025\/02\/WhatsApp-Image-2025-02-21-at-06.46.11_2025-02-21_10-55-29_jpeg_2025-02-21_10-55-30-scaled.webp.webp?fit=1200%2C675&ssl=1&resize=350%2C200 1x, https:\/\/i0.wp.com\/noticiasribeiraopreto.com.br\/wp-content\/uploads\/2025\/02\/WhatsApp-Image-2025-02-21-at-06.46.11_2025-02-21_10-55-29_jpeg_2025-02-21_10-55-30-scaled.webp.webp?fit=1200%2C675&ssl=1&resize=525%2C300 1.5x, https:\/\/i0.wp.com\/noticiasribeiraopreto.com.br\/wp-content\/uploads\/2025\/02\/WhatsApp-Image-2025-02-21-at-06.46.11_2025-02-21_10-55-29_jpeg_2025-02-21_10-55-30-scaled.webp.webp?fit=1200%2C675&ssl=1&resize=700%2C400 2x, https:\/\/i0.wp.com\/noticiasribeiraopreto.com.br\/wp-content\/uploads\/2025\/02\/WhatsApp-Image-2025-02-21-at-06.46.11_2025-02-21_10-55-29_jpeg_2025-02-21_10-55-30-scaled.webp.webp?fit=1200%2C675&ssl=1&resize=1050%2C600 3x"},"classes":[]},{"id":63907,"url":"https:\/\/noticiasribeiraopreto.com.br\/index.php\/2025\/02\/25\/ultima-vitima-de-acidente-com-onibus-de-estudantes-recebe-alta-e-deixa-hospital\/","url_meta":{"origin":64407,"position":1},"title":"\u00daltima v\u00edtima de acidente com \u00f4nibus de estudantes recebe alta e deixa hospital","author":"noticiasribeiraopreto.com.br","date":"25 de February de 2025","format":false,"excerpt":"A jovem Priscila Teixeira Lombardi, de 20 anos, \u00faltima v\u00edtima do acidente com \u00f4nibus de estudantes que estava internada, recebeu alta m\u00e9dica na manh\u00e3 desta ter\u00e7a-feira (25), na Santa Casa de Franca, a aproximadamente 80 quil\u00f4metros de Ribeir\u00e3o Preto. Ela deixou o hospital por um port\u00e3o alternativo do hospital. A\u2026","rel":"","context":"In &quot;Not\u00edcias de Ribeir\u00e3o Preto-SP e Regi\u00e3o&quot;","block_context":{"text":"Not\u00edcias de Ribeir\u00e3o Preto-SP e Regi\u00e3o","link":"https:\/\/noticiasribeiraopreto.com.br\/index.php\/category\/noticias-de-ribeirao-preto-sp-e-regiao-ismael-colosi\/"},"img":{"alt_text":"","src":"https:\/\/i0.wp.com\/noticiasribeiraopreto.com.br\/wp-content\/uploads\/2025\/02\/WhatsApp-Image-2025-02-21-at-06.27.08_2025-02-21_14-34-23_jpeg_2025-02-21_14-34-24-scaled.webp.webp?fit=1200%2C675&ssl=1&resize=350%2C200","width":350,"height":200,"srcset":"https:\/\/i0.wp.com\/noticiasribeiraopreto.com.br\/wp-content\/uploads\/2025\/02\/WhatsApp-Image-2025-02-21-at-06.27.08_2025-02-21_14-34-23_jpeg_2025-02-21_14-34-24-scaled.webp.webp?fit=1200%2C675&ssl=1&resize=350%2C200 1x, https:\/\/i0.wp.com\/noticiasribeiraopreto.com.br\/wp-content\/uploads\/2025\/02\/WhatsApp-Image-2025-02-21-at-06.27.08_2025-02-21_14-34-23_jpeg_2025-02-21_14-34-24-scaled.webp.webp?fit=1200%2C675&ssl=1&resize=525%2C300 1.5x, https:\/\/i0.wp.com\/noticiasribeiraopreto.com.br\/wp-content\/uploads\/2025\/02\/WhatsApp-Image-2025-02-21-at-06.27.08_2025-02-21_14-34-23_jpeg_2025-02-21_14-34-24-scaled.webp.webp?fit=1200%2C675&ssl=1&resize=700%2C400 2x, https:\/\/i0.wp.com\/noticiasribeiraopreto.com.br\/wp-content\/uploads\/2025\/02\/WhatsApp-Image-2025-02-21-at-06.27.08_2025-02-21_14-34-23_jpeg_2025-02-21_14-34-24-scaled.webp.webp?fit=1200%2C675&ssl=1&resize=1050%2C600 3x"},"classes":[]},{"id":63910,"url":"https:\/\/noticiasribeiraopreto.com.br\/index.php\/2025\/02\/25\/sobrevivente-de-acidente-com-onibus-de-estudantes-recebe-alta-e-deixa-hospital\/","url_meta":{"origin":64407,"position":2},"title":"Sobrevivente de acidente com \u00f4nibus de estudantes recebe alta e deixa hospital","author":"noticiasribeiraopreto.com.br","date":"25 de February de 2025","format":false,"excerpt":"A jovem Priscila Teixeira Lombardi, de 20 anos, \u00faltima v\u00edtima do acidente com \u00f4nibus de estudantes que estava internada, recebeu alta m\u00e9dica na manh\u00e3 desta ter\u00e7a-feira (25), na Santa Casa de Franca, a aproximadamente 80 quil\u00f4metros de Ribeir\u00e3o Preto. Ela deixou o hospital por um port\u00e3o alternativo do hospital. A\u2026","rel":"","context":"In &quot;Not\u00edcias de Ribeir\u00e3o Preto-SP e Regi\u00e3o&quot;","block_context":{"text":"Not\u00edcias de Ribeir\u00e3o Preto-SP e Regi\u00e3o","link":"https:\/\/noticiasribeiraopreto.com.br\/index.php\/category\/noticias-de-ribeirao-preto-sp-e-regiao-ismael-colosi\/"},"img":{"alt_text":"","src":"https:\/\/i0.wp.com\/noticiasribeiraopreto.com.br\/wp-content\/uploads\/2025\/02\/WhatsApp-Image-2025-02-21-at-06.27.08_2025-02-21_14-34-23_jpeg_2025-02-21_14-34-24-scaled.webp.webp?fit=1200%2C675&ssl=1&resize=350%2C200","width":350,"height":200,"srcset":"https:\/\/i0.wp.com\/noticiasribeiraopreto.com.br\/wp-content\/uploads\/2025\/02\/WhatsApp-Image-2025-02-21-at-06.27.08_2025-02-21_14-34-23_jpeg_2025-02-21_14-34-24-scaled.webp.webp?fit=1200%2C675&ssl=1&resize=350%2C200 1x, https:\/\/i0.wp.com\/noticiasribeiraopreto.com.br\/wp-content\/uploads\/2025\/02\/WhatsApp-Image-2025-02-21-at-06.27.08_2025-02-21_14-34-23_jpeg_2025-02-21_14-34-24-scaled.webp.webp?fit=1200%2C675&ssl=1&resize=525%2C300 1.5x, https:\/\/i0.wp.com\/noticiasribeiraopreto.com.br\/wp-content\/uploads\/2025\/02\/WhatsApp-Image-2025-02-21-at-06.27.08_2025-02-21_14-34-23_jpeg_2025-02-21_14-34-24-scaled.webp.webp?fit=1200%2C675&ssl=1&resize=700%2C400 2x, https:\/\/i0.wp.com\/noticiasribeiraopreto.com.br\/wp-content\/uploads\/2025\/02\/WhatsApp-Image-2025-02-21-at-06.27.08_2025-02-21_14-34-23_jpeg_2025-02-21_14-34-24-scaled.webp.webp?fit=1200%2C675&ssl=1&resize=1050%2C600 3x"},"classes":[]},{"id":63772,"url":"https:\/\/noticiasribeiraopreto.com.br\/index.php\/2025\/02\/21\/acidente-deixa-12-estudantes-mortos-em-rodovia-na-regiao-da-ribeirao-preto\/","url_meta":{"origin":64407,"position":3},"title":"Acidente deixa 12 estudantes mortos em rodovia na regi\u00e3o da Ribeir\u00e3o Preto","author":"noticiasribeiraopreto.com.br","date":"21 de February de 2025","format":false,"excerpt":"Uma batida entre um caminh\u00e3o e um \u00f4nibus deixou 12 estudantes mortos na noite desta quinta-feira (20), na rodovia Waldir Canevari (SP-355\/330), entre os munic\u00edpios de Nuporanga e S\u00e3o Jos\u00e9 da Bela Vista, na regi\u00e3o de Ribeir\u00e3o Preto. H\u00e1, ainda, 11 pessoas feridas, que foram levadas para hospitais da regi\u00e3o.\u2026","rel":"","context":"In &quot;Not\u00edcias de Ribeir\u00e3o Preto-SP e Regi\u00e3o&quot;","block_context":{"text":"Not\u00edcias de Ribeir\u00e3o Preto-SP e Regi\u00e3o","link":"https:\/\/noticiasribeiraopreto.com.br\/index.php\/category\/noticias-de-ribeirao-preto-sp-e-regiao-ismael-colosi\/"},"img":{"alt_text":"","src":"https:\/\/i0.wp.com\/noticiasribeiraopreto.com.br\/wp-content\/uploads\/2025\/02\/ONIBUS_2025-02-21_09-23-25_jpg_2025-02-21_09-23-25.webp.webp?fit=1200%2C640&ssl=1&resize=350%2C200","width":350,"height":200,"srcset":"https:\/\/i0.wp.com\/noticiasribeiraopreto.com.br\/wp-content\/uploads\/2025\/02\/ONIBUS_2025-02-21_09-23-25_jpg_2025-02-21_09-23-25.webp.webp?fit=1200%2C640&ssl=1&resize=350%2C200 1x, https:\/\/i0.wp.com\/noticiasribeiraopreto.com.br\/wp-content\/uploads\/2025\/02\/ONIBUS_2025-02-21_09-23-25_jpg_2025-02-21_09-23-25.webp.webp?fit=1200%2C640&ssl=1&resize=525%2C300 1.5x, https:\/\/i0.wp.com\/noticiasribeiraopreto.com.br\/wp-content\/uploads\/2025\/02\/ONIBUS_2025-02-21_09-23-25_jpg_2025-02-21_09-23-25.webp.webp?fit=1200%2C640&ssl=1&resize=700%2C400 2x, https:\/\/i0.wp.com\/noticiasribeiraopreto.com.br\/wp-content\/uploads\/2025\/02\/ONIBUS_2025-02-21_09-23-25_jpg_2025-02-21_09-23-25.webp.webp?fit=1200%2C640&ssl=1&resize=1050%2C600 3x"},"classes":[]},{"id":63786,"url":"https:\/\/noticiasribeiraopreto.com.br\/index.php\/2025\/02\/21\/vamos-acompanhar-as-investigacoes-diz-tarcisio-sobre-morte-de-12-estudantes-em-acidente\/","url_meta":{"origin":64407,"position":4},"title":"&#8216;Vamos acompanhar as investiga\u00e7\u00f5es&#8217;, diz Tarc\u00edsio sobre morte de 12 estudantes em acidente","author":"noticiasribeiraopreto.com.br","date":"21 de February de 2025","format":false,"excerpt":"O governador de S\u00e3o Paulo, Tarc\u00edsio de Freitas, publicou em suas redes sociais uma nota de pesar, ap\u00f3s a morte de 12 estudantes em um acidente entre um \u00f4nibus e um caminh\u00e3o, na noite desta quinta-feira (20), na rodovia Waldir Canevari (SP-355\/330), entre os munic\u00edpios de Nuporanga e S\u00e3o Jos\u00e9\u2026","rel":"","context":"In &quot;Not\u00edcias de Ribeir\u00e3o Preto-SP e Regi\u00e3o&quot;","block_context":{"text":"Not\u00edcias de Ribeir\u00e3o Preto-SP e Regi\u00e3o","link":"https:\/\/noticiasribeiraopreto.com.br\/index.php\/category\/noticias-de-ribeirao-preto-sp-e-regiao-ismael-colosi\/"},"img":{"alt_text":"","src":"https:\/\/i0.wp.com\/noticiasribeiraopreto.com.br\/wp-content\/uploads\/2025\/02\/WhatsApp-Image-2025-02-21-at-06.14.17_2025-02-21_13-24-12_jpeg_2025-02-21_13-24-12-scaled.webp.webp?fit=1200%2C675&ssl=1&resize=350%2C200","width":350,"height":200,"srcset":"https:\/\/i0.wp.com\/noticiasribeiraopreto.com.br\/wp-content\/uploads\/2025\/02\/WhatsApp-Image-2025-02-21-at-06.14.17_2025-02-21_13-24-12_jpeg_2025-02-21_13-24-12-scaled.webp.webp?fit=1200%2C675&ssl=1&resize=350%2C200 1x, https:\/\/i0.wp.com\/noticiasribeiraopreto.com.br\/wp-content\/uploads\/2025\/02\/WhatsApp-Image-2025-02-21-at-06.14.17_2025-02-21_13-24-12_jpeg_2025-02-21_13-24-12-scaled.webp.webp?fit=1200%2C675&ssl=1&resize=525%2C300 1.5x, https:\/\/i0.wp.com\/noticiasribeiraopreto.com.br\/wp-content\/uploads\/2025\/02\/WhatsApp-Image-2025-02-21-at-06.14.17_2025-02-21_13-24-12_jpeg_2025-02-21_13-24-12-scaled.webp.webp?fit=1200%2C675&ssl=1&resize=700%2C400 2x, https:\/\/i0.wp.com\/noticiasribeiraopreto.com.br\/wp-content\/uploads\/2025\/02\/WhatsApp-Image-2025-02-21-at-06.14.17_2025-02-21_13-24-12_jpeg_2025-02-21_13-24-12-scaled.webp.webp?fit=1200%2C675&ssl=1&resize=1050%2C600 3x"},"classes":[]},{"id":63893,"url":"https:\/\/noticiasribeiraopreto.com.br\/index.php\/2025\/02\/25\/universidade-presta-homenagem-a-estudantes-mortos-em-acidente-na-regiao-de-ribeirao-preto-video\/","url_meta":{"origin":64407,"position":5},"title":"Universidade presta homenagem a estudantes mortos em acidente na regi\u00e3o de Ribeir\u00e3o Preto; V\u00eddeo","author":"noticiasribeiraopreto.com.br","date":"25 de February de 2025","format":false,"excerpt":"A\u00a0Unifran\u00a0(Universidade de Franca) prestou homenagem aos 12 estudantes mortos em um acidente entre um \u00f4nibus e um caminh\u00e3o, ocorrido na noite da \u00faltima quinta-feira (20), na rodovia\u00a0Waldir\u00a0Canevari\u00a0(SP-355\/330), entre os munic\u00edpios de Nuporanga e S\u00e3o Jos\u00e9 da Bela Vista, na regi\u00e3o de\u00a0Ribeir\u00e3o Preto. Assista ao v\u00eddeo abaixo. As v\u00edtimas retornavam da\u2026","rel":"","context":"In &quot;Not\u00edcias de Ribeir\u00e3o Preto-SP e Regi\u00e3o&quot;","block_context":{"text":"Not\u00edcias de Ribeir\u00e3o Preto-SP e Regi\u00e3o","link":"https:\/\/noticiasribeiraopreto.com.br\/index.php\/category\/noticias-de-ribeirao-preto-sp-e-regiao-ismael-colosi\/"},"img":{"alt_text":"","src":"https:\/\/i0.wp.com\/noticiasribeiraopreto.com.br\/wp-content\/uploads\/2025\/02\/WhatsApp-Image-2025-02-25-at-08.14.23_2025-02-25_11-14-46_jpeg_2025-02-25_11-14-46.webp.webp?fit=1200%2C896&ssl=1&resize=350%2C200","width":350,"height":200,"srcset":"https:\/\/i0.wp.com\/noticiasribeiraopreto.com.br\/wp-content\/uploads\/2025\/02\/WhatsApp-Image-2025-02-25-at-08.14.23_2025-02-25_11-14-46_jpeg_2025-02-25_11-14-46.webp.webp?fit=1200%2C896&ssl=1&resize=350%2C200 1x, https:\/\/i0.wp.com\/noticiasribeiraopreto.com.br\/wp-content\/uploads\/2025\/02\/WhatsApp-Image-2025-02-25-at-08.14.23_2025-02-25_11-14-46_jpeg_2025-02-25_11-14-46.webp.webp?fit=1200%2C896&ssl=1&resize=525%2C300 1.5x, https:\/\/i0.wp.com\/noticiasribeiraopreto.com.br\/wp-content\/uploads\/2025\/02\/WhatsApp-Image-2025-02-25-at-08.14.23_2025-02-25_11-14-46_jpeg_2025-02-25_11-14-46.webp.webp?fit=1200%2C896&ssl=1&resize=700%2C400 2x, https:\/\/i0.wp.com\/noticiasribeiraopreto.com.br\/wp-content\/uploads\/2025\/02\/WhatsApp-Image-2025-02-25-at-08.14.23_2025-02-25_11-14-46_jpeg_2025-02-25_11-14-46.webp.webp?fit=1200%2C896&ssl=1&resize=1050%2C600 3x"},"classes":[]}],"jetpack_sharing_enabled":true,"jetpack_shortlink":"https:\/\/wp.me\/peQAOb-gKP","_links":{"self":[{"href":"https:\/\/noticiasribeiraopreto.com.br\/index.php\/wp-json\/wp\/v2\/posts\/64407","targetHints":{"allow":["GET"]}}],"collection":[{"href":"https:\/\/noticiasribeiraopreto.com.br\/index.php\/wp-json\/wp\/v2\/posts"}],"about":[{"href":"https:\/\/noticiasribeiraopreto.com.br\/index.php\/wp-json\/wp\/v2\/types\/post"}],"author":[{"embeddable":true,"href":"https:\/\/noticiasribeiraopreto.com.br\/index.php\/wp-json\/wp\/v2\/users\/1"}],"replies":[{"embeddable":true,"href":"https:\/\/noticiasribeiraopreto.com.br\/index.php\/wp-json\/wp\/v2\/comments?post=64407"}],"version-history":[{"count":0,"href":"https:\/\/noticiasribeiraopreto.com.br\/index.php\/wp-json\/wp\/v2\/posts\/64407\/revisions"}],"wp:featuredmedia":[{"embeddable":true,"href":"https:\/\/noticiasribeiraopreto.com.br\/index.php\/wp-json\/wp\/v2\/media\/64408"}],"wp:attachment":[{"href":"https:\/\/noticiasribeiraopreto.com.br\/index.php\/wp-json\/wp\/v2\/media?parent=64407"}],"wp:term":[{"taxonomy":"category","embeddable":true,"href":"https:\/\/noticiasribeiraopreto.com.br\/index.php\/wp-json\/wp\/v2\/categories?post=64407"},{"taxonomy":"post_tag","embeddable":true,"href":"https:\/\/noticiasribeiraopreto.com.br\/index.php\/wp-json\/wp\/v2\/tags?post=64407"}],"curies":[{"name":"wp","href":"https:\/\/api.w.org\/{rel}","templated":true}]}}