{"id":64409,"date":"2025-03-07T19:29:22","date_gmt":"2025-03-07T22:29:22","guid":{"rendered":"https:\/\/noticiasribeiraopreto.com.br\/index.php\/2025\/03\/07\/para-comemorar-aniversario-de-patrocinio-paulista-tem-shows-gratuitos-nesta-sexta-e-sabado\/"},"modified":"2025-03-07T19:29:22","modified_gmt":"2025-03-07T22:29:22","slug":"para-comemorar-aniversario-de-patrocinio-paulista-tem-shows-gratuitos-nesta-sexta-e-sabado","status":"publish","type":"post","link":"https:\/\/noticiasribeiraopreto.com.br\/index.php\/2025\/03\/07\/para-comemorar-aniversario-de-patrocinio-paulista-tem-shows-gratuitos-nesta-sexta-e-sabado\/","title":{"rendered":"Para comemorar anivers\u00e1rio de Patroc\u00ednio Paulista, t\u00eam shows gratuitos nesta sexta e s\u00e1bado"},"content":{"rendered":"<p> <br \/>\n<\/p>\n<div>\n<p>O munic\u00edpio de Patroc\u00ednio Paulista vai completar 140 anos de funda\u00e7\u00e3o no dia 10 de mar\u00e7o e a cidade estar\u00e1 em festa, com apresenta\u00e7\u00f5es das duplas Humberto e Ronaldo, nesta sexta-feira (7), e Diego e Victor Hugo, no s\u00e1bado (8). A entrada para os eventos \u00e9 gratuita em ambos os dias.<\/p>\n<p>As apresenta\u00e7\u00f5es v\u00e3o acontecer no Centro de Recrea\u00e7\u00e3o e Lazer Marumb\u00e9, espa\u00e7o p\u00fablico que comporta milhares de pessoas e vai ser o palco para os eventos comemorativos do munic\u00edpio.<\/p>\n<p>Humberto &amp; Ronaldo \u00e9 uma dupla sertaneja formada por Umberto Aparecido Teixeira Junior e por Marcelo Alves de Amorim. Ambos s\u00e3o nascidos em Goi\u00e2nia e t\u00eam como refer\u00eancias para sua carreira musical Leandro &amp; Leonardo, Chit\u00e3ozinho &amp; Xoror\u00f3, Bruno &amp; Marrone e Jorge &amp; Mateus.<\/p>\n<p><iframe loading=\"lazy\" title=\"Humberto e Ronaldo - A Uma Ex Atr\u00e1s  [DVD Evolution]\" width=\"500\" height=\"281\" src=\"https:\/\/www.youtube.com\/embed\/dnOmYv1BHyw?feature=oembed\" frameborder=\"0\" allow=\"accelerometer; autoplay; clipboard-write; encrypted-media; gyroscope; picture-in-picture; web-share\" referrerpolicy=\"strict-origin-when-cross-origin\" allowfullscreen><\/iframe><span data-mce-type=\"bookmark\" style=\"display: inline-block; width: 0px; overflow: hidden; line-height: 0;\" class=\"mce_SELRES_start\">\ufeff<\/span><\/iframe><\/p>\n<p>As m\u00fasicas que t\u00eam feito sucesso da dupla s\u00e3o \u201cE Deixa O Tempo Ver\u201d, \u201cRomance\u201d, \u201cEu vou contar Proc\u00eais\u201d, \u201cMedo\u201d. A discografia deles envolve: Humberto &amp; Ronaldo \u2013 Ao Vivo (2009), Romance \u2013 Ao Vivo (2011), Eu Vou, Contar Proc\u00eais (2012), Hoje Sonhei com Voc\u00ea (2013), Canto, Bebo e Choro (2014), Playlist (2016), Saideira dos 10 Anos (2018), Copo Sujo (2019) e Copo Sujo 2 (2020).<\/p>\n<p>J\u00e1 Diego &amp; Victor Hugo \u00e9 formada pelos amigos Diego Felix Pereira, de Bras\u00edlia, e Elias Anderson de Souza, de Uberl\u00e2ndia. Os dois come\u00e7aram como compositores. Eles s\u00e3o autores de hits gravados por nomes como Henrique &amp; Juliano e Wesley Safad\u00e3o.\u00a0 Quando se juntaram como dupla, conseguiram fazer com que suas modas ganhassem fama. O trabalho mais recente conta com participa\u00e7\u00f5es especiais de Bruno &amp; Marrone, Henrique &amp; Juliano, Gusttavo Lima, Jads &amp; Jadson, Maiara &amp; Mara\u00edsa.<\/p>\n<p>Na discografia deles, tem: \u00c1lbuns de est\u00fadio, com\u00a0Diego &amp; Victor Hugo ao vivo em Angra dos Reis (2023), Diego &amp; Victor Hugo (2014), No Seu Mundo (2016), \u00c1lbuns ao vivo, Sem Contraindica\u00e7\u00e3o (Ao Vivo em Uberl\u00e2ndia) (2017) (CD\/DVD), Querosene e o Viol\u00e3o \ufffc\ufffc(2018) (EP), Ao Vivo em Bras\u00edlia (2019) (CD\/DVD), Ver\u00e3ozinho (2020) (CD\/DVD). Tamb\u00e9m h\u00e1 os singles 2017 \u2013 \u201cSem Contraindica\u00e7\u00e3o\u201d(part. Bruno &amp; Marrone), 2018 \u2013 \u201cO Alvo\u201d(part. Henrique &amp; Juliano), 2018 \u2013 \u201cPrefiro Nem Perguntar\u201d, 2018 \u2013 \u201cInfarto\u201d, 2019 \u2013 \u201cDo Copo Eu Vim\u201d(part. Mar\u00edlia Mendon\u00e7a), 2019 \u2013 \u201cA Culpa \u00e9 do Meu Grau\u201d(part. Z\u00e9 Neto &amp; Cristiano), 2019 \u2013 \u201c\u00c1udio\u201d, 2021 \u2013 \u201dFacas\u2019 (part. Bruno &amp; Marrone).<\/p>\n<p><iframe loading=\"lazy\" title=\"Diego e Victor Hugo - Tubar\u00f5es\" width=\"500\" height=\"281\" src=\"https:\/\/www.youtube.com\/embed\/10XarNSkw0s?feature=oembed\" frameborder=\"0\" allow=\"accelerometer; autoplay; clipboard-write; encrypted-media; gyroscope; picture-in-picture; web-share\" referrerpolicy=\"strict-origin-when-cross-origin\" allowfullscreen><\/iframe><span data-mce-type=\"bookmark\" style=\"display: inline-block; width: 0px; overflow: hidden; line-height: 0;\" class=\"mce_SELRES_start\">\ufeff<\/span><\/iframe><\/p>\n<p>Mais sobre Patroc\u00ednio Paulista:<\/p>\n<blockquote class=\"wp-embedded-content\" data-secret=\"Fd1Xf5gC0g\">\n<p><a href=\"https:\/\/www.f3noticias.com.br\/ministerio-publico-consegue-aumentar-pena-de-homem-que-manteve-idosos-em-carcere-privado-em-patrocinio-paulista\/\">Minist\u00e9rio P\u00fablico consegue aumentar pena de homem que manteve idosos em c\u00e1rcere privado, em Patroc\u00ednio Paulista<\/a><\/p>\n<\/blockquote>\n<p><iframe loading=\"lazy\" class=\"wp-embedded-content\" sandbox=\"allow-scripts\" security=\"restricted\" style=\"position: absolute; clip: rect(1px, 1px, 1px, 1px);\" title=\"\u201cMinist\u00e9rio P\u00fablico consegue aumentar pena de homem que manteve idosos em c\u00e1rcere privado, em Patroc\u00ednio Paulista\u201d \u2014 F3 Not\u00edcias\" src=\"https:\/\/www.f3noticias.com.br\/ministerio-publico-consegue-aumentar-pena-de-homem-que-manteve-idosos-em-carcere-privado-em-patrocinio-paulista\/embed\/#?secret=J85Cs4CNFs#?secret=Fd1Xf5gC0g\" data-secret=\"Fd1Xf5gC0g\" width=\"500\" height=\"282\" frameborder=\"0\" marginwidth=\"0\" marginheight=\"0\" scrolling=\"no\"><\/iframe><\/p>\n<blockquote class=\"wp-embedded-content\" data-secret=\"wINYRnnTXF\">\n<p><a href=\"https:\/\/www.f3noticias.com.br\/opinioes-divididas-brecam-negociacao-para-rede-de-supermercados-entrar-em-patrocinio-paulista\/\">Opini\u00f5es divididas brecam negocia\u00e7\u00e3o para rede de supermercados entrar em Patroc\u00ednio Paulista<\/a><\/p>\n<\/blockquote>\n<p><iframe loading=\"lazy\" class=\"wp-embedded-content\" sandbox=\"allow-scripts\" security=\"restricted\" style=\"position: absolute; clip: rect(1px, 1px, 1px, 1px);\" title=\"\u201cOpini\u00f5es divididas brecam negocia\u00e7\u00e3o para rede de supermercados entrar em Patroc\u00ednio Paulista\u201d \u2014 F3 Not\u00edcias\" src=\"https:\/\/www.f3noticias.com.br\/opinioes-divididas-brecam-negociacao-para-rede-de-supermercados-entrar-em-patrocinio-paulista\/embed\/#?secret=U3ZWDPuqNS#?secret=wINYRnnTXF\" data-secret=\"wINYRnnTXF\" width=\"500\" height=\"282\" frameborder=\"0\" marginwidth=\"0\" marginheight=\"0\" scrolling=\"no\"><\/iframe><\/p>\n<p><!-- CONTENT END 1 --><\/p><\/div>\n<p><br \/>\n<br \/><a href=\"https:\/\/www.f3noticias.com.br\/para-comemorar-aniversario-de-patrocinio-paulista-tem-shows-gratuitos-nesta-sexta-e-sabado\/\">Source link <\/a><\/p>\n","protected":false},"excerpt":{"rendered":"<p>O munic\u00edpio de Patroc\u00ednio Paulista vai completar 140 anos de funda\u00e7\u00e3o no dia 10 de mar\u00e7o e a cidade estar\u00e1 em festa, com apresenta\u00e7\u00f5es das&#8230;<\/p>\n","protected":false},"author":1,"featured_media":64411,"comment_status":"open","ping_status":"open","sticky":false,"template":"","format":"standard","meta":{"advanced_seo_description":"","jetpack_seo_html_title":"","jetpack_seo_noindex":false,"jetpack_post_was_ever_published":false,"_jetpack_newsletter_access":"","_jetpack_dont_email_post_to_subs":false,"_jetpack_newsletter_tier_id":0,"_jetpack_memberships_contains_paywalled_content":false,"_jetpack_memberships_contains_paid_content":false,"footnotes":"","jetpack_publicize_message":"","jetpack_publicize_feature_enabled":true,"jetpack_social_post_already_shared":true,"jetpack_social_options":{"image_generator_settings":{"template":"highway","default_image_id":0,"font":"","enabled":false},"version":2}},"categories":[3597],"tags":[],"class_list":["post-64409","post","type-post","status-publish","format-standard","has-post-thumbnail","hentry","category-noticias-franca-sp"],"jetpack_publicize_connections":[],"jetpack_featured_media_url":"https:\/\/i0.wp.com\/noticiasribeiraopreto.com.br\/wp-content\/uploads\/2025\/03\/duplas-patrocinio-paulista.png?fit=700%2C400&ssl=1","jetpack-related-posts":[{"id":63651,"url":"https:\/\/noticiasribeiraopreto.com.br\/index.php\/2025\/02\/18\/icaro-e-gilmar-humberto-e-ronaldo-e-panda-se-apresentam-em-ribeirao-veja-quando\/","url_meta":{"origin":64409,"position":0},"title":"\u00cdcaro e Gilmar, Humberto e Ronaldo e Panda se apresentam em Ribeir\u00e3o; Veja quando","author":"noticiasribeiraopreto.com.br","date":"18 de February de 2025","format":false,"excerpt":"Os cantores \u00cdcaro e Gilmar, Humberto e Ronaldo e Panda se apresentam em Ribeir\u00e3o Preto, no dia 31 de maio, a partir das 21h, na I9 Academy, com o projeto \u201cC\u00ea T\u00e1 Doido Festival\u201d. Os ingressos para a apresenta\u00e7\u00e3o come\u00e7am a ser vendidos \u00e0s 18h desta quinta-feira (20), de forma\u2026","rel":"","context":"In &quot;Not\u00edcias de Ribeir\u00e3o Preto-SP e Regi\u00e3o&quot;","block_context":{"text":"Not\u00edcias de Ribeir\u00e3o Preto-SP e Regi\u00e3o","link":"https:\/\/noticiasribeiraopreto.com.br\/index.php\/category\/noticias-de-ribeirao-preto-sp-e-regiao-ismael-colosi\/"},"img":{"alt_text":"","src":"https:\/\/i0.wp.com\/noticiasribeiraopreto.com.br\/wp-content\/uploads\/2025\/02\/Copia-de-Copia-de-Copia-de-TAMANHO-EXATO-PARA-FOTOS-NO-SISTEMA-NOVO-2025-02-18T165207.525_2025-02-18_19-52-17_png_2025-02-18_19-52-18.webp.webp?fit=1200%2C675&ssl=1&resize=350%2C200","width":350,"height":200,"srcset":"https:\/\/i0.wp.com\/noticiasribeiraopreto.com.br\/wp-content\/uploads\/2025\/02\/Copia-de-Copia-de-Copia-de-TAMANHO-EXATO-PARA-FOTOS-NO-SISTEMA-NOVO-2025-02-18T165207.525_2025-02-18_19-52-17_png_2025-02-18_19-52-18.webp.webp?fit=1200%2C675&ssl=1&resize=350%2C200 1x, https:\/\/i0.wp.com\/noticiasribeiraopreto.com.br\/wp-content\/uploads\/2025\/02\/Copia-de-Copia-de-Copia-de-TAMANHO-EXATO-PARA-FOTOS-NO-SISTEMA-NOVO-2025-02-18T165207.525_2025-02-18_19-52-17_png_2025-02-18_19-52-18.webp.webp?fit=1200%2C675&ssl=1&resize=525%2C300 1.5x, https:\/\/i0.wp.com\/noticiasribeiraopreto.com.br\/wp-content\/uploads\/2025\/02\/Copia-de-Copia-de-Copia-de-TAMANHO-EXATO-PARA-FOTOS-NO-SISTEMA-NOVO-2025-02-18T165207.525_2025-02-18_19-52-17_png_2025-02-18_19-52-18.webp.webp?fit=1200%2C675&ssl=1&resize=700%2C400 2x, https:\/\/i0.wp.com\/noticiasribeiraopreto.com.br\/wp-content\/uploads\/2025\/02\/Copia-de-Copia-de-Copia-de-TAMANHO-EXATO-PARA-FOTOS-NO-SISTEMA-NOVO-2025-02-18T165207.525_2025-02-18_19-52-17_png_2025-02-18_19-52-18.webp.webp?fit=1200%2C675&ssl=1&resize=1050%2C600 3x"},"classes":[]},{"id":69045,"url":"https:\/\/noticiasribeiraopreto.com.br\/index.php\/2025\/05\/01\/ribeirao-rodeo-music-inicia-montarias-em-touros-nesta-sexta-feira\/","url_meta":{"origin":64409,"position":1},"title":"Ribeir\u00e3o Rodeo Music inicia montarias em touros nesta sexta-feira","author":"noticiasribeiraopreto.com.br","date":"1 de May de 2025","format":false,"excerpt":"O terceiro dia do Ribeir\u00e3o Rodeo Music 2025, nesta sexta-feira (2), come\u00e7a com as emo\u00e7\u00f5es das provas esportivas. A arena recebe o in\u00edcio das montarias em touros pela LNR (Liga Nacional de Rodeio) e tamb\u00e9m os Tr\u00eas Tambores. As finais das duas competi\u00e7\u00f5es ser\u00e3o realizadas no s\u00e1bado (3). Os port\u00f5es\u2026","rel":"","context":"In &quot;Not\u00edcias de Ribeir\u00e3o Preto-SP e Regi\u00e3o&quot;","block_context":{"text":"Not\u00edcias de Ribeir\u00e3o Preto-SP e Regi\u00e3o","link":"https:\/\/noticiasribeiraopreto.com.br\/index.php\/category\/noticias-de-ribeirao-preto-sp-e-regiao-ismael-colosi\/"},"img":{"alt_text":"","src":"https:\/\/i0.wp.com\/noticiasribeiraopreto.com.br\/wp-content\/uploads\/2025\/05\/rrm-montaria_2025-05-01_15-49-25.webp.webp?fit=1200%2C799&ssl=1&resize=350%2C200","width":350,"height":200,"srcset":"https:\/\/i0.wp.com\/noticiasribeiraopreto.com.br\/wp-content\/uploads\/2025\/05\/rrm-montaria_2025-05-01_15-49-25.webp.webp?fit=1200%2C799&ssl=1&resize=350%2C200 1x, https:\/\/i0.wp.com\/noticiasribeiraopreto.com.br\/wp-content\/uploads\/2025\/05\/rrm-montaria_2025-05-01_15-49-25.webp.webp?fit=1200%2C799&ssl=1&resize=525%2C300 1.5x, https:\/\/i0.wp.com\/noticiasribeiraopreto.com.br\/wp-content\/uploads\/2025\/05\/rrm-montaria_2025-05-01_15-49-25.webp.webp?fit=1200%2C799&ssl=1&resize=700%2C400 2x, https:\/\/i0.wp.com\/noticiasribeiraopreto.com.br\/wp-content\/uploads\/2025\/05\/rrm-montaria_2025-05-01_15-49-25.webp.webp?fit=1200%2C799&ssl=1&resize=1050%2C600 3x"},"classes":[]},{"id":76133,"url":"https:\/\/noticiasribeiraopreto.com.br\/index.php\/2025\/08\/22\/dupla-gerada-por-i-a-se-apresenta-nesta-sexta-feira-em-barretos\/","url_meta":{"origin":64409,"position":2},"title":"Dupla gerada por I.A se apresenta nesta sexta-feira em Barretos","author":"noticiasribeiraopreto.com.br","date":"22 de August de 2025","format":false,"excerpt":"A Festa do Pe\u00e3o de Barretos ter\u00e1 uma atra\u00e7\u00e3o in\u00e9dita em 2025. Uma dupla sertaneja virtual desenvolvida com intelig\u00eancia artificial ir\u00e1 cantar uma m\u00fasica nesta sexta-feira (22). A atra\u00e7\u00e3o acontecer\u00e1 novamente na pr\u00f3xima sexta-feira (29). Humberto Henrique e Osmar, uma \u201cdupla virtual\u201d que ser\u00e1 projetado em tel\u00f5es, vai lan\u00e7ar a\u2026","rel":"","context":"In &quot;Not\u00edcias de Ribeir\u00e3o Preto-SP e Regi\u00e3o&quot;","block_context":{"text":"Not\u00edcias de Ribeir\u00e3o Preto-SP e Regi\u00e3o","link":"https:\/\/noticiasribeiraopreto.com.br\/index.php\/category\/noticias-de-ribeirao-preto-sp-e-regiao-ismael-colosi\/"},"img":{"alt_text":"","src":"https:\/\/i0.wp.com\/noticiasribeiraopreto.com.br\/wp-content\/uploads\/2025\/08\/175581319468a7954a763e9_1755813194_3x2_md_2025-08-22_07-06-15.webp.webp?fit=768%2C512&ssl=1&resize=350%2C200","width":350,"height":200,"srcset":"https:\/\/i0.wp.com\/noticiasribeiraopreto.com.br\/wp-content\/uploads\/2025\/08\/175581319468a7954a763e9_1755813194_3x2_md_2025-08-22_07-06-15.webp.webp?fit=768%2C512&ssl=1&resize=350%2C200 1x, https:\/\/i0.wp.com\/noticiasribeiraopreto.com.br\/wp-content\/uploads\/2025\/08\/175581319468a7954a763e9_1755813194_3x2_md_2025-08-22_07-06-15.webp.webp?fit=768%2C512&ssl=1&resize=525%2C300 1.5x, https:\/\/i0.wp.com\/noticiasribeiraopreto.com.br\/wp-content\/uploads\/2025\/08\/175581319468a7954a763e9_1755813194_3x2_md_2025-08-22_07-06-15.webp.webp?fit=768%2C512&ssl=1&resize=700%2C400 2x"},"classes":[]},{"id":66752,"url":"https:\/\/noticiasribeiraopreto.com.br\/index.php\/2025\/04\/05\/jornal-da-franca-fred-ingressos-estao-a-venda\/","url_meta":{"origin":64409,"position":3},"title":"Jornal da Franca &#8211; Fred &#038; Fabr\u00edcio se apresentam em Franca no dia 12 de abril; ingressos est\u00e3o \u00e0 venda","author":"noticiasribeiraopreto.com.br","date":"5 de April de 2025","format":false,"excerpt":"compartilhar no whatsapp compartilhar no telegram compartilhar no facebook compartilhar no linkedin Al\u00e9m de Fred & Fabr\u00edcio, o Villa Eventos recebe Jo\u00e3o Vitor & Gustavo, Reisan e os sets dos DJs Edu Moreira e Lozanelo para uma noite de m\u00fasica diversificada. Fred & Fabr\u00edcio se apresentam em Franca no dia\u2026","rel":"","context":"In &quot;Not\u00edcias de Franca-SP&quot;","block_context":{"text":"Not\u00edcias de Franca-SP","link":"https:\/\/noticiasribeiraopreto.com.br\/index.php\/category\/noticias-de-ribeirao-preto-sp-e-regiao-ismael-colosi\/noticias-franca-sp\/"},"img":{"alt_text":"","src":"https:\/\/i0.wp.com\/noticiasribeiraopreto.com.br\/wp-content\/uploads\/2025\/04\/dupla-fred-e-fabricio.jpeg?fit=1200%2C800&ssl=1&resize=350%2C200","width":350,"height":200,"srcset":"https:\/\/i0.wp.com\/noticiasribeiraopreto.com.br\/wp-content\/uploads\/2025\/04\/dupla-fred-e-fabricio.jpeg?fit=1200%2C800&ssl=1&resize=350%2C200 1x, https:\/\/i0.wp.com\/noticiasribeiraopreto.com.br\/wp-content\/uploads\/2025\/04\/dupla-fred-e-fabricio.jpeg?fit=1200%2C800&ssl=1&resize=525%2C300 1.5x, https:\/\/i0.wp.com\/noticiasribeiraopreto.com.br\/wp-content\/uploads\/2025\/04\/dupla-fred-e-fabricio.jpeg?fit=1200%2C800&ssl=1&resize=700%2C400 2x, https:\/\/i0.wp.com\/noticiasribeiraopreto.com.br\/wp-content\/uploads\/2025\/04\/dupla-fred-e-fabricio.jpeg?fit=1200%2C800&ssl=1&resize=1050%2C600 3x"},"classes":[]},{"id":72596,"url":"https:\/\/noticiasribeiraopreto.com.br\/index.php\/2025\/06\/18\/jornal-da-franca-patrocinio-paulista-leva-o-arroz-no-arado-para-a-edicao-do-revelando-sp-em-iguape\/","url_meta":{"origin":64409,"position":4},"title":"Jornal da Franca &#8211; Patroc\u00ednio Paulista leva o &#8220;Arroz no Arado&#8221; para a edi\u00e7\u00e3o do Revelando SP em Iguape","author":"noticiasribeiraopreto.com.br","date":"18 de June de 2025","format":false,"excerpt":"A regi\u00e3o de\u00a0Franca\u00a0marca presen\u00e7a na culin\u00e1ria com\u00a0Patroc\u00ednio Paulista\u00a0e o Arroz no Arado e Sandu\u00edche Caipira \u2013 Rancho do Valle. Come\u00e7a neste dia 19 de junho, quinta-feira, a edi\u00e7\u00e3o de Iguape\u00a0do\u00a0Revelando SP, maior festival da valoriza\u00e7\u00e3o das culturas tradicionais paulistas, iniciativa do Governo do Estado de S\u00e3o Paulo, por meio da\u2026","rel":"","context":"In &quot;Not\u00edcias de Franca-SP&quot;","block_context":{"text":"Not\u00edcias de Franca-SP","link":"https:\/\/noticiasribeiraopreto.com.br\/index.php\/category\/noticias-de-ribeirao-preto-sp-e-regiao-ismael-colosi\/noticias-franca-sp\/"},"img":{"alt_text":"","src":"https:\/\/i0.wp.com\/noticiasribeiraopreto.com.br\/wp-content\/uploads\/2025\/06\/essa-01-2.jpg?fit=1055%2C675&ssl=1&resize=350%2C200","width":350,"height":200,"srcset":"https:\/\/i0.wp.com\/noticiasribeiraopreto.com.br\/wp-content\/uploads\/2025\/06\/essa-01-2.jpg?fit=1055%2C675&ssl=1&resize=350%2C200 1x, https:\/\/i0.wp.com\/noticiasribeiraopreto.com.br\/wp-content\/uploads\/2025\/06\/essa-01-2.jpg?fit=1055%2C675&ssl=1&resize=525%2C300 1.5x, https:\/\/i0.wp.com\/noticiasribeiraopreto.com.br\/wp-content\/uploads\/2025\/06\/essa-01-2.jpg?fit=1055%2C675&ssl=1&resize=700%2C400 2x, https:\/\/i0.wp.com\/noticiasribeiraopreto.com.br\/wp-content\/uploads\/2025\/06\/essa-01-2.jpg?fit=1055%2C675&ssl=1&resize=1050%2C600 3x"},"classes":[]},{"id":71468,"url":"https:\/\/noticiasribeiraopreto.com.br\/index.php\/2025\/06\/06\/arraia-mio-di-bao-ribeirao-traz-shows-e-atracoes-culturais-neste-fim-de-semana\/","url_meta":{"origin":64409,"position":5},"title":"Arrai\u00e1 Mi\u00f3 di B\u00e3o Ribeir\u00e3o traz shows e atra\u00e7\u00f5es culturais neste fim de semana","author":"noticiasribeiraopreto.com.br","date":"6 de June de 2025","format":false,"excerpt":"A dupla Luisa e Clara Dias ser\u00e1 a grande atra\u00e7\u00e3o dessa sexta-feira (6), no Arrai\u00e1 Mi\u00f3 di B\u00e3o \u2013 Ribeir\u00e3o. J\u00e1 no s\u00e1bado, dia 07, a m\u00fasica ficar\u00e1 por conta do cantor Liu Marks e finalizando a semana, no domingo, dia 08, ser\u00e1 a vez do trio Forr\u00f3 100 D\u00f3.\u2026","rel":"","context":"In &quot;Not\u00edcias de Ribeir\u00e3o Preto-SP e Regi\u00e3o&quot;","block_context":{"text":"Not\u00edcias de Ribeir\u00e3o Preto-SP e Regi\u00e3o","link":"https:\/\/noticiasribeiraopreto.com.br\/index.php\/category\/noticias-de-ribeirao-preto-sp-e-regiao-ismael-colosi\/"},"img":{"alt_text":"","src":"https:\/\/i0.wp.com\/noticiasribeiraopreto.com.br\/wp-content\/uploads\/2025\/06\/arraia2-scaled.jpeg?fit=750%2C500&ssl=1&resize=350%2C200","width":350,"height":200,"srcset":"https:\/\/i0.wp.com\/noticiasribeiraopreto.com.br\/wp-content\/uploads\/2025\/06\/arraia2-scaled.jpeg?fit=750%2C500&ssl=1&resize=350%2C200 1x, https:\/\/i0.wp.com\/noticiasribeiraopreto.com.br\/wp-content\/uploads\/2025\/06\/arraia2-scaled.jpeg?fit=750%2C500&ssl=1&resize=525%2C300 1.5x, https:\/\/i0.wp.com\/noticiasribeiraopreto.com.br\/wp-content\/uploads\/2025\/06\/arraia2-scaled.jpeg?fit=750%2C500&ssl=1&resize=700%2C400 2x"},"classes":[]}],"jetpack_sharing_enabled":true,"jetpack_shortlink":"https:\/\/wp.me\/peQAOb-gKR","_links":{"self":[{"href":"https:\/\/noticiasribeiraopreto.com.br\/index.php\/wp-json\/wp\/v2\/posts\/64409","targetHints":{"allow":["GET"]}}],"collection":[{"href":"https:\/\/noticiasribeiraopreto.com.br\/index.php\/wp-json\/wp\/v2\/posts"}],"about":[{"href":"https:\/\/noticiasribeiraopreto.com.br\/index.php\/wp-json\/wp\/v2\/types\/post"}],"author":[{"embeddable":true,"href":"https:\/\/noticiasribeiraopreto.com.br\/index.php\/wp-json\/wp\/v2\/users\/1"}],"replies":[{"embeddable":true,"href":"https:\/\/noticiasribeiraopreto.com.br\/index.php\/wp-json\/wp\/v2\/comments?post=64409"}],"version-history":[{"count":0,"href":"https:\/\/noticiasribeiraopreto.com.br\/index.php\/wp-json\/wp\/v2\/posts\/64409\/revisions"}],"wp:featuredmedia":[{"embeddable":true,"href":"https:\/\/noticiasribeiraopreto.com.br\/index.php\/wp-json\/wp\/v2\/media\/64411"}],"wp:attachment":[{"href":"https:\/\/noticiasribeiraopreto.com.br\/index.php\/wp-json\/wp\/v2\/media?parent=64409"}],"wp:term":[{"taxonomy":"category","embeddable":true,"href":"https:\/\/noticiasribeiraopreto.com.br\/index.php\/wp-json\/wp\/v2\/categories?post=64409"},{"taxonomy":"post_tag","embeddable":true,"href":"https:\/\/noticiasribeiraopreto.com.br\/index.php\/wp-json\/wp\/v2\/tags?post=64409"}],"curies":[{"name":"wp","href":"https:\/\/api.w.org\/{rel}","templated":true}]}}