{"id":64412,"date":"2025-03-07T19:31:42","date_gmt":"2025-03-07T22:31:42","guid":{"rendered":"https:\/\/noticiasribeiraopreto.com.br\/index.php\/2025\/03\/07\/justica-revoga-prisao-de-motorista-envolvido-em-acidente-que-matou-12-estudantes-no-interior-de-sp\/"},"modified":"2025-03-07T19:31:42","modified_gmt":"2025-03-07T22:31:42","slug":"justica-revoga-prisao-de-motorista-envolvido-em-acidente-que-matou-12-estudantes-no-interior-de-sp","status":"publish","type":"post","link":"https:\/\/noticiasribeiraopreto.com.br\/index.php\/2025\/03\/07\/justica-revoga-prisao-de-motorista-envolvido-em-acidente-que-matou-12-estudantes-no-interior-de-sp\/","title":{"rendered":"Justi\u00e7a revoga pris\u00e3o de motorista envolvido em acidente que matou 12 estudantes no interior de SP"},"content":{"rendered":"<p> <br \/>\n<\/p>\n<div>\n<p>A Justi\u00e7a <strong>revogou<\/strong>, na tarde desta sexta-feira (7), a <strong>pris\u00e3o preventiva de Evandro Rog\u00e9rio Leite<\/strong>, o motorista respons\u00e1vel pelo acidente fatal ocorrido na rodovia Waldir Canevari, <strong>entre Nuporanga e S\u00e3o Jos\u00e9 da Bela Vista. <\/strong>O acidente, que aconteceu no dia 20 de fevereiro, envolveu uma colis\u00e3o entre o caminh\u00e3o dirigido por Leite e um \u00f4nibus, resultando na <strong>morte de 12 estudantes.<\/strong><\/p>\n<p>De acordo com o documento, o ju\u00edz Iuri Sverzut Bellesini, da vara de Nuporanga, <strong>acatou o pedido da defesa e alegou que o denunciado \u00e9 prim\u00e1rio<\/strong>, possui resid\u00eancia fixa e ocupa\u00e7\u00e3o l\u00edcita, o que demonstra que sua liberdade n\u00e3o representa, neste momento, risco concreto \u00e0 ordem p\u00fablica, \u00e0 instru\u00e7\u00e3o criminal ou \u00e0 aplica\u00e7\u00e3o da lei penal.<\/p>\n<p>Evandro <strong>responde por 12 homic\u00eddios culposos<\/strong>, ou seja, <strong>cometidos sem inten\u00e7\u00e3o de matar<\/strong>, agravados por omiss\u00e3o de socorro, afastamento do local do acidente, al\u00e9m de les\u00f5es corporais culposas. O juiz determinou tamb\u00e9m a suspens\u00e3o da Carteira Nacional de Habilita\u00e7\u00e3o (CNH) do r\u00e9u. Ele est\u00e1 proibido de manter contato com os sobreviventes do acidente e com familiares das v\u00edtimas mortas.<\/p>\n<p>O motorista deve comparecer a todos os atos envolvendo o processo e precisa informar um endere\u00e7o atualizado em um prazo de 72 horas. Evandro estava preso desde sexta-feira (21) no Centro de deten\u00e7\u00e3o Provis\u00f3ria (CDP) de Pontal.<\/p>\n<hr class=\"wp-block-separator has-alpha-channel-opacity\"\/>\n<p>SAIBA MAIS<\/p>\n<p>Ap\u00f3s calor intenso, frente fria chega ao interior de SP e gabinete de crise \u00e9 montado<\/p>\n<p><strong>FIQUE ON<\/strong><\/p>\n<p>Fique ligado em tudo que acontece em Ribeir\u00e3o Preto e regi\u00e3o. Siga os perfis do<strong>\u00a0acidade on<\/strong>\u00a0no\u00a0<a href=\"https:\/\/www.instagram.com\/acidadeonribeirao\">Instagram<\/a>\u00a0e no\u00a0<a href=\"https:\/\/www.facebook.com\/acidadeonribeirao\/\">Facebook<\/a>.<\/p>\n<p>Receba not\u00edcias do<strong>\u00a0acidade on\u00a0<\/strong>no WhatsApp.\u00a0<a href=\"https:\/\/chat.whatsapp.com\/BjKQZ9oJwlz8VVT50NuePq\">Para entrar no grupo, basta clicar aqui.<\/a><\/p>\n<p>Fa\u00e7a uma den\u00fancia ou sugira uma reportagem sobre Ribeir\u00e3o Preto e regi\u00e3o pelo WhatsApp: 16 99117 7802.<\/p>\n<p>VEJA TAMB\u00c9M\u200b<\/p>\n<p>Qual a hist\u00f3ria da s\u00e9rie \u201cMedusa\u201d?<\/p>\n<p><!-- CONTENT END 1 -->\n<\/div>\n<p><script async src=\"\/\/www.instagram.com\/embed.js\"><\/script><br \/>\n<br \/><br \/>\n<br \/><a href=\"https:\/\/www.acidadeon.com\/ribeiraopreto\/cotidiano\/justica-revoga-prisao-de-motorista-envolvido-em-acidente-que-matou-12-estudantes-no-interior-de-sp\/\">Source link <\/a><\/p>\n","protected":false},"excerpt":{"rendered":"<p>A Justi\u00e7a revogou, na tarde desta sexta-feira (7), a pris\u00e3o preventiva de Evandro Rog\u00e9rio Leite, o motorista respons\u00e1vel pelo acidente fatal ocorrido na rodovia Waldir&#8230;<\/p>\n","protected":false},"author":1,"featured_media":64413,"comment_status":"open","ping_status":"open","sticky":false,"template":"","format":"standard","meta":{"advanced_seo_description":"","jetpack_seo_html_title":"","jetpack_seo_noindex":false,"jetpack_post_was_ever_published":false,"_jetpack_newsletter_access":"","_jetpack_dont_email_post_to_subs":false,"_jetpack_newsletter_tier_id":0,"_jetpack_memberships_contains_paywalled_content":false,"_jetpack_memberships_contains_paid_content":false,"footnotes":"","jetpack_publicize_message":"","jetpack_publicize_feature_enabled":true,"jetpack_social_post_already_shared":true,"jetpack_social_options":{"image_generator_settings":{"template":"highway","default_image_id":0,"font":"","enabled":false},"version":2}},"categories":[11],"tags":[],"class_list":["post-64412","post","type-post","status-publish","format-standard","has-post-thumbnail","hentry","category-noticias-de-ribeirao-preto-sp-e-regiao-ismael-colosi"],"jetpack_publicize_connections":[],"jetpack_featured_media_url":"https:\/\/i0.wp.com\/noticiasribeiraopreto.com.br\/wp-content\/uploads\/2025\/03\/Copia-de-Copia-de-Copia-de-TAMANHO-EXATO-PARA-FOTOS-NO-SISTEMA-NOVO-2025-02-21T140809.939_2025-02-21_17-08-33_png_2025-02-21_17-08-33.webp.webp?fit=1200%2C675&ssl=1","jetpack-related-posts":[{"id":65544,"url":"https:\/\/noticiasribeiraopreto.com.br\/index.php\/2025\/03\/21\/vigilia-marca-um-mes-do-acidente-que-matou-12-estudantes-na-regiao-de-ribeirao-preto-video\/","url_meta":{"origin":64412,"position":0},"title":"Vig\u00edlia marca um m\u00eas do acidente que matou 12 estudantes na regi\u00e3o de Ribeir\u00e3o Preto; V\u00eddeo","author":"noticiasribeiraopreto.com.br","date":"21 de March de 2025","format":false,"excerpt":"Uma vig\u00edlia realizada na noite desta quinta (20) marcou um m\u00eas do acidente que vitimou 12 estudantes de S\u00e3o Joaquim da Barra, cidade a aproximadamente 70 quil\u00f4metros de Ribeir\u00e3o Preto. Assista ao v\u00eddeo abaixo. O ato reuniu centenas de pessoas que usaram camisas brancas na Pra\u00e7a Sete de Setembro, regi\u00e3o\u2026","rel":"","context":"In &quot;Not\u00edcias de Ribeir\u00e3o Preto-SP e Regi\u00e3o&quot;","block_context":{"text":"Not\u00edcias de Ribeir\u00e3o Preto-SP e Regi\u00e3o","link":"https:\/\/noticiasribeiraopreto.com.br\/index.php\/category\/noticias-de-ribeirao-preto-sp-e-regiao-ismael-colosi\/"},"img":{"alt_text":"","src":"https:\/\/i0.wp.com\/noticiasribeiraopreto.com.br\/wp-content\/uploads\/2025\/03\/VIGILIA_2025-03-21_13-41-19_jpg_2025-03-21_13-41-20.webp.webp?fit=1200%2C809&ssl=1&resize=350%2C200","width":350,"height":200,"srcset":"https:\/\/i0.wp.com\/noticiasribeiraopreto.com.br\/wp-content\/uploads\/2025\/03\/VIGILIA_2025-03-21_13-41-19_jpg_2025-03-21_13-41-20.webp.webp?fit=1200%2C809&ssl=1&resize=350%2C200 1x, https:\/\/i0.wp.com\/noticiasribeiraopreto.com.br\/wp-content\/uploads\/2025\/03\/VIGILIA_2025-03-21_13-41-19_jpg_2025-03-21_13-41-20.webp.webp?fit=1200%2C809&ssl=1&resize=525%2C300 1.5x, https:\/\/i0.wp.com\/noticiasribeiraopreto.com.br\/wp-content\/uploads\/2025\/03\/VIGILIA_2025-03-21_13-41-19_jpg_2025-03-21_13-41-20.webp.webp?fit=1200%2C809&ssl=1&resize=700%2C400 2x, https:\/\/i0.wp.com\/noticiasribeiraopreto.com.br\/wp-content\/uploads\/2025\/03\/VIGILIA_2025-03-21_13-41-19_jpg_2025-03-21_13-41-20.webp.webp?fit=1200%2C809&ssl=1&resize=1050%2C600 3x"},"classes":[]},{"id":77093,"url":"https:\/\/noticiasribeiraopreto.com.br\/index.php\/2025\/09\/11\/motorista-e-condenado-por-acidente-que-matou-12-estudantes-na-regiao-de-ribeirao-preto\/","url_meta":{"origin":64412,"position":1},"title":"Motorista \u00e9 condenado por acidente que matou 12 estudantes na regi\u00e3o de Ribeir\u00e3o Preto","author":"noticiasribeiraopreto.com.br","date":"11 de September de 2025","format":false,"excerpt":"O motorista Evandro Rog\u00e9rio Leite, de 51 anos, foi condenado pelo Tribunal de Justi\u00e7a de S\u00e3o Paulo (TJ-SP) pela morte de 12 pessoas e les\u00e3o corporal em outras tr\u00eas, ap\u00f3s a batida entre o caminh\u00e3o que dirigia e um \u00f4nibus de estudantes, em fevereiro deste ano, na rodovia Waldir Canevari\u2026","rel":"","context":"In &quot;Not\u00edcias de Ribeir\u00e3o Preto-SP e Regi\u00e3o&quot;","block_context":{"text":"Not\u00edcias de Ribeir\u00e3o Preto-SP e Regi\u00e3o","link":"https:\/\/noticiasribeiraopreto.com.br\/index.php\/category\/noticias-de-ribeirao-preto-sp-e-regiao-ismael-colosi\/"},"img":{"alt_text":"","src":"https:\/\/i0.wp.com\/noticiasribeiraopreto.com.br\/wp-content\/uploads\/2025\/09\/ONIBUS_2025-02-21_09-23-25_jpg_2025-02-21_09-23-25.webp.webp?fit=1200%2C640&ssl=1&resize=350%2C200","width":350,"height":200,"srcset":"https:\/\/i0.wp.com\/noticiasribeiraopreto.com.br\/wp-content\/uploads\/2025\/09\/ONIBUS_2025-02-21_09-23-25_jpg_2025-02-21_09-23-25.webp.webp?fit=1200%2C640&ssl=1&resize=350%2C200 1x, https:\/\/i0.wp.com\/noticiasribeiraopreto.com.br\/wp-content\/uploads\/2025\/09\/ONIBUS_2025-02-21_09-23-25_jpg_2025-02-21_09-23-25.webp.webp?fit=1200%2C640&ssl=1&resize=525%2C300 1.5x, https:\/\/i0.wp.com\/noticiasribeiraopreto.com.br\/wp-content\/uploads\/2025\/09\/ONIBUS_2025-02-21_09-23-25_jpg_2025-02-21_09-23-25.webp.webp?fit=1200%2C640&ssl=1&resize=700%2C400 2x, https:\/\/i0.wp.com\/noticiasribeiraopreto.com.br\/wp-content\/uploads\/2025\/09\/ONIBUS_2025-02-21_09-23-25_jpg_2025-02-21_09-23-25.webp.webp?fit=1200%2C640&ssl=1&resize=1050%2C600 3x"},"classes":[]},{"id":71126,"url":"https:\/\/noticiasribeiraopreto.com.br\/index.php\/2025\/06\/02\/veja-o-que-diz-o-laudo-sobre-acidente-que-matou-12-estudantes-no-interior-de-sp\/","url_meta":{"origin":64412,"position":2},"title":"Veja o que diz o laudo sobre acidente que matou 12 estudantes no interior de SP","author":"noticiasribeiraopreto.com.br","date":"2 de June de 2025","format":false,"excerpt":"O motorista do caminh\u00e3o envolvido no acidente que matou 12 estudantes universit\u00e1rios, em fevereiro deste ano, entre Nuporanga e S\u00e3o Jos\u00e9 da Bela Vista, no interior de S\u00e3o Paulo, bateu em um declive antes de colidir com o \u00f4nibus, segundo laudo da per\u00edcia. De acordo com informa\u00e7\u00f5es divulgadas nesta segunda-feira\u2026","rel":"","context":"In &quot;Not\u00edcias de Ribeir\u00e3o Preto-SP e Regi\u00e3o&quot;","block_context":{"text":"Not\u00edcias de Ribeir\u00e3o Preto-SP e Regi\u00e3o","link":"https:\/\/noticiasribeiraopreto.com.br\/index.php\/category\/noticias-de-ribeirao-preto-sp-e-regiao-ismael-colosi\/"},"img":{"alt_text":"","src":"https:\/\/i0.wp.com\/noticiasribeiraopreto.com.br\/wp-content\/uploads\/2025\/02\/WhatsApp-Image-2025-02-21-at-06.46.11_2025-02-21_10-55-29_jpeg_2025-02-21_10-55-30-scaled.webp.webp?fit=1200%2C675&ssl=1&resize=350%2C200","width":350,"height":200,"srcset":"https:\/\/i0.wp.com\/noticiasribeiraopreto.com.br\/wp-content\/uploads\/2025\/02\/WhatsApp-Image-2025-02-21-at-06.46.11_2025-02-21_10-55-29_jpeg_2025-02-21_10-55-30-scaled.webp.webp?fit=1200%2C675&ssl=1&resize=350%2C200 1x, https:\/\/i0.wp.com\/noticiasribeiraopreto.com.br\/wp-content\/uploads\/2025\/02\/WhatsApp-Image-2025-02-21-at-06.46.11_2025-02-21_10-55-29_jpeg_2025-02-21_10-55-30-scaled.webp.webp?fit=1200%2C675&ssl=1&resize=525%2C300 1.5x, https:\/\/i0.wp.com\/noticiasribeiraopreto.com.br\/wp-content\/uploads\/2025\/02\/WhatsApp-Image-2025-02-21-at-06.46.11_2025-02-21_10-55-29_jpeg_2025-02-21_10-55-30-scaled.webp.webp?fit=1200%2C675&ssl=1&resize=700%2C400 2x, https:\/\/i0.wp.com\/noticiasribeiraopreto.com.br\/wp-content\/uploads\/2025\/02\/WhatsApp-Image-2025-02-21-at-06.46.11_2025-02-21_10-55-29_jpeg_2025-02-21_10-55-30-scaled.webp.webp?fit=1200%2C675&ssl=1&resize=1050%2C600 3x"},"classes":[]},{"id":63907,"url":"https:\/\/noticiasribeiraopreto.com.br\/index.php\/2025\/02\/25\/ultima-vitima-de-acidente-com-onibus-de-estudantes-recebe-alta-e-deixa-hospital\/","url_meta":{"origin":64412,"position":3},"title":"\u00daltima v\u00edtima de acidente com \u00f4nibus de estudantes recebe alta e deixa hospital","author":"noticiasribeiraopreto.com.br","date":"25 de February de 2025","format":false,"excerpt":"A jovem Priscila Teixeira Lombardi, de 20 anos, \u00faltima v\u00edtima do acidente com \u00f4nibus de estudantes que estava internada, recebeu alta m\u00e9dica na manh\u00e3 desta ter\u00e7a-feira (25), na Santa Casa de Franca, a aproximadamente 80 quil\u00f4metros de Ribeir\u00e3o Preto. Ela deixou o hospital por um port\u00e3o alternativo do hospital. A\u2026","rel":"","context":"In &quot;Not\u00edcias de Ribeir\u00e3o Preto-SP e Regi\u00e3o&quot;","block_context":{"text":"Not\u00edcias de Ribeir\u00e3o Preto-SP e Regi\u00e3o","link":"https:\/\/noticiasribeiraopreto.com.br\/index.php\/category\/noticias-de-ribeirao-preto-sp-e-regiao-ismael-colosi\/"},"img":{"alt_text":"","src":"https:\/\/i0.wp.com\/noticiasribeiraopreto.com.br\/wp-content\/uploads\/2025\/02\/WhatsApp-Image-2025-02-21-at-06.27.08_2025-02-21_14-34-23_jpeg_2025-02-21_14-34-24-scaled.webp.webp?fit=1200%2C675&ssl=1&resize=350%2C200","width":350,"height":200,"srcset":"https:\/\/i0.wp.com\/noticiasribeiraopreto.com.br\/wp-content\/uploads\/2025\/02\/WhatsApp-Image-2025-02-21-at-06.27.08_2025-02-21_14-34-23_jpeg_2025-02-21_14-34-24-scaled.webp.webp?fit=1200%2C675&ssl=1&resize=350%2C200 1x, https:\/\/i0.wp.com\/noticiasribeiraopreto.com.br\/wp-content\/uploads\/2025\/02\/WhatsApp-Image-2025-02-21-at-06.27.08_2025-02-21_14-34-23_jpeg_2025-02-21_14-34-24-scaled.webp.webp?fit=1200%2C675&ssl=1&resize=525%2C300 1.5x, https:\/\/i0.wp.com\/noticiasribeiraopreto.com.br\/wp-content\/uploads\/2025\/02\/WhatsApp-Image-2025-02-21-at-06.27.08_2025-02-21_14-34-23_jpeg_2025-02-21_14-34-24-scaled.webp.webp?fit=1200%2C675&ssl=1&resize=700%2C400 2x, https:\/\/i0.wp.com\/noticiasribeiraopreto.com.br\/wp-content\/uploads\/2025\/02\/WhatsApp-Image-2025-02-21-at-06.27.08_2025-02-21_14-34-23_jpeg_2025-02-21_14-34-24-scaled.webp.webp?fit=1200%2C675&ssl=1&resize=1050%2C600 3x"},"classes":[]},{"id":63910,"url":"https:\/\/noticiasribeiraopreto.com.br\/index.php\/2025\/02\/25\/sobrevivente-de-acidente-com-onibus-de-estudantes-recebe-alta-e-deixa-hospital\/","url_meta":{"origin":64412,"position":4},"title":"Sobrevivente de acidente com \u00f4nibus de estudantes recebe alta e deixa hospital","author":"noticiasribeiraopreto.com.br","date":"25 de February de 2025","format":false,"excerpt":"A jovem Priscila Teixeira Lombardi, de 20 anos, \u00faltima v\u00edtima do acidente com \u00f4nibus de estudantes que estava internada, recebeu alta m\u00e9dica na manh\u00e3 desta ter\u00e7a-feira (25), na Santa Casa de Franca, a aproximadamente 80 quil\u00f4metros de Ribeir\u00e3o Preto. Ela deixou o hospital por um port\u00e3o alternativo do hospital. A\u2026","rel":"","context":"In &quot;Not\u00edcias de Ribeir\u00e3o Preto-SP e Regi\u00e3o&quot;","block_context":{"text":"Not\u00edcias de Ribeir\u00e3o Preto-SP e Regi\u00e3o","link":"https:\/\/noticiasribeiraopreto.com.br\/index.php\/category\/noticias-de-ribeirao-preto-sp-e-regiao-ismael-colosi\/"},"img":{"alt_text":"","src":"https:\/\/i0.wp.com\/noticiasribeiraopreto.com.br\/wp-content\/uploads\/2025\/02\/WhatsApp-Image-2025-02-21-at-06.27.08_2025-02-21_14-34-23_jpeg_2025-02-21_14-34-24-scaled.webp.webp?fit=1200%2C675&ssl=1&resize=350%2C200","width":350,"height":200,"srcset":"https:\/\/i0.wp.com\/noticiasribeiraopreto.com.br\/wp-content\/uploads\/2025\/02\/WhatsApp-Image-2025-02-21-at-06.27.08_2025-02-21_14-34-23_jpeg_2025-02-21_14-34-24-scaled.webp.webp?fit=1200%2C675&ssl=1&resize=350%2C200 1x, https:\/\/i0.wp.com\/noticiasribeiraopreto.com.br\/wp-content\/uploads\/2025\/02\/WhatsApp-Image-2025-02-21-at-06.27.08_2025-02-21_14-34-23_jpeg_2025-02-21_14-34-24-scaled.webp.webp?fit=1200%2C675&ssl=1&resize=525%2C300 1.5x, https:\/\/i0.wp.com\/noticiasribeiraopreto.com.br\/wp-content\/uploads\/2025\/02\/WhatsApp-Image-2025-02-21-at-06.27.08_2025-02-21_14-34-23_jpeg_2025-02-21_14-34-24-scaled.webp.webp?fit=1200%2C675&ssl=1&resize=700%2C400 2x, https:\/\/i0.wp.com\/noticiasribeiraopreto.com.br\/wp-content\/uploads\/2025\/02\/WhatsApp-Image-2025-02-21-at-06.27.08_2025-02-21_14-34-23_jpeg_2025-02-21_14-34-24-scaled.webp.webp?fit=1200%2C675&ssl=1&resize=1050%2C600 3x"},"classes":[]},{"id":63893,"url":"https:\/\/noticiasribeiraopreto.com.br\/index.php\/2025\/02\/25\/universidade-presta-homenagem-a-estudantes-mortos-em-acidente-na-regiao-de-ribeirao-preto-video\/","url_meta":{"origin":64412,"position":5},"title":"Universidade presta homenagem a estudantes mortos em acidente na regi\u00e3o de Ribeir\u00e3o Preto; V\u00eddeo","author":"noticiasribeiraopreto.com.br","date":"25 de February de 2025","format":false,"excerpt":"A\u00a0Unifran\u00a0(Universidade de Franca) prestou homenagem aos 12 estudantes mortos em um acidente entre um \u00f4nibus e um caminh\u00e3o, ocorrido na noite da \u00faltima quinta-feira (20), na rodovia\u00a0Waldir\u00a0Canevari\u00a0(SP-355\/330), entre os munic\u00edpios de Nuporanga e S\u00e3o Jos\u00e9 da Bela Vista, na regi\u00e3o de\u00a0Ribeir\u00e3o Preto. Assista ao v\u00eddeo abaixo. As v\u00edtimas retornavam da\u2026","rel":"","context":"In &quot;Not\u00edcias de Ribeir\u00e3o Preto-SP e Regi\u00e3o&quot;","block_context":{"text":"Not\u00edcias de Ribeir\u00e3o Preto-SP e Regi\u00e3o","link":"https:\/\/noticiasribeiraopreto.com.br\/index.php\/category\/noticias-de-ribeirao-preto-sp-e-regiao-ismael-colosi\/"},"img":{"alt_text":"","src":"https:\/\/i0.wp.com\/noticiasribeiraopreto.com.br\/wp-content\/uploads\/2025\/02\/WhatsApp-Image-2025-02-25-at-08.14.23_2025-02-25_11-14-46_jpeg_2025-02-25_11-14-46.webp.webp?fit=1200%2C896&ssl=1&resize=350%2C200","width":350,"height":200,"srcset":"https:\/\/i0.wp.com\/noticiasribeiraopreto.com.br\/wp-content\/uploads\/2025\/02\/WhatsApp-Image-2025-02-25-at-08.14.23_2025-02-25_11-14-46_jpeg_2025-02-25_11-14-46.webp.webp?fit=1200%2C896&ssl=1&resize=350%2C200 1x, https:\/\/i0.wp.com\/noticiasribeiraopreto.com.br\/wp-content\/uploads\/2025\/02\/WhatsApp-Image-2025-02-25-at-08.14.23_2025-02-25_11-14-46_jpeg_2025-02-25_11-14-46.webp.webp?fit=1200%2C896&ssl=1&resize=525%2C300 1.5x, https:\/\/i0.wp.com\/noticiasribeiraopreto.com.br\/wp-content\/uploads\/2025\/02\/WhatsApp-Image-2025-02-25-at-08.14.23_2025-02-25_11-14-46_jpeg_2025-02-25_11-14-46.webp.webp?fit=1200%2C896&ssl=1&resize=700%2C400 2x, https:\/\/i0.wp.com\/noticiasribeiraopreto.com.br\/wp-content\/uploads\/2025\/02\/WhatsApp-Image-2025-02-25-at-08.14.23_2025-02-25_11-14-46_jpeg_2025-02-25_11-14-46.webp.webp?fit=1200%2C896&ssl=1&resize=1050%2C600 3x"},"classes":[]}],"jetpack_sharing_enabled":true,"jetpack_shortlink":"https:\/\/wp.me\/peQAOb-gKU","_links":{"self":[{"href":"https:\/\/noticiasribeiraopreto.com.br\/index.php\/wp-json\/wp\/v2\/posts\/64412","targetHints":{"allow":["GET"]}}],"collection":[{"href":"https:\/\/noticiasribeiraopreto.com.br\/index.php\/wp-json\/wp\/v2\/posts"}],"about":[{"href":"https:\/\/noticiasribeiraopreto.com.br\/index.php\/wp-json\/wp\/v2\/types\/post"}],"author":[{"embeddable":true,"href":"https:\/\/noticiasribeiraopreto.com.br\/index.php\/wp-json\/wp\/v2\/users\/1"}],"replies":[{"embeddable":true,"href":"https:\/\/noticiasribeiraopreto.com.br\/index.php\/wp-json\/wp\/v2\/comments?post=64412"}],"version-history":[{"count":0,"href":"https:\/\/noticiasribeiraopreto.com.br\/index.php\/wp-json\/wp\/v2\/posts\/64412\/revisions"}],"wp:featuredmedia":[{"embeddable":true,"href":"https:\/\/noticiasribeiraopreto.com.br\/index.php\/wp-json\/wp\/v2\/media\/64413"}],"wp:attachment":[{"href":"https:\/\/noticiasribeiraopreto.com.br\/index.php\/wp-json\/wp\/v2\/media?parent=64412"}],"wp:term":[{"taxonomy":"category","embeddable":true,"href":"https:\/\/noticiasribeiraopreto.com.br\/index.php\/wp-json\/wp\/v2\/categories?post=64412"},{"taxonomy":"post_tag","embeddable":true,"href":"https:\/\/noticiasribeiraopreto.com.br\/index.php\/wp-json\/wp\/v2\/tags?post=64412"}],"curies":[{"name":"wp","href":"https:\/\/api.w.org\/{rel}","templated":true}]}}