{"id":64414,"date":"2025-03-07T19:45:29","date_gmt":"2025-03-07T22:45:29","guid":{"rendered":"https:\/\/noticiasribeiraopreto.com.br\/index.php\/2025\/03\/07\/alma-abre-40-vagas-para-coral-em-ribeirao-preto-veja-como-se-inscrever\/"},"modified":"2025-03-07T19:45:29","modified_gmt":"2025-03-07T22:45:29","slug":"alma-abre-40-vagas-para-coral-em-ribeirao-preto-veja-como-se-inscrever","status":"publish","type":"post","link":"https:\/\/noticiasribeiraopreto.com.br\/index.php\/2025\/03\/07\/alma-abre-40-vagas-para-coral-em-ribeirao-preto-veja-como-se-inscrever\/","title":{"rendered":"Alma abre 40 vagas para coral em Ribeir\u00e3o Preto; Veja como se inscrever"},"content":{"rendered":"<p> <br \/>\n<\/p>\n<div>\n<p>A <strong>Alma (Academia Livre de M\u00fasica e Artes) de Ribeir\u00e3o Preto<\/strong> est\u00e1 com <strong>40 vagas abertas<\/strong> para o <strong>Coral Canto da Alma<\/strong>. <mark style=\"background-color:#fcb900\" class=\"has-inline-color\">Podem participar da sele\u00e7\u00e3o pessoas acima de 22 anos, com ou sem experi\u00eancia musical.<\/mark><\/p>\n<p>Os interessados devem se inscrever <strong>at\u00e9 o dia 13 de mar\u00e7o<\/strong>, por meio de um <strong>formul\u00e1rio on-line<\/strong> no <strong>site da institui\u00e7\u00e3o (<a href=\"https:\/\/www.almarp.com.br\/agenda-audicoes\">clique aqui<\/a>)<\/strong>.<\/p>\n<p>No dia 14 de mar\u00e7o, \u00e0s 19h, ser\u00e1 realizada uma <strong>audi\u00e7\u00e3o presencial<\/strong> no <strong>Centro Cultural Palace<\/strong>, na rua \u00c1lvares Cabral, 322, no Centro de <strong>Ribeir\u00e3o Preto<\/strong>, para <strong>avalia\u00e7\u00e3o das vozes dos inscritos<\/strong>.<\/p>\n<p>A atividade ser\u00e1 conduzida pela professora <strong>Snizhana Drahan<\/strong> e \u00e9 fundamental que todos os candidatos inscritos participem, pois, as aulas iniciar\u00e3o aulas no mesmo dia. \u201cO teste servir\u00e1 para identificar a aptid\u00e3o para o coral e classificar as vozes em agudo, m\u00e9dio e grave\u201d, explica a professora.\u00a0<\/p>\n<p>De acordo com a academia, os participantes trabalhar\u00e3o com um <strong>repert\u00f3rio variado durante o ano<\/strong>, que inclui cl\u00e1ssicos da m\u00fasica brasileira e can\u00e7\u00f5es eruditas europeias.<\/p>\n<p><mark style=\"background-color:#fcb900\" class=\"has-inline-color\">\u00a0Os ensaios do coral acontecem \u00e0s sextas-feiras, das 19h \u00e0s 21h, no audit\u00f3rio do Centro Cultural Palace, na rua \u00c1lvares Cabral, 322, no Centro de Ribeir\u00e3o Preto.<\/mark><\/p>\n<p><strong>Servi\u00e7o<\/strong><\/p>\n<p><em>Coral Canto da Alma de Ribeir\u00e3o Preto<\/em><\/p>\n<p>Inscri\u00e7\u00f5es: at\u00e9 dia 6 de mar\u00e7o<\/p>\n<p>Como realizar: no site da institui\u00e7\u00e3o \u2013 <a href=\"https:\/\/www.almarp.com.br\/agenda-audicoes\">clique aqui<\/a><\/p>\n<hr class=\"wp-block-separator has-alpha-channel-opacity\"\/>\n<p>SAIBA MAIS<\/p>\n<p>Ap\u00f3s calor intenso, frente fria chega ao interior de SP e gabinete de crise \u00e9 montado<\/p>\n<p><strong>FIQUE ON<\/strong><\/p>\n<p>Fique ligado em tudo que acontece em Ribeir\u00e3o Preto e regi\u00e3o. Siga os perfis do<strong>\u00a0acidade on<\/strong>\u00a0no\u00a0<a href=\"https:\/\/www.instagram.com\/acidadeonribeirao\">Instagram<\/a>\u00a0e no\u00a0<a href=\"https:\/\/www.facebook.com\/acidadeonribeirao\/\">Facebook<\/a>.<\/p>\n<p>Receba not\u00edcias do<strong>\u00a0acidade on\u00a0<\/strong>no WhatsApp.\u00a0<a href=\"https:\/\/chat.whatsapp.com\/BjKQZ9oJwlz8VVT50NuePq\">Para entrar no grupo, basta clicar aqui.<\/a><\/p>\n<p>Fa\u00e7a uma den\u00fancia ou sugira uma reportagem sobre Ribeir\u00e3o Preto e regi\u00e3o pelo WhatsApp: 16 99117 7802.<\/p>\n<p>VEJA TAMB\u00c9M\u200b<\/p>\n<p>Qual a hist\u00f3ria da s\u00e9rie \u201cMedusa\u201d?<\/p>\n<p><!-- CONTENT END 1 -->\n<\/div>\n<p><script async src=\"\/\/www.instagram.com\/embed.js\"><\/script><br \/>\n<br \/><br \/>\n<br \/><a href=\"https:\/\/www.acidadeon.com\/ribeiraopreto\/cotidiano\/alma-abre-40-vagas-para-coral-em-ribeirao-preto-veja-como-se-inscrever\/\">Source link <\/a><\/p>\n","protected":false},"excerpt":{"rendered":"<p>A Alma (Academia Livre de M\u00fasica e Artes) de Ribeir\u00e3o Preto est\u00e1 com 40 vagas abertas para o Coral Canto da Alma. Podem participar da&#8230;<\/p>\n","protected":false},"author":1,"featured_media":64415,"comment_status":"open","ping_status":"open","sticky":false,"template":"","format":"standard","meta":{"advanced_seo_description":"","jetpack_seo_html_title":"","jetpack_seo_noindex":false,"jetpack_post_was_ever_published":false,"_jetpack_newsletter_access":"","_jetpack_dont_email_post_to_subs":false,"_jetpack_newsletter_tier_id":0,"_jetpack_memberships_contains_paywalled_content":false,"_jetpack_memberships_contains_paid_content":false,"footnotes":"","jetpack_publicize_message":"","jetpack_publicize_feature_enabled":true,"jetpack_social_post_already_shared":true,"jetpack_social_options":{"image_generator_settings":{"template":"highway","default_image_id":0,"font":"","enabled":false},"version":2}},"categories":[11],"tags":[],"class_list":["post-64414","post","type-post","status-publish","format-standard","has-post-thumbnail","hentry","category-noticias-de-ribeirao-preto-sp-e-regiao-ismael-colosi"],"jetpack_publicize_connections":[],"jetpack_featured_media_url":"https:\/\/i0.wp.com\/noticiasribeiraopreto.com.br\/wp-content\/uploads\/2025\/03\/b99f429d-9362-49ec-aec5-4ddec9144f5d_2025-03-07_21-56-04_jpg_2025-03-07_21-56-04.webp.webp?fit=1920%2C1280&ssl=1","jetpack-related-posts":[{"id":31962,"url":"https:\/\/noticiasribeiraopreto.com.br\/index.php\/2024\/01\/23\/alma-abre-inscricoes-para-cursos-livres\/","url_meta":{"origin":64414,"position":0},"title":"Alma abre inscri\u00e7\u00f5es para \u2018cursos livres\u2019\u00a0","author":"noticiasribeiraopreto.com.br","date":"23 de January de 2024","format":false,"excerpt":"Est\u00e1 aberto o per\u00edodo de inscri\u00e7\u00f5es para os cursos da Academia Livre de M\u00fasica e Artes de Ribeir\u00e3o Preto (Alma). Para o primeiro semestre do ano, a escola tem vagas para teatro, m\u00fasica, bal\u00e9 e dan\u00e7a inclusiva. As inscri\u00e7\u00f5es s\u00e3o gratuitas e feitas diretamente no site da institui\u00e7\u00e3o: www.almarp.com.br.Artes C\u00eanicas\u2026","rel":"","context":"In &quot;Not\u00edcias de Ribeir\u00e3o Preto-SP e Regi\u00e3o&quot;","block_context":{"text":"Not\u00edcias de Ribeir\u00e3o Preto-SP e Regi\u00e3o","link":"https:\/\/noticiasribeiraopreto.com.br\/index.php\/category\/noticias-de-ribeirao-preto-sp-e-regiao-ismael-colosi\/"},"img":{"alt_text":"","src":"https:\/\/i0.wp.com\/noticiasribeiraopreto.com.br\/wp-content\/uploads\/2024\/01\/Alma-Bat-Fabio-Melo-scaled.jpg?fit=967%2C645&ssl=1&resize=350%2C200","width":350,"height":200,"srcset":"https:\/\/i0.wp.com\/noticiasribeiraopreto.com.br\/wp-content\/uploads\/2024\/01\/Alma-Bat-Fabio-Melo-scaled.jpg?fit=967%2C645&ssl=1&resize=350%2C200 1x, https:\/\/i0.wp.com\/noticiasribeiraopreto.com.br\/wp-content\/uploads\/2024\/01\/Alma-Bat-Fabio-Melo-scaled.jpg?fit=967%2C645&ssl=1&resize=525%2C300 1.5x, https:\/\/i0.wp.com\/noticiasribeiraopreto.com.br\/wp-content\/uploads\/2024\/01\/Alma-Bat-Fabio-Melo-scaled.jpg?fit=967%2C645&ssl=1&resize=700%2C400 2x"},"classes":[]},{"id":62617,"url":"https:\/\/noticiasribeiraopreto.com.br\/index.php\/2025\/01\/19\/ribeirao-esta-com-inscricoes-para-cursos-nas-areas-de-musica-e-danca-veja-como-participar\/","url_meta":{"origin":64414,"position":1},"title":"Ribeir\u00e3o est\u00e1 com inscri\u00e7\u00f5es para cursos nas \u00e1reas de m\u00fasica e dan\u00e7a; Veja como participar","author":"noticiasribeiraopreto.com.br","date":"19 de January de 2025","format":false,"excerpt":"Est\u00e3o abertas as inscri\u00e7\u00f5es para sele\u00e7\u00e3o de novos alunos para os cursos gratuitos nas \u00e1reas de m\u00fasica e dan\u00e7a da Alma (Academia Livre de M\u00fasica e Artes) de Ribeir\u00e3o Preto. As inscri\u00e7\u00f5es devem ser feitas at\u00e9 o dia 31 de janeiro pelo site da institui\u00e7\u00e3o (clique aqui). Conforme a modalidade\u2026","rel":"","context":"In &quot;Not\u00edcias de Ribeir\u00e3o Preto-SP e Regi\u00e3o&quot;","block_context":{"text":"Not\u00edcias de Ribeir\u00e3o Preto-SP e Regi\u00e3o","link":"https:\/\/noticiasribeiraopreto.com.br\/index.php\/category\/noticias-de-ribeirao-preto-sp-e-regiao-ismael-colosi\/"},"img":{"alt_text":"","src":"https:\/\/i0.wp.com\/noticiasribeiraopreto.com.br\/wp-content\/uploads\/2025\/01\/ef805537-36f6-4894-b9b5-4ab2b8c49766_2025-01-19_18-25-35_jpg_2025-01-19_18-25-35.webp.webp?fit=1200%2C800&ssl=1&resize=350%2C200","width":350,"height":200,"srcset":"https:\/\/i0.wp.com\/noticiasribeiraopreto.com.br\/wp-content\/uploads\/2025\/01\/ef805537-36f6-4894-b9b5-4ab2b8c49766_2025-01-19_18-25-35_jpg_2025-01-19_18-25-35.webp.webp?fit=1200%2C800&ssl=1&resize=350%2C200 1x, https:\/\/i0.wp.com\/noticiasribeiraopreto.com.br\/wp-content\/uploads\/2025\/01\/ef805537-36f6-4894-b9b5-4ab2b8c49766_2025-01-19_18-25-35_jpg_2025-01-19_18-25-35.webp.webp?fit=1200%2C800&ssl=1&resize=525%2C300 1.5x, https:\/\/i0.wp.com\/noticiasribeiraopreto.com.br\/wp-content\/uploads\/2025\/01\/ef805537-36f6-4894-b9b5-4ab2b8c49766_2025-01-19_18-25-35_jpg_2025-01-19_18-25-35.webp.webp?fit=1200%2C800&ssl=1&resize=700%2C400 2x, https:\/\/i0.wp.com\/noticiasribeiraopreto.com.br\/wp-content\/uploads\/2025\/01\/ef805537-36f6-4894-b9b5-4ab2b8c49766_2025-01-19_18-25-35_jpg_2025-01-19_18-25-35.webp.webp?fit=1200%2C800&ssl=1&resize=1050%2C600 3x"},"classes":[]},{"id":42245,"url":"https:\/\/noticiasribeiraopreto.com.br\/index.php\/2024\/03\/13\/projeto-alma-abre-audicoes-para-cursos-de-piano-e-violino-em-ribeirao-saiba-como-participar\/","url_meta":{"origin":64414,"position":2},"title":"Projeto Alma abre audi\u00e7\u00f5es para cursos de piano e violino em Ribeir\u00e3o; Saiba como participar","author":"noticiasribeiraopreto.com.br","date":"13 de March de 2024","format":false,"excerpt":"A Academia Livre de M\u00fasica e Artes (Alma) abriu audi\u00e7\u00f5es para os cursos gratuitos de piano e violino, voltados para adolescentes e adultos de Ribeir\u00e3o Preto. As inscri\u00e7\u00f5es para a seletiva podem ser feitas at\u00e9 o dia 20 de mar\u00e7o, pela internet (clique aqui). Os candidatos devem ter entre 13\u2026","rel":"","context":"In &quot;Not\u00edcias de Ribeir\u00e3o Preto-SP e Regi\u00e3o&quot;","block_context":{"text":"Not\u00edcias de Ribeir\u00e3o Preto-SP e Regi\u00e3o","link":"https:\/\/noticiasribeiraopreto.com.br\/index.php\/category\/noticias-de-ribeirao-preto-sp-e-regiao-ismael-colosi\/"},"img":{"alt_text":"","src":"https:\/\/i0.wp.com\/noticiasribeiraopreto.com.br\/wp-content\/uploads\/2024\/03\/2.1-scaled.jpg?fit=1200%2C801&ssl=1&resize=350%2C200","width":350,"height":200,"srcset":"https:\/\/i0.wp.com\/noticiasribeiraopreto.com.br\/wp-content\/uploads\/2024\/03\/2.1-scaled.jpg?fit=1200%2C801&ssl=1&resize=350%2C200 1x, https:\/\/i0.wp.com\/noticiasribeiraopreto.com.br\/wp-content\/uploads\/2024\/03\/2.1-scaled.jpg?fit=1200%2C801&ssl=1&resize=525%2C300 1.5x, https:\/\/i0.wp.com\/noticiasribeiraopreto.com.br\/wp-content\/uploads\/2024\/03\/2.1-scaled.jpg?fit=1200%2C801&ssl=1&resize=700%2C400 2x, https:\/\/i0.wp.com\/noticiasribeiraopreto.com.br\/wp-content\/uploads\/2024\/03\/2.1-scaled.jpg?fit=1200%2C801&ssl=1&resize=1050%2C600 3x"},"classes":[]},{"id":76147,"url":"https:\/\/noticiasribeiraopreto.com.br\/index.php\/2025\/08\/22\/instituto-oferece-46-vagas-gratuitas-para-cursos-de-musica-e-teatro-em-sertaozinho\/","url_meta":{"origin":64414,"position":3},"title":"Instituto oferece 46 vagas gratuitas para cursos de m\u00fasica e teatro em Sert\u00e3ozinho","author":"noticiasribeiraopreto.com.br","date":"22 de August de 2025","format":false,"excerpt":"O Instituto Aparecido Savegnago est\u00e1 oferecendo 46 vagas gratuitas para cursos de m\u00fasica, teatro e coral em Sert\u00e3ozinho, cidade na regi\u00e3o de Ribeir\u00e3o Preto, para crian\u00e7as a partir de 6 anos \u2013 veja as op\u00e7\u00f5es abaixo. Os interessados devem preencher um formul\u00e1rio on-line de inten\u00e7\u00e3o de matr\u00edcula (clique aqui para\u2026","rel":"","context":"In &quot;Not\u00edcias de Ribeir\u00e3o Preto-SP e Regi\u00e3o&quot;","block_context":{"text":"Not\u00edcias de Ribeir\u00e3o Preto-SP e Regi\u00e3o","link":"https:\/\/noticiasribeiraopreto.com.br\/index.php\/category\/noticias-de-ribeirao-preto-sp-e-regiao-ismael-colosi\/"},"img":{"alt_text":"","src":"https:\/\/i0.wp.com\/noticiasribeiraopreto.com.br\/wp-content\/uploads\/2025\/08\/Copia-de-Copia-de-TAMANHO-EXATO-PARA-FOTOS-NO-SISTEMA-NOVO-38_2024-08-08_16-23-34_jpg_2024-08-08_16-23-34.webp.webp?fit=1200%2C675&ssl=1&resize=350%2C200","width":350,"height":200,"srcset":"https:\/\/i0.wp.com\/noticiasribeiraopreto.com.br\/wp-content\/uploads\/2025\/08\/Copia-de-Copia-de-TAMANHO-EXATO-PARA-FOTOS-NO-SISTEMA-NOVO-38_2024-08-08_16-23-34_jpg_2024-08-08_16-23-34.webp.webp?fit=1200%2C675&ssl=1&resize=350%2C200 1x, https:\/\/i0.wp.com\/noticiasribeiraopreto.com.br\/wp-content\/uploads\/2025\/08\/Copia-de-Copia-de-TAMANHO-EXATO-PARA-FOTOS-NO-SISTEMA-NOVO-38_2024-08-08_16-23-34_jpg_2024-08-08_16-23-34.webp.webp?fit=1200%2C675&ssl=1&resize=525%2C300 1.5x, https:\/\/i0.wp.com\/noticiasribeiraopreto.com.br\/wp-content\/uploads\/2025\/08\/Copia-de-Copia-de-TAMANHO-EXATO-PARA-FOTOS-NO-SISTEMA-NOVO-38_2024-08-08_16-23-34_jpg_2024-08-08_16-23-34.webp.webp?fit=1200%2C675&ssl=1&resize=700%2C400 2x, https:\/\/i0.wp.com\/noticiasribeiraopreto.com.br\/wp-content\/uploads\/2025\/08\/Copia-de-Copia-de-TAMANHO-EXATO-PARA-FOTOS-NO-SISTEMA-NOVO-38_2024-08-08_16-23-34_jpg_2024-08-08_16-23-34.webp.webp?fit=1200%2C675&ssl=1&resize=1050%2C600 3x"},"classes":[]},{"id":37352,"url":"https:\/\/noticiasribeiraopreto.com.br\/index.php\/2024\/02\/15\/ribeirao-tem-vagas-para-aulas-gratuitas-de-judo-veja-como-se-inscrever\/","url_meta":{"origin":64414,"position":4},"title":"Ribeir\u00e3o tem vagas para aulas gratuitas de Jud\u00f4; Veja como se inscrever","author":"noticiasribeiraopreto.com.br","date":"15 de February de 2024","format":false,"excerpt":"A Secretaria de Esportes de Ribeir\u00e3o Preto abrir\u00e1, na segunda-feira (19), inscri\u00e7\u00f5es para as novas turmas de jud\u00f4 do Centro de Inicia\u00e7\u00e3o Esportiva (CIE), antigo complexo esportivo Esta\u00e7\u00e3o Cidadania-Esporte. Podem se inscrever meninos e meninas entre 5 e 14 anos. De acordo com a Prefeitura, ser\u00e3o duas turmas novas, com\u2026","rel":"","context":"In &quot;Not\u00edcias de Ribeir\u00e3o Preto-SP e Regi\u00e3o&quot;","block_context":{"text":"Not\u00edcias de Ribeir\u00e3o Preto-SP e Regi\u00e3o","link":"https:\/\/noticiasribeiraopreto.com.br\/index.php\/category\/noticias-de-ribeirao-preto-sp-e-regiao-ismael-colosi\/"},"img":{"alt_text":"","src":"https:\/\/i0.wp.com\/noticiasribeiraopreto.com.br\/wp-content\/uploads\/2024\/02\/200_vagas_artes_marciais_2.jpeg?fit=720%2C405&ssl=1&resize=350%2C200","width":350,"height":200,"srcset":"https:\/\/i0.wp.com\/noticiasribeiraopreto.com.br\/wp-content\/uploads\/2024\/02\/200_vagas_artes_marciais_2.jpeg?fit=720%2C405&ssl=1&resize=350%2C200 1x, https:\/\/i0.wp.com\/noticiasribeiraopreto.com.br\/wp-content\/uploads\/2024\/02\/200_vagas_artes_marciais_2.jpeg?fit=720%2C405&ssl=1&resize=525%2C300 1.5x, https:\/\/i0.wp.com\/noticiasribeiraopreto.com.br\/wp-content\/uploads\/2024\/02\/200_vagas_artes_marciais_2.jpeg?fit=720%2C405&ssl=1&resize=700%2C400 2x"},"classes":[]},{"id":83318,"url":"https:\/\/noticiasribeiraopreto.com.br\/index.php\/2026\/03\/16\/curso-de-eletricista-gratuito-oferece-vagas-para-moradores-da-regiao-de-ribeirao-preto\/","url_meta":{"origin":64414,"position":5},"title":"Curso de eletricista gratuito oferece vagas para moradores da regi\u00e3o de Ribeir\u00e3o Preto","author":"noticiasribeiraopreto.com.br","date":"16 de March de 2026","format":false,"excerpt":"A CPFL Paulista, em parceria com o Senai, abriu inscri\u00e7\u00f5es para curso de qualifica\u00e7\u00e3o profissional gratuito na \u00e1rea de eletricista para moradores da regi\u00e3o de Ribeir\u00e3o Preto. S\u00e3o 16 vagas destinadas a homens e mulheres residentes em Igarapava, Ipu\u00e3, Ituverava, Franca, Morro Agudo, Orl\u00e2ndia, Patroc\u00ednio Paulista e S\u00e3o Joaquim da\u2026","rel":"","context":"In &quot;Not\u00edcias de Ribeir\u00e3o Preto-SP e Regi\u00e3o&quot;","block_context":{"text":"Not\u00edcias de Ribeir\u00e3o Preto-SP e Regi\u00e3o","link":"https:\/\/noticiasribeiraopreto.com.br\/index.php\/category\/noticias-de-ribeirao-preto-sp-e-regiao-ismael-colosi\/"},"img":{"alt_text":"","src":"https:\/\/i0.wp.com\/noticiasribeiraopreto.com.br\/wp-content\/uploads\/2026\/03\/baixados-17_2026-03-15_20-19-30.webp.webp?fit=568%2C379&ssl=1&resize=350%2C200","width":350,"height":200,"srcset":"https:\/\/i0.wp.com\/noticiasribeiraopreto.com.br\/wp-content\/uploads\/2026\/03\/baixados-17_2026-03-15_20-19-30.webp.webp?fit=568%2C379&ssl=1&resize=350%2C200 1x, https:\/\/i0.wp.com\/noticiasribeiraopreto.com.br\/wp-content\/uploads\/2026\/03\/baixados-17_2026-03-15_20-19-30.webp.webp?fit=568%2C379&ssl=1&resize=525%2C300 1.5x"},"classes":[]}],"jetpack_sharing_enabled":true,"jetpack_shortlink":"https:\/\/wp.me\/peQAOb-gKW","_links":{"self":[{"href":"https:\/\/noticiasribeiraopreto.com.br\/index.php\/wp-json\/wp\/v2\/posts\/64414","targetHints":{"allow":["GET"]}}],"collection":[{"href":"https:\/\/noticiasribeiraopreto.com.br\/index.php\/wp-json\/wp\/v2\/posts"}],"about":[{"href":"https:\/\/noticiasribeiraopreto.com.br\/index.php\/wp-json\/wp\/v2\/types\/post"}],"author":[{"embeddable":true,"href":"https:\/\/noticiasribeiraopreto.com.br\/index.php\/wp-json\/wp\/v2\/users\/1"}],"replies":[{"embeddable":true,"href":"https:\/\/noticiasribeiraopreto.com.br\/index.php\/wp-json\/wp\/v2\/comments?post=64414"}],"version-history":[{"count":0,"href":"https:\/\/noticiasribeiraopreto.com.br\/index.php\/wp-json\/wp\/v2\/posts\/64414\/revisions"}],"wp:featuredmedia":[{"embeddable":true,"href":"https:\/\/noticiasribeiraopreto.com.br\/index.php\/wp-json\/wp\/v2\/media\/64415"}],"wp:attachment":[{"href":"https:\/\/noticiasribeiraopreto.com.br\/index.php\/wp-json\/wp\/v2\/media?parent=64414"}],"wp:term":[{"taxonomy":"category","embeddable":true,"href":"https:\/\/noticiasribeiraopreto.com.br\/index.php\/wp-json\/wp\/v2\/categories?post=64414"},{"taxonomy":"post_tag","embeddable":true,"href":"https:\/\/noticiasribeiraopreto.com.br\/index.php\/wp-json\/wp\/v2\/tags?post=64414"}],"curies":[{"name":"wp","href":"https:\/\/api.w.org\/{rel}","templated":true}]}}