{"id":64418,"date":"2025-03-07T21:33:47","date_gmt":"2025-03-08T00:33:47","guid":{"rendered":"https:\/\/noticiasribeiraopreto.com.br\/index.php\/2025\/03\/07\/governo-de-sao-paulo-aprova-plano-de-cargos-e-preve-concurso-publico-para-a-cdhu\/"},"modified":"2025-03-07T21:33:47","modified_gmt":"2025-03-08T00:33:47","slug":"governo-de-sao-paulo-aprova-plano-de-cargos-e-preve-concurso-publico-para-a-cdhu","status":"publish","type":"post","link":"https:\/\/noticiasribeiraopreto.com.br\/index.php\/2025\/03\/07\/governo-de-sao-paulo-aprova-plano-de-cargos-e-preve-concurso-publico-para-a-cdhu\/","title":{"rendered":"Governo de S\u00e3o Paulo aprova plano de cargos e prev\u00ea concurso p\u00fablico para a CDHU"},"content":{"rendered":"<p> <br \/>\n<\/p>\n<div>\n<p>O Governo de S\u00e3o Paulo aprovou o novo plano de cargos para a Companhia de Desenvolvimento Habitacional e Urbano (CDHU), que vai permitir a abertura de concurso p\u00fablico para 388 novos postos.<\/p>\n<p>A medida tem o objetivo de modernizar e dar mais efici\u00eancia ao quadro de funcion\u00e1rios da companhia habitacional da Secretaria de Desenvolvimento Urbano e Habita\u00e7\u00e3o, respons\u00e1vel pela produ\u00e7\u00e3o recorde de im\u00f3veis para a popula\u00e7\u00e3o do Estado de S\u00e3o Paulo nos \u00faltimos dois anos.<\/p>\n<p>O \u00faltimo concurso p\u00fablico na CDHU ocorreu em 2002 e o plano de cargos aprovado estava bloqueado desde 2006.<\/p>\n<p>Maior produ\u00e7\u00e3o da hist\u00f3ria<\/p>\n<p>A CDHU foi respons\u00e1vel por 18,1 mil moradias do total de 50,5 mil entregues pelo Governo de S\u00e3o Paulo desde 2023, melhor resultado em 12 anos. Al\u00e9m disso, h\u00e1 mais de 32 mil unidades em constru\u00e7\u00e3o e outras a serem licitadas em breve. A CDHU tamb\u00e9m apoia a secretaria no planejamento de a\u00e7\u00f5es de outros programas, como no mapeamento de regi\u00f5es mais vulner\u00e1veis para receber aportes de cartas de cr\u00e9dito, por exemplo.<\/p>\n<p>A meta de entrega de moradias at\u00e9 2026 \u00e9 de 200 mil unidades, incluindo todos os programas e modalidades dispon\u00edveis na secretaria e na CDHU.<\/p>\n<p>Leia tamb\u00e9m:<\/p>\n<blockquote class=\"wp-embedded-content\" data-secret=\"UZtklrNqa8\">\n<p><a href=\"https:\/\/www.f3noticias.com.br\/governo-de-sao-paulo-autoriza-abertura-de-concurso-publico-para-a-artesp-com-salarios-a-partir-de-r-103-mil\/\">Governo de Sa\u0303o Paulo autoriza abertura de concurso p\u00fablico para a Artesp com sal\u00e1rios a partir de R$ 10,3 mil<\/a><\/p>\n<\/blockquote>\n<p><iframe loading=\"lazy\" class=\"wp-embedded-content\" sandbox=\"allow-scripts\" security=\"restricted\" style=\"position: absolute; clip: rect(1px, 1px, 1px, 1px);\" title=\"\u201cGoverno de Sa\u0303o Paulo autoriza abertura de concurso p\u00fablico para a Artesp com sal\u00e1rios a partir de R$ 10,3 mil\u201d \u2014 F3 Not\u00edcias\" src=\"https:\/\/www.f3noticias.com.br\/governo-de-sao-paulo-autoriza-abertura-de-concurso-publico-para-a-artesp-com-salarios-a-partir-de-r-103-mil\/embed\/#?secret=xLc8rCoUK5#?secret=UZtklrNqa8\" data-secret=\"UZtklrNqa8\" width=\"500\" height=\"282\" frameborder=\"0\" marginwidth=\"0\" marginheight=\"0\" scrolling=\"no\"><\/iframe><\/p>\n<p><!-- CONTENT END 1 --><\/p><\/div>\n<p><br \/>\n<br \/><a href=\"https:\/\/www.f3noticias.com.br\/governo-de-sao-paulo-aprova-plano-de-cargos-e-preve-concurso-publico-para-a-cdhu\/\">Source link <\/a><\/p>\n","protected":false},"excerpt":{"rendered":"<p>O Governo de S\u00e3o Paulo aprovou o novo plano de cargos para a Companhia de Desenvolvimento Habitacional e Urbano (CDHU), que vai permitir a abertura&#8230;<\/p>\n","protected":false},"author":1,"featured_media":64419,"comment_status":"open","ping_status":"open","sticky":false,"template":"","format":"standard","meta":{"advanced_seo_description":"","jetpack_seo_html_title":"","jetpack_seo_noindex":false,"jetpack_post_was_ever_published":false,"_jetpack_newsletter_access":"","_jetpack_dont_email_post_to_subs":false,"_jetpack_newsletter_tier_id":0,"_jetpack_memberships_contains_paywalled_content":false,"_jetpack_memberships_contains_paid_content":false,"footnotes":"","jetpack_publicize_message":"","jetpack_publicize_feature_enabled":true,"jetpack_social_post_already_shared":true,"jetpack_social_options":{"image_generator_settings":{"template":"highway","default_image_id":0,"font":"","enabled":false},"version":2}},"categories":[3597],"tags":[],"class_list":["post-64418","post","type-post","status-publish","format-standard","has-post-thumbnail","hentry","category-noticias-franca-sp"],"jetpack_publicize_connections":[],"jetpack_featured_media_url":"https:\/\/i0.wp.com\/noticiasribeiraopreto.com.br\/wp-content\/uploads\/2025\/03\/7f71d02b-979a-4487-b567-c849eac7673a.jpeg?fit=2048%2C1365&ssl=1","jetpack-related-posts":[{"id":64580,"url":"https:\/\/noticiasribeiraopreto.com.br\/index.php\/2025\/03\/10\/sp-autoriza-concurso-publico-da-cdhu-com-388-vagas\/","url_meta":{"origin":64418,"position":0},"title":"SP autoriza concurso p\u00fablico da CDHU com 388 vagas","author":"noticiasribeiraopreto.com.br","date":"10 de March de 2025","format":false,"excerpt":"O Governo de S\u00e3o Paulo aprovou o novo plano de cargos para a CDHU (Companhia de Desenvolvimento Habitacional e Urbano), que vai permitir a abertura de concurso p\u00fablico com 388 vagas. No entanto, ainda n\u00e3o h\u00e1 previs\u00e3o de quando o certame ser\u00e1 realizado. O \u00faltimo concurso p\u00fablico na CDHU ocorreu\u2026","rel":"","context":"In &quot;Not\u00edcias de Ribeir\u00e3o Preto-SP e Regi\u00e3o&quot;","block_context":{"text":"Not\u00edcias de Ribeir\u00e3o Preto-SP e Regi\u00e3o","link":"https:\/\/noticiasribeiraopreto.com.br\/index.php\/category\/noticias-de-ribeirao-preto-sp-e-regiao-ismael-colosi\/"},"img":{"alt_text":"","src":"https:\/\/i0.wp.com\/noticiasribeiraopreto.com.br\/wp-content\/uploads\/2024\/05\/AnyConv.com__concurso-publico-5.webp.webp?fit=1200%2C800&ssl=1&resize=350%2C200","width":350,"height":200,"srcset":"https:\/\/i0.wp.com\/noticiasribeiraopreto.com.br\/wp-content\/uploads\/2024\/05\/AnyConv.com__concurso-publico-5.webp.webp?fit=1200%2C800&ssl=1&resize=350%2C200 1x, https:\/\/i0.wp.com\/noticiasribeiraopreto.com.br\/wp-content\/uploads\/2024\/05\/AnyConv.com__concurso-publico-5.webp.webp?fit=1200%2C800&ssl=1&resize=525%2C300 1.5x, https:\/\/i0.wp.com\/noticiasribeiraopreto.com.br\/wp-content\/uploads\/2024\/05\/AnyConv.com__concurso-publico-5.webp.webp?fit=1200%2C800&ssl=1&resize=700%2C400 2x, https:\/\/i0.wp.com\/noticiasribeiraopreto.com.br\/wp-content\/uploads\/2024\/05\/AnyConv.com__concurso-publico-5.webp.webp?fit=1200%2C800&ssl=1&resize=1050%2C600 3x"},"classes":[]},{"id":60659,"url":"https:\/\/noticiasribeiraopreto.com.br\/index.php\/2024\/11\/21\/sp-autoriza-construcao-de-unidades-habitacionais-na-regiao-de-ribeirao-preto\/","url_meta":{"origin":64418,"position":1},"title":"SP autoriza constru\u00e7\u00e3o de unidades habitacionais na regi\u00e3o de Ribeir\u00e3o Preto","author":"noticiasribeiraopreto.com.br","date":"21 de November de 2024","format":false,"excerpt":"O Governo de S\u00e3o Paulo assinou na \u00faltima nesta ter\u00e7a-feira (19) a autoriza\u00e7\u00e3o para que a CDHU (Companhia de Desenvolvimento Habitacional e Urbano) e o Itesp (Funda\u00e7\u00e3o Instituto de Terras do Estado de S\u00e3o Paulo) firmem um conv\u00eanio para constru\u00e7\u00e3o de 49 unidades habitacionais na regi\u00e3o de Ribeir\u00e3o Preto para\u2026","rel":"","context":"In &quot;Not\u00edcias de Ribeir\u00e3o Preto-SP e Regi\u00e3o&quot;","block_context":{"text":"Not\u00edcias de Ribeir\u00e3o Preto-SP e Regi\u00e3o","link":"https:\/\/noticiasribeiraopreto.com.br\/index.php\/category\/noticias-de-ribeirao-preto-sp-e-regiao-ismael-colosi\/"},"img":{"alt_text":"","src":"https:\/\/i0.wp.com\/noticiasribeiraopreto.com.br\/wp-content\/uploads\/2024\/11\/casa-popular_2024-11-21_14-33-25_jpg_2024-11-21_14-33-25.webp.webp?fit=743%2C494&ssl=1&resize=350%2C200","width":350,"height":200,"srcset":"https:\/\/i0.wp.com\/noticiasribeiraopreto.com.br\/wp-content\/uploads\/2024\/11\/casa-popular_2024-11-21_14-33-25_jpg_2024-11-21_14-33-25.webp.webp?fit=743%2C494&ssl=1&resize=350%2C200 1x, https:\/\/i0.wp.com\/noticiasribeiraopreto.com.br\/wp-content\/uploads\/2024\/11\/casa-popular_2024-11-21_14-33-25_jpg_2024-11-21_14-33-25.webp.webp?fit=743%2C494&ssl=1&resize=525%2C300 1.5x, https:\/\/i0.wp.com\/noticiasribeiraopreto.com.br\/wp-content\/uploads\/2024\/11\/casa-popular_2024-11-21_14-33-25_jpg_2024-11-21_14-33-25.webp.webp?fit=743%2C494&ssl=1&resize=700%2C400 2x"},"classes":[]},{"id":70640,"url":"https:\/\/noticiasribeiraopreto.com.br\/index.php\/2025\/05\/28\/cdhu-procura-empresas-para-construcao-de-200-moradias-em-ribeirao-preto\/","url_meta":{"origin":64418,"position":2},"title":"CDHU procura empresas para constru\u00e7\u00e3o de 200 moradias em Ribeir\u00e3o Preto","author":"noticiasribeiraopreto.com.br","date":"28 de May de 2025","format":false,"excerpt":"A CDHU (Companhia de Desenvolvimento Habitacional e Urbano) publicou na ter\u00e7a-feira (27) um chamamento para contrata\u00e7\u00e3o de empresas para constru\u00e7\u00e3o de 200 moradias em Ribeir\u00e3o Preto. Al\u00e9m de Ribeir\u00e3o Preto, ser\u00e3o constru\u00eddas unidades habitacionais em Sert\u00e3ozinho (200), S\u00e3o Sim\u00e3o (100), Monte Alto (50), Franca (150) e Barretos (230). As propostas\u2026","rel":"","context":"In &quot;Not\u00edcias de Ribeir\u00e3o Preto-SP e Regi\u00e3o&quot;","block_context":{"text":"Not\u00edcias de Ribeir\u00e3o Preto-SP e Regi\u00e3o","link":"https:\/\/noticiasribeiraopreto.com.br\/index.php\/category\/noticias-de-ribeirao-preto-sp-e-regiao-ismael-colosi\/"},"img":{"alt_text":"","src":"https:\/\/i0.wp.com\/noticiasribeiraopreto.com.br\/wp-content\/uploads\/2024\/11\/casa-popular_2024-11-21_14-33-25_jpg_2024-11-21_14-33-25.webp.webp?fit=743%2C494&ssl=1&resize=350%2C200","width":350,"height":200,"srcset":"https:\/\/i0.wp.com\/noticiasribeiraopreto.com.br\/wp-content\/uploads\/2024\/11\/casa-popular_2024-11-21_14-33-25_jpg_2024-11-21_14-33-25.webp.webp?fit=743%2C494&ssl=1&resize=350%2C200 1x, https:\/\/i0.wp.com\/noticiasribeiraopreto.com.br\/wp-content\/uploads\/2024\/11\/casa-popular_2024-11-21_14-33-25_jpg_2024-11-21_14-33-25.webp.webp?fit=743%2C494&ssl=1&resize=525%2C300 1.5x, https:\/\/i0.wp.com\/noticiasribeiraopreto.com.br\/wp-content\/uploads\/2024\/11\/casa-popular_2024-11-21_14-33-25_jpg_2024-11-21_14-33-25.webp.webp?fit=743%2C494&ssl=1&resize=700%2C400 2x"},"classes":[]},{"id":70666,"url":"https:\/\/noticiasribeiraopreto.com.br\/index.php\/2025\/05\/28\/cdhu-procura-empresas-para-construcao-de-200-moradias-em-ribeirao-preto-2\/","url_meta":{"origin":64418,"position":3},"title":"CDHU procura empresas para constru\u00e7\u00e3o de 200 moradias em Ribeir\u00e3o Preto","author":"noticiasribeiraopreto.com.br","date":"28 de May de 2025","format":false,"excerpt":"A CDHU (Companhia de Desenvolvimento Habitacional e Urbano) publicou na ter\u00e7a-feira (27) um chamamento para contrata\u00e7\u00e3o de empresas para constru\u00e7\u00e3o de 200 moradias em Ribeir\u00e3o Preto. Al\u00e9m de Ribeir\u00e3o Preto, ser\u00e3o constru\u00eddas unidades habitacionais em Sert\u00e3ozinho (200), S\u00e3o Sim\u00e3o (100), Monte Alto (50), Franca (150) e Barretos (230). As propostas\u2026","rel":"","context":"In &quot;Not\u00edcias de Ribeir\u00e3o Preto-SP e Regi\u00e3o&quot;","block_context":{"text":"Not\u00edcias de Ribeir\u00e3o Preto-SP e Regi\u00e3o","link":"https:\/\/noticiasribeiraopreto.com.br\/index.php\/category\/noticias-de-ribeirao-preto-sp-e-regiao-ismael-colosi\/"},"img":{"alt_text":"","src":"https:\/\/i0.wp.com\/noticiasribeiraopreto.com.br\/wp-content\/uploads\/2024\/11\/casa-popular_2024-11-21_14-33-25_jpg_2024-11-21_14-33-25.webp.webp?fit=743%2C494&ssl=1&resize=350%2C200","width":350,"height":200,"srcset":"https:\/\/i0.wp.com\/noticiasribeiraopreto.com.br\/wp-content\/uploads\/2024\/11\/casa-popular_2024-11-21_14-33-25_jpg_2024-11-21_14-33-25.webp.webp?fit=743%2C494&ssl=1&resize=350%2C200 1x, https:\/\/i0.wp.com\/noticiasribeiraopreto.com.br\/wp-content\/uploads\/2024\/11\/casa-popular_2024-11-21_14-33-25_jpg_2024-11-21_14-33-25.webp.webp?fit=743%2C494&ssl=1&resize=525%2C300 1.5x, https:\/\/i0.wp.com\/noticiasribeiraopreto.com.br\/wp-content\/uploads\/2024\/11\/casa-popular_2024-11-21_14-33-25_jpg_2024-11-21_14-33-25.webp.webp?fit=743%2C494&ssl=1&resize=700%2C400 2x"},"classes":[]},{"id":70567,"url":"https:\/\/noticiasribeiraopreto.com.br\/index.php\/2025\/05\/27\/demandas-para-a-cdhu-no-leporace-e-parque-do-horto-chega-a-quase-400-atendimentos\/","url_meta":{"origin":64418,"position":4},"title":"Demandas para a CDHU no Leporace e Parque do Horto chega a quase 400 atendimentos","author":"noticiasribeiraopreto.com.br","date":"27 de May de 2025","format":false,"excerpt":"Os dois finais de semana de mutir\u00f5es renderam quase 400 atendimentos da CDHU (Companhia de Desenvolvimento e Habitacional e Urbano do Estado de S\u00e3o Paulo) para mutu\u00e1rios, em parceria com a Prefeitura de Franca. As iniciativas aconteceram em dois s\u00e1bados, no Centro Comunit\u00e1rio do Parque do Horto e no Gin\u00e1sio\u2026","rel":"","context":"In &quot;Not\u00edcias de Franca-SP&quot;","block_context":{"text":"Not\u00edcias de Franca-SP","link":"https:\/\/noticiasribeiraopreto.com.br\/index.php\/category\/noticias-de-ribeirao-preto-sp-e-regiao-ismael-colosi\/noticias-franca-sp\/"},"img":{"alt_text":"","src":"https:\/\/i0.wp.com\/noticiasribeiraopreto.com.br\/wp-content\/uploads\/2025\/05\/plantao_CDHU_Leporace_original.jpg?fit=1200%2C675&ssl=1&resize=350%2C200","width":350,"height":200,"srcset":"https:\/\/i0.wp.com\/noticiasribeiraopreto.com.br\/wp-content\/uploads\/2025\/05\/plantao_CDHU_Leporace_original.jpg?fit=1200%2C675&ssl=1&resize=350%2C200 1x, https:\/\/i0.wp.com\/noticiasribeiraopreto.com.br\/wp-content\/uploads\/2025\/05\/plantao_CDHU_Leporace_original.jpg?fit=1200%2C675&ssl=1&resize=525%2C300 1.5x, https:\/\/i0.wp.com\/noticiasribeiraopreto.com.br\/wp-content\/uploads\/2025\/05\/plantao_CDHU_Leporace_original.jpg?fit=1200%2C675&ssl=1&resize=700%2C400 2x, https:\/\/i0.wp.com\/noticiasribeiraopreto.com.br\/wp-content\/uploads\/2025\/05\/plantao_CDHU_Leporace_original.jpg?fit=1200%2C675&ssl=1&resize=1050%2C600 3x"},"classes":[]},{"id":67489,"url":"https:\/\/noticiasribeiraopreto.com.br\/index.php\/2025\/04\/14\/governo-de-sp-anuncia-616-novas-moradias-e-cartas-de-credito-para-regiao-de-franca\/","url_meta":{"origin":64418,"position":5},"title":"Governo de SP anuncia 616 novas moradias e cartas de cr\u00e9dito para regi\u00e3o de Franca","author":"noticiasribeiraopreto.com.br","date":"14 de April de 2025","format":false,"excerpt":"O programa Casa Paulista anunciou mais 616 novas moradias distribu\u00eddas por 23 cidades da Regi\u00e3o Administrativa de Franca. O evento foi realizado nesta segunda-feira (14), \u00e0s 10h, no Pal\u00e1cio dos Bandeirantes .Deste total, 378 unidades ser\u00e3o licitadas pela CDHU, enquanto as outras 238 ser\u00e3o viabilizadas pela modalidade Carta de Cr\u00e9dito\u2026","rel":"","context":"In &quot;Not\u00edcias de Franca-SP&quot;","block_context":{"text":"Not\u00edcias de Franca-SP","link":"https:\/\/noticiasribeiraopreto.com.br\/index.php\/category\/noticias-de-ribeirao-preto-sp-e-regiao-ismael-colosi\/noticias-franca-sp\/"},"img":{"alt_text":"","src":"https:\/\/i0.wp.com\/noticiasribeiraopreto.com.br\/wp-content\/uploads\/2025\/04\/Conjunto-Habitacional-CDHU-Embu-das-Artes-scaled.jpg?fit=1200%2C800&ssl=1&resize=350%2C200","width":350,"height":200,"srcset":"https:\/\/i0.wp.com\/noticiasribeiraopreto.com.br\/wp-content\/uploads\/2025\/04\/Conjunto-Habitacional-CDHU-Embu-das-Artes-scaled.jpg?fit=1200%2C800&ssl=1&resize=350%2C200 1x, https:\/\/i0.wp.com\/noticiasribeiraopreto.com.br\/wp-content\/uploads\/2025\/04\/Conjunto-Habitacional-CDHU-Embu-das-Artes-scaled.jpg?fit=1200%2C800&ssl=1&resize=525%2C300 1.5x, https:\/\/i0.wp.com\/noticiasribeiraopreto.com.br\/wp-content\/uploads\/2025\/04\/Conjunto-Habitacional-CDHU-Embu-das-Artes-scaled.jpg?fit=1200%2C800&ssl=1&resize=700%2C400 2x, https:\/\/i0.wp.com\/noticiasribeiraopreto.com.br\/wp-content\/uploads\/2025\/04\/Conjunto-Habitacional-CDHU-Embu-das-Artes-scaled.jpg?fit=1200%2C800&ssl=1&resize=1050%2C600 3x"},"classes":[]}],"jetpack_sharing_enabled":true,"jetpack_shortlink":"https:\/\/wp.me\/peQAOb-gL0","_links":{"self":[{"href":"https:\/\/noticiasribeiraopreto.com.br\/index.php\/wp-json\/wp\/v2\/posts\/64418","targetHints":{"allow":["GET"]}}],"collection":[{"href":"https:\/\/noticiasribeiraopreto.com.br\/index.php\/wp-json\/wp\/v2\/posts"}],"about":[{"href":"https:\/\/noticiasribeiraopreto.com.br\/index.php\/wp-json\/wp\/v2\/types\/post"}],"author":[{"embeddable":true,"href":"https:\/\/noticiasribeiraopreto.com.br\/index.php\/wp-json\/wp\/v2\/users\/1"}],"replies":[{"embeddable":true,"href":"https:\/\/noticiasribeiraopreto.com.br\/index.php\/wp-json\/wp\/v2\/comments?post=64418"}],"version-history":[{"count":0,"href":"https:\/\/noticiasribeiraopreto.com.br\/index.php\/wp-json\/wp\/v2\/posts\/64418\/revisions"}],"wp:featuredmedia":[{"embeddable":true,"href":"https:\/\/noticiasribeiraopreto.com.br\/index.php\/wp-json\/wp\/v2\/media\/64419"}],"wp:attachment":[{"href":"https:\/\/noticiasribeiraopreto.com.br\/index.php\/wp-json\/wp\/v2\/media?parent=64418"}],"wp:term":[{"taxonomy":"category","embeddable":true,"href":"https:\/\/noticiasribeiraopreto.com.br\/index.php\/wp-json\/wp\/v2\/categories?post=64418"},{"taxonomy":"post_tag","embeddable":true,"href":"https:\/\/noticiasribeiraopreto.com.br\/index.php\/wp-json\/wp\/v2\/tags?post=64418"}],"curies":[{"name":"wp","href":"https:\/\/api.w.org\/{rel}","templated":true}]}}