{"id":64420,"date":"2025-03-07T22:35:28","date_gmt":"2025-03-08T01:35:28","guid":{"rendered":"https:\/\/noticiasribeiraopreto.com.br\/index.php\/2025\/03\/07\/jornal-da-franca-seu-parceiro-ronca-medico-ensina-quatro-truques-simples-que-podem-ajudar\/"},"modified":"2025-03-07T22:35:28","modified_gmt":"2025-03-08T01:35:28","slug":"jornal-da-franca-seu-parceiro-ronca-medico-ensina-quatro-truques-simples-que-podem-ajudar","status":"publish","type":"post","link":"https:\/\/noticiasribeiraopreto.com.br\/index.php\/2025\/03\/07\/jornal-da-franca-seu-parceiro-ronca-medico-ensina-quatro-truques-simples-que-podem-ajudar\/","title":{"rendered":"Jornal da Franca &#8211; Seu parceiro ronca? M\u00e9dico ensina quatro truques simples que podem ajudar!"},"content":{"rendered":"<p> <br \/>\n<\/p>\n<div>\n\t                            <a class=\"mb-1\" href=\"https:\/\/api.whatsapp.com\/send?text=Olha essa Not\u00edcia no Jornal da Franca.%0D%0D*Seu parceiro ronca? M\u00e9dico ensina quatro truques simples que podem ajudar!*%0D%0Dclique na url abaixo%0Dhttps:\/\/www.jornaldafranca.com.br\/seu-parceiro-ronca-medico-ensina-quatro-truques-simples-que-podem-ajudar\/\" target=\"_blank\"><span class=\"text-12 badge badge-pill badge-success\"><i class=\"fa fa-whatsapp\"\/> compartilhar no whatsapp<\/span><\/a><\/p>\n<p>\t                            <a class=\"mb-1\" href=\"https:\/\/telegram.me\/share\/url?url=https:\/\/www.jornaldafranca.com.br\/seu-parceiro-ronca-medico-ensina-quatro-truques-simples-que-podem-ajudar\/&amp;text=Olha essa Not\u00edcia no Jornal da Franca.\" target=\"_blank\"><span class=\"text-12 badge badge-pill badge-info\"><i class=\"fa fa-telegram\"\/> compartilhar no telegram<\/span><\/a><\/p>\n<p>\t                            <a class=\"mb-1\" href=\"https:\/\/www.facebook.com\/sharer\/sharer.php?u=https:\/\/www.jornaldafranca.com.br\/seu-parceiro-ronca-medico-ensina-quatro-truques-simples-que-podem-ajudar\/\" target=\"_blank\"><span class=\"text-12 badge badge-pill badge-primary\"><i class=\"fa fa-facebook\"\/> compartilhar no facebook<\/span><\/a><\/p>\n<p>\t                            <a class=\"mb-1\" href=\"https:\/\/www.linkedin.com\/shareArticle?mini=true&amp;url=https:\/\/www.jornaldafranca.com.br\/seu-parceiro-ronca-medico-ensina-quatro-truques-simples-que-podem-ajudar\/&amp;title=Seu parceiro ronca? M\u00e9dico ensina quatro truques simples que podem ajudar!&amp;source=JORNAL DA FRANCA\" target=\"_blank\"><span class=\"text-12 badge badge-pill badge-secondary\"><i class=\"fa fa-linkedin\"\/> compartilhar no linkedin<\/span><\/a><\/p>\n<div class=\"lead text-20\">\n<p>Se voc\u00ea est\u00e1 tendo dificuldades para dormir com o barulho, especialistas dizem que o primeiro passo para conseguir descansar \u00e9 entender o que est\u00e1 causando o ru\u00eddo<\/p>\n<\/p><\/div>\n<p><img data-recalc-dims=\"1\" fetchpriority=\"high\" decoding=\"async\" class=\"\" src=\"https:\/\/i0.wp.com\/www.jornaldafranca.com.br\/wp-content\/uploads\/2024\/08\/ronco-cpaps.jpg?resize=809%2C536&#038;ssl=1\" alt=\"\" width=\"809\" height=\"536\"\/><\/p>\n<h6>Muitas pessoas t\u00eam dificuldades para dormir com o barulho do ronco do(a) parceiro(a)<\/h6>\n<p>\u00a0<\/p>\n<p>Compartilhar a cama com algu\u00e9m que ronca pode ser um desafio constante. E tamb\u00e9m \u00e9 um problema comum: algumas pesquisas sugerem que at\u00e9 metade dos adultos nos Estados Unidos roncam regularmente, e seus parceiros podem sofrer com isso.<\/p>\n<p>Se voc\u00ea est\u00e1 tendo dificuldades para dormir com o barulho, especialistas dizem que o primeiro passo para conseguir descansar \u00e9 entender o que est\u00e1 causando o ru\u00eddo.<\/p>\n<p><strong>O QUE LEVA AO RONCO?<\/strong><\/p>\n<p>Quando os m\u00fasculos que mant\u00eam suas vias respirat\u00f3rias abertas relaxam durante o sono, a passagem de ar pode se estreitar, fazendo com que os tecidos moles da garganta vibrem a cada respira\u00e7\u00e3o, disse Daniel Vena, professor assistente de medicina do sono na Escola de Medicina da Universidade de Harvard.<\/p>\n<p>\u201cEsses m\u00fasculos adormecem quando voc\u00ea adormece\u201d, diz Vena. Isso explica por que as pessoas frequentemente roncam ap\u00f3s beber \u00e1lcool, j\u00e1 que ele relaxa esses mesmos m\u00fasculos.<\/p>\n<p>Pessoas com sobrepeso ou obesidade tendem a roncar porque tecidos extras na l\u00edngua e na garganta podem dificultar o fluxo de ar, explica Vena.<\/p>\n<p>A congest\u00e3o nasal tamb\u00e9m pode estreitar suas vias respirat\u00f3rias, raz\u00e3o pela qual algumas pessoas roncam quando est\u00e3o resfriadas ou al\u00e9rgicas, diz Kuljeet K. Gill, professora assistente cl\u00ednica de medicina do sono na Feinberg School of Medicine da Northwestern University, dos Estados Unidos.<\/p>\n<p>Para parceiros que roncam regularmente, o primeiro passo \u00e9 descartar a apneia obstrutiva do sono.<\/p>\n<p>Esta \u00e9 uma condi\u00e7\u00e3o potencialmente s\u00e9ria que ocorre quando as vias a\u00e9reas colapsam o suficiente durante o sono para bloquear o fluxo de ar, pausando temporariamente a respira\u00e7\u00e3o e fazendo com que a pessoa acorde com falta de ar.<\/p>\n<p>Sem tratamento, a apneia do sono pode aumentar o risco de doen\u00e7as card\u00edacas, diabetes tipo 2 e certos tipos de c\u00e2ncer.<\/p>\n<p>A maioria das pessoas com apneia do sono ronca, diz Vena. Mas nem todas as pessoas que roncam t\u00eam apneia do sono, ent\u00e3o \u00e9 importante ter um diagn\u00f3stico adequado.<\/p>\n<p>Um especialista em sono ou um otorrinolaringologista pode ajudar, diz Omar G. Ahmed, cirurgi\u00e3o de sono no Hospital Metodista de Houston, no estado norte-americano do Texas.<\/p>\n<p>Se seu parceiro tiver apneia do sono, mudan\u00e7as no estilo de vida, como perder peso ou parar de fumar \u2014 ou terapias como o uso de m\u00e1quinas de press\u00e3o positiva cont\u00ednua nas vias respirat\u00f3rias \u2014 podem n\u00e3o apenas ajudar a condi\u00e7\u00e3o, mas tamb\u00e9m reduzir o ronco.<\/p>\n<p><strong>E SE N\u00c3O FOR APNEIA DO SONO?<\/strong><\/p>\n<p>Se o seu parceiro for o que Vena chama de \u201croncador simples\u201d, ou seja, se a apneia do sono n\u00e3o for a causa, h\u00e1 outras maneiras de silenciar o barulho.<\/p>\n<p><strong>Desencoraje a respira\u00e7\u00e3o pela boca.<\/strong> Se o nariz do seu parceiro estiver bloqueado, ele provavelmente estar\u00e1 respirando pela boca, segundo Gill. Isso pode levar ao ronco, acrescenta.<\/p>\n<p>Para promover a respira\u00e7\u00e3o nasal durante o sono, seu parceiro pode tentar usar tiras nasais ou limpar os seios nasais com um enx\u00e1gue nasal antes de dormir.<\/p>\n<p>Se houver uma obstru\u00e7\u00e3o mais permanente, como um desvio de septo ou p\u00f3lipos nasais, a cirurgia pode ser uma op\u00e7\u00e3o, diz Ahmed.<\/p>\n<p><strong>Incentive dormir de lado.<\/strong> Ao dormir de costas, a gravidade pode fazer com que as vias a\u00e9reas se estreitem, resultando em ronco, afirma Vena.<\/p>\n<p>Para ajudar seu parceiro a permanecer de lado durante o sono, tente colocar travesseiros firmes atr\u00e1s dele, sugere Heather E. Gunn, professora associada de psicologia na Universidade do Alabama, tamb\u00e9m nos EUA.<\/p>\n<p>Outra op\u00e7\u00e3o \u00e9 tornar desconfort\u00e1vel rolar para as costas, costurando ou colando com fita adesiva bolas de t\u00eanis ou outros objetos na parte de tr\u00e1s da camisa, diz Wendy Troxel, cientista s\u00eanior de comportamento na RAND Corporation, um centro de pesquisa cujos estudos incluem sa\u00fade p\u00fablica.<\/p>\n<p><strong>Abafe o som.<\/strong> Cobrir a orelha com um travesseiro \u00e9 uma forma de amenizar o barulho, mas voc\u00ea provavelmente precisar\u00e1 ajust\u00e1-lo durante a noite, diz Gunn.<\/p>\n<p>Em vez disso, experimente usar tamp\u00f5es de ouvido, ligar um ventilador ou tocar ru\u00eddo branco, sugeriu ela.<\/p>\n<p>Se voc\u00ea n\u00e3o acorda com facilidade, tamb\u00e9m pode tentar ir para a cama antes do seu parceiro, para j\u00e1 estar em sono profundo quando o ronco come\u00e7ar, comenta Troxel.<\/p>\n<p>Praticar boas t\u00e9cnicas de higiene do sono, como evitar telas ou cafe\u00edna perto da hora de dormir, pode ajudar a aprofundar o sono, acrescenta Vena.<\/p>\n<p><strong>N\u00e3o descarte o \u201cdiv\u00f3rcio do sono\u201d<\/strong>. Se nada funcionar, tente dormir separado do seu parceiro, talvez em um quarto extra (se houver) ou no sof\u00e1.<\/p>\n<p>O \u201cdiv\u00f3rcio do sono\u201d pode parecer prejudicial para o relacionamento a princ\u00edpio, comenta Gunn. Mas a falta de descanso tamb\u00e9m pode desgastar uma rela\u00e7\u00e3o, afirma Troxel.<\/p>\n<p>Assim, contanto que o tempo separados seja compensado por momentos de qualidade juntos durante o dia, dormir separados pode ser uma mudan\u00e7a positiva para o relacionamento.<\/p>\n<p>*Fonte: <a href=\"https:\/\/oglobo.globo.com\/saude\/noticia\/2025\/03\/06\/seu-parceiro-ronca-medico-ensina-quatro-truques-simples-que-podem-ajudar.ghtml\"><em><strong>O Globo<\/strong><\/em><\/a><\/p>\n<p><!-- CONTENT END 1 --><\/p>\n<hr\/><\/div>\n<p><br \/>\n<br \/><a href=\"https:\/\/www.jornaldafranca.com.br\/seu-parceiro-ronca-medico-ensina-quatro-truques-simples-que-podem-ajudar\/\">Source link <\/a><\/p>\n","protected":false},"excerpt":{"rendered":"<p>compartilhar no whatsapp compartilhar no telegram compartilhar no facebook compartilhar no linkedin Se voc\u00ea est\u00e1 tendo dificuldades para dormir com o barulho, especialistas dizem que&#8230;<\/p>\n","protected":false},"author":1,"featured_media":64421,"comment_status":"open","ping_status":"open","sticky":false,"template":"","format":"standard","meta":{"advanced_seo_description":"","jetpack_seo_html_title":"","jetpack_seo_noindex":false,"jetpack_post_was_ever_published":false,"_jetpack_newsletter_access":"","_jetpack_dont_email_post_to_subs":false,"_jetpack_newsletter_tier_id":0,"_jetpack_memberships_contains_paywalled_content":false,"_jetpack_memberships_contains_paid_content":false,"footnotes":"","jetpack_publicize_message":"","jetpack_publicize_feature_enabled":true,"jetpack_social_post_already_shared":true,"jetpack_social_options":{"image_generator_settings":{"template":"highway","default_image_id":0,"font":"","enabled":false},"version":2}},"categories":[3597],"tags":[],"class_list":["post-64420","post","type-post","status-publish","format-standard","has-post-thumbnail","hentry","category-noticias-franca-sp"],"jetpack_publicize_connections":[],"jetpack_featured_media_url":"https:\/\/i0.wp.com\/noticiasribeiraopreto.com.br\/wp-content\/uploads\/2025\/03\/ronco-cpaps.jpg?fit=753%2C499&ssl=1","jetpack-related-posts":[{"id":73017,"url":"https:\/\/noticiasribeiraopreto.com.br\/index.php\/2025\/06\/24\/jornal-da-franca-clima-sera-de-frio-porem-agradavel-e-fresco-em-franca-nesta-terca-deve-chover\/","url_meta":{"origin":64420,"position":0},"title":"Jornal da Franca &#8211; Clima ser\u00e1 de frio, por\u00e9m agrad\u00e1vel e fresco em Franca nesta ter\u00e7a: deve chover","author":"noticiasribeiraopreto.com.br","date":"24 de June de 2025","format":false,"excerpt":"compartilhar no whatsapp compartilhar no telegram compartilhar no facebook compartilhar no linkedin Cidade tem previs\u00e3o de chuva de at\u00e9 12 mil\u00edmetros A previs\u00e3o do tempo para Franca indica um dia agrad\u00e1vel, com temperatura m\u00ednima de 5\u00b0C e m\u00e1xima de 22\u00b0C. H\u00e1 grande possibilidade de chuva, com volume de at\u00e9 12\u2026","rel":"","context":"In &quot;Not\u00edcias de Franca-SP&quot;","block_context":{"text":"Not\u00edcias de Franca-SP","link":"https:\/\/noticiasribeiraopreto.com.br\/index.php\/category\/noticias-de-ribeirao-preto-sp-e-regiao-ismael-colosi\/noticias-franca-sp\/"},"img":{"alt_text":"","src":"https:\/\/i0.wp.com\/noticiasribeiraopreto.com.br\/wp-content\/uploads\/2025\/06\/1750758766_Franca.jpeg?fit=1200%2C806&ssl=1&resize=350%2C200","width":350,"height":200,"srcset":"https:\/\/i0.wp.com\/noticiasribeiraopreto.com.br\/wp-content\/uploads\/2025\/06\/1750758766_Franca.jpeg?fit=1200%2C806&ssl=1&resize=350%2C200 1x, https:\/\/i0.wp.com\/noticiasribeiraopreto.com.br\/wp-content\/uploads\/2025\/06\/1750758766_Franca.jpeg?fit=1200%2C806&ssl=1&resize=525%2C300 1.5x, https:\/\/i0.wp.com\/noticiasribeiraopreto.com.br\/wp-content\/uploads\/2025\/06\/1750758766_Franca.jpeg?fit=1200%2C806&ssl=1&resize=700%2C400 2x, https:\/\/i0.wp.com\/noticiasribeiraopreto.com.br\/wp-content\/uploads\/2025\/06\/1750758766_Franca.jpeg?fit=1200%2C806&ssl=1&resize=1050%2C600 3x"},"classes":[]},{"id":69340,"url":"https:\/\/noticiasribeiraopreto.com.br\/index.php\/2025\/05\/05\/jornal-da-franca-implantacao-de-escola-civico-militar-em-franca-e-tema-de-debates-na-camara-municipal\/","url_meta":{"origin":64420,"position":1},"title":"Jornal da Franca &#8211; Implanta\u00e7\u00e3o de escola c\u00edvico-militar em Franca \u00e9 tema de debates na C\u00e2mara Municipal","author":"noticiasribeiraopreto.com.br","date":"5 de May de 2025","format":false,"excerpt":"compartilhar no whatsapp compartilhar no telegram compartilhar no facebook compartilhar no linkedin Mun\u00edcipe agradece apoio de vereadores e parlamentares para que Franca fosse contemplada com o modelo educacional A implanta\u00e7\u00e3o do Programa das Escolas C\u00edvico-Militares em Franca, pauta defendida pela direita, foi tema abordado durante a sess\u00e3o ordin\u00e1ria da C\u00e2mara\u2026","rel":"","context":"In &quot;Not\u00edcias de Franca-SP&quot;","block_context":{"text":"Not\u00edcias de Franca-SP","link":"https:\/\/noticiasribeiraopreto.com.br\/index.php\/category\/noticias-de-ribeirao-preto-sp-e-regiao-ismael-colosi\/noticias-franca-sp\/"},"img":{"alt_text":"","src":"https:\/\/i0.wp.com\/noticiasribeiraopreto.com.br\/wp-content\/uploads\/2025\/05\/1746449336_plenariodiagonal_0.jpg?fit=930%2C558&ssl=1&resize=350%2C200","width":350,"height":200,"srcset":"https:\/\/i0.wp.com\/noticiasribeiraopreto.com.br\/wp-content\/uploads\/2025\/05\/1746449336_plenariodiagonal_0.jpg?fit=930%2C558&ssl=1&resize=350%2C200 1x, https:\/\/i0.wp.com\/noticiasribeiraopreto.com.br\/wp-content\/uploads\/2025\/05\/1746449336_plenariodiagonal_0.jpg?fit=930%2C558&ssl=1&resize=525%2C300 1.5x, https:\/\/i0.wp.com\/noticiasribeiraopreto.com.br\/wp-content\/uploads\/2025\/05\/1746449336_plenariodiagonal_0.jpg?fit=930%2C558&ssl=1&resize=700%2C400 2x"},"classes":[]},{"id":70143,"url":"https:\/\/noticiasribeiraopreto.com.br\/index.php\/2025\/05\/23\/jornal-da-franca-chegou-a-sexta-feira-dia-sera-seco-mas-sem-muito-frio-em-franca-e-regiao\/","url_meta":{"origin":64420,"position":2},"title":"Jornal da Franca &#8211; Chegou a sexta-feira! Dia ser\u00e1 seco, mas sem muito frio em Franca e regi\u00e3o","author":"noticiasribeiraopreto.com.br","date":"23 de May de 2025","format":false,"excerpt":"compartilhar no whatsapp compartilhar no telegram compartilhar no facebook compartilhar no linkedin Previs\u00e3o do tempo para Franca nesta sexta-feira indica temperaturas amenas e c\u00e9u parcialmente nublado A sexta-feira chegou e a previs\u00e3o do tempo para Franca \u00e9 de um dia agrad\u00e1vel, com temperaturas amenas e c\u00e9u parcialmente nublado. De acordo\u2026","rel":"","context":"In &quot;Not\u00edcias de Franca-SP&quot;","block_context":{"text":"Not\u00edcias de Franca-SP","link":"https:\/\/noticiasribeiraopreto.com.br\/index.php\/category\/noticias-de-ribeirao-preto-sp-e-regiao-ismael-colosi\/noticias-franca-sp\/"},"img":{"alt_text":"","src":"https:\/\/i0.wp.com\/noticiasribeiraopreto.com.br\/wp-content\/uploads\/2025\/05\/campanha-do-agasalho.jpg?fit=1086%2C652&ssl=1&resize=350%2C200","width":350,"height":200,"srcset":"https:\/\/i0.wp.com\/noticiasribeiraopreto.com.br\/wp-content\/uploads\/2025\/05\/campanha-do-agasalho.jpg?fit=1086%2C652&ssl=1&resize=350%2C200 1x, https:\/\/i0.wp.com\/noticiasribeiraopreto.com.br\/wp-content\/uploads\/2025\/05\/campanha-do-agasalho.jpg?fit=1086%2C652&ssl=1&resize=525%2C300 1.5x, https:\/\/i0.wp.com\/noticiasribeiraopreto.com.br\/wp-content\/uploads\/2025\/05\/campanha-do-agasalho.jpg?fit=1086%2C652&ssl=1&resize=700%2C400 2x, https:\/\/i0.wp.com\/noticiasribeiraopreto.com.br\/wp-content\/uploads\/2025\/05\/campanha-do-agasalho.jpg?fit=1086%2C652&ssl=1&resize=1050%2C600 3x"},"classes":[]},{"id":69220,"url":"https:\/\/noticiasribeiraopreto.com.br\/index.php\/2025\/05\/03\/jornal-da-franca-socorristas-que-salvaram-crianca-em-franca-recebem-mocao-de-aplausos-da-camara\/","url_meta":{"origin":64420,"position":3},"title":"Jornal da Franca &#8211; Socorristas que salvaram crian\u00e7a em Franca\u00a0recebem Mo\u00e7\u00e3o de Aplausos da C\u00e2mara","author":"noticiasribeiraopreto.com.br","date":"3 de May de 2025","format":false,"excerpt":"compartilhar no whatsapp compartilhar no telegram compartilhar no facebook compartilhar no linkedin Mo\u00e7\u00e3o reconhece trabalho de equipe de sa\u00fade que atuou no salvamento de beb\u00ea A C\u00e2mara aprovou a Mo\u00e7\u00e3o de Aplausos n\u00ba 41 de 2025, de autoria do vereador Walker Bombeiro da Libras, para a equipe de sa\u00fade da\u2026","rel":"","context":"In &quot;Not\u00edcias de Franca-SP&quot;","block_context":{"text":"Not\u00edcias de Franca-SP","link":"https:\/\/noticiasribeiraopreto.com.br\/index.php\/category\/noticias-de-ribeirao-preto-sp-e-regiao-ismael-colosi\/noticias-franca-sp\/"},"img":{"alt_text":"","src":"https:\/\/i0.wp.com\/noticiasribeiraopreto.com.br\/wp-content\/uploads\/2025\/05\/mocaoravi17sessao.jpg?fit=1000%2C562&ssl=1&resize=350%2C200","width":350,"height":200,"srcset":"https:\/\/i0.wp.com\/noticiasribeiraopreto.com.br\/wp-content\/uploads\/2025\/05\/mocaoravi17sessao.jpg?fit=1000%2C562&ssl=1&resize=350%2C200 1x, https:\/\/i0.wp.com\/noticiasribeiraopreto.com.br\/wp-content\/uploads\/2025\/05\/mocaoravi17sessao.jpg?fit=1000%2C562&ssl=1&resize=525%2C300 1.5x, https:\/\/i0.wp.com\/noticiasribeiraopreto.com.br\/wp-content\/uploads\/2025\/05\/mocaoravi17sessao.jpg?fit=1000%2C562&ssl=1&resize=700%2C400 2x"},"classes":[]},{"id":67863,"url":"https:\/\/noticiasribeiraopreto.com.br\/index.php\/2025\/04\/19\/jornal-da-franca-sesi-franca-quer-vencer-o-cordoba-e-deixar-a-champions-league-de-cabeca-erguida\/","url_meta":{"origin":64420,"position":4},"title":"Jornal da Franca &#8211; Sesi Franca quer vencer o C\u00f3rdoba e deixar a Champions League de cabe\u00e7a erguida","author":"noticiasribeiraopreto.com.br","date":"19 de April de 2025","format":false,"excerpt":"compartilhar no whatsapp compartilhar no telegram compartilhar no facebook compartilhar no linkedin Jogo de hoje servir\u00e1 para a equipe se reencontrar e encerrar campeonato honrosamente O Sesi Franca ainda procura se reencontrar ap\u00f3s a elimina\u00e7\u00e3o contra o Flamengo pelas semifinais da Champions League, por 91 a 65, na noite desta\u2026","rel":"","context":"In &quot;Not\u00edcias de Franca-SP&quot;","block_context":{"text":"Not\u00edcias de Franca-SP","link":"https:\/\/noticiasribeiraopreto.com.br\/index.php\/category\/noticias-de-ribeirao-preto-sp-e-regiao-ismael-colosi\/noticias-franca-sp\/"},"img":{"alt_text":"","src":"https:\/\/i0.wp.com\/noticiasribeiraopreto.com.br\/wp-content\/uploads\/2025\/04\/IMG_20250418_111654.jpg?fit=1080%2C710&ssl=1&resize=350%2C200","width":350,"height":200,"srcset":"https:\/\/i0.wp.com\/noticiasribeiraopreto.com.br\/wp-content\/uploads\/2025\/04\/IMG_20250418_111654.jpg?fit=1080%2C710&ssl=1&resize=350%2C200 1x, https:\/\/i0.wp.com\/noticiasribeiraopreto.com.br\/wp-content\/uploads\/2025\/04\/IMG_20250418_111654.jpg?fit=1080%2C710&ssl=1&resize=525%2C300 1.5x, https:\/\/i0.wp.com\/noticiasribeiraopreto.com.br\/wp-content\/uploads\/2025\/04\/IMG_20250418_111654.jpg?fit=1080%2C710&ssl=1&resize=700%2C400 2x, https:\/\/i0.wp.com\/noticiasribeiraopreto.com.br\/wp-content\/uploads\/2025\/04\/IMG_20250418_111654.jpg?fit=1080%2C710&ssl=1&resize=1050%2C600 3x"},"classes":[]},{"id":72002,"url":"https:\/\/noticiasribeiraopreto.com.br\/index.php\/2025\/06\/12\/jornal-da-franca-cinco-partidas-movimentam-a-rodada-da-copa-franca-de-basquete-neste-domingo-15\/","url_meta":{"origin":64420,"position":5},"title":"Jornal da Franca &#8211; Cinco partidas movimentam a rodada da Copa Franca de Basquete neste domingo, 15","author":"noticiasribeiraopreto.com.br","date":"12 de June de 2025","format":false,"excerpt":"compartilhar no whatsapp compartilhar no telegram compartilhar no facebook compartilhar no linkedin Secretaria de Esporte e Cultura de Franca promove competi\u00e7\u00e3o com 28 equipes participantes Jogos acontecem no Gin\u00e1sio Pedroc\u00e3o a partir das 8h30, reunindo equipes da regi\u00e3o \u00a0 A tradicional Copa Franca de Basquete ter\u00e1 mais uma rodada neste\u2026","rel":"","context":"In &quot;Not\u00edcias de Franca-SP&quot;","block_context":{"text":"Not\u00edcias de Franca-SP","link":"https:\/\/noticiasribeiraopreto.com.br\/index.php\/category\/noticias-de-ribeirao-preto-sp-e-regiao-ismael-colosi\/noticias-franca-sp\/"},"img":{"alt_text":"","src":"https:\/\/i0.wp.com\/noticiasribeiraopreto.com.br\/wp-content\/uploads\/2025\/06\/Copa-Basquete.jpeg?fit=1200%2C802&ssl=1&resize=350%2C200","width":350,"height":200,"srcset":"https:\/\/i0.wp.com\/noticiasribeiraopreto.com.br\/wp-content\/uploads\/2025\/06\/Copa-Basquete.jpeg?fit=1200%2C802&ssl=1&resize=350%2C200 1x, https:\/\/i0.wp.com\/noticiasribeiraopreto.com.br\/wp-content\/uploads\/2025\/06\/Copa-Basquete.jpeg?fit=1200%2C802&ssl=1&resize=525%2C300 1.5x, https:\/\/i0.wp.com\/noticiasribeiraopreto.com.br\/wp-content\/uploads\/2025\/06\/Copa-Basquete.jpeg?fit=1200%2C802&ssl=1&resize=700%2C400 2x, https:\/\/i0.wp.com\/noticiasribeiraopreto.com.br\/wp-content\/uploads\/2025\/06\/Copa-Basquete.jpeg?fit=1200%2C802&ssl=1&resize=1050%2C600 3x"},"classes":[]}],"jetpack_sharing_enabled":true,"jetpack_shortlink":"https:\/\/wp.me\/peQAOb-gL2","_links":{"self":[{"href":"https:\/\/noticiasribeiraopreto.com.br\/index.php\/wp-json\/wp\/v2\/posts\/64420","targetHints":{"allow":["GET"]}}],"collection":[{"href":"https:\/\/noticiasribeiraopreto.com.br\/index.php\/wp-json\/wp\/v2\/posts"}],"about":[{"href":"https:\/\/noticiasribeiraopreto.com.br\/index.php\/wp-json\/wp\/v2\/types\/post"}],"author":[{"embeddable":true,"href":"https:\/\/noticiasribeiraopreto.com.br\/index.php\/wp-json\/wp\/v2\/users\/1"}],"replies":[{"embeddable":true,"href":"https:\/\/noticiasribeiraopreto.com.br\/index.php\/wp-json\/wp\/v2\/comments?post=64420"}],"version-history":[{"count":0,"href":"https:\/\/noticiasribeiraopreto.com.br\/index.php\/wp-json\/wp\/v2\/posts\/64420\/revisions"}],"wp:featuredmedia":[{"embeddable":true,"href":"https:\/\/noticiasribeiraopreto.com.br\/index.php\/wp-json\/wp\/v2\/media\/64421"}],"wp:attachment":[{"href":"https:\/\/noticiasribeiraopreto.com.br\/index.php\/wp-json\/wp\/v2\/media?parent=64420"}],"wp:term":[{"taxonomy":"category","embeddable":true,"href":"https:\/\/noticiasribeiraopreto.com.br\/index.php\/wp-json\/wp\/v2\/categories?post=64420"},{"taxonomy":"post_tag","embeddable":true,"href":"https:\/\/noticiasribeiraopreto.com.br\/index.php\/wp-json\/wp\/v2\/tags?post=64420"}],"curies":[{"name":"wp","href":"https:\/\/api.w.org\/{rel}","templated":true}]}}