{"id":64422,"date":"2025-03-07T23:36:34","date_gmt":"2025-03-08T02:36:34","guid":{"rendered":"https:\/\/noticiasribeiraopreto.com.br\/index.php\/2025\/03\/07\/depois-de-cobranca-sobre-mais-fiscalizacao-no-transito-de-franca-pm-divulga-que-ja-realizou-300-operacoes\/"},"modified":"2025-03-07T23:36:34","modified_gmt":"2025-03-08T02:36:34","slug":"depois-de-cobranca-sobre-mais-fiscalizacao-no-transito-de-franca-pm-divulga-que-ja-realizou-300-operacoes","status":"publish","type":"post","link":"https:\/\/noticiasribeiraopreto.com.br\/index.php\/2025\/03\/07\/depois-de-cobranca-sobre-mais-fiscalizacao-no-transito-de-franca-pm-divulga-que-ja-realizou-300-operacoes\/","title":{"rendered":"Depois de cobran\u00e7a sobre mais fiscaliza\u00e7\u00e3o no tr\u00e2nsito de Franca, PM divulga que j\u00e1 realizou 300 opera\u00e7\u00f5es"},"content":{"rendered":"<p> <br \/>\n<\/p>\n<div>\n<p>As estat\u00edsticas que mostram Franca entre as 20 cidades do Estado com maior viol\u00eancia no tr\u00e2nsito geraram debate na C\u00e2mara com cobran\u00e7a para mais fiscaliza\u00e7\u00e3o no tr\u00e2nsito. O assunto foi abordado neste dia 6\/3 e o 15\u00ba Batalh\u00e3o de Pol\u00edcia Militar divulgou nota para defender que j\u00e1 ocorreram mais de 300 opera\u00e7\u00f5es, ao longo de 12 meses, para preven\u00e7\u00e3o.<\/p>\n<p>As cr\u00edticas foram feitas pelo vereador Marcelo Tidy (MDB), durante discurso na Tribuna. Ele tamb\u00e9m relatou que vai cobrar a Prefeitura de Franca para que seja divulgado um plano de campanha para preven\u00e7\u00e3o de acidentes.<\/p>\n<p>A Pol\u00edcia Militar, depois da fala do vereador, informou nesta sexta-feira que est\u00e1 atuando para tentar reduzir as mortes e colis\u00f5es. Contudo, indicou que os motoristas \u00e9 que est\u00e3o sendo imprudentes. \u201cDe acordo com dados oficiais do Departamento de Tr\u00e2nsito de S\u00e3o Paulo (DETRAN-SP) as principais causas de acidentes em Franca est\u00e3o relacionadas a comportamentos imprudentes e ao desrespeito \u00e0s normas de tr\u00e2nsito como velocidade excessiva, uso de celular ao volante, embriaguez ao volante e avan\u00e7o de sinal vermelho\u201d, informou.<\/p>\n<p>A corpora\u00e7\u00e3o apontou que j\u00e1 executou mais de 300 opera\u00e7\u00f5es espec\u00edficas voltadas para a preven\u00e7\u00e3o de acidentes de tr\u00e2nsito na cidade, resultando em 2.750 condutores autuados por estarem acima da velocidade m\u00e1xima permitida, 2.848 motoristas flagrados utilizando o celular ao volante, 1.243 infra\u00e7\u00f5es por desrespeito ao sinal vermelho dos sem\u00e1foros, 349 condutores autuados por embriaguez ao volante, e 392 ve\u00edculos apreendidos por apresentarem condi\u00e7\u00f5es prec\u00e1rias de conserva\u00e7\u00e3o e seguran\u00e7a, colocando em risco a integridade dos motoristas e pedestres.<\/p>\n<p>\u201cVale lembrar que, conforme o C\u00f3digo de Tr\u00e2nsito Brasileiro (CTB), a responsabilidade por campanhas educativas no tr\u00e2nsito \u00e9 compartilhada entre todos os \u00f3rg\u00e3os de tr\u00e2nsito e n\u00e3o exclusivamente \u00e0 PMESP. Somente no intuito de exemplificar, podemos rememorar a campanha Maio Amarelo, feita anualmente em parceria com a Prefeitura Municipal visando \u00e0 conscientiza\u00e7\u00e3o, n\u00e3o somente dos motoristas, mas de toda popula\u00e7\u00e3o que se insere nesse contexto\u201d, ponderou tamb\u00e9m a Pol\u00edcia Militar.<\/p>\n<p>Tidy falou na C\u00e2mara de Franca: \u201cA gente tem visto a\u00ed in\u00fameras pessoas bebendo e dirigindo\u201d, desabafou Tidy, destacando a gravidade da situa\u00e7\u00e3o. Que o secret\u00e1rio (de Seguran\u00e7a e Cidadania, Cel. Marcus Ara\u00fajo) venha aqui na C\u00e2mara falar quais s\u00e3o as atitudes que ele est\u00e1 tomando para que o nosso tr\u00e2nsito n\u00e3o seja t\u00e3o fatal quanto \u00e9\u201d, disse o vereador.<\/p>\n<p>A PMESP apontou que segue rigorosamente as orienta\u00e7\u00f5es e os par\u00e2metros estabelecidos pelo C\u00f3digo de Tr\u00e2nsito Brasileiro (Lei n\u00ba 9.503\/1997) e pelas demais normas estaduais e municipais, sempre com a prioridade de reduzir os acidentes e garantir a seguran\u00e7a da popula\u00e7\u00e3o. \u201cAs opera\u00e7\u00f5es e fiscaliza\u00e7\u00f5es realizadas visam combater as infra\u00e7\u00f5es mais graves e prevenir trag\u00e9dias no tr\u00e2nsito, com uma abordagem que envolve tanto a fiscaliza\u00e7\u00e3o de condutas ilegais quanto a promo\u00e7\u00e3o de a\u00e7\u00f5es educativas.\u201d<\/p>\n<p>Por dia, em Franca, ocorrem seis acidentes de tr\u00e2nsito sem v\u00edtima falta. Essa m\u00e9dia \u00e9 referente a 2024, que foi a maior m\u00e9dia nos \u00faltimos cinco anos. Em 2019, a cidade registrava cerca de 4 acidentes de tr\u00e2nsito di\u00e1rios. Esse n\u00famero chegou a cair entre 2020 e 2022, mas cresceu 50%. Os dados s\u00e3o do Infosiga.<\/p>\n<p>O tr\u00e2nsito em Franca tem sido uma dor de cabe\u00e7a para muita gente e deixado tristes marcas para dezenas de fam\u00edlias. Em 2024, 34 pessoas morreram no tr\u00e2nsito da cidade, n\u00famero maior do que em 2023 (31 pessoas).<\/p>\n<p>No ranking feito pelo Infosiga para todo o Estado, Franca aparece como a 19\u00aa cidade mais violenta no tr\u00e2nsito no grupo de munic\u00edpios com mais de 300 mil habitantes. O total dessa lista tem 25 cidades.<\/p>\n<p>Leitores do F3 Not\u00edcias apontaram em enquete feita que a falta de capacita\u00e7\u00e3o dos motoristas na cidade \u00e9 a principal causa dos acidentes em Franca. O excesso de velocidade foi indicado como segundo ponto problem\u00e1tico e que \u00e9 praticado por condutores na cidade.<\/p>\n<p>Leia tamb\u00e9m:<\/p>\n<blockquote class=\"wp-embedded-content\" data-secret=\"yCXvXR10uQ\">\n<p><a href=\"https:\/\/www.f3noticias.com.br\/acidente-perto-do-franca-shopping-causa-lentidao-no-transito-e-pm-precisa-controlar-bate-boca-no-local\/\">Acidente perto do Franca Shopping causa lentid\u00e3o no tr\u00e2nsito e PM precisa controlar bate-boca no local<\/a><\/p>\n<\/blockquote>\n<p><iframe loading=\"lazy\" class=\"wp-embedded-content\" sandbox=\"allow-scripts\" security=\"restricted\" style=\"position: absolute; clip: rect(1px, 1px, 1px, 1px);\" title=\"\u201cAcidente perto do Franca Shopping causa lentid\u00e3o no tr\u00e2nsito e PM precisa controlar bate-boca no local\u201d \u2014 F3 Not\u00edcias\" src=\"https:\/\/www.f3noticias.com.br\/acidente-perto-do-franca-shopping-causa-lentidao-no-transito-e-pm-precisa-controlar-bate-boca-no-local\/embed\/#?secret=nMOGt79cff#?secret=yCXvXR10uQ\" data-secret=\"yCXvXR10uQ\" width=\"500\" height=\"282\" frameborder=\"0\" marginwidth=\"0\" marginheight=\"0\" scrolling=\"no\"><\/iframe><\/p>\n<blockquote class=\"wp-embedded-content\" data-secret=\"JWfwyqDNBd\">\n<p><a href=\"https:\/\/www.f3noticias.com.br\/policia-civil-investiga-morte-de-motociclista-atingido-por-caminhonete-perto-da-prefeitura-de-franca\/\">Pol\u00edcia Civil investiga morte de motociclista atingido por caminhonete perto da Prefeitura de Franca<\/a><\/p>\n<\/blockquote>\n<p><iframe loading=\"lazy\" class=\"wp-embedded-content\" sandbox=\"allow-scripts\" security=\"restricted\" style=\"position: absolute; clip: rect(1px, 1px, 1px, 1px);\" title=\"\u201cPol\u00edcia Civil investiga morte de motociclista atingido por caminhonete perto da Prefeitura de Franca\u201d \u2014 F3 Not\u00edcias\" src=\"https:\/\/www.f3noticias.com.br\/policia-civil-investiga-morte-de-motociclista-atingido-por-caminhonete-perto-da-prefeitura-de-franca\/embed\/#?secret=xuWuk5aefx#?secret=JWfwyqDNBd\" data-secret=\"JWfwyqDNBd\" width=\"500\" height=\"282\" frameborder=\"0\" marginwidth=\"0\" marginheight=\"0\" scrolling=\"no\"><\/iframe><\/p>\n<p><!-- CONTENT END 1 --><\/p><\/div>\n<p><br \/>\n<br \/><a href=\"https:\/\/www.f3noticias.com.br\/depois-de-cobranca-sobre-mais-fiscalizacao-no-transito-de-franca-pm-divulga-que-ja-realizou-300-operacoes\/\">Source link <\/a><\/p>\n","protected":false},"excerpt":{"rendered":"<p>As estat\u00edsticas que mostram Franca entre as 20 cidades do Estado com maior viol\u00eancia no tr\u00e2nsito geraram debate na C\u00e2mara com cobran\u00e7a para mais fiscaliza\u00e7\u00e3o&#8230;<\/p>\n","protected":false},"author":1,"featured_media":64423,"comment_status":"open","ping_status":"open","sticky":false,"template":"","format":"standard","meta":{"advanced_seo_description":"","jetpack_seo_html_title":"","jetpack_seo_noindex":false,"jetpack_post_was_ever_published":false,"_jetpack_newsletter_access":"","_jetpack_dont_email_post_to_subs":false,"_jetpack_newsletter_tier_id":0,"_jetpack_memberships_contains_paywalled_content":false,"_jetpack_memberships_contains_paid_content":false,"footnotes":"","jetpack_publicize_message":"","jetpack_publicize_feature_enabled":true,"jetpack_social_post_already_shared":true,"jetpack_social_options":{"image_generator_settings":{"template":"highway","default_image_id":0,"font":"","enabled":false},"version":2}},"categories":[3597],"tags":[],"class_list":["post-64422","post","type-post","status-publish","format-standard","has-post-thumbnail","hentry","category-noticias-franca-sp"],"jetpack_publicize_connections":[],"jetpack_featured_media_url":"https:\/\/i0.wp.com\/noticiasribeiraopreto.com.br\/wp-content\/uploads\/2025\/03\/IMG-20250125-WA0023.jpg?fit=1200%2C943&ssl=1","jetpack-related-posts":[{"id":70304,"url":"https:\/\/noticiasribeiraopreto.com.br\/index.php\/2025\/05\/24\/para-tentar-reduzir-acidentes-pm-faz-fiscalizacao-em-lojas-de-pecas-usadas-e-campanha-educacional\/","url_meta":{"origin":64422,"position":0},"title":"Para tentar reduzir acidentes, PM faz fiscaliza\u00e7\u00e3o em lojas de pe\u00e7as usadas e campanha educacional","author":"noticiasribeiraopreto.com.br","date":"24 de May de 2025","format":false,"excerpt":"O 15\u00ba Batalh\u00e3o da Pol\u00edcia Militar em Franca, por meio do Pelot\u00e3o de Tr\u00e2nsito, divulgou que est\u00e1 engajado na campanha internacional Maio Amarelo na regi\u00e3o para tentar reduzir acidentes e refor\u00e7ar a import\u00e2ncia da seguran\u00e7a no tr\u00e2nsito. Al\u00e9m de orienta\u00e7\u00e3o a motoristas, h\u00e1 um trabalho de fiscaliza\u00e7\u00e3o em com\u00e9rcios de\u2026","rel":"","context":"In &quot;Not\u00edcias de Franca-SP&quot;","block_context":{"text":"Not\u00edcias de Franca-SP","link":"https:\/\/noticiasribeiraopreto.com.br\/index.php\/category\/noticias-de-ribeirao-preto-sp-e-regiao-ismael-colosi\/noticias-franca-sp\/"},"img":{"alt_text":"","src":"https:\/\/i0.wp.com\/noticiasribeiraopreto.com.br\/wp-content\/uploads\/2025\/05\/Screenshot_20250515_201611_Gallery.jpg?fit=1080%2C880&ssl=1&resize=350%2C200","width":350,"height":200,"srcset":"https:\/\/i0.wp.com\/noticiasribeiraopreto.com.br\/wp-content\/uploads\/2025\/05\/Screenshot_20250515_201611_Gallery.jpg?fit=1080%2C880&ssl=1&resize=350%2C200 1x, https:\/\/i0.wp.com\/noticiasribeiraopreto.com.br\/wp-content\/uploads\/2025\/05\/Screenshot_20250515_201611_Gallery.jpg?fit=1080%2C880&ssl=1&resize=525%2C300 1.5x, https:\/\/i0.wp.com\/noticiasribeiraopreto.com.br\/wp-content\/uploads\/2025\/05\/Screenshot_20250515_201611_Gallery.jpg?fit=1080%2C880&ssl=1&resize=700%2C400 2x, https:\/\/i0.wp.com\/noticiasribeiraopreto.com.br\/wp-content\/uploads\/2025\/05\/Screenshot_20250515_201611_Gallery.jpg?fit=1080%2C880&ssl=1&resize=1050%2C600 3x"},"classes":[]},{"id":64300,"url":"https:\/\/noticiasribeiraopreto.com.br\/index.php\/2025\/03\/06\/acidente-perto-do-franca-shopping-causa-lentidao-no-transito-e-pm-precisa-controlar-bate-boca-no-local\/","url_meta":{"origin":64422,"position":1},"title":"Acidente perto do Franca Shopping causa lentid\u00e3o no tr\u00e2nsito e PM precisa controlar bate-boca no local","author":"noticiasribeiraopreto.com.br","date":"6 de March de 2025","format":false,"excerpt":"Quem est\u00e1 no tr\u00e2nsito de Franca e vai passar pela avenida Rio Amazonas, no sentido Centro-Shopping, pode encontrar lentid\u00e3o devido a acidente registrado na manh\u00e3 deste dia 6\/3. A colis\u00e3o lateral de dois carros aconteceu por volta das 9h. Ainda est\u00e1 sendo averiguada a causa, mas em uma poss\u00edvel troca\u2026","rel":"","context":"In &quot;Not\u00edcias de Franca-SP&quot;","block_context":{"text":"Not\u00edcias de Franca-SP","link":"https:\/\/noticiasribeiraopreto.com.br\/index.php\/category\/noticias-de-ribeirao-preto-sp-e-regiao-ismael-colosi\/noticias-franca-sp\/"},"img":{"alt_text":"","src":"https:\/\/i0.wp.com\/noticiasribeiraopreto.com.br\/wp-content\/uploads\/2025\/03\/IMG-20250306-WA0025.jpg?fit=1200%2C900&ssl=1&resize=350%2C200","width":350,"height":200,"srcset":"https:\/\/i0.wp.com\/noticiasribeiraopreto.com.br\/wp-content\/uploads\/2025\/03\/IMG-20250306-WA0025.jpg?fit=1200%2C900&ssl=1&resize=350%2C200 1x, https:\/\/i0.wp.com\/noticiasribeiraopreto.com.br\/wp-content\/uploads\/2025\/03\/IMG-20250306-WA0025.jpg?fit=1200%2C900&ssl=1&resize=525%2C300 1.5x, https:\/\/i0.wp.com\/noticiasribeiraopreto.com.br\/wp-content\/uploads\/2025\/03\/IMG-20250306-WA0025.jpg?fit=1200%2C900&ssl=1&resize=700%2C400 2x, https:\/\/i0.wp.com\/noticiasribeiraopreto.com.br\/wp-content\/uploads\/2025\/03\/IMG-20250306-WA0025.jpg?fit=1200%2C900&ssl=1&resize=1050%2C600 3x"},"classes":[]},{"id":69068,"url":"https:\/\/noticiasribeiraopreto.com.br\/index.php\/2025\/05\/01\/no-leporace-motociclista-fura-sinal-e-dirige-moto-com-cnh-vencida-e-bebado\/","url_meta":{"origin":64422,"position":2},"title":"No Leporace, motociclista fura sinal e dirige moto com CNH vencida e b\u00eabado","author":"noticiasribeiraopreto.com.br","date":"1 de May de 2025","format":false,"excerpt":"Na manh\u00e3 desta quarta-feira (1\u00ba), uma equipe do Pelot\u00e3o de Tr\u00e2nsito do 15\u00ba Batalh\u00e3o de Pol\u00edcia Militar de Franca e regi\u00e3o prendeu um homem que conduzia uma motocicleta com a CNH suspensa e apresentava sinais vis\u00edveis de embriaguez. O condutor desrespeitou diversas ordens de parada, avan\u00e7ou sinais vermelhos e foi\u2026","rel":"","context":"In &quot;Not\u00edcias de Franca-SP&quot;","block_context":{"text":"Not\u00edcias de Franca-SP","link":"https:\/\/noticiasribeiraopreto.com.br\/index.php\/category\/noticias-de-ribeirao-preto-sp-e-regiao-ismael-colosi\/noticias-franca-sp\/"},"img":{"alt_text":"","src":"https:\/\/i0.wp.com\/noticiasribeiraopreto.com.br\/wp-content\/uploads\/2025\/05\/logo.png?fit=1200%2C630&ssl=1&resize=350%2C200","width":350,"height":200,"srcset":"https:\/\/i0.wp.com\/noticiasribeiraopreto.com.br\/wp-content\/uploads\/2025\/05\/logo.png?fit=1200%2C630&ssl=1&resize=350%2C200 1x, https:\/\/i0.wp.com\/noticiasribeiraopreto.com.br\/wp-content\/uploads\/2025\/05\/logo.png?fit=1200%2C630&ssl=1&resize=525%2C300 1.5x, https:\/\/i0.wp.com\/noticiasribeiraopreto.com.br\/wp-content\/uploads\/2025\/05\/logo.png?fit=1200%2C630&ssl=1&resize=700%2C400 2x, https:\/\/i0.wp.com\/noticiasribeiraopreto.com.br\/wp-content\/uploads\/2025\/05\/logo.png?fit=1200%2C630&ssl=1&resize=1050%2C600 3x"},"classes":[]},{"id":65188,"url":"https:\/\/noticiasribeiraopreto.com.br\/index.php\/2025\/03\/17\/motoristas-causam-acidentes-seguidos-perto-da-sabesp-com-chuva-e-pista-molhada\/","url_meta":{"origin":64422,"position":3},"title":"Motoristas causam acidentes seguidos perto da Sabesp com chuva e pista molhada","author":"noticiasribeiraopreto.com.br","date":"17 de March de 2025","format":false,"excerpt":"Na avenida Dr. Fl\u00e1vio Rocha, perto da Sabesp, dois acidentes envolvendo motociclistas e carros causam lentid\u00e3o na via. As motociclistas tiveram ferimentos leves. A semana come\u00e7ou com chuva e pista molhada, fatores que exigem mais aten\u00e7\u00e3o dos condutores e em Franca acaba gerando acidentes. A cidade tem, em m\u00e9dia, 6\u2026","rel":"","context":"In &quot;Not\u00edcias de Franca-SP&quot;","block_context":{"text":"Not\u00edcias de Franca-SP","link":"https:\/\/noticiasribeiraopreto.com.br\/index.php\/category\/noticias-de-ribeirao-preto-sp-e-regiao-ismael-colosi\/noticias-franca-sp\/"},"img":{"alt_text":"","src":"https:\/\/i0.wp.com\/noticiasribeiraopreto.com.br\/wp-content\/uploads\/2025\/03\/IMG-20250317-WA0002.jpg?fit=675%2C1200&ssl=1&resize=350%2C200","width":350,"height":200,"srcset":"https:\/\/i0.wp.com\/noticiasribeiraopreto.com.br\/wp-content\/uploads\/2025\/03\/IMG-20250317-WA0002.jpg?fit=675%2C1200&ssl=1&resize=350%2C200 1x, https:\/\/i0.wp.com\/noticiasribeiraopreto.com.br\/wp-content\/uploads\/2025\/03\/IMG-20250317-WA0002.jpg?fit=675%2C1200&ssl=1&resize=525%2C300 1.5x"},"classes":[]},{"id":68567,"url":"https:\/\/noticiasribeiraopreto.com.br\/index.php\/2025\/04\/26\/jornal-da-franca-policia-rodoviaria-prepara-operacao-para-o-feriadao-do-dia-do-trabalho-em-franca\/","url_meta":{"origin":64422,"position":4},"title":"Jornal da Franca &#8211; Pol\u00edcia Rodovi\u00e1ria prepara opera\u00e7\u00e3o para o feriad\u00e3o do Dia do Trabalho em Franca","author":"noticiasribeiraopreto.com.br","date":"26 de April de 2025","format":false,"excerpt":"compartilhar no whatsapp compartilhar no telegram compartilhar no facebook compartilhar no linkedin Mais de 150.000 ve\u00edculos de ver\u00e3o s\u00e3o esperados nas rodovias estaduais de Franca A Pol\u00edcia Militar Rodovi\u00e1ria est\u00e1 preparando uma opera\u00e7\u00e3o especial para o feriad\u00e3o do Dia do Trabalho, que acontecer\u00e1 entre quinta-feira, 1\u00ba de maio, e domingo,\u2026","rel":"","context":"In &quot;Not\u00edcias de Franca-SP&quot;","block_context":{"text":"Not\u00edcias de Franca-SP","link":"https:\/\/noticiasribeiraopreto.com.br\/index.php\/category\/noticias-de-ribeirao-preto-sp-e-regiao-ismael-colosi\/noticias-franca-sp\/"},"img":{"alt_text":"","src":"https:\/\/i0.wp.com\/noticiasribeiraopreto.com.br\/wp-content\/uploads\/2025\/04\/um-monte-de-carros-estao-presos-no-transito-numa-rodovia_662214-516022.jpg?fit=740%2C493&ssl=1&resize=350%2C200","width":350,"height":200,"srcset":"https:\/\/i0.wp.com\/noticiasribeiraopreto.com.br\/wp-content\/uploads\/2025\/04\/um-monte-de-carros-estao-presos-no-transito-numa-rodovia_662214-516022.jpg?fit=740%2C493&ssl=1&resize=350%2C200 1x, https:\/\/i0.wp.com\/noticiasribeiraopreto.com.br\/wp-content\/uploads\/2025\/04\/um-monte-de-carros-estao-presos-no-transito-numa-rodovia_662214-516022.jpg?fit=740%2C493&ssl=1&resize=525%2C300 1.5x, https:\/\/i0.wp.com\/noticiasribeiraopreto.com.br\/wp-content\/uploads\/2025\/04\/um-monte-de-carros-estao-presos-no-transito-numa-rodovia_662214-516022.jpg?fit=740%2C493&ssl=1&resize=700%2C400 2x"},"classes":[]},{"id":64596,"url":"https:\/\/noticiasribeiraopreto.com.br\/index.php\/2025\/03\/10\/motociclista-alcoolizado-e-sem-cnh-perdeu-controle-e-matou-idosa-de-95-anos-na-avenida-brasil\/","url_meta":{"origin":64422,"position":5},"title":"Motociclista alcoolizado e sem CNH perdeu controle e matou idosa de 95 anos na avenida Brasil","author":"noticiasribeiraopreto.com.br","date":"10 de March de 2025","format":false,"excerpt":"A Pol\u00edcia Civil conduz investiga\u00e7\u00e3o para concluir apura\u00e7\u00e3o sobre o caso de atropelamento e morte de Maria Geralda da Silva, 95 anos. Ela foi v\u00edtima de acidente no s\u00e1bado (8), na avenida Brasil. A mulher estava em uma cadeira de rodas e era empurrada por uma outra pessoa, que \u00e9\u2026","rel":"","context":"In &quot;Not\u00edcias de Franca-SP&quot;","block_context":{"text":"Not\u00edcias de Franca-SP","link":"https:\/\/noticiasribeiraopreto.com.br\/index.php\/category\/noticias-de-ribeirao-preto-sp-e-regiao-ismael-colosi\/noticias-franca-sp\/"},"img":{"alt_text":"","src":"https:\/\/i0.wp.com\/noticiasribeiraopreto.com.br\/wp-content\/uploads\/2025\/03\/Screenshot_20250310_132255_Chrome.jpg?fit=1080%2C744&ssl=1&resize=350%2C200","width":350,"height":200,"srcset":"https:\/\/i0.wp.com\/noticiasribeiraopreto.com.br\/wp-content\/uploads\/2025\/03\/Screenshot_20250310_132255_Chrome.jpg?fit=1080%2C744&ssl=1&resize=350%2C200 1x, https:\/\/i0.wp.com\/noticiasribeiraopreto.com.br\/wp-content\/uploads\/2025\/03\/Screenshot_20250310_132255_Chrome.jpg?fit=1080%2C744&ssl=1&resize=525%2C300 1.5x, https:\/\/i0.wp.com\/noticiasribeiraopreto.com.br\/wp-content\/uploads\/2025\/03\/Screenshot_20250310_132255_Chrome.jpg?fit=1080%2C744&ssl=1&resize=700%2C400 2x, https:\/\/i0.wp.com\/noticiasribeiraopreto.com.br\/wp-content\/uploads\/2025\/03\/Screenshot_20250310_132255_Chrome.jpg?fit=1080%2C744&ssl=1&resize=1050%2C600 3x"},"classes":[]}],"jetpack_sharing_enabled":true,"jetpack_shortlink":"https:\/\/wp.me\/peQAOb-gL4","_links":{"self":[{"href":"https:\/\/noticiasribeiraopreto.com.br\/index.php\/wp-json\/wp\/v2\/posts\/64422","targetHints":{"allow":["GET"]}}],"collection":[{"href":"https:\/\/noticiasribeiraopreto.com.br\/index.php\/wp-json\/wp\/v2\/posts"}],"about":[{"href":"https:\/\/noticiasribeiraopreto.com.br\/index.php\/wp-json\/wp\/v2\/types\/post"}],"author":[{"embeddable":true,"href":"https:\/\/noticiasribeiraopreto.com.br\/index.php\/wp-json\/wp\/v2\/users\/1"}],"replies":[{"embeddable":true,"href":"https:\/\/noticiasribeiraopreto.com.br\/index.php\/wp-json\/wp\/v2\/comments?post=64422"}],"version-history":[{"count":0,"href":"https:\/\/noticiasribeiraopreto.com.br\/index.php\/wp-json\/wp\/v2\/posts\/64422\/revisions"}],"wp:featuredmedia":[{"embeddable":true,"href":"https:\/\/noticiasribeiraopreto.com.br\/index.php\/wp-json\/wp\/v2\/media\/64423"}],"wp:attachment":[{"href":"https:\/\/noticiasribeiraopreto.com.br\/index.php\/wp-json\/wp\/v2\/media?parent=64422"}],"wp:term":[{"taxonomy":"category","embeddable":true,"href":"https:\/\/noticiasribeiraopreto.com.br\/index.php\/wp-json\/wp\/v2\/categories?post=64422"},{"taxonomy":"post_tag","embeddable":true,"href":"https:\/\/noticiasribeiraopreto.com.br\/index.php\/wp-json\/wp\/v2\/tags?post=64422"}],"curies":[{"name":"wp","href":"https:\/\/api.w.org\/{rel}","templated":true}]}}