{"id":64426,"date":"2025-03-08T01:43:21","date_gmt":"2025-03-08T04:43:21","guid":{"rendered":"https:\/\/noticiasribeiraopreto.com.br\/index.php\/2025\/03\/08\/conclusao-das-obras-do-iml-e-ic-de-franca-estao-previstas-para-o-segundo-semestre\/"},"modified":"2025-03-08T01:43:21","modified_gmt":"2025-03-08T04:43:21","slug":"conclusao-das-obras-do-iml-e-ic-de-franca-estao-previstas-para-o-segundo-semestre","status":"publish","type":"post","link":"https:\/\/noticiasribeiraopreto.com.br\/index.php\/2025\/03\/08\/conclusao-das-obras-do-iml-e-ic-de-franca-estao-previstas-para-o-segundo-semestre\/","title":{"rendered":"Conclus\u00e3o das obras do IML e IC de Franca est\u00e3o previstas para o segundo semestre"},"content":{"rendered":"<p> <br \/>\n<\/p>\n<div>\n<p>Um investimento de mais de R$ 12 milh\u00f5es vai transformar as unidades do Instituto M\u00e9dico Legal (IML) e do Instituto de Criminal\u00edstica (IC) de Franca em refer\u00eancias no Estado de S\u00e3o Paulo. A previs\u00e3o \u00e9 que as obras sejam conclu\u00eddas no segundo semestre de 2025. Essas unidades tem import\u00e2ncia para a gera\u00e7\u00e3o de provas materiais para os mais diferentes tipos de crimes e acidentes, principalmente para garantir an\u00e1lise judicial de atribui\u00e7\u00e3o de responsabilidade.<\/p>\n<p>O andamento das obras foi divulgado pela deputada estadual, eleita com base eleitoral em Franca, Delegada Graciela (PL). A parlamentar da Assembleia Legislativa de S\u00e3o Paulo (Alesp) apontou que atuou para libera\u00e7\u00e3o de recursos do governo estadual.<\/p>\n<p>A deputada se reuniu na Assembleia Legislativa de S\u00e3o Paulo (Alesp) com Giovanni Chiarello, diretor division\u00e1rio do Centro de Per\u00edcias do IML, que confirmou o avan\u00e7o das obras. \u201cEstamos aguardando a finaliza\u00e7\u00e3o da parte el\u00e9trica do pr\u00e9dio e outras quest\u00f5es relacionadas \u00e0 Vigil\u00e2ncia Sanit\u00e1ria da Prefeitura, al\u00e9m de alvar\u00e1s e autoriza\u00e7\u00f5es dos Bombeiros (AVCB)\u201d, explicou Chiarello. Ele tamb\u00e9m anunciou que a nova unidade do IML\/IC de Franca deve ser entregue em junho de 2025.<\/p>\n<p>A reforma permitir\u00e1 uma moderniza\u00e7\u00e3o completa da estrutura, ampliando a capacidade de atendimento para Franca e regi\u00e3o.<\/p>\n<p>\u201cEsse investimento representa um grande avan\u00e7o na \u00e1rea pericial, garantindo que o IML e o IC estejam preparados para atender todas as demandas da Pol\u00edcia Cient\u00edfica\u201d, destacou Chiarello. Ele ressaltou que a obra segue a nova pol\u00edtica de integra\u00e7\u00e3o entre as equipes do IML e do IC, promovendo um trabalho conjunto no campo pericial. \u201cEssa unidade ser\u00e1 uma das pioneiras no Estado nesse modelo de unifica\u00e7\u00e3o\u201d, acrescentou.<\/p>\n<p>Com a moderniza\u00e7\u00e3o da estrutura e a instala\u00e7\u00e3o de equipamentos de \u00faltima gera\u00e7\u00e3o, o governo estadual estuda a centraliza\u00e7\u00e3o das per\u00edcias em Franca para aumentar a agilidade nos atendimentos e aprimorar o retorno \u00e0 sociedade.<\/p>\n<p><img data-recalc-dims=\"1\" loading=\"lazy\" decoding=\"async\" class=\"alignnone size-full wp-image-35948\" src=\"https:\/\/i0.wp.com\/www.f3noticias.com.br\/wp-content\/uploads\/2025\/03\/001Deputada-Graciela_Giovanni-Chiarello-11-scaled.jpeg?resize=2560%2C1920&#038;ssl=1\" alt=\"\" width=\"2560\" height=\"1920\" srcset=\"https:\/\/www.f3noticias.com.br\/wp-content\/uploads\/2025\/03\/001Deputada-Graciela_Giovanni-Chiarello-11-scaled.jpeg 2560w, https:\/\/www.f3noticias.com.br\/wp-content\/uploads\/2025\/03\/001Deputada-Graciela_Giovanni-Chiarello-11-300x225.jpeg 300w, https:\/\/www.f3noticias.com.br\/wp-content\/uploads\/2025\/03\/001Deputada-Graciela_Giovanni-Chiarello-11-1024x768.jpeg 1024w, https:\/\/www.f3noticias.com.br\/wp-content\/uploads\/2025\/03\/001Deputada-Graciela_Giovanni-Chiarello-11-768x576.jpeg 768w, https:\/\/www.f3noticias.com.br\/wp-content\/uploads\/2025\/03\/001Deputada-Graciela_Giovanni-Chiarello-11-1536x1152.jpeg 1536w, https:\/\/www.f3noticias.com.br\/wp-content\/uploads\/2025\/03\/001Deputada-Graciela_Giovanni-Chiarello-11-2048x1536.jpeg 2048w, https:\/\/www.f3noticias.com.br\/wp-content\/uploads\/2025\/03\/001Deputada-Graciela_Giovanni-Chiarello-11-750x563.jpeg 750w, https:\/\/www.f3noticias.com.br\/wp-content\/uploads\/2025\/03\/001Deputada-Graciela_Giovanni-Chiarello-11-1140x855.jpeg 1140w\" sizes=\"auto, (max-width: 2560px) 100vw, 2560px\"\/><\/p>\n<p>\u201cO trabalho realizado pela Pol\u00edcia Cient\u00edfica em Franca \u00e9 essencial para o esclarecimento de crimes, al\u00e9m de laudos em casos de estupro e viol\u00eancia dom\u00e9stica. Os profissionais merecem uma infraestrutura adequada para continuar prestando servi\u00e7os fundamentais \u00e0 popula\u00e7\u00e3o\u201d, afirmou a deputada.<\/p>\n<p>As unidades do IML e o IC de Franca est\u00e3o em espa\u00e7os provis\u00f3rios, mas realizam cerca de dez mil atendimentos por ano, incluindo exames de agress\u00e3o, abusos sexuais, necropsias e per\u00edcias diversas.<\/p>\n<p>Leia tamb\u00e9m:<\/p>\n<blockquote class=\"wp-embedded-content\" data-secret=\"4GXLA67CGI\">\n<p><a href=\"https:\/\/www.f3noticias.com.br\/governo-de-sp-faz-parceria-para-oferecer-transporte-seguro-as-mulheres-vitimas-de-violencia-servico-ainda-nao-cobre-interior\/\">Governo de SP faz parceria para oferecer transporte seguro \u00e0s mulheres v\u00edtimas de viol\u00eancia; servi\u00e7o ainda n\u00e3o cobre interior<\/a><\/p>\n<\/blockquote>\n<p><iframe loading=\"lazy\" class=\"wp-embedded-content\" sandbox=\"allow-scripts\" security=\"restricted\" style=\"position: absolute; clip: rect(1px, 1px, 1px, 1px);\" title=\"\u201cGoverno de SP faz parceria para oferecer transporte seguro \u00e0s mulheres v\u00edtimas de viol\u00eancia; servi\u00e7o ainda n\u00e3o cobre interior\u201d \u2014 F3 Not\u00edcias\" src=\"https:\/\/www.f3noticias.com.br\/governo-de-sp-faz-parceria-para-oferecer-transporte-seguro-as-mulheres-vitimas-de-violencia-servico-ainda-nao-cobre-interior\/embed\/#?secret=3TngnM9mcN#?secret=4GXLA67CGI\" data-secret=\"4GXLA67CGI\" width=\"500\" height=\"282\" frameborder=\"0\" marginwidth=\"0\" marginheight=\"0\" scrolling=\"no\"><\/iframe><\/p>\n<p><!-- CONTENT END 1 --><\/p><\/div>\n<p><br \/>\n<br \/><a href=\"https:\/\/www.f3noticias.com.br\/conclusao-das-obras-do-iml-e-ic-de-franca-estao-previstas-para-o-segundo-semestre\/\">Source link <\/a><\/p>\n","protected":false},"excerpt":{"rendered":"<p>Um investimento de mais de R$ 12 milh\u00f5es vai transformar as unidades do Instituto M\u00e9dico Legal (IML) e do Instituto de Criminal\u00edstica (IC) de Franca&#8230;<\/p>\n","protected":false},"author":1,"featured_media":64427,"comment_status":"open","ping_status":"open","sticky":false,"template":"","format":"standard","meta":{"advanced_seo_description":"","jetpack_seo_html_title":"","jetpack_seo_noindex":false,"jetpack_post_was_ever_published":false,"_jetpack_newsletter_access":"","_jetpack_dont_email_post_to_subs":false,"_jetpack_newsletter_tier_id":0,"_jetpack_memberships_contains_paywalled_content":false,"_jetpack_memberships_contains_paid_content":false,"footnotes":"","jetpack_publicize_message":"","jetpack_publicize_feature_enabled":true,"jetpack_social_post_already_shared":true,"jetpack_social_options":{"image_generator_settings":{"template":"highway","default_image_id":0,"font":"","enabled":false},"version":2}},"categories":[3597],"tags":[],"class_list":["post-64426","post","type-post","status-publish","format-standard","has-post-thumbnail","hentry","category-noticias-franca-sp"],"jetpack_publicize_connections":[],"jetpack_featured_media_url":"https:\/\/i0.wp.com\/noticiasribeiraopreto.com.br\/wp-content\/uploads\/2025\/03\/iml_franca.jpg?fit=600%2C404&ssl=1","jetpack-related-posts":[{"id":64367,"url":"https:\/\/noticiasribeiraopreto.com.br\/index.php\/2025\/03\/07\/jornal-da-franca-conclusao-das-obras-do-iml-e-ic-de-franca-estao-previstas-para-o-segundo-semestre\/","url_meta":{"origin":64426,"position":0},"title":"Jornal da Franca &#8211; Conclus\u00e3o das obras do IML e IC de Franca est\u00e3o previstas para o segundo semestre","author":"noticiasribeiraopreto.com.br","date":"7 de March de 2025","format":false,"excerpt":"compartilhar no whatsapp compartilhar no telegram compartilhar no facebook compartilhar no linkedin Empreendimento revitalizado \u00e9 um trabalho de seis anos que a deputada estadual Delegada Graciela (PL) realiza pela regi\u00e3o de Franca Giovanni Chiarello, do Centro de Per\u00edcias do IML, explica o andamento da obra para a deputada Graciela Um\u2026","rel":"","context":"In &quot;Not\u00edcias de Franca-SP&quot;","block_context":{"text":"Not\u00edcias de Franca-SP","link":"https:\/\/noticiasribeiraopreto.com.br\/index.php\/category\/noticias-de-ribeirao-preto-sp-e-regiao-ismael-colosi\/noticias-franca-sp\/"},"img":{"alt_text":"","src":"https:\/\/i0.wp.com\/noticiasribeiraopreto.com.br\/wp-content\/uploads\/2025\/03\/9dfd843b-15a6-4a6a-82cd-d11e3a71baba.jpg?fit=1200%2C900&ssl=1&resize=350%2C200","width":350,"height":200,"srcset":"https:\/\/i0.wp.com\/noticiasribeiraopreto.com.br\/wp-content\/uploads\/2025\/03\/9dfd843b-15a6-4a6a-82cd-d11e3a71baba.jpg?fit=1200%2C900&ssl=1&resize=350%2C200 1x, https:\/\/i0.wp.com\/noticiasribeiraopreto.com.br\/wp-content\/uploads\/2025\/03\/9dfd843b-15a6-4a6a-82cd-d11e3a71baba.jpg?fit=1200%2C900&ssl=1&resize=525%2C300 1.5x, https:\/\/i0.wp.com\/noticiasribeiraopreto.com.br\/wp-content\/uploads\/2025\/03\/9dfd843b-15a6-4a6a-82cd-d11e3a71baba.jpg?fit=1200%2C900&ssl=1&resize=700%2C400 2x, https:\/\/i0.wp.com\/noticiasribeiraopreto.com.br\/wp-content\/uploads\/2025\/03\/9dfd843b-15a6-4a6a-82cd-d11e3a71baba.jpg?fit=1200%2C900&ssl=1&resize=1050%2C600 3x"},"classes":[]},{"id":66038,"url":"https:\/\/noticiasribeiraopreto.com.br\/index.php\/2025\/03\/27\/policia-civil-vai-a-alesp-para-discutir-mudancas-em-lei-polemica-sugerida-pelo-governo-estadual\/","url_meta":{"origin":64426,"position":1},"title":"Pol\u00edcia Civil vai \u00e0 Alesp para discutir mudan\u00e7as em lei pol\u00eamica sugerida pelo governo estadual","author":"noticiasribeiraopreto.com.br","date":"27 de March de 2025","format":false,"excerpt":"A moderniza\u00e7\u00e3o da Lei Org\u00e2nica da Pol\u00edcia Civil de S\u00e3o Paulo foi tema de reuni\u00e3o entre policiais e deputados da bancada do PL na Assembleia Legislativa (Alesp), nesta ter\u00e7a-feira. Com as mudan\u00e7as propostas pelo governador Tarc\u00edsio de Freitas (Republicanos), entidades da Pol\u00edcia Civil criticaram as altera\u00e7\u00f5es, principalmente porque um militar\u2026","rel":"","context":"In &quot;Not\u00edcias de Franca-SP&quot;","block_context":{"text":"Not\u00edcias de Franca-SP","link":"https:\/\/noticiasribeiraopreto.com.br\/index.php\/category\/noticias-de-ribeirao-preto-sp-e-regiao-ismael-colosi\/noticias-franca-sp\/"},"img":{"alt_text":"","src":"https:\/\/i0.wp.com\/noticiasribeiraopreto.com.br\/wp-content\/uploads\/2025\/03\/IMG-20250327-WA0024-scaled.jpg?fit=1200%2C900&ssl=1&resize=350%2C200","width":350,"height":200,"srcset":"https:\/\/i0.wp.com\/noticiasribeiraopreto.com.br\/wp-content\/uploads\/2025\/03\/IMG-20250327-WA0024-scaled.jpg?fit=1200%2C900&ssl=1&resize=350%2C200 1x, https:\/\/i0.wp.com\/noticiasribeiraopreto.com.br\/wp-content\/uploads\/2025\/03\/IMG-20250327-WA0024-scaled.jpg?fit=1200%2C900&ssl=1&resize=525%2C300 1.5x, https:\/\/i0.wp.com\/noticiasribeiraopreto.com.br\/wp-content\/uploads\/2025\/03\/IMG-20250327-WA0024-scaled.jpg?fit=1200%2C900&ssl=1&resize=700%2C400 2x, https:\/\/i0.wp.com\/noticiasribeiraopreto.com.br\/wp-content\/uploads\/2025\/03\/IMG-20250327-WA0024-scaled.jpg?fit=1200%2C900&ssl=1&resize=1050%2C600 3x"},"classes":[]},{"id":64347,"url":"https:\/\/noticiasribeiraopreto.com.br\/index.php\/2025\/03\/07\/deputada-estadual-delegada-graciela-destina-r-11-milhao-para-6-emendas-em-franca-veja-quais-sao\/","url_meta":{"origin":64426,"position":2},"title":"Deputada estadual Delegada Graciela destina R$ 1,1 milh\u00e3o para 6 emendas em Franca; veja quais s\u00e3o","author":"noticiasribeiraopreto.com.br","date":"7 de March de 2025","format":false,"excerpt":"As emendas impositivas inclu\u00eddas para o or\u00e7amento de 2025 do governo do Estado de S\u00e3o Paulo tem reservado para Franca, pela deputada estadual Delegada Graciela (PL), o total de R$ 1.100.278,00. Para 2025, o valor total das emendas impositivas que a deputada tem dispon\u00edvel \u00e9 de R$\u00a0 soma R$ 12.016.278,00,\u2026","rel":"","context":"In &quot;Not\u00edcias de Franca-SP&quot;","block_context":{"text":"Not\u00edcias de Franca-SP","link":"https:\/\/noticiasribeiraopreto.com.br\/index.php\/category\/noticias-de-ribeirao-preto-sp-e-regiao-ismael-colosi\/noticias-franca-sp\/"},"img":{"alt_text":"","src":"https:\/\/i0.wp.com\/noticiasribeiraopreto.com.br\/wp-content\/uploads\/2025\/03\/pastoral-do-menor.jpeg?fit=846%2C474&ssl=1&resize=350%2C200","width":350,"height":200,"srcset":"https:\/\/i0.wp.com\/noticiasribeiraopreto.com.br\/wp-content\/uploads\/2025\/03\/pastoral-do-menor.jpeg?fit=846%2C474&ssl=1&resize=350%2C200 1x, https:\/\/i0.wp.com\/noticiasribeiraopreto.com.br\/wp-content\/uploads\/2025\/03\/pastoral-do-menor.jpeg?fit=846%2C474&ssl=1&resize=525%2C300 1.5x, https:\/\/i0.wp.com\/noticiasribeiraopreto.com.br\/wp-content\/uploads\/2025\/03\/pastoral-do-menor.jpeg?fit=846%2C474&ssl=1&resize=700%2C400 2x"},"classes":[]},{"id":70695,"url":"https:\/\/noticiasribeiraopreto.com.br\/index.php\/2025\/05\/29\/jornal-da-franca-projeto-de-cortez-que-garante-mais-acessibilidade-a-alunos-pcds-e-aprovado-na-alesp\/","url_meta":{"origin":64426,"position":3},"title":"Jornal da Franca &#8211; Projeto de Cortez que garante mais acessibilidade a alunos PCDs \u00e9 aprovado na Alesp","author":"noticiasribeiraopreto.com.br","date":"29 de May de 2025","format":false,"excerpt":"compartilhar no whatsapp compartilhar no telegram compartilhar no facebook compartilhar no linkedin Agora a expectativa dos autores \u00e9 para que o projeto aprovado vire lei e comece a mudar a realidade dos estudantes O deputado francano, Guilherme Cortez, e a deputada Andr\u00e9a Werner, autores do projeto de lei Foi aprovado\u2026","rel":"","context":"In &quot;Not\u00edcias de Franca-SP&quot;","block_context":{"text":"Not\u00edcias de Franca-SP","link":"https:\/\/noticiasribeiraopreto.com.br\/index.php\/category\/noticias-de-ribeirao-preto-sp-e-regiao-ismael-colosi\/noticias-franca-sp\/"},"img":{"alt_text":"","src":"https:\/\/i0.wp.com\/noticiasribeiraopreto.com.br\/wp-content\/uploads\/2025\/05\/essa-34.jpg?fit=1170%2C717&ssl=1&resize=350%2C200","width":350,"height":200,"srcset":"https:\/\/i0.wp.com\/noticiasribeiraopreto.com.br\/wp-content\/uploads\/2025\/05\/essa-34.jpg?fit=1170%2C717&ssl=1&resize=350%2C200 1x, https:\/\/i0.wp.com\/noticiasribeiraopreto.com.br\/wp-content\/uploads\/2025\/05\/essa-34.jpg?fit=1170%2C717&ssl=1&resize=525%2C300 1.5x, https:\/\/i0.wp.com\/noticiasribeiraopreto.com.br\/wp-content\/uploads\/2025\/05\/essa-34.jpg?fit=1170%2C717&ssl=1&resize=700%2C400 2x, https:\/\/i0.wp.com\/noticiasribeiraopreto.com.br\/wp-content\/uploads\/2025\/05\/essa-34.jpg?fit=1170%2C717&ssl=1&resize=1050%2C600 3x"},"classes":[]},{"id":67351,"url":"https:\/\/noticiasribeiraopreto.com.br\/index.php\/2025\/04\/13\/jornal-da-franca-franca-e-a-primeira-cidade-do-estado-de-sp-a-receber-sinal-hd-da-rede-alesp\/","url_meta":{"origin":64426,"position":4},"title":"Jornal da Franca &#8211; Franca \u00e9 a primeira cidade do Estado de SP a receber sinal HD da Rede Alesp","author":"noticiasribeiraopreto.com.br","date":"13 de April de 2025","format":false,"excerpt":"compartilhar no whatsapp compartilhar no telegram compartilhar no facebook compartilhar no linkedin Presidente da C\u00e2mara, Daniel Bassi, afirma que francanos ter\u00e3o melhor qualidade de imagem e som A cidade de Franca \u00e9 novamente pioneira e se tornou a primeira do estado a receber o sinal HD da Rede Alesp, proporcionando\u2026","rel":"","context":"In &quot;Not\u00edcias de Franca-SP&quot;","block_context":{"text":"Not\u00edcias de Franca-SP","link":"https:\/\/noticiasribeiraopreto.com.br\/index.php\/category\/noticias-de-ribeirao-preto-sp-e-regiao-ismael-colosi\/noticias-franca-sp\/"},"img":{"alt_text":"","src":"https:\/\/i0.wp.com\/noticiasribeiraopreto.com.br\/wp-content\/uploads\/2025\/04\/bassi0407.jpg?fit=930%2C558&ssl=1&resize=350%2C200","width":350,"height":200,"srcset":"https:\/\/i0.wp.com\/noticiasribeiraopreto.com.br\/wp-content\/uploads\/2025\/04\/bassi0407.jpg?fit=930%2C558&ssl=1&resize=350%2C200 1x, https:\/\/i0.wp.com\/noticiasribeiraopreto.com.br\/wp-content\/uploads\/2025\/04\/bassi0407.jpg?fit=930%2C558&ssl=1&resize=525%2C300 1.5x, https:\/\/i0.wp.com\/noticiasribeiraopreto.com.br\/wp-content\/uploads\/2025\/04\/bassi0407.jpg?fit=930%2C558&ssl=1&resize=700%2C400 2x"},"classes":[]},{"id":65051,"url":"https:\/\/noticiasribeiraopreto.com.br\/index.php\/2025\/03\/15\/reuniao-em-sao-paulo-tenta-cobrar-agilidade-para-obras-em-pontes-de-sao-joaquim-da-barra-e-rifaina\/","url_meta":{"origin":64426,"position":5},"title":"Reuni\u00e3o em S\u00e3o Paulo tenta cobrar agilidade para obras em pontes de S\u00e3o Joaquim da Barra e Rifaina","author":"noticiasribeiraopreto.com.br","date":"15 de March de 2025","format":false,"excerpt":"Os graves problemas e a necessidade de obras em pontes na rodovia Prefeito F\u00e1bio Talarico e C\u00e2ndido Portinari gerou mobiliza\u00e7\u00e3o da regi\u00e3o no governo do Estado. Uma reuni\u00e3o em S\u00e3o Paulo mobilizou integrantes da Secretaria de Estado de Meio Ambiente, Infraestrutura e Log\u00edstica (Semil), prefeitos e vereadores de 11 munic\u00edpios\u2026","rel":"","context":"In &quot;Not\u00edcias de Franca-SP&quot;","block_context":{"text":"Not\u00edcias de Franca-SP","link":"https:\/\/noticiasribeiraopreto.com.br\/index.php\/category\/noticias-de-ribeirao-preto-sp-e-regiao-ismael-colosi\/noticias-franca-sp\/"},"img":{"alt_text":"","src":"https:\/\/i0.wp.com\/noticiasribeiraopreto.com.br\/wp-content\/uploads\/2025\/03\/ponte-na-Fabio-Talarico-1-9.jpeg?fit=1200%2C900&ssl=1&resize=350%2C200","width":350,"height":200,"srcset":"https:\/\/i0.wp.com\/noticiasribeiraopreto.com.br\/wp-content\/uploads\/2025\/03\/ponte-na-Fabio-Talarico-1-9.jpeg?fit=1200%2C900&ssl=1&resize=350%2C200 1x, https:\/\/i0.wp.com\/noticiasribeiraopreto.com.br\/wp-content\/uploads\/2025\/03\/ponte-na-Fabio-Talarico-1-9.jpeg?fit=1200%2C900&ssl=1&resize=525%2C300 1.5x, https:\/\/i0.wp.com\/noticiasribeiraopreto.com.br\/wp-content\/uploads\/2025\/03\/ponte-na-Fabio-Talarico-1-9.jpeg?fit=1200%2C900&ssl=1&resize=700%2C400 2x, https:\/\/i0.wp.com\/noticiasribeiraopreto.com.br\/wp-content\/uploads\/2025\/03\/ponte-na-Fabio-Talarico-1-9.jpeg?fit=1200%2C900&ssl=1&resize=1050%2C600 3x"},"classes":[]}],"jetpack_sharing_enabled":true,"jetpack_shortlink":"https:\/\/wp.me\/peQAOb-gL8","_links":{"self":[{"href":"https:\/\/noticiasribeiraopreto.com.br\/index.php\/wp-json\/wp\/v2\/posts\/64426","targetHints":{"allow":["GET"]}}],"collection":[{"href":"https:\/\/noticiasribeiraopreto.com.br\/index.php\/wp-json\/wp\/v2\/posts"}],"about":[{"href":"https:\/\/noticiasribeiraopreto.com.br\/index.php\/wp-json\/wp\/v2\/types\/post"}],"author":[{"embeddable":true,"href":"https:\/\/noticiasribeiraopreto.com.br\/index.php\/wp-json\/wp\/v2\/users\/1"}],"replies":[{"embeddable":true,"href":"https:\/\/noticiasribeiraopreto.com.br\/index.php\/wp-json\/wp\/v2\/comments?post=64426"}],"version-history":[{"count":0,"href":"https:\/\/noticiasribeiraopreto.com.br\/index.php\/wp-json\/wp\/v2\/posts\/64426\/revisions"}],"wp:featuredmedia":[{"embeddable":true,"href":"https:\/\/noticiasribeiraopreto.com.br\/index.php\/wp-json\/wp\/v2\/media\/64427"}],"wp:attachment":[{"href":"https:\/\/noticiasribeiraopreto.com.br\/index.php\/wp-json\/wp\/v2\/media?parent=64426"}],"wp:term":[{"taxonomy":"category","embeddable":true,"href":"https:\/\/noticiasribeiraopreto.com.br\/index.php\/wp-json\/wp\/v2\/categories?post=64426"},{"taxonomy":"post_tag","embeddable":true,"href":"https:\/\/noticiasribeiraopreto.com.br\/index.php\/wp-json\/wp\/v2\/tags?post=64426"}],"curies":[{"name":"wp","href":"https:\/\/api.w.org\/{rel}","templated":true}]}}