{"id":64428,"date":"2025-03-08T02:50:28","date_gmt":"2025-03-08T05:50:28","guid":{"rendered":"https:\/\/noticiasribeiraopreto.com.br\/index.php\/2025\/03\/08\/jornal-da-franca-fotos-de-casamento-retratos-classicos-e-inteligencia-artificial-lideram-tendencias\/"},"modified":"2025-03-08T02:50:28","modified_gmt":"2025-03-08T05:50:28","slug":"jornal-da-franca-fotos-de-casamento-retratos-classicos-e-inteligencia-artificial-lideram-tendencias","status":"publish","type":"post","link":"https:\/\/noticiasribeiraopreto.com.br\/index.php\/2025\/03\/08\/jornal-da-franca-fotos-de-casamento-retratos-classicos-e-inteligencia-artificial-lideram-tendencias\/","title":{"rendered":"Jornal da Franca &#8211; Fotos de casamento: retratos cl\u00e1ssicos e intelig\u00eancia artificial lideram tend\u00eancias"},"content":{"rendered":"<div class='code-block code-block-1' style='margin: 8px 0 8px auto; text-align: right; display: block; clear: both;'>\n<p><a href=\"https:\/\/wa.link\/vpicfd\"><img data-recalc-dims=\"1\" class=\"wp-image-4922\" style=\"aspect-ratio: 2.0253164556962027; width: 561px; height: auto;\" src=\"https:\/\/i0.wp.com\/ismaelcolosi.com.br\/wp-content\/uploads\/2023\/11\/grupo-de-empregos-whatsapp-e-facebook-ismael-colosi-vagas.jpg?ssl=1\" alt=\"\" \/><\/a><\/p>\n<!-- \/wp:image -->\n<\/div>\n<p> <br \/>\n<\/p>\n<div>\n<p>Os casais de hoje querem ter acesso \u00e0s suas fotos o mais r\u00e1pido poss\u00edvel e n\u00e3o est\u00e3o dispostos a esperar semanas ou meses.<\/p>\n<\/p><\/div>\n<p>Uma pesquisa realizada pela <strong><a href=\"https:\/\/aftershoot.co\/brazil\" target=\"_blank\" rel=\"noopener noreferrer\">Aftershoot<\/a>,<\/strong> plataforma criada para simplificar o fluxo de trabalho dos fot\u00f3grafos, revela quais s\u00e3o as principais tend\u00eancias de fotos para quem vai se casar em 2025.<\/p>\n<div>\n<p>O uso do flash direto para dar mais brilho aos noivos, a valoriza\u00e7\u00e3o das cores da festa e os retratos cl\u00e1ssicos, que remetem a fotos atemporais, s\u00e3o algumas das tend\u00eancias que est\u00e3o em alta no setor, segundo fot\u00f3grafos brasileiros e internacionais especializados em casamentos, que foram entrevistados pela Aftershoot.<\/p>\n<p>A intelig\u00eancia artificial tamb\u00e9m vem conquistando espa\u00e7o na \u00e1rea da fotografia, auxiliando na sele\u00e7\u00e3o e na edi\u00e7\u00e3o das imagens. Com essa tecnologia, os profissionais aceleram a entrega das fotos e surpreendem positivamente os clientes.<\/p>\n<p>Confira a lista completa das novidades que prometem tornar os casamentos em 2025 inesquec\u00edveis:<\/p>\n<p><strong>1. Uso do flash direto<\/strong><\/p>\n<p>Historicamente, muitos fot\u00f3grafos evitavam o uso do flash direto, associando-o a uma ilumina\u00e7\u00e3o intensa demais ou a erros de iniciantes. No entanto, a abordagem de 2025 transforma essa concep\u00e7\u00e3o e decide explorar as qualidades \u00fanicas dessa t\u00e9cnica.<\/p>\n<p>Essa tend\u00eancia permite capturar momentos espont\u00e2neos com um toque editorial impactante, independente do ambiente. Para Alexandra e Andrei <strong>\u201c<a href=\"https:\/\/www.instagram.com\/themezzinoi\/\" target=\"_blank\" rel=\"noopener noreferrer\">TheMezzinoi<\/a><\/strong>\u201c, fot\u00f3grafos de moda e casamentos que atuam na Fran\u00e7a, It\u00e1lia e outros pa\u00edses, \u201co que antes era visto como uma limita\u00e7\u00e3o agora \u00e9 reconhecido como um diferencial.\u201d<\/p>\n<p><strong>2. A volta dos retratos cl\u00e1ssicos\u00a0<\/strong><\/p>\n<p>Mesmo com casamentos cada vez mais despojados e desconstru\u00eddos, os retratos cl\u00e1ssicos continuam atrativos. A demanda por fotos bem executadas, que capturam a ess\u00eancia dos noivos, segue em alta.<\/p>\n<p><strong><a href=\"https:\/\/www.instagram.com\/lucaslermenfotografia\" target=\"_blank\" rel=\"noopener noreferrer\">Lucas Lermen<\/a>,<\/strong> fot\u00f3grafo de casamentos de terceira gera\u00e7\u00e3o no Brasil, destaca que esses retratos remetem \u00e0s imagens atemporais que nossos pais e av\u00f3s valorizam, agora aprimoradas com t\u00e9cnicas mais sofisticadas para capturar momentos naturais e espont\u00e2neos \u2013 mesmo nas fotos posadas.<\/p>\n<p><strong>3. Valoriza\u00e7\u00e3o das cores\u00a0<\/strong><\/p>\n<p>Uma das principais tend\u00eancias de 2025 \u00e9 a valoriza\u00e7\u00e3o das cores aut\u00eanticas e vibrantes, que preservam a hist\u00f3ria real do casamento. Em vez de filtros exagerados ou edi\u00e7\u00f5es sem satura\u00e7\u00e3o, fot\u00f3grafos est\u00e3o priorizando tons naturais e realistas, que refletem a ess\u00eancia do momento.<\/p>\n<p>\u201cEssa abordagem n\u00e3o apenas ressalta a emo\u00e7\u00e3o genu\u00edna do dia, mas tamb\u00e9m intensifica a sensa\u00e7\u00e3o de imers\u00e3o, transportando o casal e os convidados de volta ao grande dia\u201d, afirma\u00a0<strong><a href=\"https:\/\/www.instagram.com\/juniorbarreto.fotografia\/\" target=\"_blank\" rel=\"noopener noreferrer\">Junior Barreto<\/a><\/strong>, fot\u00f3grafo brasileiro especializado em casamentos.<\/p>\n<p><strong>4. Noite com fotos rom\u00e2nticas ao ar livre\u00a0\u00a0<\/strong><\/p>\n<p>Enquanto os convidados se divertem durante \u00e0 noite na pista de dan\u00e7a, um respiro para o casal ao ar livre pode criar um clima ideal para fotos rom\u00e2nticas, com um pouco mais de intimidade.<\/p>\n<p>Para\u00a0<strong><a href=\"https:\/\/www.instagram.com\/sayaphotography\" target=\"_blank\" rel=\"noopener noreferrer\">Saya Chontag<\/a><\/strong>, fot\u00f3grafa de casamentos em destinos internacionais, que divide seu tempo entre Paris e \u00c1sia, essa tend\u00eancia est\u00e1 ganhando for\u00e7a e traz um toque de encanto extra aos registros dos casamentos.<\/p>\n<p><strong>5. Desfoque intencional para captura de emo\u00e7\u00f5es<\/strong><\/p>\n<p>\u201cO\u00a0<em>blur<\/em>\u00a0de movimento n\u00e3o \u00e9 mais um erro \u2013 consideramos uma escolha art\u00edstica intencional que adiciona dinamismo e emo\u00e7\u00e3o \u00e0 fotografia de casamento\u201d, explicam\u00a0<strong><a href=\"https:\/\/federicaariemma.com\/\" target=\"_blank\" rel=\"noopener noreferrer\">Federica Ariemma<\/a><\/strong>\u00a0e\u00a0<strong><a href=\"https:\/\/www.instagram.com\/matteolomontephotography\/\" target=\"_blank\" rel=\"noopener noreferrer\">Matte Lomonte<\/a><\/strong>, fot\u00f3grafos internacionalmente renomados e baseados em Puglia, na It\u00e1lia.<\/p>\n<p><strong>6. Intelig\u00eancia Artificial acelera entrega das fotos<\/strong><\/p>\n<p>Os casais de hoje querem ter acesso \u00e0s suas fotos o mais r\u00e1pido poss\u00edvel e n\u00e3o est\u00e3o dispostos a esperar meses. Ferramentas de intelig\u00eancia artificial ajudam os fot\u00f3grafos a atender essa demanda.<\/p>\n<p>\u201cA IA est\u00e1 revolucionando a fotografia de casamento, simplificando o fluxo de trabalho sem comprometer a ess\u00eancia art\u00edstica. Com ferramentas como a Aftershoot, conseguimos entregar imagens impec\u00e1veis em menos tempo, proporcionando um servi\u00e7o mais r\u00e1pido e personalizado para os casais\u201d, destaca\u00a0<strong><a href=\"https:\/\/www.instagram.com\/juniorbarreto.fotografia\/\" target=\"_blank\" rel=\"noopener noreferrer\">Junior Barreto<\/a>.<\/strong><\/p>\n<p><strong>7. O casamento como uma obra de arte editorial<\/strong><\/p>\n<p>Com experi\u00eancia na fotografia de moda,\u00a0<strong><a href=\"https:\/\/www.instagram.com\/sayaphotography\" target=\"_blank\" rel=\"noopener noreferrer\">Saya Chontag<\/a><\/strong>\u00a0sempre sonhou em ver os casais escolherem um estilo editorial para seus casamentos. Em 2025, a criatividade estar\u00e1 no centro das celebra\u00e7\u00f5es e ir\u00e1 trazer a sofistica\u00e7\u00e3o das revistas de luxo para os \u00e1lbuns de casamento.<\/p>\n<p>\u201cPara ajudar meus casais a alcan\u00e7ar esse visual, trabalho em conjunto na cria\u00e7\u00e3o de um painel de inspira\u00e7\u00e3o que reflete sua personalidade e estilo. Desde poses marcantes e styling exclusivo, at\u00e9 ilumina\u00e7\u00e3o dram\u00e1tica e detalhes minuciosamente escolhidos, constru\u00edmos uma narrativa visual que transforma o casamento em uma hist\u00f3ria digna de capa de revista\u201d, explica\u00a0<strong><a href=\"https:\/\/www.instagram.com\/sayaphotography\" target=\"_blank\" rel=\"noopener noreferrer\">Saya Chontag<\/a>.<\/strong><\/p>\n<p><strong>Sobre o Aftershoot<\/strong><\/p>\n<p><img data-recalc-dims=\"1\" decoding=\"async\" src=\"https:\/\/i0.wp.com\/www.jornaldafranca.com.br\/wp-content\/uploads\/2025\/03\/d0aee119-7ad5-4d58-98d0-b3363dc0074e.jpg?ssl=1\" alt=\"\"\/><\/p>\n<h6>O olhar do fot\u00f3grafo faz a imagem perdurar para sempre (Foto: Divulga\u00e7\u00e3o\/Junior Barreto)<\/h6>\n<p><strong><a href=\"https:\/\/aftershoot.co\/brazil\" target=\"_blank\" rel=\"noopener noreferrer\">Aftershoot<\/a><\/strong>\u00a0\u00e9 um software inovador de sele\u00e7\u00e3o, edi\u00e7\u00e3o e retoque de fotos com tecnologia de IA, desenvolvido para ajudar fot\u00f3grafos em seu fluxo de trabalho de p\u00f3s-edi\u00e7\u00e3o. Fundada em 2020, a Aftershoot foi criada com a miss\u00e3o de facilitar a vida dos fot\u00f3grafos por meio da tecnologia.<\/p>\n<p>Uma plataforma que ajuda as partes mais demoradas do p\u00f3s processamento, permitindo que os fot\u00f3grafos se concentrem no que amam ou at\u00e9 mesmo invistam em seus neg\u00f3cios.<\/p>\n<p>A plataforma possui tr\u00eas m\u00f3dulos principais: AI Culling para sele\u00e7\u00e3o inteligente de imagens, AI Edits para edi\u00e7\u00e3o consistente e o futuro AI Retouching, um novo modo projetado para capacitar os fot\u00f3grafos ao lidar com a parte mon\u00f3tona das rotinas de retoque p\u00f3s processamento com tecnologias avan\u00e7adas de IA.<\/p>\n<p>Saiba mais sobre as ferramentas de IA do Afershoot e seus recursos mais recentes em\u00a0<strong><a href=\"https:\/\/aftershoot.co\/brazil\" target=\"_blank\" rel=\"noopener noreferrer\">https:\/\/aftershoot.co\/brazil<\/a>.\u00a0\u00a0<\/strong><\/p>\n<\/div>\n<p><script async src=\"\/\/www.instagram.com\/embed.js\"><\/script><br \/>\n<br \/><br \/>\n<br \/><a href=\"https:\/\/www.jornaldafranca.com.br\/fotos-de-casamento-retratos-classicos-e-inteligencia-artificial-lideram-tendencias\/\">Source link <\/a><\/p>\n<!-- CONTENT END 1 -->\n","protected":false},"excerpt":{"rendered":"<p>Os casais de hoje querem ter acesso \u00e0s suas fotos o mais r\u00e1pido poss\u00edvel e n\u00e3o est\u00e3o dispostos a esperar semanas ou meses. Uma pesquisa&#8230;<\/p>\n","protected":false},"author":1,"featured_media":64429,"comment_status":"open","ping_status":"open","sticky":false,"template":"","format":"standard","meta":{"advanced_seo_description":"","jetpack_seo_html_title":"","jetpack_seo_noindex":false,"jetpack_post_was_ever_published":false,"_jetpack_newsletter_access":"","_jetpack_dont_email_post_to_subs":false,"_jetpack_newsletter_tier_id":0,"_jetpack_memberships_contains_paywalled_content":false,"_jetpack_memberships_contains_paid_content":false,"footnotes":"","jetpack_publicize_message":"","jetpack_publicize_feature_enabled":true,"jetpack_social_post_already_shared":true,"jetpack_social_options":{"image_generator_settings":{"template":"highway","default_image_id":0,"font":"","enabled":false},"version":2}},"categories":[3597],"tags":[],"class_list":["post-64428","post","type-post","status-publish","format-standard","has-post-thumbnail","hentry","category-noticias-franca-sp"],"jetpack_publicize_connections":[],"jetpack_featured_media_url":"https:\/\/i0.wp.com\/noticiasribeiraopreto.com.br\/wp-content\/uploads\/2025\/03\/Divulgacao-Lucas-Lermen.jpg?fit=2048%2C1363&ssl=1","jetpack-related-posts":[{"id":63899,"url":"https:\/\/noticiasribeiraopreto.com.br\/index.php\/2025\/02\/25\/exposicao-em-ribeirao-preto-promove-debate-sobre-o-uso-da-inteligencia-artificial\/","url_meta":{"origin":64428,"position":0},"title":"Exposi\u00e7\u00e3o em Ribeir\u00e3o Preto promove debate sobre o uso da intelig\u00eancia artificial","author":"noticiasribeiraopreto.com.br","date":"25 de February de 2025","format":false,"excerpt":"Nesta ter\u00e7a-feira (25), estreia a exposi\u00e7\u00e3o \u201cCarnaval IA?\u201d, no Novo Shopping, em Ribeir\u00e3o Preto. A mostra promove um debate sobre o uso da IA, reunindo fotos de fot\u00f3grafos e imagens geradas por intelig\u00eancia artificial com tem\u00e1ticas carnavalescas. A inten\u00e7\u00e3o \u00e9 levantar uma conversa sobre o uso da ferramenta, que vem\u2026","rel":"","context":"In &quot;Not\u00edcias de Ribeir\u00e3o Preto-SP e Regi\u00e3o&quot;","block_context":{"text":"Not\u00edcias de Ribeir\u00e3o Preto-SP e Regi\u00e3o","link":"https:\/\/noticiasribeiraopreto.com.br\/index.php\/category\/noticias-de-ribeirao-preto-sp-e-regiao-ismael-colosi\/"},"img":{"alt_text":"","src":"https:\/\/i0.wp.com\/noticiasribeiraopreto.com.br\/wp-content\/uploads\/2025\/02\/a74be759-ff20-4d04-aa98-03ea65805805_2025-02-25_13-04-46_jpg_2025-02-25_13-04-47.webp.webp?fit=1200%2C806&ssl=1&resize=350%2C200","width":350,"height":200,"srcset":"https:\/\/i0.wp.com\/noticiasribeiraopreto.com.br\/wp-content\/uploads\/2025\/02\/a74be759-ff20-4d04-aa98-03ea65805805_2025-02-25_13-04-46_jpg_2025-02-25_13-04-47.webp.webp?fit=1200%2C806&ssl=1&resize=350%2C200 1x, https:\/\/i0.wp.com\/noticiasribeiraopreto.com.br\/wp-content\/uploads\/2025\/02\/a74be759-ff20-4d04-aa98-03ea65805805_2025-02-25_13-04-46_jpg_2025-02-25_13-04-47.webp.webp?fit=1200%2C806&ssl=1&resize=525%2C300 1.5x, https:\/\/i0.wp.com\/noticiasribeiraopreto.com.br\/wp-content\/uploads\/2025\/02\/a74be759-ff20-4d04-aa98-03ea65805805_2025-02-25_13-04-46_jpg_2025-02-25_13-04-47.webp.webp?fit=1200%2C806&ssl=1&resize=700%2C400 2x, https:\/\/i0.wp.com\/noticiasribeiraopreto.com.br\/wp-content\/uploads\/2025\/02\/a74be759-ff20-4d04-aa98-03ea65805805_2025-02-25_13-04-46_jpg_2025-02-25_13-04-47.webp.webp?fit=1200%2C806&ssl=1&resize=1050%2C600 3x"},"classes":[]},{"id":65834,"url":"https:\/\/noticiasribeiraopreto.com.br\/index.php\/2025\/03\/25\/jornal-da-franca-micro-wedding-as-pequenas-festas-intimistas-de-casamento-que-vieram-para-ficar\/","url_meta":{"origin":64428,"position":1},"title":"Jornal da Franca &#8211; Micro Wedding: As pequenas festas intimistas de casamento que vieram para ficar","author":"noticiasribeiraopreto.com.br","date":"25 de March de 2025","format":false,"excerpt":"compartilhar no whatsapp compartilhar no telegram compartilhar no facebook compartilhar no linkedin Modalidade ganha popularidade ao oferecer celebra\u00e7\u00f5es menores, mais em conta e personalizadas, redefinindo o conceito de casamento O crescimento no n\u00famero de casamentos no Brasil (foram 921.412 em 2024) acompanha uma tend\u00eancia que veio para ficar: os micro\u2026","rel":"","context":"In &quot;Not\u00edcias de Franca-SP&quot;","block_context":{"text":"Not\u00edcias de Franca-SP","link":"https:\/\/noticiasribeiraopreto.com.br\/index.php\/category\/noticias-de-ribeirao-preto-sp-e-regiao-ismael-colosi\/noticias-franca-sp\/"},"img":{"alt_text":"","src":"https:\/\/i0.wp.com\/noticiasribeiraopreto.com.br\/wp-content\/uploads\/2025\/03\/2149043956.jpg?fit=1000%2C667&ssl=1&resize=350%2C200","width":350,"height":200,"srcset":"https:\/\/i0.wp.com\/noticiasribeiraopreto.com.br\/wp-content\/uploads\/2025\/03\/2149043956.jpg?fit=1000%2C667&ssl=1&resize=350%2C200 1x, https:\/\/i0.wp.com\/noticiasribeiraopreto.com.br\/wp-content\/uploads\/2025\/03\/2149043956.jpg?fit=1000%2C667&ssl=1&resize=525%2C300 1.5x, https:\/\/i0.wp.com\/noticiasribeiraopreto.com.br\/wp-content\/uploads\/2025\/03\/2149043956.jpg?fit=1000%2C667&ssl=1&resize=700%2C400 2x"},"classes":[]},{"id":67422,"url":"https:\/\/noticiasribeiraopreto.com.br\/index.php\/2025\/04\/14\/falta-de-foto-em-casamento-resulta-em-danos-de-mais-de-r-3-mil\/","url_meta":{"origin":64428,"position":2},"title":"Falta de foto em casamento resulta em danos de mais de R$ 3 mil","author":"noticiasribeiraopreto.com.br","date":"14 de April de 2025","format":false,"excerpt":"A 32\u00aa C\u00e2mara de Direito Privado do Tribunal de Justi\u00e7a de S\u00e3o Paulo manteve, em parte, decis\u00e3o da 2\u00aa Vara C\u00edvel de Diadema, proferida pelo juiz Andre Pasquale Rocco Scavone, que condenou fot\u00f3grafos a indenizarem casal por falta de fotografia com familiar em \u00e1lbum de casamento. As repara\u00e7\u00f5es, por danos\u2026","rel":"","context":"In &quot;Not\u00edcias de Franca-SP&quot;","block_context":{"text":"Not\u00edcias de Franca-SP","link":"https:\/\/noticiasribeiraopreto.com.br\/index.php\/category\/noticias-de-ribeirao-preto-sp-e-regiao-ismael-colosi\/noticias-franca-sp\/"},"img":{"alt_text":"","src":"https:\/\/i0.wp.com\/noticiasribeiraopreto.com.br\/wp-content\/uploads\/2025\/04\/Imagem.jpeg?fit=1200%2C800&ssl=1&resize=350%2C200","width":350,"height":200,"srcset":"https:\/\/i0.wp.com\/noticiasribeiraopreto.com.br\/wp-content\/uploads\/2025\/04\/Imagem.jpeg?fit=1200%2C800&ssl=1&resize=350%2C200 1x, https:\/\/i0.wp.com\/noticiasribeiraopreto.com.br\/wp-content\/uploads\/2025\/04\/Imagem.jpeg?fit=1200%2C800&ssl=1&resize=525%2C300 1.5x, https:\/\/i0.wp.com\/noticiasribeiraopreto.com.br\/wp-content\/uploads\/2025\/04\/Imagem.jpeg?fit=1200%2C800&ssl=1&resize=700%2C400 2x, https:\/\/i0.wp.com\/noticiasribeiraopreto.com.br\/wp-content\/uploads\/2025\/04\/Imagem.jpeg?fit=1200%2C800&ssl=1&resize=1050%2C600 3x"},"classes":[]},{"id":84903,"url":"https:\/\/noticiasribeiraopreto.com.br\/index.php\/2026\/04\/17\/golpe-advogada-tem-voz-clonada-por-inteligencia-artificial\/","url_meta":{"origin":64428,"position":3},"title":"Golpe: Advogada tem voz clonada por intelig\u00eancia artificial","author":"noticiasribeiraopreto.com.br","date":"17 de April de 2026","format":false,"excerpt":"Ler o resumo da not\u00edcia Advogada Lucilene\u202fVitale recebeu mensagem com foto e \u00e1udio de voz clonada por IA, configurando golpe de deep\u202ffake. Subse\u00e7\u00e3o de Franca da OAB informou que 80\u202f% dos advogados da regi\u00e3o j\u00e1 foram v\u00edtimas de fraudes semelhantes. Pol\u00edcia identificou quadrilha que, em quase dois meses, desviou R$\u202f240\u202fmil\u2026","rel":"","context":"In &quot;Not\u00edcias de Ribeir\u00e3o Preto-SP e Regi\u00e3o&quot;","block_context":{"text":"Not\u00edcias de Ribeir\u00e3o Preto-SP e Regi\u00e3o","link":"https:\/\/noticiasribeiraopreto.com.br\/index.php\/category\/noticias-de-ribeirao-preto-sp-e-regiao-ismael-colosi\/"},"img":{"alt_text":"","src":"https:\/\/i0.wp.com\/noticiasribeiraopreto.com.br\/wp-content\/uploads\/2026\/04\/advogada-ia_2026-04-17_15-34-09.webp.webp?fit=980%2C553&ssl=1&resize=350%2C200","width":350,"height":200,"srcset":"https:\/\/i0.wp.com\/noticiasribeiraopreto.com.br\/wp-content\/uploads\/2026\/04\/advogada-ia_2026-04-17_15-34-09.webp.webp?fit=980%2C553&ssl=1&resize=350%2C200 1x, https:\/\/i0.wp.com\/noticiasribeiraopreto.com.br\/wp-content\/uploads\/2026\/04\/advogada-ia_2026-04-17_15-34-09.webp.webp?fit=980%2C553&ssl=1&resize=525%2C300 1.5x, https:\/\/i0.wp.com\/noticiasribeiraopreto.com.br\/wp-content\/uploads\/2026\/04\/advogada-ia_2026-04-17_15-34-09.webp.webp?fit=980%2C553&ssl=1&resize=700%2C400 2x"},"classes":[]},{"id":71329,"url":"https:\/\/noticiasribeiraopreto.com.br\/index.php\/2025\/06\/05\/jornal-da-franca-o-que-faz-a-imagem-perfeita-pesquisa-revela-tendencias-visuais-no-e-commerce\/","url_meta":{"origin":64428,"position":4},"title":"Jornal da Franca &#8211; O que faz a imagem perfeita? Pesquisa revela tend\u00eancias visuais no e-commerce","author":"noticiasribeiraopreto.com.br","date":"5 de June de 2025","format":false,"excerpt":"compartilhar no whatsapp compartilhar no telegram compartilhar no facebook compartilhar no linkedin O consumidor precisa sentir a conex\u00e3o imediata com o produto, e a fotografia \u00e9 o meio de transmitir essa sensa\u00e7\u00e3o de forma precisa A Photoroom apresenta os resultados da sua pesquisa 2025 sobre Edi\u00e7\u00e3o de Fotos com IA,\u2026","rel":"","context":"In &quot;Not\u00edcias de Franca-SP&quot;","block_context":{"text":"Not\u00edcias de Franca-SP","link":"https:\/\/noticiasribeiraopreto.com.br\/index.php\/category\/noticias-de-ribeirao-preto-sp-e-regiao-ismael-colosi\/noticias-franca-sp\/"},"img":{"alt_text":"","src":"https:\/\/i0.wp.com\/noticiasribeiraopreto.com.br\/wp-content\/uploads\/2025\/06\/6ceaee5cdd300f64075ad2d9db7a897f.jpg?fit=1024%2C768&ssl=1&resize=350%2C200","width":350,"height":200,"srcset":"https:\/\/i0.wp.com\/noticiasribeiraopreto.com.br\/wp-content\/uploads\/2025\/06\/6ceaee5cdd300f64075ad2d9db7a897f.jpg?fit=1024%2C768&ssl=1&resize=350%2C200 1x, https:\/\/i0.wp.com\/noticiasribeiraopreto.com.br\/wp-content\/uploads\/2025\/06\/6ceaee5cdd300f64075ad2d9db7a897f.jpg?fit=1024%2C768&ssl=1&resize=525%2C300 1.5x, https:\/\/i0.wp.com\/noticiasribeiraopreto.com.br\/wp-content\/uploads\/2025\/06\/6ceaee5cdd300f64075ad2d9db7a897f.jpg?fit=1024%2C768&ssl=1&resize=700%2C400 2x"},"classes":[]},{"id":68109,"url":"https:\/\/noticiasribeiraopreto.com.br\/index.php\/2025\/04\/22\/fotografo-lembra-encontro-com-cardeal-bergoglio-as-vesperas-de-ser-eleito-papa-francisco\/","url_meta":{"origin":64428,"position":5},"title":"Fot\u00f3grafo lembra encontro com cardeal Bergoglio \u00e0s v\u00e9speras de ser eleito Papa Francisco","author":"noticiasribeiraopreto.com.br","date":"22 de April de 2025","format":false,"excerpt":"O fot\u00f3grafo Mastrangelo Reino, que atuou no jornal A Cidade, em Ribeir\u00e3o Preto, clicou o ent\u00e3o cardeal Jorge Mario Bergoglio, em 2013, no Vaticano, \u00e0s v\u00e9speras da escolha do religioso para ser o Papa Francisco, l\u00edder m\u00e1ximo da Igreja Cat\u00f3lico. Veja fotos abaixo. Francisco morreu nesta segunda-feira (21), em decorr\u00eancia\u2026","rel":"","context":"In &quot;Not\u00edcias de Ribeir\u00e3o Preto-SP e Regi\u00e3o&quot;","block_context":{"text":"Not\u00edcias de Ribeir\u00e3o Preto-SP e Regi\u00e3o","link":"https:\/\/noticiasribeiraopreto.com.br\/index.php\/category\/noticias-de-ribeirao-preto-sp-e-regiao-ismael-colosi\/"},"img":{"alt_text":"","src":"https:\/\/i0.wp.com\/noticiasribeiraopreto.com.br\/wp-content\/uploads\/2025\/04\/WhatsApp-Image-2025-04-22-at-12.04.07-1_2025-04-22_15-05-46.webp.webp?fit=1200%2C675&ssl=1&resize=350%2C200","width":350,"height":200,"srcset":"https:\/\/i0.wp.com\/noticiasribeiraopreto.com.br\/wp-content\/uploads\/2025\/04\/WhatsApp-Image-2025-04-22-at-12.04.07-1_2025-04-22_15-05-46.webp.webp?fit=1200%2C675&ssl=1&resize=350%2C200 1x, https:\/\/i0.wp.com\/noticiasribeiraopreto.com.br\/wp-content\/uploads\/2025\/04\/WhatsApp-Image-2025-04-22-at-12.04.07-1_2025-04-22_15-05-46.webp.webp?fit=1200%2C675&ssl=1&resize=525%2C300 1.5x, https:\/\/i0.wp.com\/noticiasribeiraopreto.com.br\/wp-content\/uploads\/2025\/04\/WhatsApp-Image-2025-04-22-at-12.04.07-1_2025-04-22_15-05-46.webp.webp?fit=1200%2C675&ssl=1&resize=700%2C400 2x, https:\/\/i0.wp.com\/noticiasribeiraopreto.com.br\/wp-content\/uploads\/2025\/04\/WhatsApp-Image-2025-04-22-at-12.04.07-1_2025-04-22_15-05-46.webp.webp?fit=1200%2C675&ssl=1&resize=1050%2C600 3x"},"classes":[]}],"jetpack_sharing_enabled":true,"jetpack_shortlink":"https:\/\/wp.me\/peQAOb-gLa","_links":{"self":[{"href":"https:\/\/noticiasribeiraopreto.com.br\/index.php\/wp-json\/wp\/v2\/posts\/64428","targetHints":{"allow":["GET"]}}],"collection":[{"href":"https:\/\/noticiasribeiraopreto.com.br\/index.php\/wp-json\/wp\/v2\/posts"}],"about":[{"href":"https:\/\/noticiasribeiraopreto.com.br\/index.php\/wp-json\/wp\/v2\/types\/post"}],"author":[{"embeddable":true,"href":"https:\/\/noticiasribeiraopreto.com.br\/index.php\/wp-json\/wp\/v2\/users\/1"}],"replies":[{"embeddable":true,"href":"https:\/\/noticiasribeiraopreto.com.br\/index.php\/wp-json\/wp\/v2\/comments?post=64428"}],"version-history":[{"count":0,"href":"https:\/\/noticiasribeiraopreto.com.br\/index.php\/wp-json\/wp\/v2\/posts\/64428\/revisions"}],"wp:featuredmedia":[{"embeddable":true,"href":"https:\/\/noticiasribeiraopreto.com.br\/index.php\/wp-json\/wp\/v2\/media\/64429"}],"wp:attachment":[{"href":"https:\/\/noticiasribeiraopreto.com.br\/index.php\/wp-json\/wp\/v2\/media?parent=64428"}],"wp:term":[{"taxonomy":"category","embeddable":true,"href":"https:\/\/noticiasribeiraopreto.com.br\/index.php\/wp-json\/wp\/v2\/categories?post=64428"},{"taxonomy":"post_tag","embeddable":true,"href":"https:\/\/noticiasribeiraopreto.com.br\/index.php\/wp-json\/wp\/v2\/tags?post=64428"}],"curies":[{"name":"wp","href":"https:\/\/api.w.org\/{rel}","templated":true}]}}