{"id":64430,"date":"2025-03-08T03:49:53","date_gmt":"2025-03-08T06:49:53","guid":{"rendered":"https:\/\/noticiasribeiraopreto.com.br\/index.php\/2025\/03\/08\/confira-as-mulheres-que-ja-marcaram-a-historia-do-ribeirao-rodeo-music\/"},"modified":"2025-03-08T03:49:53","modified_gmt":"2025-03-08T06:49:53","slug":"confira-as-mulheres-que-ja-marcaram-a-historia-do-ribeirao-rodeo-music","status":"publish","type":"post","link":"https:\/\/noticiasribeiraopreto.com.br\/index.php\/2025\/03\/08\/confira-as-mulheres-que-ja-marcaram-a-historia-do-ribeirao-rodeo-music\/","title":{"rendered":"Confira as mulheres que j\u00e1 marcaram a hist\u00f3ria do Ribeir\u00e3o Rodeo Music"},"content":{"rendered":"<p> <br \/>\n<\/p>\n<div>\n<p>Quem disse que o universo sertanejo \u00e9 essencialmente masculino? De <strong>Inezita Barroso<\/strong> e as <strong>irm\u00e3s Galv\u00e3o<\/strong> \u00e0 <strong>Mar\u00edlia Mendon\u00e7a<\/strong>, <strong>Roberta Miranda<\/strong>, <strong>Paula Fernandes<\/strong> e <strong>Naiara Azevedo<\/strong>, entre tantas outras, a m\u00fasica sertaneja est\u00e1 muito bem representada pelas mulheres, sejam elas compositoras ou int\u00e9rpretes. Muitas destas artistas talentosas v\u00eam marcando presen\u00e7a no <em>line-up<\/em> do <strong>Ribeir\u00e3o Rodeo Music<\/strong> desde as primeiras edi\u00e7\u00f5es do evento.<\/p>\n<p>A 19\u00aa edi\u00e7\u00e3o, que <mark style=\"background-color:#fcb900\" class=\"has-inline-color has-black-color\">acontece nos dias 26 e 30 de abril e 2 e 3 de maio<\/mark>, no <strong>Parque Permanente de Exposi\u00e7\u00f5es de Ribeir\u00e3o Preto<\/strong>, ter\u00e1 novamente a apresenta\u00e7\u00e3o da boiadeira<strong> Ana Castela<\/strong>. Ser\u00e3o, ao todo, 16 grandes atra\u00e7\u00f5es do sertanejo, do forr\u00f3, do funk e da m\u00fasica eletr\u00f4nica. Os ingressos est\u00e3o \u00e0 venda no <a href=\"https:\/\/www.ribeiraorodeomusic.com.br\/\">site do <strong>Ribeir\u00e3o Rodeo Muisc <\/strong>(clique aqui).<\/a><\/p>\n<p>As mulheres sempre tiveram espa\u00e7o no palco do <strong>Ribeir\u00e3o Rodeo Music<\/strong>, refor\u00e7ando n\u00e3o s\u00f3 a diversidade de g\u00eanero, ritmo e estilo musical, mas o reconhecimento destas artistas not\u00e1veis em um dos principais eventos culturais do pa\u00eds. A cantora <strong>Joelma<\/strong>, \u00e0 frente da banda <strong>Calypso<\/strong>, foi uma das atra\u00e7\u00f5es, j\u00e1 na segunda edi\u00e7\u00e3o, ocorrida em 2006.<\/p>\n<p>Na edi\u00e7\u00e3o de 2011 a presen\u00e7a feminina foi garantida pela cantora <strong>Maria Cec\u00edlia<\/strong>, que faz dupla com Rodolfo.<\/p>\n<p>Em 2016, foi a vez de <strong>Thaeme<\/strong>, que faz dupla com Thiago, subir ao palco e representar as mulheres no <em>lineup<\/em> do <strong>Ribeir\u00e3o Rodeo Music<\/strong>.<\/p>\n<p>Em 2017, a presen\u00e7a das mulheres foi ainda mais marcante com os shows de <strong>Maiara e Mara\u00edsa<\/strong>,<strong> Simone e Simaria<\/strong> e <strong>Mar\u00edlia Mendon\u00e7a<\/strong>.<\/p>\n<p>No ano de 2018, a dupla <strong>Simone e Simaria<\/strong> voltou ao palco do <strong>Ribeir\u00e3o Rodeo Music<\/strong>, que ainda teve o show com a cantora<strong> Ludmilla<\/strong>.<\/p>\n<p>Em 2023, a boiadeira<strong> Ana Castela<\/strong> se apresentou pela primeira vez no RRM, que contou tamb\u00e9m com show da dupla <strong>Maiara e Mara\u00edsa<\/strong>.<\/p>\n<p><strong>Ana Castela <\/strong>subiu novamente ao palco do <strong>Ribeir\u00e3o Rodeo Music<\/strong> no ano de 2024, que teve ainda a cantora <strong>Lauana Prado<\/strong> com atra\u00e7\u00e3o feminina daquela edi\u00e7\u00e3o.<\/p>\n<p>Cada vez mais, h\u00e1 mulheres se destacando na m\u00fasica sertaneja, trazendo novas vozes e perspectivas para o g\u00eanero. As cantoras t\u00eam conquistado popularidade e sucesso com melodias envolventes e letras que, muitas vezes, abordam temas de empoderamento, amor e supera\u00e7\u00e3o.<\/p>\n<p>Al\u00e9m de <strong>Ana Castela<\/strong>, confira as outras atra\u00e7\u00f5es do <strong>Ribeir\u00e3o Rodeo Music 2025<\/strong>:<\/p>\n<p><strong>26\/04<\/strong> \u2013 Ana Castela, Dennis, Felipe &amp; Rodrigo e Matheus &amp; Kauan;<\/p>\n<p><strong>30\/04<\/strong> \u2013 Chit\u00e3ozinho &amp; Xoror\u00f3, Hugo &amp; Guilherme, Alok e Bruninho &amp; Davi;<\/p>\n<p><strong>02\/05<\/strong> \u2013 Zez\u00e9 di Camargo &amp; Luciano, Z\u00e9 Neto &amp; Cristiano, Nattan e Diego &amp; Arnaldo;<\/p>\n<p><strong>03\/05 <\/strong>\u2013 Jorge &amp; Mateus, Luan Santana, Murilo Huff e Clayton &amp; Rom\u00e1rio.<\/p>\n<h3 class=\"wp-block-heading\"><strong>Setores<\/strong><\/h3>\n<p>Os ingressos e passaportes do <strong>Ribeir\u00e3o Rodeo Music 2025<\/strong> j\u00e1 podem ser adquiridos e contemplam os seguintes setores: camarotes Brahma, Black Lounge, Black Lounge Open e Arena.<\/p>\n<p>Mais informa\u00e7\u00f5es pelo <a href=\"https:\/\/www.ribeiraorodeomusic.com.br\/\">site oficial (clique aqui)<\/a> e pelas redes sociais do evento <a href=\"https:\/\/www.instagram.com\/ribeiraorodeomusic\/\">@ribeiraorodeomusic<\/a>.<\/p>\n<h4 class=\"wp-block-heading\"><strong>Servi\u00e7o<\/strong><\/h4>\n<p><strong>Ribeir\u00e3o Rodeo Music 2025<\/strong><\/p>\n<p><strong>Quando:<\/strong> 26\/04, 30\/04, 02\/05 e 03\/05<\/p>\n<p><strong>Local: <\/strong>Parque Permanente de Exposi\u00e7\u00f5es, em Ribeir\u00e3o Preto-SP<\/p>\n<p>SAIBA MAIS<br \/>Sertanejo \u00e9 o estilo musical favorito dos brasileiros? Veja o que diz pesquisa<\/p>\n<h4 class=\"wp-block-heading\"><strong>FIQUE ON<\/strong><\/h4>\n<p>Fique ligado em tudo que acontece em Ribeir\u00e3o Preto e regi\u00e3o. Siga os perfis do <strong>acidade on <\/strong>no <a href=\"https:\/\/www.instagram.com\/acidadeonribeirao\">Instagram<\/a> e no <a href=\"https:\/\/www.facebook.com\/acidadeonribeirao\/\">Facebook<\/a>.<\/p>\n<p>Receba not\u00edcias do <strong>acidade on<\/strong> no WhatsApp. <a href=\"https:\/\/chat.whatsapp.com\/BjKQZ9oJwlz8VVT50NuePq\">Para entrar no grupo, basta clicar aqui.<\/a><\/p>\n<p>Fa\u00e7a uma den\u00fancia ou sugira uma reportagem sobre Ribeir\u00e3o Preto e regi\u00e3o pelo WhatsApp: 16 99117 7802.<\/p>\n<p>VEJA TAMB\u00c9M<br \/>\u201cBoate Azul\u201d, conhe\u00e7a a hist\u00f3ria do cl\u00e1ssico sertanejo<\/p>\n<p><!-- CONTENT END 1 -->\n<\/div>\n<p><script async src=\"\/\/www.instagram.com\/embed.js\"><\/script><br \/>\n<br \/><br \/>\n<br \/><a href=\"https:\/\/www.acidadeon.com\/ribeiraopreto\/ribeirao-rodeo-music\/confira-as-mulheres-que-ja-marcaram-a-historia-do-ribeirao-rodeo-music\/\">Source link <\/a><\/p>\n","protected":false},"excerpt":{"rendered":"<p>Quem disse que o universo sertanejo \u00e9 essencialmente masculino? De Inezita Barroso e as irm\u00e3s Galv\u00e3o \u00e0 Mar\u00edlia Mendon\u00e7a, Roberta Miranda, Paula Fernandes e Naiara&#8230;<\/p>\n","protected":false},"author":1,"featured_media":64431,"comment_status":"open","ping_status":"open","sticky":false,"template":"","format":"standard","meta":{"advanced_seo_description":"","jetpack_seo_html_title":"","jetpack_seo_noindex":false,"jetpack_post_was_ever_published":false,"_jetpack_newsletter_access":"","_jetpack_dont_email_post_to_subs":false,"_jetpack_newsletter_tier_id":0,"_jetpack_memberships_contains_paywalled_content":false,"_jetpack_memberships_contains_paid_content":false,"footnotes":"","jetpack_publicize_message":"","jetpack_publicize_feature_enabled":true,"jetpack_social_post_already_shared":true,"jetpack_social_options":{"image_generator_settings":{"template":"highway","default_image_id":0,"font":"","enabled":false},"version":2}},"categories":[11],"tags":[],"class_list":["post-64430","post","type-post","status-publish","format-standard","has-post-thumbnail","hentry","category-noticias-de-ribeirao-preto-sp-e-regiao-ismael-colosi"],"jetpack_publicize_connections":[],"jetpack_featured_media_url":"https:\/\/i0.wp.com\/noticiasribeiraopreto.com.br\/wp-content\/uploads\/2025\/03\/ana-castela-1024x683.jpeg?fit=1024%2C683&ssl=1","jetpack-related-posts":[{"id":46492,"url":"https:\/\/noticiasribeiraopreto.com.br\/index.php\/2024\/04\/11\/nayara-paes-e-a-rainha-do-ribeirao-rodeo-music-2024\/","url_meta":{"origin":64430,"position":0},"title":"Nayara Paes \u00e9 a Rainha do Ribeir\u00e3o Rodeo Music 2024","author":"noticiasribeiraopreto.com.br","date":"11 de April de 2024","format":false,"excerpt":"Nayara Paes \u00e9 a Rainha do Ribeir\u00e3o Rodeo Music 2024A ribeir\u00e3o-pretana de 27 anos representar\u00e1 a for\u00e7a do feminino no evento que ganha cada vez mais espa\u00e7o nas competi\u00e7\u00f5es esportivas e no palco Durante o m\u00eas de abril, Nayara Paes dividir\u00e1 os cuidados com crian\u00e7as e adolescentes da profiss\u00e3o de\u2026","rel":"","context":"In &quot;Not\u00edcias de Ribeir\u00e3o Preto-SP e Regi\u00e3o&quot;","block_context":{"text":"Not\u00edcias de Ribeir\u00e3o Preto-SP e Regi\u00e3o","link":"https:\/\/noticiasribeiraopreto.com.br\/index.php\/category\/noticias-de-ribeirao-preto-sp-e-regiao-ismael-colosi\/"},"img":{"alt_text":"","src":"https:\/\/i0.wp.com\/noticiasribeiraopreto.com.br\/wp-content\/uploads\/2024\/04\/31d40986f691b9397beab8827dc48ee0.jpeg?fit=900%2C1200&ssl=1&resize=350%2C200","width":350,"height":200,"srcset":"https:\/\/i0.wp.com\/noticiasribeiraopreto.com.br\/wp-content\/uploads\/2024\/04\/31d40986f691b9397beab8827dc48ee0.jpeg?fit=900%2C1200&ssl=1&resize=350%2C200 1x, https:\/\/i0.wp.com\/noticiasribeiraopreto.com.br\/wp-content\/uploads\/2024\/04\/31d40986f691b9397beab8827dc48ee0.jpeg?fit=900%2C1200&ssl=1&resize=525%2C300 1.5x, https:\/\/i0.wp.com\/noticiasribeiraopreto.com.br\/wp-content\/uploads\/2024\/04\/31d40986f691b9397beab8827dc48ee0.jpeg?fit=900%2C1200&ssl=1&resize=700%2C400 2x"},"classes":[]},{"id":83167,"url":"https:\/\/noticiasribeiraopreto.com.br\/index.php\/2026\/03\/11\/entenda-o-circuito-sertanejo-e-saiba-por-que-o-ribeirao-rodeo-music-integra-o-calendario\/","url_meta":{"origin":64430,"position":1},"title":"Entenda o Circuito Sertanejo e saiba por que o Ribeir\u00e3o Rodeo Music integra o calend\u00e1rio","author":"noticiasribeiraopreto.com.br","date":"11 de March de 2026","format":false,"excerpt":"O Circuito Sertanejo est\u00e1 de volta em terras paulistas! E para abrir os trabalhos em 2026, ano em que o estado ter\u00e1 tr\u00eas etapas, o Ribeir\u00e3o Rodeo Music acontece nos dias 30 de abril, 2, 8 e 9 de maio, no Parque Permanente de Exposi\u00e7\u00f5es, em Ribeir\u00e3o Preto, edi\u00e7\u00e3o que\u2026","rel":"","context":"In &quot;Not\u00edcias de Ribeir\u00e3o Preto-SP e Regi\u00e3o&quot;","block_context":{"text":"Not\u00edcias de Ribeir\u00e3o Preto-SP e Regi\u00e3o","link":"https:\/\/noticiasribeiraopreto.com.br\/index.php\/category\/noticias-de-ribeirao-preto-sp-e-regiao-ismael-colosi\/"},"img":{"alt_text":"","src":"https:\/\/i0.wp.com\/noticiasribeiraopreto.com.br\/wp-content\/uploads\/2026\/03\/SaveClip.App_468409978_579979297757819_1640239241941384209_n_2026-03-10_16-23-24.webp.webp?fit=1080%2C720&ssl=1&resize=350%2C200","width":350,"height":200,"srcset":"https:\/\/i0.wp.com\/noticiasribeiraopreto.com.br\/wp-content\/uploads\/2026\/03\/SaveClip.App_468409978_579979297757819_1640239241941384209_n_2026-03-10_16-23-24.webp.webp?fit=1080%2C720&ssl=1&resize=350%2C200 1x, https:\/\/i0.wp.com\/noticiasribeiraopreto.com.br\/wp-content\/uploads\/2026\/03\/SaveClip.App_468409978_579979297757819_1640239241941384209_n_2026-03-10_16-23-24.webp.webp?fit=1080%2C720&ssl=1&resize=525%2C300 1.5x, https:\/\/i0.wp.com\/noticiasribeiraopreto.com.br\/wp-content\/uploads\/2026\/03\/SaveClip.App_468409978_579979297757819_1640239241941384209_n_2026-03-10_16-23-24.webp.webp?fit=1080%2C720&ssl=1&resize=700%2C400 2x, https:\/\/i0.wp.com\/noticiasribeiraopreto.com.br\/wp-content\/uploads\/2026\/03\/SaveClip.App_468409978_579979297757819_1640239241941384209_n_2026-03-10_16-23-24.webp.webp?fit=1080%2C720&ssl=1&resize=1050%2C600 3x"},"classes":[]},{"id":46687,"url":"https:\/\/noticiasribeiraopreto.com.br\/index.php\/2024\/04\/13\/rainha-do-ribeirao-rodeo-music-2024-tem-raizes-sertanejas\/","url_meta":{"origin":64430,"position":2},"title":"Rainha do Ribeir\u00e3o Rodeo Music 2024 tem ra\u00edzes sertanejas","author":"noticiasribeiraopreto.com.br","date":"13 de April de 2024","format":false,"excerpt":"Nayara Paes, 27 anos, foi escolhida para representar a for\u00e7a das mulheres durante a marcante 18\u00aa edi\u00e7\u00e3o do Ribeir\u00e3o Rodeo Music. A enfermeira pedi\u00e1trica e modelo tem ra\u00edzes sertanejas e liga\u00e7\u00e3o afetiva com a festa. Convidada pela organiza\u00e7\u00e3o do evento, Nayara representa a nova gera\u00e7\u00e3o dos amantes da m\u00fasica sertaneja,\u2026","rel":"","context":"In &quot;Not\u00edcias de Ribeir\u00e3o Preto-SP e Regi\u00e3o&quot;","block_context":{"text":"Not\u00edcias de Ribeir\u00e3o Preto-SP e Regi\u00e3o","link":"https:\/\/noticiasribeiraopreto.com.br\/index.php\/category\/noticias-de-ribeirao-preto-sp-e-regiao-ismael-colosi\/"},"img":{"alt_text":"","src":"https:\/\/i0.wp.com\/noticiasribeiraopreto.com.br\/wp-content\/uploads\/2024\/04\/AnyConv.com__rainha-do-rodeio.webp.webp?fit=1200%2C869&ssl=1&resize=350%2C200","width":350,"height":200,"srcset":"https:\/\/i0.wp.com\/noticiasribeiraopreto.com.br\/wp-content\/uploads\/2024\/04\/AnyConv.com__rainha-do-rodeio.webp.webp?fit=1200%2C869&ssl=1&resize=350%2C200 1x, https:\/\/i0.wp.com\/noticiasribeiraopreto.com.br\/wp-content\/uploads\/2024\/04\/AnyConv.com__rainha-do-rodeio.webp.webp?fit=1200%2C869&ssl=1&resize=525%2C300 1.5x, https:\/\/i0.wp.com\/noticiasribeiraopreto.com.br\/wp-content\/uploads\/2024\/04\/AnyConv.com__rainha-do-rodeio.webp.webp?fit=1200%2C869&ssl=1&resize=700%2C400 2x, https:\/\/i0.wp.com\/noticiasribeiraopreto.com.br\/wp-content\/uploads\/2024\/04\/AnyConv.com__rainha-do-rodeio.webp.webp?fit=1200%2C869&ssl=1&resize=1050%2C600 3x"},"classes":[]},{"id":64687,"url":"https:\/\/noticiasribeiraopreto.com.br\/index.php\/2025\/03\/11\/ribeirao-rodeo-music-e-sinonimo-de-diversidade-musical\/","url_meta":{"origin":64430,"position":3},"title":"Ribeir\u00e3o Rodeo Music \u00e9 sin\u00f4nimo de diversidade musical","author":"noticiasribeiraopreto.com.br","date":"11 de March de 2025","format":false,"excerpt":"A variedade de ritmos e estilos musicais \u00e9 uma das caracter\u00edsticas do Ribeir\u00e3o Rodeo Music. Grandes nomes da m\u00fasica sertaneja dividem o palco com artistas de ritmos variados que v\u00e3o do samba ao pop e m\u00fasica eletr\u00f4nica. \u201cProcuramos sempre ouvir as demandas do p\u00fablico e estamos antenados \u00e0s tend\u00eancias para\u2026","rel":"","context":"In &quot;Not\u00edcias de Ribeir\u00e3o Preto-SP e Regi\u00e3o&quot;","block_context":{"text":"Not\u00edcias de Ribeir\u00e3o Preto-SP e Regi\u00e3o","link":"https:\/\/noticiasribeiraopreto.com.br\/index.php\/category\/noticias-de-ribeirao-preto-sp-e-regiao-ismael-colosi\/"},"img":{"alt_text":"","src":"https:\/\/i0.wp.com\/noticiasribeiraopreto.com.br\/wp-content\/uploads\/2025\/03\/alok_2025-03-11_16-18-26_jpeg_2025-03-11_16-18-27.webp.webp?fit=1200%2C800&ssl=1&resize=350%2C200","width":350,"height":200,"srcset":"https:\/\/i0.wp.com\/noticiasribeiraopreto.com.br\/wp-content\/uploads\/2025\/03\/alok_2025-03-11_16-18-26_jpeg_2025-03-11_16-18-27.webp.webp?fit=1200%2C800&ssl=1&resize=350%2C200 1x, https:\/\/i0.wp.com\/noticiasribeiraopreto.com.br\/wp-content\/uploads\/2025\/03\/alok_2025-03-11_16-18-26_jpeg_2025-03-11_16-18-27.webp.webp?fit=1200%2C800&ssl=1&resize=525%2C300 1.5x, https:\/\/i0.wp.com\/noticiasribeiraopreto.com.br\/wp-content\/uploads\/2025\/03\/alok_2025-03-11_16-18-26_jpeg_2025-03-11_16-18-27.webp.webp?fit=1200%2C800&ssl=1&resize=700%2C400 2x, https:\/\/i0.wp.com\/noticiasribeiraopreto.com.br\/wp-content\/uploads\/2025\/03\/alok_2025-03-11_16-18-26_jpeg_2025-03-11_16-18-27.webp.webp?fit=1200%2C800&ssl=1&resize=1050%2C600 3x"},"classes":[]},{"id":63921,"url":"https:\/\/noticiasribeiraopreto.com.br\/index.php\/2025\/02\/25\/sertanejo-e-o-estilo-musical-favorito-dos-brasileiros-veja-o-que-diz-pesquisa\/","url_meta":{"origin":64430,"position":4},"title":"Sertanejo \u00e9 o estilo musical favorito dos brasileiros? Veja o que diz pesquisa","author":"noticiasribeiraopreto.com.br","date":"25 de February de 2025","format":false,"excerpt":"Se o Brasil j\u00e1 foi o pa\u00eds do samba, hoje ele \u00e9 do sertanejo, como mostra a pesquisa Cultura nas Capitais, divulgada este m\u00eas. Segundo o levantamento realizado pela consultoria JLeiva Cultura & Esporte, o sertanejo \u00e9 o g\u00eanero musical favorito em 15 das 27 capitais e foi citado por\u2026","rel":"","context":"In &quot;Not\u00edcias de Ribeir\u00e3o Preto-SP e Regi\u00e3o&quot;","block_context":{"text":"Not\u00edcias de Ribeir\u00e3o Preto-SP e Regi\u00e3o","link":"https:\/\/noticiasribeiraopreto.com.br\/index.php\/category\/noticias-de-ribeirao-preto-sp-e-regiao-ismael-colosi\/"},"img":{"alt_text":"","src":"https:\/\/i0.wp.com\/noticiasribeiraopreto.com.br\/wp-content\/uploads\/2025\/02\/ze-neto-e-cristiano_2025-02-25_18-33-18_jpg_2025-02-25_18-33-19.webp.webp?fit=1080%2C719&ssl=1&resize=350%2C200","width":350,"height":200,"srcset":"https:\/\/i0.wp.com\/noticiasribeiraopreto.com.br\/wp-content\/uploads\/2025\/02\/ze-neto-e-cristiano_2025-02-25_18-33-18_jpg_2025-02-25_18-33-19.webp.webp?fit=1080%2C719&ssl=1&resize=350%2C200 1x, https:\/\/i0.wp.com\/noticiasribeiraopreto.com.br\/wp-content\/uploads\/2025\/02\/ze-neto-e-cristiano_2025-02-25_18-33-18_jpg_2025-02-25_18-33-19.webp.webp?fit=1080%2C719&ssl=1&resize=525%2C300 1.5x, https:\/\/i0.wp.com\/noticiasribeiraopreto.com.br\/wp-content\/uploads\/2025\/02\/ze-neto-e-cristiano_2025-02-25_18-33-18_jpg_2025-02-25_18-33-19.webp.webp?fit=1080%2C719&ssl=1&resize=700%2C400 2x, https:\/\/i0.wp.com\/noticiasribeiraopreto.com.br\/wp-content\/uploads\/2025\/02\/ze-neto-e-cristiano_2025-02-25_18-33-18_jpg_2025-02-25_18-33-19.webp.webp?fit=1080%2C719&ssl=1&resize=1050%2C600 3x"},"classes":[]},{"id":65192,"url":"https:\/\/noticiasribeiraopreto.com.br\/index.php\/2025\/03\/17\/felipe-e-rodrigo-estreiam-entre-as-atracoes-principais-do-ribeirao-rodeo-music\/","url_meta":{"origin":64430,"position":5},"title":"Felipe e Rodrigo estreiam entre as atra\u00e7\u00f5es principais do Ribeir\u00e3o Rodeo Music","author":"noticiasribeiraopreto.com.br","date":"17 de March de 2025","format":false,"excerpt":"Uma das apostas do mercado sertanejo para este ano, a dupla Felipe e Rodrigo est\u00e1 entre as novidades do Ribeir\u00e3o Ribeir\u00e3o Rodeo Music 2025. Eles se apresentam no primeiro dia, 26 de abril, dividindo palco com a \u201cboiadeira\u201d Ana Castela, Dennis e a dupla Matheus e Kauan. No ano passado,\u2026","rel":"","context":"In &quot;Not\u00edcias de Ribeir\u00e3o Preto-SP e Regi\u00e3o&quot;","block_context":{"text":"Not\u00edcias de Ribeir\u00e3o Preto-SP e Regi\u00e3o","link":"https:\/\/noticiasribeiraopreto.com.br\/index.php\/category\/noticias-de-ribeirao-preto-sp-e-regiao-ismael-colosi\/"},"img":{"alt_text":"","src":"https:\/\/i0.wp.com\/noticiasribeiraopreto.com.br\/wp-content\/uploads\/2025\/03\/felipe-e-rodrigo_2025-03-17_13-42-06_jpeg_2025-03-17_13-42-07.webp.webp?fit=1200%2C800&ssl=1&resize=350%2C200","width":350,"height":200,"srcset":"https:\/\/i0.wp.com\/noticiasribeiraopreto.com.br\/wp-content\/uploads\/2025\/03\/felipe-e-rodrigo_2025-03-17_13-42-06_jpeg_2025-03-17_13-42-07.webp.webp?fit=1200%2C800&ssl=1&resize=350%2C200 1x, https:\/\/i0.wp.com\/noticiasribeiraopreto.com.br\/wp-content\/uploads\/2025\/03\/felipe-e-rodrigo_2025-03-17_13-42-06_jpeg_2025-03-17_13-42-07.webp.webp?fit=1200%2C800&ssl=1&resize=525%2C300 1.5x, https:\/\/i0.wp.com\/noticiasribeiraopreto.com.br\/wp-content\/uploads\/2025\/03\/felipe-e-rodrigo_2025-03-17_13-42-06_jpeg_2025-03-17_13-42-07.webp.webp?fit=1200%2C800&ssl=1&resize=700%2C400 2x, https:\/\/i0.wp.com\/noticiasribeiraopreto.com.br\/wp-content\/uploads\/2025\/03\/felipe-e-rodrigo_2025-03-17_13-42-06_jpeg_2025-03-17_13-42-07.webp.webp?fit=1200%2C800&ssl=1&resize=1050%2C600 3x"},"classes":[]}],"jetpack_sharing_enabled":true,"jetpack_shortlink":"https:\/\/wp.me\/peQAOb-gLc","_links":{"self":[{"href":"https:\/\/noticiasribeiraopreto.com.br\/index.php\/wp-json\/wp\/v2\/posts\/64430","targetHints":{"allow":["GET"]}}],"collection":[{"href":"https:\/\/noticiasribeiraopreto.com.br\/index.php\/wp-json\/wp\/v2\/posts"}],"about":[{"href":"https:\/\/noticiasribeiraopreto.com.br\/index.php\/wp-json\/wp\/v2\/types\/post"}],"author":[{"embeddable":true,"href":"https:\/\/noticiasribeiraopreto.com.br\/index.php\/wp-json\/wp\/v2\/users\/1"}],"replies":[{"embeddable":true,"href":"https:\/\/noticiasribeiraopreto.com.br\/index.php\/wp-json\/wp\/v2\/comments?post=64430"}],"version-history":[{"count":0,"href":"https:\/\/noticiasribeiraopreto.com.br\/index.php\/wp-json\/wp\/v2\/posts\/64430\/revisions"}],"wp:featuredmedia":[{"embeddable":true,"href":"https:\/\/noticiasribeiraopreto.com.br\/index.php\/wp-json\/wp\/v2\/media\/64431"}],"wp:attachment":[{"href":"https:\/\/noticiasribeiraopreto.com.br\/index.php\/wp-json\/wp\/v2\/media?parent=64430"}],"wp:term":[{"taxonomy":"category","embeddable":true,"href":"https:\/\/noticiasribeiraopreto.com.br\/index.php\/wp-json\/wp\/v2\/categories?post=64430"},{"taxonomy":"post_tag","embeddable":true,"href":"https:\/\/noticiasribeiraopreto.com.br\/index.php\/wp-json\/wp\/v2\/tags?post=64430"}],"curies":[{"name":"wp","href":"https:\/\/api.w.org\/{rel}","templated":true}]}}