{"id":64432,"date":"2025-03-08T03:53:07","date_gmt":"2025-03-08T06:53:07","guid":{"rendered":"https:\/\/noticiasribeiraopreto.com.br\/index.php\/2025\/03\/08\/jovens-da-fundacao-casa-de-franca-participam-de-projeto-com-artista-plastico-reconhecido-internacionalmente\/"},"modified":"2025-03-08T03:53:07","modified_gmt":"2025-03-08T06:53:07","slug":"jovens-da-fundacao-casa-de-franca-participam-de-projeto-com-artista-plastico-reconhecido-internacionalmente","status":"publish","type":"post","link":"https:\/\/noticiasribeiraopreto.com.br\/index.php\/2025\/03\/08\/jovens-da-fundacao-casa-de-franca-participam-de-projeto-com-artista-plastico-reconhecido-internacionalmente\/","title":{"rendered":"Jovens da Funda\u00e7\u00e3o CASA de Franca participam de projeto com artista pl\u00e1stico reconhecido internacionalmente"},"content":{"rendered":"<p> <br \/>\n<\/p>\n<div>\n<p>Os adolescentes que cumprem medida de interna\u00e7\u00e3o na Funda\u00e7\u00e3o Casa (Centro de Atendimento Socioeducativo ao Adolescente de Franca participaram da primeira aula do curso de \u201cDesenho Realista\u201d, ministrado pelo artista pl\u00e1stico Eduardo Carvalho. A atividade aconteceu no dia 24\/02 e divulgada neste dia 7\/3.<\/p>\n<p>O desenhista, reconhecido internacionalmente por sua t\u00e9cnica hiper-realista, j\u00e1 foi premiado com a medalha de ouro em uma exposi\u00e7\u00e3o em Dubai, nos Emirados \u00c1rabes, em 2022 e recebeu o t\u00edtulo de melhor artista em uma mostra realizada Londres\/Esc\u00f3cia (Reino Unido) em 2023, al\u00e9m de ser destaque na exposi\u00e7\u00e3o da FUNARTE em 2019.<\/p>\n<p>A iniciativa foi articulada por meio de uma parceria entre a Funda\u00e7\u00e3o CASA, por meio do CASA Franca, pela Prefeitura de Franca e pela Funda\u00e7\u00e3o Esporte, Arte e Cultura (FEAC), por meio da Pol\u00edtica Nacional Aldir Blanc (PNAB). As oficinas ter\u00e3o dura\u00e7\u00e3o de tr\u00eas meses, acontecendo sempre as segundas-feiras.<\/p>\n<p>Durante a primeira aula, os jovens conheceram a trajet\u00f3ria de Carvalho, que teve origem humilde e chegou a atuar como trabalhador rural, padeiro e montador de m\u00f3veis, at\u00e9 e que foi aprimorando seu talento at\u00e9 se voltar para o mundo acad\u00eamico e cursar artes visuais na Universidade Leonardo da Vinci pela Uniasselvi.<\/p>\n<p>Ap\u00f3s isso, os jovens come\u00e7aram a aprender as primeiras t\u00e9cnicas, utilizando como modelo o desenho, em close, de um tigre, feito com l\u00e1pis de grafite.<\/p>\n<p>Como explica o diretor do CASA, Mois\u00e9s Teles, a oficina trouxe para os jovens uma nova perspectiva. \u201cO projeto n\u00e3o s\u00f3 ensina t\u00e9cnicas, mas planta sementes para um futuro onde a criatividade e a disciplina se tornem ferramentas de mudan\u00e7a na vida desses jovens\u201d, destacou.<\/p>\n<p>A presidente da Funda\u00e7\u00e3o CASA, Claudia Carletto, acrescenta ainda a import\u00e2ncia da arte para esses jovens. \u201cA iniciativa do CASA Franca une arte, educa\u00e7\u00e3o e transforma\u00e7\u00e3o social, pois mostra que \u00e9 poss\u00edvel, com determina\u00e7\u00e3o e afinco, conquistar coisas que muitos julgam imposs\u00edveis\u201d, concluiu.<\/p>\n<p>Em janeiro, os jovens que cumprem medida tamb\u00e9m participaram na quarta e quinta-feira (08 e 09\/01) de uma oficina de Graffiti (pintura mural) com os professores Wesley Mendes de Paula e Higor Rodrigues Ferrari.<\/p>\n<p>A a\u00e7\u00e3o teve como objetivo preencher a agenda de f\u00e9rias escolares do centro socioeducativo e incentivar os jovens a usarem a arte como ferramenta terap\u00eautica. A a\u00e7\u00e3o foi realizada em parceria com a Funda\u00e7\u00e3o Esporte, Arte e Cultura de Franca (FEAC).<\/p>\n<p>A oficina ocorreu na quadra poliesportiva do centro socioeducativo. Antes de iniciarem a pintura, os jovens participaram da escolha do desenho e elegeram a palavra \u201cPerseveran\u00e7a\u201d, para estampar a parede do local.<\/p>\n<p>De acordo com o coordenador pedag\u00f3gico do CASA de Franca, Daniel Brand\u00e3o, a oficina apresentou novas possibilidades de express\u00e3o para esses adolescentes. \u201cUsamos o Graffiti como uma ferramenta pedag\u00f3gica que permite a express\u00e3o art\u00edstica, gerando tamb\u00e9m a exterioriza\u00e7\u00e3o de sentimentos, pensamentos e quest\u00f5es pessoais de maneira criativa. Ela impacta diretamente no comportamento, autoestima e rela\u00e7\u00f5es sociais dos adolescentes, al\u00e9m contribuir para a constru\u00e7\u00e3o de um ambiente de ressignifica\u00e7\u00e3o e ressocializa\u00e7\u00e3o\u201d, concluiu.<\/p>\n<p>A Funda\u00e7\u00e3o Centro de Atendimento Socioeducativo ao Adolescente (CASA), vinculada \u00e0 Secretaria de Estado da Justi\u00e7a e Cidadania, aplica medidas socioeducativas conforme o Estatuto da Crian\u00e7a e do Adolescente (ECA) e o Sistema Nacional de Atendimento Socioeducativo (SINASE).<\/p>\n<p>Atendendo jovens de 12 a 21 anos incompletos em S\u00e3o Paulo, a Funda\u00e7\u00e3o executa medidas de priva\u00e7\u00e3o de liberdade e semiliberdade, determinadas pelo Poder Judici\u00e1rio, com base no ato infracional e na idade dos adolescentes, garantindo os direitos previstos em lei, pautando-se na humaniza\u00e7\u00e3o, e contribuindo para o retorno do adolescente ao conv\u00edvio social.<\/p>\n<p>Leia tamb\u00e9m:<\/p>\n<blockquote class=\"wp-embedded-content\" data-secret=\"a3Qwsv2abt\">\n<p><a href=\"https:\/\/www.f3noticias.com.br\/artigo-jovens-da-fundacao-casa-precisam-de-educacao-e-qualificacao-para-se-afastar-da-violencia\/\">Artigo: Jovens da Funda\u00e7\u00e3o CASA precisam de educa\u00e7\u00e3o e qualifica\u00e7\u00e3o para se afastar da viol\u00eancia<\/a><\/p>\n<\/blockquote>\n<p><iframe loading=\"lazy\" class=\"wp-embedded-content\" sandbox=\"allow-scripts\" security=\"restricted\" style=\"position: absolute; clip: rect(1px, 1px, 1px, 1px);\" title=\"\u201cArtigo: Jovens da Funda\u00e7\u00e3o CASA precisam de educa\u00e7\u00e3o e qualifica\u00e7\u00e3o para se afastar da viol\u00eancia\u201d \u2014 F3 Not\u00edcias\" src=\"https:\/\/www.f3noticias.com.br\/artigo-jovens-da-fundacao-casa-precisam-de-educacao-e-qualificacao-para-se-afastar-da-violencia\/embed\/#?secret=htKDEeHtTW#?secret=a3Qwsv2abt\" data-secret=\"a3Qwsv2abt\" width=\"500\" height=\"282\" frameborder=\"0\" marginwidth=\"0\" marginheight=\"0\" scrolling=\"no\"><\/iframe><\/p>\n<blockquote class=\"wp-embedded-content\" data-secret=\"qMBRj4wJul\">\n<p><a href=\"https:\/\/www.f3noticias.com.br\/jovens-da-fundacao-casa-de-franca-participam-de-oficina-de-graffiti\/\">Jovens da Funda\u00e7\u00e3o CASA de Franca participam de oficina de Graffiti<\/a><\/p>\n<\/blockquote>\n<p><iframe loading=\"lazy\" class=\"wp-embedded-content\" sandbox=\"allow-scripts\" security=\"restricted\" style=\"position: absolute; clip: rect(1px, 1px, 1px, 1px);\" title=\"\u201cJovens da Funda\u00e7\u00e3o CASA de Franca participam de oficina de Graffiti\u201d \u2014 F3 Not\u00edcias\" src=\"https:\/\/www.f3noticias.com.br\/jovens-da-fundacao-casa-de-franca-participam-de-oficina-de-graffiti\/embed\/#?secret=b327P3aud0#?secret=qMBRj4wJul\" data-secret=\"qMBRj4wJul\" width=\"500\" height=\"282\" frameborder=\"0\" marginwidth=\"0\" marginheight=\"0\" scrolling=\"no\"><\/iframe><\/p>\n<p><!-- CONTENT END 1 --><\/p><\/div>\n<p><br \/>\n<br \/><a href=\"https:\/\/www.f3noticias.com.br\/jovens-da-fundacao-casa-de-franca-participam-de-projeto-com-artista-plastico-reconhecido-internacionalmente\/\">Source link <\/a><\/p>\n","protected":false},"excerpt":{"rendered":"<p>Os adolescentes que cumprem medida de interna\u00e7\u00e3o na Funda\u00e7\u00e3o Casa (Centro de Atendimento Socioeducativo ao Adolescente de Franca participaram da primeira aula do curso de&#8230;<\/p>\n","protected":false},"author":1,"featured_media":64433,"comment_status":"open","ping_status":"open","sticky":false,"template":"","format":"standard","meta":{"advanced_seo_description":"","jetpack_seo_html_title":"","jetpack_seo_noindex":false,"jetpack_post_was_ever_published":false,"_jetpack_newsletter_access":"","_jetpack_dont_email_post_to_subs":false,"_jetpack_newsletter_tier_id":0,"_jetpack_memberships_contains_paywalled_content":false,"_jetpack_memberships_contains_paid_content":false,"footnotes":"","jetpack_publicize_message":"","jetpack_publicize_feature_enabled":true,"jetpack_social_post_already_shared":true,"jetpack_social_options":{"image_generator_settings":{"template":"highway","default_image_id":0,"font":"","enabled":false},"version":2}},"categories":[3597],"tags":[],"class_list":["post-64432","post","type-post","status-publish","format-standard","has-post-thumbnail","hentry","category-noticias-franca-sp"],"jetpack_publicize_connections":[],"jetpack_featured_media_url":"https:\/\/i0.wp.com\/noticiasribeiraopreto.com.br\/wp-content\/uploads\/2025\/03\/foto_oficina_desenho-fundacao-casa.jpg?fit=1147%2C929&ssl=1","jetpack-related-posts":[{"id":66531,"url":"https:\/\/noticiasribeiraopreto.com.br\/index.php\/2025\/04\/02\/adolescente-da-fundacao-casa-realiza-sonho-em-jogo-historico-do-sesi-franca-basquete\/","url_meta":{"origin":64432,"position":0},"title":"Adolescente da Funda\u00e7\u00e3o CASA realiza sonho em jogo hist\u00f3rico do Sesi Franca Basquete","author":"noticiasribeiraopreto.com.br","date":"2 de April de 2025","format":false,"excerpt":"O jovem Alex (nome fict\u00edcio), que cumpre medida socioeducativa na Funda\u00e7\u00e3o Centro de Atendimento Socioeducativo ao Adolescente (CASA) de Franca, \u00e9 apaixonado por basquete e, sempre que poss\u00edvel, acompanha \u00e0 dist\u00e2ncia os resultados dos seus times preferidos. Nesta segunda ele realizou um sonho com o Sesi Franca Basquete. Ao tomar\u2026","rel":"","context":"In &quot;Not\u00edcias de Franca-SP&quot;","block_context":{"text":"Not\u00edcias de Franca-SP","link":"https:\/\/noticiasribeiraopreto.com.br\/index.php\/category\/noticias-de-ribeirao-preto-sp-e-regiao-ismael-colosi\/noticias-franca-sp\/"},"img":{"alt_text":"","src":"https:\/\/i0.wp.com\/noticiasribeiraopreto.com.br\/wp-content\/uploads\/2025\/04\/franca_basquete-e1743611291953.jpg?fit=1147%2C1025&ssl=1&resize=350%2C200","width":350,"height":200,"srcset":"https:\/\/i0.wp.com\/noticiasribeiraopreto.com.br\/wp-content\/uploads\/2025\/04\/franca_basquete-e1743611291953.jpg?fit=1147%2C1025&ssl=1&resize=350%2C200 1x, https:\/\/i0.wp.com\/noticiasribeiraopreto.com.br\/wp-content\/uploads\/2025\/04\/franca_basquete-e1743611291953.jpg?fit=1147%2C1025&ssl=1&resize=525%2C300 1.5x, https:\/\/i0.wp.com\/noticiasribeiraopreto.com.br\/wp-content\/uploads\/2025\/04\/franca_basquete-e1743611291953.jpg?fit=1147%2C1025&ssl=1&resize=700%2C400 2x, https:\/\/i0.wp.com\/noticiasribeiraopreto.com.br\/wp-content\/uploads\/2025\/04\/franca_basquete-e1743611291953.jpg?fit=1147%2C1025&ssl=1&resize=1050%2C600 3x"},"classes":[]},{"id":65228,"url":"https:\/\/noticiasribeiraopreto.com.br\/index.php\/2025\/03\/17\/exposicao-sobre-abdias-do-nascimento-na-casa-da-cultura-de-franca-vai-ate-dia-31-3\/","url_meta":{"origin":64432,"position":1},"title":"Exposi\u00e7\u00e3o sobre Abdias do Nascimento na Casa da Cultura de Franca vai at\u00e9 dia 31\/3","author":"noticiasribeiraopreto.com.br","date":"17 de March de 2025","format":false,"excerpt":"At\u00e9 o dia 31 de mar\u00e7o, a Casa da Cultura \u201cAbdias Nascimento\u201d recebe a exposi\u00e7\u00e3o \u2018Kilombo de Abdias 111 Anos\u2019, em homenagem ao patrono do espa\u00e7o e que foi intelectual, pol\u00edtico, escritor e ativista dos direitos dos povos negros. A mostra traz trabalhos artesanais de Isa do Ros\u00e1rio, artista que\u2026","rel":"","context":"In &quot;Not\u00edcias de Franca-SP&quot;","block_context":{"text":"Not\u00edcias de Franca-SP","link":"https:\/\/noticiasribeiraopreto.com.br\/index.php\/category\/noticias-de-ribeirao-preto-sp-e-regiao-ismael-colosi\/noticias-franca-sp\/"},"img":{"alt_text":"","src":"https:\/\/i0.wp.com\/noticiasribeiraopreto.com.br\/wp-content\/uploads\/2025\/03\/Exposicao_Isa_do_Rosario_-_Homenagem_a_Abdias_do_Nascimento_1_original.png?fit=1200%2C794&ssl=1&resize=350%2C200","width":350,"height":200,"srcset":"https:\/\/i0.wp.com\/noticiasribeiraopreto.com.br\/wp-content\/uploads\/2025\/03\/Exposicao_Isa_do_Rosario_-_Homenagem_a_Abdias_do_Nascimento_1_original.png?fit=1200%2C794&ssl=1&resize=350%2C200 1x, https:\/\/i0.wp.com\/noticiasribeiraopreto.com.br\/wp-content\/uploads\/2025\/03\/Exposicao_Isa_do_Rosario_-_Homenagem_a_Abdias_do_Nascimento_1_original.png?fit=1200%2C794&ssl=1&resize=525%2C300 1.5x, https:\/\/i0.wp.com\/noticiasribeiraopreto.com.br\/wp-content\/uploads\/2025\/03\/Exposicao_Isa_do_Rosario_-_Homenagem_a_Abdias_do_Nascimento_1_original.png?fit=1200%2C794&ssl=1&resize=700%2C400 2x, https:\/\/i0.wp.com\/noticiasribeiraopreto.com.br\/wp-content\/uploads\/2025\/03\/Exposicao_Isa_do_Rosario_-_Homenagem_a_Abdias_do_Nascimento_1_original.png?fit=1200%2C794&ssl=1&resize=1050%2C600 3x"},"classes":[]},{"id":67474,"url":"https:\/\/noticiasribeiraopreto.com.br\/index.php\/2025\/04\/14\/jovens-da-fundacao-casa-de-franca-participam-do-projeto-cine-cultural\/","url_meta":{"origin":64432,"position":2},"title":"Jovens da Funda\u00e7\u00e3o CASA de Franca participam do projeto Cine Cultural","author":"noticiasribeiraopreto.com.br","date":"14 de April de 2025","format":false,"excerpt":"Os adolescentes que cumprem medida na Funda\u00e7\u00e3o CASA de Franca participaram na quarta e quinta-feira (09 e 10\/04) de duas sess\u00f5es de cinema promovidas pelo projeto Cine Cultural ACIF, da Associa\u00e7\u00e3o do Com\u00e9rcio e Ind\u00fastria de Franca. As exibi\u00e7\u00f5es, que ocorreram em um tel\u00e3o infl\u00e1vel de seis metros de altura\u2026","rel":"","context":"In &quot;Not\u00edcias de Franca-SP&quot;","block_context":{"text":"Not\u00edcias de Franca-SP","link":"https:\/\/noticiasribeiraopreto.com.br\/index.php\/category\/noticias-de-ribeirao-preto-sp-e-regiao-ismael-colosi\/noticias-franca-sp\/"},"img":{"alt_text":"","src":"https:\/\/i0.wp.com\/noticiasribeiraopreto.com.br\/wp-content\/uploads\/2025\/04\/fundacao-casa-cinema.jpeg?fit=1200%2C900&ssl=1&resize=350%2C200","width":350,"height":200,"srcset":"https:\/\/i0.wp.com\/noticiasribeiraopreto.com.br\/wp-content\/uploads\/2025\/04\/fundacao-casa-cinema.jpeg?fit=1200%2C900&ssl=1&resize=350%2C200 1x, https:\/\/i0.wp.com\/noticiasribeiraopreto.com.br\/wp-content\/uploads\/2025\/04\/fundacao-casa-cinema.jpeg?fit=1200%2C900&ssl=1&resize=525%2C300 1.5x, https:\/\/i0.wp.com\/noticiasribeiraopreto.com.br\/wp-content\/uploads\/2025\/04\/fundacao-casa-cinema.jpeg?fit=1200%2C900&ssl=1&resize=700%2C400 2x, https:\/\/i0.wp.com\/noticiasribeiraopreto.com.br\/wp-content\/uploads\/2025\/04\/fundacao-casa-cinema.jpeg?fit=1200%2C900&ssl=1&resize=1050%2C600 3x"},"classes":[]},{"id":68078,"url":"https:\/\/noticiasribeiraopreto.com.br\/index.php\/2025\/04\/22\/jornal-da-franca-franca-tem-dia-de-campo-da-fundacao-procafe-foco-em-tecnologia-e-manejo-no-cafezal\/","url_meta":{"origin":64432,"position":3},"title":"Jornal da Franca &#8211; Franca tem Dia de Campo da Funda\u00e7\u00e3o Procaf\u00e9: foco em tecnologia e manejo no cafezal","author":"noticiasribeiraopreto.com.br","date":"22 de April de 2025","format":false,"excerpt":"compartilhar no whatsapp compartilhar no telegram compartilhar no facebook compartilhar no linkedin Evento ser\u00e1 realizado neste dia 23 de abril, na Fazenda Experimental; programa\u00e7\u00e3o inclui demonstra\u00e7\u00f5es pr\u00e1ticas e palestras t\u00e9cnicas O evento \u00e9 gratuito e aberto ao p\u00fablico em geral (Foto: Wilker Maia\/Casa da Comunica\u00e7\u00e3o Franca) Produtores de caf\u00e9, agr\u00f4nomos,\u2026","rel":"","context":"In &quot;Not\u00edcias de Franca-SP&quot;","block_context":{"text":"Not\u00edcias de Franca-SP","link":"https:\/\/noticiasribeiraopreto.com.br\/index.php\/category\/noticias-de-ribeirao-preto-sp-e-regiao-ismael-colosi\/noticias-franca-sp\/"},"img":{"alt_text":"","src":"https:\/\/i0.wp.com\/noticiasribeiraopreto.com.br\/wp-content\/uploads\/2025\/04\/7bc369ae2a272577cfb06566749c4211low.jpeg?fit=800%2C533&ssl=1&resize=350%2C200","width":350,"height":200,"srcset":"https:\/\/i0.wp.com\/noticiasribeiraopreto.com.br\/wp-content\/uploads\/2025\/04\/7bc369ae2a272577cfb06566749c4211low.jpeg?fit=800%2C533&ssl=1&resize=350%2C200 1x, https:\/\/i0.wp.com\/noticiasribeiraopreto.com.br\/wp-content\/uploads\/2025\/04\/7bc369ae2a272577cfb06566749c4211low.jpeg?fit=800%2C533&ssl=1&resize=525%2C300 1.5x, https:\/\/i0.wp.com\/noticiasribeiraopreto.com.br\/wp-content\/uploads\/2025\/04\/7bc369ae2a272577cfb06566749c4211low.jpeg?fit=800%2C533&ssl=1&resize=700%2C400 2x"},"classes":[]},{"id":41825,"url":"https:\/\/noticiasribeiraopreto.com.br\/index.php\/2024\/03\/11\/choro-na-esquina-abre-programacao-com-o-escaletista-franca-musse\/","url_meta":{"origin":64432,"position":4},"title":"Choro na Esquina abre programa\u00e7\u00e3o com o Escaletista Fran\u00e7a Musse","author":"noticiasribeiraopreto.com.br","date":"11 de March de 2024","format":false,"excerpt":"A s\u00e9rie Choro na Esquina foi criada em 2023 pela Minaz para envolver a comunidade em uma atividade art\u00edstica com proximidade e participa\u00e7\u00e3o, trazendo os m\u00fasicos para o sagu\u00e3o do teatro Minaz. No ano passado aconteceram sete apresenta\u00e7\u00f5es que contaram com a participa\u00e7\u00e3o dos m\u00fasicos do grupo Choro da Casa,\u2026","rel":"","context":"In &quot;Not\u00edcias de Ribeir\u00e3o Preto-SP e Regi\u00e3o&quot;","block_context":{"text":"Not\u00edcias de Ribeir\u00e3o Preto-SP e Regi\u00e3o","link":"https:\/\/noticiasribeiraopreto.com.br\/index.php\/category\/noticias-de-ribeirao-preto-sp-e-regiao-ismael-colosi\/"},"img":{"alt_text":"","src":"https:\/\/i0.wp.com\/noticiasribeiraopreto.com.br\/wp-content\/uploads\/2024\/03\/IMG_6936-1-scaled.jpg?fit=588%2C645&ssl=1&resize=350%2C200","width":350,"height":200,"srcset":"https:\/\/i0.wp.com\/noticiasribeiraopreto.com.br\/wp-content\/uploads\/2024\/03\/IMG_6936-1-scaled.jpg?fit=588%2C645&ssl=1&resize=350%2C200 1x, https:\/\/i0.wp.com\/noticiasribeiraopreto.com.br\/wp-content\/uploads\/2024\/03\/IMG_6936-1-scaled.jpg?fit=588%2C645&ssl=1&resize=525%2C300 1.5x"},"classes":[]},{"id":69016,"url":"https:\/\/noticiasribeiraopreto.com.br\/index.php\/2025\/05\/01\/jornal-da-franca-atalie-mostra-seus-quadros-sobre-o-basquete-francano-em-exposicao-no-sesi\/","url_meta":{"origin":64432,"position":5},"title":"Jornal da Franca &#8211; Atalie mostra seus quadros sobre o basquete francano em exposi\u00e7\u00e3o no Sesi","author":"noticiasribeiraopreto.com.br","date":"1 de May de 2025","format":false,"excerpt":"compartilhar no whatsapp compartilhar no telegram compartilhar no facebook compartilhar no linkedin A exposi\u00e7\u00e3o foi aberta no dia 25 de abril e vai permanecer at\u00e9 o dia 3 de agosto, no Sesi de Franca, que fica na Av. Santa Cruz, 2870 Que tal ver o basquete como voc\u00ea nunca viu\u2026","rel":"","context":"In &quot;Not\u00edcias de Franca-SP&quot;","block_context":{"text":"Not\u00edcias de Franca-SP","link":"https:\/\/noticiasribeiraopreto.com.br\/index.php\/category\/noticias-de-ribeirao-preto-sp-e-regiao-ismael-colosi\/noticias-franca-sp\/"},"img":{"alt_text":"","src":"https:\/\/i0.wp.com\/noticiasribeiraopreto.com.br\/wp-content\/uploads\/2025\/05\/83a4dc44-b35e-44f9-b75b-c166ad1e5397.jpg?fit=1170%2C688&ssl=1&resize=350%2C200","width":350,"height":200,"srcset":"https:\/\/i0.wp.com\/noticiasribeiraopreto.com.br\/wp-content\/uploads\/2025\/05\/83a4dc44-b35e-44f9-b75b-c166ad1e5397.jpg?fit=1170%2C688&ssl=1&resize=350%2C200 1x, https:\/\/i0.wp.com\/noticiasribeiraopreto.com.br\/wp-content\/uploads\/2025\/05\/83a4dc44-b35e-44f9-b75b-c166ad1e5397.jpg?fit=1170%2C688&ssl=1&resize=525%2C300 1.5x, https:\/\/i0.wp.com\/noticiasribeiraopreto.com.br\/wp-content\/uploads\/2025\/05\/83a4dc44-b35e-44f9-b75b-c166ad1e5397.jpg?fit=1170%2C688&ssl=1&resize=700%2C400 2x, https:\/\/i0.wp.com\/noticiasribeiraopreto.com.br\/wp-content\/uploads\/2025\/05\/83a4dc44-b35e-44f9-b75b-c166ad1e5397.jpg?fit=1170%2C688&ssl=1&resize=1050%2C600 3x"},"classes":[]}],"jetpack_sharing_enabled":true,"jetpack_shortlink":"https:\/\/wp.me\/peQAOb-gLe","_links":{"self":[{"href":"https:\/\/noticiasribeiraopreto.com.br\/index.php\/wp-json\/wp\/v2\/posts\/64432","targetHints":{"allow":["GET"]}}],"collection":[{"href":"https:\/\/noticiasribeiraopreto.com.br\/index.php\/wp-json\/wp\/v2\/posts"}],"about":[{"href":"https:\/\/noticiasribeiraopreto.com.br\/index.php\/wp-json\/wp\/v2\/types\/post"}],"author":[{"embeddable":true,"href":"https:\/\/noticiasribeiraopreto.com.br\/index.php\/wp-json\/wp\/v2\/users\/1"}],"replies":[{"embeddable":true,"href":"https:\/\/noticiasribeiraopreto.com.br\/index.php\/wp-json\/wp\/v2\/comments?post=64432"}],"version-history":[{"count":0,"href":"https:\/\/noticiasribeiraopreto.com.br\/index.php\/wp-json\/wp\/v2\/posts\/64432\/revisions"}],"wp:featuredmedia":[{"embeddable":true,"href":"https:\/\/noticiasribeiraopreto.com.br\/index.php\/wp-json\/wp\/v2\/media\/64433"}],"wp:attachment":[{"href":"https:\/\/noticiasribeiraopreto.com.br\/index.php\/wp-json\/wp\/v2\/media?parent=64432"}],"wp:term":[{"taxonomy":"category","embeddable":true,"href":"https:\/\/noticiasribeiraopreto.com.br\/index.php\/wp-json\/wp\/v2\/categories?post=64432"},{"taxonomy":"post_tag","embeddable":true,"href":"https:\/\/noticiasribeiraopreto.com.br\/index.php\/wp-json\/wp\/v2\/tags?post=64432"}],"curies":[{"name":"wp","href":"https:\/\/api.w.org\/{rel}","templated":true}]}}