{"id":64649,"date":"2025-03-11T07:24:07","date_gmt":"2025-03-11T10:24:07","guid":{"rendered":"https:\/\/noticiasribeiraopreto.com.br\/index.php\/2025\/03\/11\/anac-suspende-operacoes-da-voepass-veja-orientacoes-aos-passageiros\/"},"modified":"2025-03-11T07:24:07","modified_gmt":"2025-03-11T10:24:07","slug":"anac-suspende-operacoes-da-voepass-veja-orientacoes-aos-passageiros","status":"publish","type":"post","link":"https:\/\/noticiasribeiraopreto.com.br\/index.php\/2025\/03\/11\/anac-suspende-operacoes-da-voepass-veja-orientacoes-aos-passageiros\/","title":{"rendered":"Anac suspende opera\u00e7\u00f5es da Voepass; Veja orienta\u00e7\u00f5es aos passageiros"},"content":{"rendered":"<p> <br \/>\n<\/p>\n<div>\n<p><strong>A Anac (Ag\u00eancia Nacional de Avia\u00e7\u00e3o Civil) suspendeu, a\u00a0partir desta ter\u00e7a-feira (11), as opera\u00e7\u00f5es a\u00e9reas da Voepass, companhia com sede em Ribeir\u00e3o Preto.<\/strong><\/p>\n<p>Segundo o \u00f3rg\u00e3o, a medida tem validade <mark style=\"background-color:#abb8c3\" class=\"has-inline-color has-black-color\">\u201cat\u00e9 que a empresa comprove a corre\u00e7\u00e3o das n\u00e3o conformidades identificadas pela Anac e a garantia da seguran\u00e7a operacional\u201d.<\/mark> Em agosto do ano passado, a <strong>queda <\/strong>de um <strong>avi\u00e3o <\/strong>da <strong>Voepass<\/strong>, em <strong>Vinhedo (SP)<\/strong>, <strong>vitimou 62 pessoas<\/strong>, entre <strong>passageiros <\/strong>e <strong>tripulantes<\/strong>.<\/p>\n<p>Com a suspens\u00e3o, a companhia fica impedida de operar voos no Brasil e de vender passagens a\u00e9reas. A Voepass conta com seis aeronaves e estava operando em 15 localidades com voos comerciais e duas com contratos de fretamento.<\/p>\n<p>Os voos que estavam previstos a partir desta ter\u00e7a n\u00e3o ser\u00e3o realizados.<\/p>\n<p>\u201cA Anac tamb\u00e9m manter\u00e1 monitoramento permanente para que as assist\u00eancias devidas sejam prestadas aos passageiros de acordo com as normas da Ag\u00eancia\u201d, afirmou.<\/p>\n<h2 class=\"wp-block-heading\"><strong>Como ficam os passageiros?<\/strong><\/h2>\n<p>A Anac infirmou que a empresa que comercializou a passagem a\u00e9rea, como Voepass,\u00a0Latam\u00a0ou ag\u00eancias de viagem, deve informar o passageiro sobre a situa\u00e7\u00e3o do voo e oferecer as alternativas previstas na regula\u00e7\u00e3o da Anac.<\/p>\n<p>Conforme divulgou o \u00f3rg\u00e3o, em caso de cancelamento de voo, o passageiro tem direito a reembolso integral do valor pago pela passagem ou reacomoda\u00e7\u00e3o em outro voo da mesma companhia a\u00e9rea, se houver.<\/p>\n<p>A informa\u00e7\u00e3o deve ser fornecida ao passageiro com pelo menos 72 horas de anteced\u00eancia em rela\u00e7\u00e3o ao voo previsto originalmente.<\/p>\n<p>A empresa a\u00e9rea dever\u00e1 oferecer alternativas de reembolso integral, reacomoda\u00e7\u00e3o em outro voo dispon\u00edvel ou por outra modalidade de transporte ao passageiro que n\u00e3o foi informado sobre o cancelamento do voo e compareceu ao aeroporto.<\/p>\n<p>Veja mais orienta\u00e7\u00f5es aos passageiros publicadas pela Anac (<a href=\"https:\/\/www.gov.br\/anac\/pt-br\/assuntos\/voepass-suspensao\/orientacoes-aos-passageiros\">clique aqui<\/a>).<\/p>\n<p>SAIBA MAIS<\/p>\n<p>Fim dos flanelinhas? Projeto quer transformar pr\u00e1tica em crime<\/p>\n<p><strong>FIQUE ON<\/strong><\/p>\n<p>Fique ligado em tudo que acontece em Ribeir\u00e3o Preto e regi\u00e3o. Siga os perfis do<strong>\u00a0acidade on<\/strong>\u00a0no\u00a0<a href=\"https:\/\/www.instagram.com\/acidadeonribeirao\">Instagram<\/a>\u00a0e no\u00a0<a href=\"https:\/\/www.facebook.com\/acidadeonribeirao\/\">Facebook<\/a>.<\/p>\n<p>Receba not\u00edcias do<strong>\u00a0acidade on\u00a0<\/strong>no WhatsApp.\u00a0<a href=\"https:\/\/chat.whatsapp.com\/BjKQZ9oJwlz8VVT50NuePq\">Para entrar no grupo, basta clicar aqui.<\/a><\/p>\n<p>Fa\u00e7a uma den\u00fancia ou sugira uma reportagem sobre Ribeir\u00e3o Preto e regi\u00e3o pelo WhatsApp: 16 99117 7802.<\/p>\n<p>VEJA TAMB\u00c9M\u200b<\/p>\n<p>Por que as borboletas est\u00e3o desaparecendo nos Estados Unidos?<\/p>\n<p><!-- CONTENT END 1 -->\n<\/div>\n<p><script async src=\"\/\/www.instagram.com\/embed.js\"><\/script><br \/>\n<br \/><br \/>\n<br \/><a href=\"https:\/\/www.acidadeon.com\/ribeiraopreto\/economia\/anac-suspende-operacoes-da-voepass-veja-orientacoes-aos-passageiros\/\">Source link <\/a><\/p>\n","protected":false},"excerpt":{"rendered":"<p>A Anac (Ag\u00eancia Nacional de Avia\u00e7\u00e3o Civil) suspendeu, a\u00a0partir desta ter\u00e7a-feira (11), as opera\u00e7\u00f5es a\u00e9reas da Voepass, companhia com sede em Ribeir\u00e3o Preto. Segundo o&#8230;<\/p>\n","protected":false},"author":1,"featured_media":63646,"comment_status":"open","ping_status":"open","sticky":false,"template":"","format":"standard","meta":{"advanced_seo_description":"","jetpack_seo_html_title":"","jetpack_seo_noindex":false,"jetpack_post_was_ever_published":false,"_jetpack_newsletter_access":"","_jetpack_dont_email_post_to_subs":false,"_jetpack_newsletter_tier_id":0,"_jetpack_memberships_contains_paywalled_content":false,"_jetpack_memberships_contains_paid_content":false,"footnotes":"","jetpack_publicize_message":"","jetpack_publicize_feature_enabled":true,"jetpack_social_post_already_shared":true,"jetpack_social_options":{"image_generator_settings":{"template":"highway","default_image_id":0,"font":"","enabled":false},"version":2}},"categories":[11],"tags":[],"class_list":["post-64649","post","type-post","status-publish","format-standard","has-post-thumbnail","hentry","category-noticias-de-ribeirao-preto-sp-e-regiao-ismael-colosi"],"jetpack_publicize_connections":[],"jetpack_featured_media_url":"https:\/\/i0.wp.com\/noticiasribeiraopreto.com.br\/wp-content\/uploads\/2025\/02\/voepass_atr-860x573-1_2025-02-18_18-46-18_jpg_2025-02-18_18-46-18.webp.webp?fit=860%2C573&ssl=1","jetpack-related-posts":[{"id":65203,"url":"https:\/\/noticiasribeiraopreto.com.br\/index.php\/2025\/03\/17\/latam-assume-voos-de-ribeirao-preto-para-sao-paulo-a-partir-desta-terca-feira\/","url_meta":{"origin":64649,"position":0},"title":"Latam assume voos de Ribeir\u00e3o Preto para S\u00e3o Paulo a partir desta ter\u00e7a-feira","author":"noticiasribeiraopreto.com.br","date":"17 de March de 2025","format":false,"excerpt":"A Latam Airlines come\u00e7ar\u00e1 a oferecer voos diretos de Ribeir\u00e3o Preto a S\u00e3o Paulo, a partir desta ter\u00e7a-feira (18). A informa\u00e7\u00e3o foi confirmada \u00e0 reportagem pela Rede Voa, concession\u00e1ria respons\u00e1vel pelo aeroporto Leite Lopes. A medida come\u00e7a a valer ap\u00f3s a Anac (Ag\u00eancia Nacional de Avia\u00e7\u00e3o Civil) ter suspendido as\u2026","rel":"","context":"In &quot;Not\u00edcias de Ribeir\u00e3o Preto-SP e Regi\u00e3o&quot;","block_context":{"text":"Not\u00edcias de Ribeir\u00e3o Preto-SP e Regi\u00e3o","link":"https:\/\/noticiasribeiraopreto.com.br\/index.php\/category\/noticias-de-ribeirao-preto-sp-e-regiao-ismael-colosi\/"},"img":{"alt_text":"","src":"https:\/\/i0.wp.com\/noticiasribeiraopreto.com.br\/wp-content\/uploads\/2024\/08\/LATAM_2024-08-07_14-15-51_jpg_2024-08-07_14-15-51.webp.webp?fit=1200%2C800&ssl=1&resize=350%2C200","width":350,"height":200,"srcset":"https:\/\/i0.wp.com\/noticiasribeiraopreto.com.br\/wp-content\/uploads\/2024\/08\/LATAM_2024-08-07_14-15-51_jpg_2024-08-07_14-15-51.webp.webp?fit=1200%2C800&ssl=1&resize=350%2C200 1x, https:\/\/i0.wp.com\/noticiasribeiraopreto.com.br\/wp-content\/uploads\/2024\/08\/LATAM_2024-08-07_14-15-51_jpg_2024-08-07_14-15-51.webp.webp?fit=1200%2C800&ssl=1&resize=525%2C300 1.5x, https:\/\/i0.wp.com\/noticiasribeiraopreto.com.br\/wp-content\/uploads\/2024\/08\/LATAM_2024-08-07_14-15-51_jpg_2024-08-07_14-15-51.webp.webp?fit=1200%2C800&ssl=1&resize=700%2C400 2x, https:\/\/i0.wp.com\/noticiasribeiraopreto.com.br\/wp-content\/uploads\/2024\/08\/LATAM_2024-08-07_14-15-51_jpg_2024-08-07_14-15-51.webp.webp?fit=1200%2C800&ssl=1&resize=1050%2C600 3x"},"classes":[]},{"id":64682,"url":"https:\/\/noticiasribeiraopreto.com.br\/index.php\/2025\/03\/11\/voepass-suspensa-confira-as-orientacoes-da-latam-para-os-clientes-afetados\/","url_meta":{"origin":64649,"position":1},"title":"Voepass suspensa: Confira as orienta\u00e7\u00f5es da Latam para os clientes afetados","author":"noticiasribeiraopreto.com.br","date":"11 de March de 2025","format":false,"excerpt":"A Latam Airlines emitiu uma nota oficial, nesta ter\u00e7a-feira (11), orientando os passageiros afetados pela suspens\u00e3o das opera\u00e7\u00f5es da Voepass, determinada pela Anac (Ag\u00eancia Nacional de Avia\u00e7\u00e3o Civil). De acordo com a Latam, os passageiros que possuem passagens no sistema de codeshare \u2013 acordo entre as companhias que permite a\u2026","rel":"","context":"In &quot;Not\u00edcias de Ribeir\u00e3o Preto-SP e Regi\u00e3o&quot;","block_context":{"text":"Not\u00edcias de Ribeir\u00e3o Preto-SP e Regi\u00e3o","link":"https:\/\/noticiasribeiraopreto.com.br\/index.php\/category\/noticias-de-ribeirao-preto-sp-e-regiao-ismael-colosi\/"},"img":{"alt_text":"","src":"https:\/\/i0.wp.com\/noticiasribeiraopreto.com.br\/wp-content\/uploads\/2025\/03\/WhatsApp-Image-2023-12-19-at-08.41.32.jpeg?fit=1200%2C675&ssl=1&resize=350%2C200","width":350,"height":200,"srcset":"https:\/\/i0.wp.com\/noticiasribeiraopreto.com.br\/wp-content\/uploads\/2025\/03\/WhatsApp-Image-2023-12-19-at-08.41.32.jpeg?fit=1200%2C675&ssl=1&resize=350%2C200 1x, https:\/\/i0.wp.com\/noticiasribeiraopreto.com.br\/wp-content\/uploads\/2025\/03\/WhatsApp-Image-2023-12-19-at-08.41.32.jpeg?fit=1200%2C675&ssl=1&resize=525%2C300 1.5x, https:\/\/i0.wp.com\/noticiasribeiraopreto.com.br\/wp-content\/uploads\/2025\/03\/WhatsApp-Image-2023-12-19-at-08.41.32.jpeg?fit=1200%2C675&ssl=1&resize=700%2C400 2x, https:\/\/i0.wp.com\/noticiasribeiraopreto.com.br\/wp-content\/uploads\/2025\/03\/WhatsApp-Image-2023-12-19-at-08.41.32.jpeg?fit=1200%2C675&ssl=1&resize=1050%2C600 3x"},"classes":[]},{"id":64702,"url":"https:\/\/noticiasribeiraopreto.com.br\/index.php\/2025\/03\/11\/procon-sp-notifica-voepass-sobre-medidas-apos-suspensao-de-voos\/","url_meta":{"origin":64649,"position":2},"title":"Procon-SP notifica Voepass sobre medidas ap\u00f3s suspens\u00e3o de voos","author":"noticiasribeiraopreto.com.br","date":"11 de March de 2025","format":false,"excerpt":"O Procon-SP notificou a Voepass para prestar esclarecimentos sobre o atendimento aos consumidores, ap\u00f3s a Anac (Ag\u00eancia Nacional de Avia\u00e7\u00e3o Civil) suspender as opera\u00e7\u00f5es a\u00e9reas da companhia com sede em Ribeir\u00e3o Preto, por falhas de seguran\u00e7a, a partir desta ter\u00e7a-feira (11). A Latam tamb\u00e9m foi notificada devido ao acordo de\u2026","rel":"","context":"In &quot;Not\u00edcias de Ribeir\u00e3o Preto-SP e Regi\u00e3o&quot;","block_context":{"text":"Not\u00edcias de Ribeir\u00e3o Preto-SP e Regi\u00e3o","link":"https:\/\/noticiasribeiraopreto.com.br\/index.php\/category\/noticias-de-ribeirao-preto-sp-e-regiao-ismael-colosi\/"},"img":{"alt_text":"","src":"https:\/\/i0.wp.com\/noticiasribeiraopreto.com.br\/wp-content\/uploads\/2025\/03\/cccccccccccccc_2025-03-11_19-23-50_jpeg_2025-03-11_19-23-50-e1741721048403.webp.webp?fit=860%2C523&ssl=1&resize=350%2C200","width":350,"height":200,"srcset":"https:\/\/i0.wp.com\/noticiasribeiraopreto.com.br\/wp-content\/uploads\/2025\/03\/cccccccccccccc_2025-03-11_19-23-50_jpeg_2025-03-11_19-23-50-e1741721048403.webp.webp?fit=860%2C523&ssl=1&resize=350%2C200 1x, https:\/\/i0.wp.com\/noticiasribeiraopreto.com.br\/wp-content\/uploads\/2025\/03\/cccccccccccccc_2025-03-11_19-23-50_jpeg_2025-03-11_19-23-50-e1741721048403.webp.webp?fit=860%2C523&ssl=1&resize=525%2C300 1.5x, https:\/\/i0.wp.com\/noticiasribeiraopreto.com.br\/wp-content\/uploads\/2025\/03\/cccccccccccccc_2025-03-11_19-23-50_jpeg_2025-03-11_19-23-50-e1741721048403.webp.webp?fit=860%2C523&ssl=1&resize=700%2C400 2x"},"classes":[]},{"id":64817,"url":"https:\/\/noticiasribeiraopreto.com.br\/index.php\/2025\/03\/12\/saiba-os-direitos-de-passageiros-apos-suspensao-da-voepass\/","url_meta":{"origin":64649,"position":3},"title":"Saiba os direitos de passageiros ap\u00f3s suspens\u00e3o da Voepass","author":"noticiasribeiraopreto.com.br","date":"12 de March de 2025","format":false,"excerpt":"A situa\u00e7\u00e3o dos passageiros da Voepass, que teve as opera\u00e7\u00f5es suspensas nesta ter\u00e7a-feira (11), est\u00e1 sendo monitorada pela Senacon (Secretaria Nacional do Consumidor) do Minist\u00e9rio da Justi\u00e7a e Seguran\u00e7a P\u00fablica, para assegurar que os direitos dos consumidores sejam respeitados.\u00a0 A Senacon recomenda que os passageiros que tiveram os voos cancelados\u2026","rel":"","context":"In &quot;Not\u00edcias de Ribeir\u00e3o Preto-SP e Regi\u00e3o&quot;","block_context":{"text":"Not\u00edcias de Ribeir\u00e3o Preto-SP e Regi\u00e3o","link":"https:\/\/noticiasribeiraopreto.com.br\/index.php\/category\/noticias-de-ribeirao-preto-sp-e-regiao-ismael-colosi\/"},"img":{"alt_text":"","src":"https:\/\/i0.wp.com\/noticiasribeiraopreto.com.br\/wp-content\/uploads\/2025\/03\/voepass-2_2025-03-12_19-30-42_jpg_2025-03-12_19-30-42.webp.webp?fit=1170%2C700&ssl=1&resize=350%2C200","width":350,"height":200,"srcset":"https:\/\/i0.wp.com\/noticiasribeiraopreto.com.br\/wp-content\/uploads\/2025\/03\/voepass-2_2025-03-12_19-30-42_jpg_2025-03-12_19-30-42.webp.webp?fit=1170%2C700&ssl=1&resize=350%2C200 1x, https:\/\/i0.wp.com\/noticiasribeiraopreto.com.br\/wp-content\/uploads\/2025\/03\/voepass-2_2025-03-12_19-30-42_jpg_2025-03-12_19-30-42.webp.webp?fit=1170%2C700&ssl=1&resize=525%2C300 1.5x, https:\/\/i0.wp.com\/noticiasribeiraopreto.com.br\/wp-content\/uploads\/2025\/03\/voepass-2_2025-03-12_19-30-42_jpg_2025-03-12_19-30-42.webp.webp?fit=1170%2C700&ssl=1&resize=700%2C400 2x, https:\/\/i0.wp.com\/noticiasribeiraopreto.com.br\/wp-content\/uploads\/2025\/03\/voepass-2_2025-03-12_19-30-42_jpg_2025-03-12_19-30-42.webp.webp?fit=1170%2C700&ssl=1&resize=1050%2C600 3x"},"classes":[]},{"id":64693,"url":"https:\/\/noticiasribeiraopreto.com.br\/index.php\/2025\/03\/11\/sindicato-diz-que-funcionarios-da-voepass-receberam-proposta-de-rescisao-sem-saber-valores-a-receber\/","url_meta":{"origin":64649,"position":4},"title":"Sindicato diz que funcion\u00e1rios da Voepass receberam proposta de rescis\u00e3o sem saber valores a receber","author":"noticiasribeiraopreto.com.br","date":"11 de March de 2025","format":false,"excerpt":"Pelo menos 12 funcion\u00e1rios da Voepass apresentaram den\u00fancias ao Saesp (Sindicato dos Aerovi\u00e1rios do Estado de S\u00e3o Paulo), alegando que a empresa enviou termos de rescis\u00f5es trabalhistas sem informar os valores a serem pagos. As informa\u00e7\u00f5es foram divulgadas pela entidade nesta ter\u00e7a-feira (11), ap\u00f3s uma reuni\u00e3o de orienta\u00e7\u00e3o aos trabalhadores,\u2026","rel":"","context":"In &quot;Not\u00edcias de Ribeir\u00e3o Preto-SP e Regi\u00e3o&quot;","block_context":{"text":"Not\u00edcias de Ribeir\u00e3o Preto-SP e Regi\u00e3o","link":"https:\/\/noticiasribeiraopreto.com.br\/index.php\/category\/noticias-de-ribeirao-preto-sp-e-regiao-ismael-colosi\/"},"img":{"alt_text":"","src":"https:\/\/i0.wp.com\/noticiasribeiraopreto.com.br\/wp-content\/uploads\/2025\/03\/aviao_voepass_1024x576_03062020103053.jpg?fit=1024%2C682&ssl=1&resize=350%2C200","width":350,"height":200,"srcset":"https:\/\/i0.wp.com\/noticiasribeiraopreto.com.br\/wp-content\/uploads\/2025\/03\/aviao_voepass_1024x576_03062020103053.jpg?fit=1024%2C682&ssl=1&resize=350%2C200 1x, https:\/\/i0.wp.com\/noticiasribeiraopreto.com.br\/wp-content\/uploads\/2025\/03\/aviao_voepass_1024x576_03062020103053.jpg?fit=1024%2C682&ssl=1&resize=525%2C300 1.5x, https:\/\/i0.wp.com\/noticiasribeiraopreto.com.br\/wp-content\/uploads\/2025\/03\/aviao_voepass_1024x576_03062020103053.jpg?fit=1024%2C682&ssl=1&resize=700%2C400 2x"},"classes":[]},{"id":73161,"url":"https:\/\/noticiasribeiraopreto.com.br\/index.php\/2025\/06\/26\/anac-redistribuira-slots-da-voepass\/","url_meta":{"origin":64649,"position":5},"title":"Anac redistribuir\u00e1 slots da Voepass","author":"noticiasribeiraopreto.com.br","date":"26 de June de 2025","format":false,"excerpt":"Depois de cassar definitivamente o Certificado de Operador A\u00e9reo (COA) da Passaredo Transportes A\u00e9reos, principal empresa do grupo Voepass Linhas A\u00e9reas, a Ag\u00eancia Nacional de Avia\u00e7\u00e3o Civil (Anac) determinou a retomada dos 20 slots at\u00e9 ent\u00e3o pertencentes \u00e0 companhia ribeir\u00e3o-pretana no Aeroporto de Congonhas, em S\u00e3o Paulo (SP), e a\u2026","rel":"","context":"In &quot;Not\u00edcias de Ribeir\u00e3o Preto-SP e Regi\u00e3o&quot;","block_context":{"text":"Not\u00edcias de Ribeir\u00e3o Preto-SP e Regi\u00e3o","link":"https:\/\/noticiasribeiraopreto.com.br\/index.php\/category\/noticias-de-ribeirao-preto-sp-e-regiao-ismael-colosi\/"},"img":{"alt_text":"","src":"https:\/\/i0.wp.com\/noticiasribeiraopreto.com.br\/wp-content\/uploads\/2025\/06\/Voepass-Paulo-Pinto-Ag.Br_.jpg?fit=1200%2C627&ssl=1&resize=350%2C200","width":350,"height":200,"srcset":"https:\/\/i0.wp.com\/noticiasribeiraopreto.com.br\/wp-content\/uploads\/2025\/06\/Voepass-Paulo-Pinto-Ag.Br_.jpg?fit=1200%2C627&ssl=1&resize=350%2C200 1x, https:\/\/i0.wp.com\/noticiasribeiraopreto.com.br\/wp-content\/uploads\/2025\/06\/Voepass-Paulo-Pinto-Ag.Br_.jpg?fit=1200%2C627&ssl=1&resize=525%2C300 1.5x, https:\/\/i0.wp.com\/noticiasribeiraopreto.com.br\/wp-content\/uploads\/2025\/06\/Voepass-Paulo-Pinto-Ag.Br_.jpg?fit=1200%2C627&ssl=1&resize=700%2C400 2x, https:\/\/i0.wp.com\/noticiasribeiraopreto.com.br\/wp-content\/uploads\/2025\/06\/Voepass-Paulo-Pinto-Ag.Br_.jpg?fit=1200%2C627&ssl=1&resize=1050%2C600 3x"},"classes":[]}],"jetpack_sharing_enabled":true,"jetpack_shortlink":"https:\/\/wp.me\/peQAOb-gOJ","_links":{"self":[{"href":"https:\/\/noticiasribeiraopreto.com.br\/index.php\/wp-json\/wp\/v2\/posts\/64649","targetHints":{"allow":["GET"]}}],"collection":[{"href":"https:\/\/noticiasribeiraopreto.com.br\/index.php\/wp-json\/wp\/v2\/posts"}],"about":[{"href":"https:\/\/noticiasribeiraopreto.com.br\/index.php\/wp-json\/wp\/v2\/types\/post"}],"author":[{"embeddable":true,"href":"https:\/\/noticiasribeiraopreto.com.br\/index.php\/wp-json\/wp\/v2\/users\/1"}],"replies":[{"embeddable":true,"href":"https:\/\/noticiasribeiraopreto.com.br\/index.php\/wp-json\/wp\/v2\/comments?post=64649"}],"version-history":[{"count":0,"href":"https:\/\/noticiasribeiraopreto.com.br\/index.php\/wp-json\/wp\/v2\/posts\/64649\/revisions"}],"wp:featuredmedia":[{"embeddable":true,"href":"https:\/\/noticiasribeiraopreto.com.br\/index.php\/wp-json\/wp\/v2\/media\/63646"}],"wp:attachment":[{"href":"https:\/\/noticiasribeiraopreto.com.br\/index.php\/wp-json\/wp\/v2\/media?parent=64649"}],"wp:term":[{"taxonomy":"category","embeddable":true,"href":"https:\/\/noticiasribeiraopreto.com.br\/index.php\/wp-json\/wp\/v2\/categories?post=64649"},{"taxonomy":"post_tag","embeddable":true,"href":"https:\/\/noticiasribeiraopreto.com.br\/index.php\/wp-json\/wp\/v2\/tags?post=64649"}],"curies":[{"name":"wp","href":"https:\/\/api.w.org\/{rel}","templated":true}]}}