{"id":64658,"date":"2025-03-11T08:36:40","date_gmt":"2025-03-11T11:36:40","guid":{"rendered":"https:\/\/noticiasribeiraopreto.com.br\/index.php\/2025\/03\/11\/custo-da-cesta-basica-sobe-em-14-capitais-brasileiras-no-mes-de-fevereiro\/"},"modified":"2025-03-11T08:36:40","modified_gmt":"2025-03-11T11:36:40","slug":"custo-da-cesta-basica-sobe-em-14-capitais-brasileiras-no-mes-de-fevereiro","status":"publish","type":"post","link":"https:\/\/noticiasribeiraopreto.com.br\/index.php\/2025\/03\/11\/custo-da-cesta-basica-sobe-em-14-capitais-brasileiras-no-mes-de-fevereiro\/","title":{"rendered":"Custo da Cesta B\u00e1sica Sobe em 14 Capitais Brasileiras no M\u00eas de Fevereiro"},"content":{"rendered":"<div class='code-block code-block-1' style='margin: 8px 0 8px auto; text-align: right; display: block; clear: both;'>\n<p><a href=\"https:\/\/wa.link\/vpicfd\"><img data-recalc-dims=\"1\" class=\"wp-image-4922\" style=\"aspect-ratio: 2.0253164556962027; width: 561px; height: auto;\" src=\"https:\/\/i0.wp.com\/ismaelcolosi.com.br\/wp-content\/uploads\/2023\/11\/grupo-de-empregos-whatsapp-e-facebook-ismael-colosi-vagas.jpg?ssl=1\" alt=\"\" \/><\/a><\/p>\n<!-- \/wp:image -->\n<\/div>\n<p> <br \/>\n<\/p>\n<div>\n<p data-start=\"290\" data-end=\"896\">O Departamento Intersindical de Estat\u00edstica e Estudos Socioecon\u00f4micos (Dieese) divulgou o relat\u00f3rio de fevereiro sobre a cesta b\u00e1sica, apontando alta nos pre\u00e7os em 14 capitais brasileiras. Dentre os itens que mais contribu\u00edram para o aumento est\u00e3o o leite, feij\u00e3o e carnes, refletindo a instabilidade econ\u00f4mica e as varia\u00e7\u00f5es no setor aliment\u00edcio. S\u00e3o Paulo, Rio de Janeiro e Porto Alegre registraram os maiores valores, afetando o or\u00e7amento de fam\u00edlias em todo o pa\u00eds. Segundo o Dieese, a infla\u00e7\u00e3o de alimentos e outros custos essenciais tende a pressionar ainda mais a renda familiar nos pr\u00f3ximos meses.<\/p>\n<p data-start=\"898\" data-end=\"1094\" data-is-last-node=\"\" data-is-only-node=\"\">Este cen\u00e1rio destaca a import\u00e2ncia de pol\u00edticas p\u00fablicas focadas em combater a carestia e promover a seguran\u00e7a alimentar em um momento em que as fam\u00edlias enfrentam maior vulnerabilidade econ\u00f4mica.<\/p>\n<p>&#13;<br \/>\n\t\t\t\t<span class=\"post-views-icon dashicons dashicons-chart-bar\"\/> <span class=\"post-views-label\">Visualiza\u00e7\u00f5es:<\/span> <span class=\"post-views-count\">5<\/span>&#13;\n\t\t\t<\/p>\n<\/p><\/div>\n<p><br \/>\n<br \/><a href=\"https:\/\/folhaderibeirao.com.br\/2025\/03\/11\/custo-da-cesta-basica-sobe-em-14-capitais-brasileiras-no-mes-de-fevereiro\/\">Source link <\/a><\/p>\n<!-- CONTENT END 1 -->\n","protected":false},"excerpt":{"rendered":"<p>O Departamento Intersindical de Estat\u00edstica e Estudos Socioecon\u00f4micos (Dieese) divulgou o relat\u00f3rio de fevereiro sobre a cesta b\u00e1sica, apontando alta nos pre\u00e7os em 14 capitais&#8230;<\/p>\n","protected":false},"author":1,"featured_media":64659,"comment_status":"open","ping_status":"open","sticky":false,"template":"","format":"standard","meta":{"advanced_seo_description":"","jetpack_seo_html_title":"","jetpack_seo_noindex":false,"jetpack_post_was_ever_published":false,"_jetpack_newsletter_access":"","_jetpack_dont_email_post_to_subs":false,"_jetpack_newsletter_tier_id":0,"_jetpack_memberships_contains_paywalled_content":false,"_jetpack_memberships_contains_paid_content":false,"footnotes":"","jetpack_publicize_message":"","jetpack_publicize_feature_enabled":true,"jetpack_social_post_already_shared":true,"jetpack_social_options":{"image_generator_settings":{"template":"highway","default_image_id":0,"font":"","enabled":false},"version":2}},"categories":[11],"tags":[802,1455,3222,801,6262,684,670,1352],"class_list":["post-64658","post","type-post","status-publish","format-standard","has-post-thumbnail","hentry","category-noticias-de-ribeirao-preto-sp-e-regiao-ismael-colosi","tag-basica","tag-brasileiras","tag-capitais","tag-cesta","tag-custo","tag-fevereiro","tag-mes","tag-sobe"],"jetpack_publicize_connections":[],"jetpack_featured_media_url":"https:\/\/i0.wp.com\/noticiasribeiraopreto.com.br\/wp-content\/uploads\/2025\/03\/vinhos_vac_abr_2907221153.webp.webp?fit=1170%2C700&ssl=1","jetpack-related-posts":[{"id":25831,"url":"https:\/\/noticiasribeiraopreto.com.br\/index.php\/2024\/01\/08\/dieese-preco-da-cesta-basica-diminuiu-em-15-capitais-em-12-meses\/","url_meta":{"origin":64658,"position":0},"title":"pre\u00e7o da cesta b\u00e1sica diminuiu em 15 capitais em 12 meses \u2013 Folha de Ribeir\u00e3o","author":"noticiasribeiraopreto.com.br","date":"8 de January de 2024","format":false,"excerpt":"O valor da cesta b\u00e1sica diminuiu em 15 capitais em 2023. As principais redu\u00e7\u00f5es acumuladas no per\u00edodo de 12 meses, entre dezembro de 2022 e no mesmo m\u00eas do ano passado, foram registradas em Campo Grande (-6,25%), Belo Horizonte (-5,75%), Vit\u00f3ria (-5,48%), Goi\u00e2nia (-5,01%) e Natal (-4,84%). J\u00e1 as taxas\u2026","rel":"","context":"In &quot;Not\u00edcias de Ribeir\u00e3o Preto-SP e Regi\u00e3o&quot;","block_context":{"text":"Not\u00edcias de Ribeir\u00e3o Preto-SP e Regi\u00e3o","link":"https:\/\/noticiasribeiraopreto.com.br\/index.php\/category\/noticias-de-ribeirao-preto-sp-e-regiao-ismael-colosi\/"},"img":{"alt_text":"","src":"","width":0,"height":0},"classes":[]},{"id":26721,"url":"https:\/\/noticiasribeiraopreto.com.br\/index.php\/2024\/01\/10\/cesta-basica-recua-em-15-de-17-capitais-2\/","url_meta":{"origin":64658,"position":1},"title":"Cesta b\u00e1sica recua em 15 de 17 capitais \u00a0","author":"noticiasribeiraopreto.com.br","date":"10 de January de 2024","format":false,"excerpt":"O valor da cesta b\u00e1sica encerrou o ano passado em queda em 15 das 17 capitais pesquisadas pelo Departamento Intersindical de Estat\u00edsticas e Estudos Socioecon\u00f4micos (Dieese). S\u00f3 Bel\u00e9m (PA) e Porto Alegre (RS) caminharam na contram\u00e3o das demais no per\u00edodo, com altas de 0,94% e 0,12%, respectivamente.Campo Grande (MS) liderou\u2026","rel":"","context":"In &quot;Not\u00edcias de Ribeir\u00e3o Preto-SP e Regi\u00e3o&quot;","block_context":{"text":"Not\u00edcias de Ribeir\u00e3o Preto-SP e Regi\u00e3o","link":"https:\/\/noticiasribeiraopreto.com.br\/index.php\/category\/noticias-de-ribeirao-preto-sp-e-regiao-ismael-colosi\/"},"img":{"alt_text":"","src":"https:\/\/i0.wp.com\/noticiasribeiraopreto.com.br\/wp-content\/uploads\/2024\/01\/Cesta-Geraldo-Bubniak-AEN-1-scaled.jpg?fit=1000%2C598&ssl=1&resize=350%2C200","width":350,"height":200,"srcset":"https:\/\/i0.wp.com\/noticiasribeiraopreto.com.br\/wp-content\/uploads\/2024\/01\/Cesta-Geraldo-Bubniak-AEN-1-scaled.jpg?fit=1000%2C598&ssl=1&resize=350%2C200 1x, https:\/\/i0.wp.com\/noticiasribeiraopreto.com.br\/wp-content\/uploads\/2024\/01\/Cesta-Geraldo-Bubniak-AEN-1-scaled.jpg?fit=1000%2C598&ssl=1&resize=525%2C300 1.5x, https:\/\/i0.wp.com\/noticiasribeiraopreto.com.br\/wp-content\/uploads\/2024\/01\/Cesta-Geraldo-Bubniak-AEN-1-scaled.jpg?fit=1000%2C598&ssl=1&resize=700%2C400 2x"},"classes":[]},{"id":11967,"url":"https:\/\/noticiasribeiraopreto.com.br\/index.php\/2023\/12\/07\/alimentos-mais-caros-elevam-preco-da-cesta-basica-em-nove-capitais-segundo-o-dieese-2\/","url_meta":{"origin":64658,"position":2},"title":"Alimentos mais caros elevam pre\u00e7o da cesta b\u00e1sica em nove capitais, segundo o Dieese","author":"noticiasribeiraopreto.com.br","date":"7 de December de 2023","format":false,"excerpt":"Nova Pesquisa Nacional da Cesta B\u00e1sica de Alimentos, realizada pelo DIEESE (Departamento Intersindical de Estat\u00edstica e Estudos Socioecon\u00f4micos), revelou um aumento nos custos para adquirir alimentos b\u00e1sicos em nove das 17 capitais pesquisadas em novembro. Essa eleva\u00e7\u00e3o impactou diretamente o pre\u00e7o da cesta b\u00e1sica, afetando o or\u00e7amento familiar em diversas\u2026","rel":"","context":"In &quot;Vagas de Emprego em Ribeir\u00e3o Preto-SP&quot;","block_context":{"text":"Vagas de Emprego em Ribeir\u00e3o Preto-SP","link":"https:\/\/noticiasribeiraopreto.com.br\/index.php\/category\/empregos-classificados-vagas-trabalho\/vagas-de-empregos-em-ribeirao-preto-regiao-brasil\/"},"img":{"alt_text":"","src":"https:\/\/i0.wp.com\/noticiasribeiraopreto.com.br\/wp-content\/uploads\/2023\/12\/produtos-cesta-basica-freepik.jpg?fit=1200%2C675&ssl=1&resize=350%2C200","width":350,"height":200,"srcset":"https:\/\/i0.wp.com\/noticiasribeiraopreto.com.br\/wp-content\/uploads\/2023\/12\/produtos-cesta-basica-freepik.jpg?fit=1200%2C675&ssl=1&resize=350%2C200 1x, https:\/\/i0.wp.com\/noticiasribeiraopreto.com.br\/wp-content\/uploads\/2023\/12\/produtos-cesta-basica-freepik.jpg?fit=1200%2C675&ssl=1&resize=525%2C300 1.5x, https:\/\/i0.wp.com\/noticiasribeiraopreto.com.br\/wp-content\/uploads\/2023\/12\/produtos-cesta-basica-freepik.jpg?fit=1200%2C675&ssl=1&resize=700%2C400 2x, https:\/\/i0.wp.com\/noticiasribeiraopreto.com.br\/wp-content\/uploads\/2023\/12\/produtos-cesta-basica-freepik.jpg?fit=1200%2C675&ssl=1&resize=1050%2C600 3x"},"classes":[]},{"id":13063,"url":"https:\/\/noticiasribeiraopreto.com.br\/index.php\/2023\/12\/09\/veja-a-capital-com-a-cesta-basica-mais-cara-do-pais-em-novembro\/","url_meta":{"origin":64658,"position":3},"title":"Veja a capital com a cesta b\u00e1sica mais cara do pa\u00eds em novembro","author":"noticiasribeiraopreto.com.br","date":"9 de December de 2023","format":false,"excerpt":"A cesta b\u00e1sica ficou mais cara na maioria dos locais pesquisados pelo Departamento Intersindical de Estat\u00edstica e Estudos Socioecon\u00f4micos (Dieese) em novembro, ap\u00f3s meses de queda. Significa que os brasileiros tiveram que gastar um pouco mais para comprar alimentos no m\u00eas passado, pelo menos em boa parte do pa\u00eds. De\u2026","rel":"","context":"In &quot;Vagas de Emprego em Ribeir\u00e3o Preto-SP&quot;","block_context":{"text":"Vagas de Emprego em Ribeir\u00e3o Preto-SP","link":"https:\/\/noticiasribeiraopreto.com.br\/index.php\/category\/empregos-classificados-vagas-trabalho\/vagas-de-empregos-em-ribeirao-preto-regiao-brasil\/"},"img":{"alt_text":"","src":"https:\/\/i0.wp.com\/noticiasribeiraopreto.com.br\/wp-content\/uploads\/2023\/12\/noticiasconcursos.com_.br-veja-a-capital-com-a-cesta-basica-mais-cara-do-pais-em-novembro-inflacao-reproducao-cni-750x430.jpg?fit=750%2C430&ssl=1&resize=350%2C200","width":350,"height":200,"srcset":"https:\/\/i0.wp.com\/noticiasribeiraopreto.com.br\/wp-content\/uploads\/2023\/12\/noticiasconcursos.com_.br-veja-a-capital-com-a-cesta-basica-mais-cara-do-pais-em-novembro-inflacao-reproducao-cni-750x430.jpg?fit=750%2C430&ssl=1&resize=350%2C200 1x, https:\/\/i0.wp.com\/noticiasribeiraopreto.com.br\/wp-content\/uploads\/2023\/12\/noticiasconcursos.com_.br-veja-a-capital-com-a-cesta-basica-mais-cara-do-pais-em-novembro-inflacao-reproducao-cni-750x430.jpg?fit=750%2C430&ssl=1&resize=525%2C300 1.5x, https:\/\/i0.wp.com\/noticiasribeiraopreto.com.br\/wp-content\/uploads\/2023\/12\/noticiasconcursos.com_.br-veja-a-capital-com-a-cesta-basica-mais-cara-do-pais-em-novembro-inflacao-reproducao-cni-750x430.jpg?fit=750%2C430&ssl=1&resize=700%2C400 2x"},"classes":[]},{"id":81961,"url":"https:\/\/noticiasribeiraopreto.com.br\/index.php\/2026\/01\/31\/cesta-basica-sobe-e-atinge-r-73101\/","url_meta":{"origin":64658,"position":4},"title":"Cesta b\u00e1sica sobe e atinge R$ 731,01","author":"noticiasribeiraopreto.com.br","date":"31 de January de 2026","format":false,"excerpt":"O pre\u00e7o da cesta b\u00e1sica de alimentos essenciais nos mercados de Ribeir\u00e3o Preto avan\u00e7ou 0,97% em janeiro, terceira alta seguida \u2013 subiu 0,47% em dezembro e 2,10% em novembro, ap\u00f3s sequ\u00eancia de cinco quedas consecutivas: 0,55% em outubro, 1,91% em setembro, 1,46% em agosto, 1,64% em julho e 1,87% em\u2026","rel":"","context":"In &quot;Not\u00edcias de Ribeir\u00e3o Preto-SP e Regi\u00e3o&quot;","block_context":{"text":"Not\u00edcias de Ribeir\u00e3o Preto-SP e Regi\u00e3o","link":"https:\/\/noticiasribeiraopreto.com.br\/index.php\/category\/noticias-de-ribeirao-preto-sp-e-regiao-ismael-colosi\/"},"img":{"alt_text":"","src":"https:\/\/i0.wp.com\/noticiasribeiraopreto.com.br\/wp-content\/uploads\/2026\/01\/CestaRP-Canva-01-scaled.jpg?fit=1200%2C618&ssl=1&resize=350%2C200","width":350,"height":200,"srcset":"https:\/\/i0.wp.com\/noticiasribeiraopreto.com.br\/wp-content\/uploads\/2026\/01\/CestaRP-Canva-01-scaled.jpg?fit=1200%2C618&ssl=1&resize=350%2C200 1x, https:\/\/i0.wp.com\/noticiasribeiraopreto.com.br\/wp-content\/uploads\/2026\/01\/CestaRP-Canva-01-scaled.jpg?fit=1200%2C618&ssl=1&resize=525%2C300 1.5x, https:\/\/i0.wp.com\/noticiasribeiraopreto.com.br\/wp-content\/uploads\/2026\/01\/CestaRP-Canva-01-scaled.jpg?fit=1200%2C618&ssl=1&resize=700%2C400 2x, https:\/\/i0.wp.com\/noticiasribeiraopreto.com.br\/wp-content\/uploads\/2026\/01\/CestaRP-Canva-01-scaled.jpg?fit=1200%2C618&ssl=1&resize=1050%2C600 3x"},"classes":[]},{"id":61892,"url":"https:\/\/noticiasribeiraopreto.com.br\/index.php\/2024\/12\/26\/cesta-basica-em-ribeirao-chega-ao-maior-valor-de-2024-veja-o-motivo\/","url_meta":{"origin":64658,"position":5},"title":"Cesta b\u00e1sica em Ribeir\u00e3o chega ao maior valor de 2024; veja o motivo","author":"noticiasribeiraopreto.com.br","date":"26 de December de 2024","format":false,"excerpt":"Em dezembro de 2024, o custo da cesta b\u00e1sica em Ribeir\u00e3o Preto atingiu R$ 739,25, marcando um aumento de 2,03% em rela\u00e7\u00e3o ao m\u00eas anterior. Esse \u00edndice, que corresponde \u00e0 maior eleva\u00e7\u00e3o mensal do ano, foi impulsionado principalmente pela alta de itens como caf\u00e9 em p\u00f3, banana nanica e a\u00e7\u00facar\u2026","rel":"","context":"In &quot;Not\u00edcias de Ribeir\u00e3o Preto-SP e Regi\u00e3o&quot;","block_context":{"text":"Not\u00edcias de Ribeir\u00e3o Preto-SP e Regi\u00e3o","link":"https:\/\/noticiasribeiraopreto.com.br\/index.php\/category\/noticias-de-ribeirao-preto-sp-e-regiao-ismael-colosi\/"},"img":{"alt_text":"","src":"https:\/\/i0.wp.com\/noticiasribeiraopreto.com.br\/wp-content\/uploads\/2024\/12\/Copia-de-Copia-de-Copia-de-TAMANHO-EXATO-PARA-FOTOS-NO-SISTEMA-NOVO-2024-12-26T200641.653_2024-12-26_23-06-56_png_2024-12-26_23-06-56.webp.webp?fit=1200%2C675&ssl=1&resize=350%2C200","width":350,"height":200,"srcset":"https:\/\/i0.wp.com\/noticiasribeiraopreto.com.br\/wp-content\/uploads\/2024\/12\/Copia-de-Copia-de-Copia-de-TAMANHO-EXATO-PARA-FOTOS-NO-SISTEMA-NOVO-2024-12-26T200641.653_2024-12-26_23-06-56_png_2024-12-26_23-06-56.webp.webp?fit=1200%2C675&ssl=1&resize=350%2C200 1x, https:\/\/i0.wp.com\/noticiasribeiraopreto.com.br\/wp-content\/uploads\/2024\/12\/Copia-de-Copia-de-Copia-de-TAMANHO-EXATO-PARA-FOTOS-NO-SISTEMA-NOVO-2024-12-26T200641.653_2024-12-26_23-06-56_png_2024-12-26_23-06-56.webp.webp?fit=1200%2C675&ssl=1&resize=525%2C300 1.5x, https:\/\/i0.wp.com\/noticiasribeiraopreto.com.br\/wp-content\/uploads\/2024\/12\/Copia-de-Copia-de-Copia-de-TAMANHO-EXATO-PARA-FOTOS-NO-SISTEMA-NOVO-2024-12-26T200641.653_2024-12-26_23-06-56_png_2024-12-26_23-06-56.webp.webp?fit=1200%2C675&ssl=1&resize=700%2C400 2x, https:\/\/i0.wp.com\/noticiasribeiraopreto.com.br\/wp-content\/uploads\/2024\/12\/Copia-de-Copia-de-Copia-de-TAMANHO-EXATO-PARA-FOTOS-NO-SISTEMA-NOVO-2024-12-26T200641.653_2024-12-26_23-06-56_png_2024-12-26_23-06-56.webp.webp?fit=1200%2C675&ssl=1&resize=1050%2C600 3x"},"classes":[]}],"jetpack_sharing_enabled":true,"jetpack_shortlink":"https:\/\/wp.me\/peQAOb-gOS","_links":{"self":[{"href":"https:\/\/noticiasribeiraopreto.com.br\/index.php\/wp-json\/wp\/v2\/posts\/64658","targetHints":{"allow":["GET"]}}],"collection":[{"href":"https:\/\/noticiasribeiraopreto.com.br\/index.php\/wp-json\/wp\/v2\/posts"}],"about":[{"href":"https:\/\/noticiasribeiraopreto.com.br\/index.php\/wp-json\/wp\/v2\/types\/post"}],"author":[{"embeddable":true,"href":"https:\/\/noticiasribeiraopreto.com.br\/index.php\/wp-json\/wp\/v2\/users\/1"}],"replies":[{"embeddable":true,"href":"https:\/\/noticiasribeiraopreto.com.br\/index.php\/wp-json\/wp\/v2\/comments?post=64658"}],"version-history":[{"count":0,"href":"https:\/\/noticiasribeiraopreto.com.br\/index.php\/wp-json\/wp\/v2\/posts\/64658\/revisions"}],"wp:featuredmedia":[{"embeddable":true,"href":"https:\/\/noticiasribeiraopreto.com.br\/index.php\/wp-json\/wp\/v2\/media\/64659"}],"wp:attachment":[{"href":"https:\/\/noticiasribeiraopreto.com.br\/index.php\/wp-json\/wp\/v2\/media?parent=64658"}],"wp:term":[{"taxonomy":"category","embeddable":true,"href":"https:\/\/noticiasribeiraopreto.com.br\/index.php\/wp-json\/wp\/v2\/categories?post=64658"},{"taxonomy":"post_tag","embeddable":true,"href":"https:\/\/noticiasribeiraopreto.com.br\/index.php\/wp-json\/wp\/v2\/tags?post=64658"}],"curies":[{"name":"wp","href":"https:\/\/api.w.org\/{rel}","templated":true}]}}