{"id":64731,"date":"2025-03-11T22:46:06","date_gmt":"2025-03-12T01:46:06","guid":{"rendered":"https:\/\/noticiasribeiraopreto.com.br\/index.php\/2025\/03\/11\/camara-aprova-o-fevereiro-roxo-para-conscientizacao-e-prevencao-de-lupus-fibromialgia-e-alzheimer\/"},"modified":"2025-03-11T22:46:06","modified_gmt":"2025-03-12T01:46:06","slug":"camara-aprova-o-fevereiro-roxo-para-conscientizacao-e-prevencao-de-lupus-fibromialgia-e-alzheimer","status":"publish","type":"post","link":"https:\/\/noticiasribeiraopreto.com.br\/index.php\/2025\/03\/11\/camara-aprova-o-fevereiro-roxo-para-conscientizacao-e-prevencao-de-lupus-fibromialgia-e-alzheimer\/","title":{"rendered":"C\u00e2mara aprova o \u201cFevereiro Roxo\u201d para conscientiza\u00e7\u00e3o e preven\u00e7\u00e3o de L\u00fapus, Fibromialgia e Alzheimer"},"content":{"rendered":"<div class='code-block code-block-1' style='margin: 8px 0 8px auto; text-align: right; display: block; clear: both;'>\n<p><a href=\"https:\/\/wa.link\/vpicfd\"><img data-recalc-dims=\"1\" class=\"wp-image-4922\" style=\"aspect-ratio: 2.0253164556962027; width: 561px; height: auto;\" src=\"https:\/\/i0.wp.com\/ismaelcolosi.com.br\/wp-content\/uploads\/2023\/11\/grupo-de-empregos-whatsapp-e-facebook-ismael-colosi-vagas.jpg?ssl=1\" alt=\"\" \/><\/a><\/p>\n<!-- \/wp:image -->\n<\/div>\n<p> <br \/>\n<\/p>\n<div>\n<p data-start=\"262\" data-end=\"698\">Na Sess\u00e3o Ordin\u00e1ria do \u00faltimo dia 18 de fevereiro, a C\u00e2mara Municipal de Ribeir\u00e3o Preto aprovou o Projeto de Lei do vereador Maur\u00edcio Gasparini (Uni\u00e3o), instituindo a Campanha \u201cFevereiro Roxo\u201d. A proposta visa conscientizar a popula\u00e7\u00e3o sobre a preven\u00e7\u00e3o e tratamento de tr\u00eas doen\u00e7as s\u00e9rias: L\u00fapus, Fibromialgia e Alzheimer. O m\u00eas de fevereiro ser\u00e1 marcado por palestras, atividades de apoio e orienta\u00e7\u00e3o aos pacientes e seus familiares.<\/p>\n<p data-start=\"700\" data-end=\"1309\">Essas doen\u00e7as, que afetam milhares de pessoas em todo o pa\u00eds, muitas vezes n\u00e3o s\u00e3o diagnosticadas de forma precoce, o que pode prejudicar a qualidade de vida dos portadores. O L\u00fapus, uma doen\u00e7a autoimune, provoca inflama\u00e7\u00f5es que podem acometer articula\u00e7\u00f5es, pele e outros \u00f3rg\u00e3os, sendo mais comum em mulheres. J\u00e1 a Fibromialgia \u00e9 uma condi\u00e7\u00e3o que causa dor cr\u00f4nica generalizada e fadiga, impactando diretamente na capacidade de realiza\u00e7\u00e3o das atividades cotidianas. O Mal de Alzheimer, por sua vez, \u00e9 uma condi\u00e7\u00e3o neurodegenerativa que provoca a perda de mem\u00f3ria e fun\u00e7\u00f5es cognitivas, especialmente em idosos.<\/p>\n<p data-start=\"1311\" data-end=\"1704\">O objetivo da campanha \u00e9 n\u00e3o s\u00f3 divulgar informa\u00e7\u00f5es sobre essas doen\u00e7as, mas tamb\u00e9m sensibilizar a popula\u00e7\u00e3o para a import\u00e2ncia de um diagn\u00f3stico precoce e do suporte cont\u00ednuo aos pacientes. Segundo Gasparini, a falta de conhecimento sobre essas condi\u00e7\u00f5es dificulta o acesso a tratamentos adequados, por isso a cria\u00e7\u00e3o do \u201cFevereiro Roxo\u201d \u00e9 um marco importante para a sa\u00fade p\u00fablica da cidade.<\/p>\n<p data-start=\"1706\" data-end=\"1914\" data-is-last-node=\"\" data-is-only-node=\"\">Al\u00e9m das a\u00e7\u00f5es de conscientiza\u00e7\u00e3o, ser\u00e3o realizadas parcerias com institui\u00e7\u00f5es de sa\u00fade para oferecer suporte e acompanhamento m\u00e9dico, visando melhorar a qualidade de vida de quem convive com essas condi\u00e7\u00f5es.<\/p>\n<p>&#13;<br \/>\n\t\t\t\t<span class=\"post-views-icon dashicons dashicons-chart-bar\"\/> <span class=\"post-views-label\">Visualiza\u00e7\u00f5es:<\/span> <span class=\"post-views-count\">10<\/span>&#13;\n\t\t\t<\/p>\n<\/p><\/div>\n<p><br \/>\n<br \/><a href=\"https:\/\/folhaderibeirao.com.br\/2025\/03\/11\/camara-aprova-o-fevereiro-roxo-para-conscientizacao-e-prevencao-de-lupus-fibromialgia-e-alzheimer\/\">Source link <\/a><\/p>\n<!-- CONTENT END 1 -->\n","protected":false},"excerpt":{"rendered":"<p>Na Sess\u00e3o Ordin\u00e1ria do \u00faltimo dia 18 de fevereiro, a C\u00e2mara Municipal de Ribeir\u00e3o Preto aprovou o Projeto de Lei do vereador Maur\u00edcio Gasparini (Uni\u00e3o),&#8230;<\/p>\n","protected":false},"author":1,"featured_media":64732,"comment_status":"open","ping_status":"open","sticky":false,"template":"","format":"standard","meta":{"advanced_seo_description":"","jetpack_seo_html_title":"","jetpack_seo_noindex":false,"jetpack_post_was_ever_published":false,"_jetpack_newsletter_access":"","_jetpack_dont_email_post_to_subs":false,"_jetpack_newsletter_tier_id":0,"_jetpack_memberships_contains_paywalled_content":false,"_jetpack_memberships_contains_paid_content":false,"footnotes":"","jetpack_publicize_message":"","jetpack_publicize_feature_enabled":true,"jetpack_social_post_already_shared":true,"jetpack_social_options":{"image_generator_settings":{"template":"highway","default_image_id":0,"font":"","enabled":false},"version":2}},"categories":[11],"tags":[4820,155,154,4985,684,6175,6266,71,1444,6265],"class_list":["post-64731","post","type-post","status-publish","format-standard","has-post-thumbnail","hentry","category-noticias-de-ribeirao-preto-sp-e-regiao-ismael-colosi","tag-alzheimer","tag-aprova","tag-camara","tag-conscientizacao","tag-fevereiro","tag-fibromialgia","tag-lupus","tag-para","tag-prevencao","tag-roxo"],"jetpack_publicize_connections":[],"jetpack_featured_media_url":"https:\/\/i0.wp.com\/noticiasribeiraopreto.com.br\/wp-content\/uploads\/2025\/03\/sessao_ordinaria_18022025_foto_thaisa_coroado-04-scaled.jpg?fit=2560%2C1707&ssl=1","jetpack-related-posts":[{"id":63641,"url":"https:\/\/noticiasribeiraopreto.com.br\/index.php\/2025\/02\/18\/fibromialgia-como-a-doenca-pode-afetar-o-bem-estar-emocional\/","url_meta":{"origin":64731,"position":0},"title":"Fibromialgia: como a doen\u00e7a pode afetar o bem-estar emocional?","author":"noticiasribeiraopreto.com.br","date":"18 de February de 2025","format":false,"excerpt":"Conviver diariamente com dor cr\u00f4nica \u00e9 um desafio que vai al\u00e9m do aspecto f\u00edsico. O sofrimento rotineiro, muitas vezes invis\u00edvel para os outros, tamb\u00e9m impacta profundamente a sa\u00fade mental de quem o enfrenta. \u00c9 assim com quem sofre de fibromialgia, uma condi\u00e7\u00e3o ainda cercada por incompreens\u00e3o e desinforma\u00e7\u00e3o. Al\u00e9m de\u2026","rel":"","context":"In &quot;Not\u00edcias de Ribeir\u00e3o Preto-SP e Regi\u00e3o&quot;","block_context":{"text":"Not\u00edcias de Ribeir\u00e3o Preto-SP e Regi\u00e3o","link":"https:\/\/noticiasribeiraopreto.com.br\/index.php\/category\/noticias-de-ribeirao-preto-sp-e-regiao-ismael-colosi\/"},"img":{"alt_text":"","src":"https:\/\/i0.wp.com\/noticiasribeiraopreto.com.br\/wp-content\/uploads\/2025\/02\/Imagem-do-WhatsApp-de-2025-02-18-as-12.10.42_fdd6849c.jpg?fit=1200%2C800&ssl=1&resize=350%2C200","width":350,"height":200,"srcset":"https:\/\/i0.wp.com\/noticiasribeiraopreto.com.br\/wp-content\/uploads\/2025\/02\/Imagem-do-WhatsApp-de-2025-02-18-as-12.10.42_fdd6849c.jpg?fit=1200%2C800&ssl=1&resize=350%2C200 1x, https:\/\/i0.wp.com\/noticiasribeiraopreto.com.br\/wp-content\/uploads\/2025\/02\/Imagem-do-WhatsApp-de-2025-02-18-as-12.10.42_fdd6849c.jpg?fit=1200%2C800&ssl=1&resize=525%2C300 1.5x, https:\/\/i0.wp.com\/noticiasribeiraopreto.com.br\/wp-content\/uploads\/2025\/02\/Imagem-do-WhatsApp-de-2025-02-18-as-12.10.42_fdd6849c.jpg?fit=1200%2C800&ssl=1&resize=700%2C400 2x, https:\/\/i0.wp.com\/noticiasribeiraopreto.com.br\/wp-content\/uploads\/2025\/02\/Imagem-do-WhatsApp-de-2025-02-18-as-12.10.42_fdd6849c.jpg?fit=1200%2C800&ssl=1&resize=1050%2C600 3x"},"classes":[]},{"id":59793,"url":"https:\/\/noticiasribeiraopreto.com.br\/index.php\/2024\/10\/30\/camara-de-ribeirao-preto-aprova-programa-para-prevencao-e-seguranca-na-saude-dos-servidores-municipais\/","url_meta":{"origin":64731,"position":1},"title":"C\u00e2mara de Ribeir\u00e3o Preto Aprova Programa para Preven\u00e7\u00e3o e Seguran\u00e7a na Sa\u00fade dos Servidores Municipais","author":"noticiasribeiraopreto.com.br","date":"30 de October de 2024","format":false,"excerpt":"A C\u00e2mara Municipal de Ribeir\u00e3o Preto aprovou, em sess\u00e3o recente, um projeto de lei que institui o Programa de Preven\u00e7\u00e3o e Seguran\u00e7a da Sa\u00fade do Servidor. Esse programa visa promover a sa\u00fade e o bem-estar dos servidores municipais, al\u00e9m de garantir melhores condi\u00e7\u00f5es de trabalho e prote\u00e7\u00e3o contra riscos ocupacionais.\u2026","rel":"","context":"In &quot;Not\u00edcias de Ribeir\u00e3o Preto-SP e Regi\u00e3o&quot;","block_context":{"text":"Not\u00edcias de Ribeir\u00e3o Preto-SP e Regi\u00e3o","link":"https:\/\/noticiasribeiraopreto.com.br\/index.php\/category\/noticias-de-ribeirao-preto-sp-e-regiao-ismael-colosi\/"},"img":{"alt_text":"","src":"https:\/\/i0.wp.com\/noticiasribeiraopreto.com.br\/wp-content\/uploads\/2024\/10\/1730288743_DSC7400-scaled.jpg?fit=1200%2C800&ssl=1&resize=350%2C200","width":350,"height":200,"srcset":"https:\/\/i0.wp.com\/noticiasribeiraopreto.com.br\/wp-content\/uploads\/2024\/10\/1730288743_DSC7400-scaled.jpg?fit=1200%2C800&ssl=1&resize=350%2C200 1x, https:\/\/i0.wp.com\/noticiasribeiraopreto.com.br\/wp-content\/uploads\/2024\/10\/1730288743_DSC7400-scaled.jpg?fit=1200%2C800&ssl=1&resize=525%2C300 1.5x, https:\/\/i0.wp.com\/noticiasribeiraopreto.com.br\/wp-content\/uploads\/2024\/10\/1730288743_DSC7400-scaled.jpg?fit=1200%2C800&ssl=1&resize=700%2C400 2x, https:\/\/i0.wp.com\/noticiasribeiraopreto.com.br\/wp-content\/uploads\/2024\/10\/1730288743_DSC7400-scaled.jpg?fit=1200%2C800&ssl=1&resize=1050%2C600 3x"},"classes":[]},{"id":59787,"url":"https:\/\/noticiasribeiraopreto.com.br\/index.php\/2024\/10\/30\/utm_sourcerssutm_mediumrssutm_campaigncamara-de-ribeirao-preto-aprova-programa-para-prevencao-e-seguranca-na-saude-dos-servidores-municipais\/","url_meta":{"origin":64731,"position":2},"title":"C\u00e2mara de Ribeir\u00e3o Preto Aprova Programa para Preven\u00e7\u00e3o e Seguran\u00e7a na Sa\u00fade dos Servidores Municipais","author":"noticiasribeiraopreto.com.br","date":"30 de October de 2024","format":false,"excerpt":"A C\u00e2mara Municipal de Ribeir\u00e3o Preto aprovou, em sess\u00e3o recente, um projeto de lei que institui o Programa de Preven\u00e7\u00e3o e Seguran\u00e7a da Sa\u00fade do Servidor. Esse programa visa promover a sa\u00fade e o bem-estar dos servidores municipais, al\u00e9m de garantir melhores condi\u00e7\u00f5es de trabalho e prote\u00e7\u00e3o contra riscos ocupacionais.\u2026","rel":"","context":"In &quot;Not\u00edcias de Ribeir\u00e3o Preto-SP e Regi\u00e3o&quot;","block_context":{"text":"Not\u00edcias de Ribeir\u00e3o Preto-SP e Regi\u00e3o","link":"https:\/\/noticiasribeiraopreto.com.br\/index.php\/category\/noticias-de-ribeirao-preto-sp-e-regiao-ismael-colosi\/"},"img":{"alt_text":"","src":"https:\/\/i0.wp.com\/noticiasribeiraopreto.com.br\/wp-content\/uploads\/2024\/10\/DSC7400-scaled.jpg?fit=1200%2C800&ssl=1&resize=350%2C200","width":350,"height":200,"srcset":"https:\/\/i0.wp.com\/noticiasribeiraopreto.com.br\/wp-content\/uploads\/2024\/10\/DSC7400-scaled.jpg?fit=1200%2C800&ssl=1&resize=350%2C200 1x, https:\/\/i0.wp.com\/noticiasribeiraopreto.com.br\/wp-content\/uploads\/2024\/10\/DSC7400-scaled.jpg?fit=1200%2C800&ssl=1&resize=525%2C300 1.5x, https:\/\/i0.wp.com\/noticiasribeiraopreto.com.br\/wp-content\/uploads\/2024\/10\/DSC7400-scaled.jpg?fit=1200%2C800&ssl=1&resize=700%2C400 2x, https:\/\/i0.wp.com\/noticiasribeiraopreto.com.br\/wp-content\/uploads\/2024\/10\/DSC7400-scaled.jpg?fit=1200%2C800&ssl=1&resize=1050%2C600 3x"},"classes":[]},{"id":68222,"url":"https:\/\/noticiasribeiraopreto.com.br\/index.php\/2025\/04\/23\/anvisa-aprova-medicamento-que-pode-retardar-o-alzheimer\/","url_meta":{"origin":64731,"position":3},"title":"Anvisa aprova medicamento que pode retardar o Alzheimer","author":"noticiasribeiraopreto.com.br","date":"23 de April de 2025","format":false,"excerpt":"23 de abril de 2025 14:3023 de abril de 2025 08:408 Compartilhar0 Foi aprovado pela Anvisa, a Ag\u00eancia Nacional de Vigil\u00e2ncia Sanit\u00e1ria, um medicamento que pode retardar em muitos casos a doen\u00e7a de Alzheimer, se tratada no est\u00e1gio inicial. Com o nome comercial de kinsula, o donanemabe, da farmac\u00eautica Eli\u2026","rel":"","context":"In &quot;Not\u00edcias de Ribeir\u00e3o Preto-SP e Regi\u00e3o&quot;","block_context":{"text":"Not\u00edcias de Ribeir\u00e3o Preto-SP e Regi\u00e3o","link":"https:\/\/noticiasribeiraopreto.com.br\/index.php\/category\/noticias-de-ribeirao-preto-sp-e-regiao-ismael-colosi\/"},"img":{"alt_text":"","src":"https:\/\/i0.wp.com\/noticiasribeiraopreto.com.br\/wp-content\/uploads\/2025\/04\/e8c9b8a8-5bec-4674-bff5-e09ef11c4ca4.jpg?fit=1170%2C700&ssl=1&resize=350%2C200","width":350,"height":200,"srcset":"https:\/\/i0.wp.com\/noticiasribeiraopreto.com.br\/wp-content\/uploads\/2025\/04\/e8c9b8a8-5bec-4674-bff5-e09ef11c4ca4.jpg?fit=1170%2C700&ssl=1&resize=350%2C200 1x, https:\/\/i0.wp.com\/noticiasribeiraopreto.com.br\/wp-content\/uploads\/2025\/04\/e8c9b8a8-5bec-4674-bff5-e09ef11c4ca4.jpg?fit=1170%2C700&ssl=1&resize=525%2C300 1.5x, https:\/\/i0.wp.com\/noticiasribeiraopreto.com.br\/wp-content\/uploads\/2025\/04\/e8c9b8a8-5bec-4674-bff5-e09ef11c4ca4.jpg?fit=1170%2C700&ssl=1&resize=700%2C400 2x, https:\/\/i0.wp.com\/noticiasribeiraopreto.com.br\/wp-content\/uploads\/2025\/04\/e8c9b8a8-5bec-4674-bff5-e09ef11c4ca4.jpg?fit=1170%2C700&ssl=1&resize=1050%2C600 3x"},"classes":[]},{"id":6975,"url":"https:\/\/noticiasribeiraopreto.com.br\/index.php\/2023\/11\/27\/esses-12-sinais-revelam-uma-doenca-que-causa-dor-insuportavel-e-incapacitante-voce-nao-pode-ignora-los\/","url_meta":{"origin":64731,"position":4},"title":"Esses 12 sinais revelam uma doen\u00e7a que causa dor insuport\u00e1vel e incapacitante; voc\u00ea N\u00c3O pode ignor\u00e1-los","author":"noticiasribeiraopreto.com.br","date":"27 de November de 2023","format":false,"excerpt":"Muitas pessoas desconhecem os sinais e sintomas dessa doen\u00e7a que afeta diretamente a musculatura causando dor insuport\u00e1vel e que pode deixar a pessoa incapacitada, com dificuldade de manter sua rotina di\u00e1ria, seus afazeres dom\u00e9sticos e at\u00e9 mesmo tendo a necessidade de se afastar temporariamente ou de forma definitiva do trabalho.\u00c9\u2026","rel":"","context":"In &quot;Blog&quot;","block_context":{"text":"Blog","link":"https:\/\/noticiasribeiraopreto.com.br\/index.php\/category\/blog\/"},"img":{"alt_text":"","src":"https:\/\/i0.wp.com\/noticiasribeiraopreto.com.br\/wp-content\/uploads\/2023\/11\/postimg-6564a2722e4292379.jpg?fit=1200%2C628&ssl=1&resize=350%2C200","width":350,"height":200,"srcset":"https:\/\/i0.wp.com\/noticiasribeiraopreto.com.br\/wp-content\/uploads\/2023\/11\/postimg-6564a2722e4292379.jpg?fit=1200%2C628&ssl=1&resize=350%2C200 1x, https:\/\/i0.wp.com\/noticiasribeiraopreto.com.br\/wp-content\/uploads\/2023\/11\/postimg-6564a2722e4292379.jpg?fit=1200%2C628&ssl=1&resize=525%2C300 1.5x, https:\/\/i0.wp.com\/noticiasribeiraopreto.com.br\/wp-content\/uploads\/2023\/11\/postimg-6564a2722e4292379.jpg?fit=1200%2C628&ssl=1&resize=700%2C400 2x, https:\/\/i0.wp.com\/noticiasribeiraopreto.com.br\/wp-content\/uploads\/2023\/11\/postimg-6564a2722e4292379.jpg?fit=1200%2C628&ssl=1&resize=1050%2C600 3x"},"classes":[]},{"id":82756,"url":"https:\/\/noticiasribeiraopreto.com.br\/index.php\/2026\/02\/25\/camara-aprova-abertura-de-investigacao-contra-lincoln-fernandes\/","url_meta":{"origin":64731,"position":5},"title":"C\u00e2mara aprova abertura de investiga\u00e7\u00e3o contra Lincoln Fernandes","author":"noticiasribeiraopreto.com.br","date":"25 de February de 2026","format":false,"excerpt":"\r \r \r 25 de fevereiro de 2026 19:58 \r Compartilhar0 Parlamentar \u00e9 acusado, por mun\u00edcipe, de pr\u00e1tica de rachadinha em seu gabinete Os vereadores de Ribeir\u00e3o Preto aprovaram, nesta quarta-feira, 25 de fevereiro, por unanimidade, a abertura de processo de investiga\u00e7\u00e3o contra o vereador Lincoln Fernandes (PL), por suposta\u2026","rel":"","context":"In &quot;Not\u00edcias de Ribeir\u00e3o Preto-SP e Regi\u00e3o&quot;","block_context":{"text":"Not\u00edcias de Ribeir\u00e3o Preto-SP e Regi\u00e3o","link":"https:\/\/noticiasribeiraopreto.com.br\/index.php\/category\/noticias-de-ribeirao-preto-sp-e-regiao-ismael-colosi\/"},"img":{"alt_text":"","src":"https:\/\/i0.wp.com\/noticiasribeiraopreto.com.br\/wp-content\/uploads\/2026\/02\/WhatsApp-Image-2026-02-25-at-19.20.04-scaled.jpeg?fit=1200%2C554&ssl=1&resize=350%2C200","width":350,"height":200,"srcset":"https:\/\/i0.wp.com\/noticiasribeiraopreto.com.br\/wp-content\/uploads\/2026\/02\/WhatsApp-Image-2026-02-25-at-19.20.04-scaled.jpeg?fit=1200%2C554&ssl=1&resize=350%2C200 1x, https:\/\/i0.wp.com\/noticiasribeiraopreto.com.br\/wp-content\/uploads\/2026\/02\/WhatsApp-Image-2026-02-25-at-19.20.04-scaled.jpeg?fit=1200%2C554&ssl=1&resize=525%2C300 1.5x, https:\/\/i0.wp.com\/noticiasribeiraopreto.com.br\/wp-content\/uploads\/2026\/02\/WhatsApp-Image-2026-02-25-at-19.20.04-scaled.jpeg?fit=1200%2C554&ssl=1&resize=700%2C400 2x, https:\/\/i0.wp.com\/noticiasribeiraopreto.com.br\/wp-content\/uploads\/2026\/02\/WhatsApp-Image-2026-02-25-at-19.20.04-scaled.jpeg?fit=1200%2C554&ssl=1&resize=1050%2C600 3x"},"classes":[]}],"jetpack_sharing_enabled":true,"jetpack_shortlink":"https:\/\/wp.me\/peQAOb-gQ3","_links":{"self":[{"href":"https:\/\/noticiasribeiraopreto.com.br\/index.php\/wp-json\/wp\/v2\/posts\/64731","targetHints":{"allow":["GET"]}}],"collection":[{"href":"https:\/\/noticiasribeiraopreto.com.br\/index.php\/wp-json\/wp\/v2\/posts"}],"about":[{"href":"https:\/\/noticiasribeiraopreto.com.br\/index.php\/wp-json\/wp\/v2\/types\/post"}],"author":[{"embeddable":true,"href":"https:\/\/noticiasribeiraopreto.com.br\/index.php\/wp-json\/wp\/v2\/users\/1"}],"replies":[{"embeddable":true,"href":"https:\/\/noticiasribeiraopreto.com.br\/index.php\/wp-json\/wp\/v2\/comments?post=64731"}],"version-history":[{"count":0,"href":"https:\/\/noticiasribeiraopreto.com.br\/index.php\/wp-json\/wp\/v2\/posts\/64731\/revisions"}],"wp:featuredmedia":[{"embeddable":true,"href":"https:\/\/noticiasribeiraopreto.com.br\/index.php\/wp-json\/wp\/v2\/media\/64732"}],"wp:attachment":[{"href":"https:\/\/noticiasribeiraopreto.com.br\/index.php\/wp-json\/wp\/v2\/media?parent=64731"}],"wp:term":[{"taxonomy":"category","embeddable":true,"href":"https:\/\/noticiasribeiraopreto.com.br\/index.php\/wp-json\/wp\/v2\/categories?post=64731"},{"taxonomy":"post_tag","embeddable":true,"href":"https:\/\/noticiasribeiraopreto.com.br\/index.php\/wp-json\/wp\/v2\/tags?post=64731"}],"curies":[{"name":"wp","href":"https:\/\/api.w.org\/{rel}","templated":true}]}}