{"id":64737,"date":"2025-03-11T23:25:24","date_gmt":"2025-03-12T02:25:24","guid":{"rendered":"https:\/\/noticiasribeiraopreto.com.br\/index.php\/2025\/03\/11\/votacao-sobre-escola-civico-militar-acontece-na-proxima-semana-veja-as-datas\/"},"modified":"2025-03-11T23:25:24","modified_gmt":"2025-03-12T02:25:24","slug":"votacao-sobre-escola-civico-militar-acontece-na-proxima-semana-veja-as-datas","status":"publish","type":"post","link":"https:\/\/noticiasribeiraopreto.com.br\/index.php\/2025\/03\/11\/votacao-sobre-escola-civico-militar-acontece-na-proxima-semana-veja-as-datas\/","title":{"rendered":"Vota\u00e7\u00e3o sobre escola c\u00edvico-militar acontece na pr\u00f3xima semana; Veja as datas"},"content":{"rendered":"<p> <br \/>\n<\/p>\n<div>\n<p>Acontece na pr\u00f3xima semana, entre os dias 17 e 31 de mar\u00e7o, a <strong>consulta p\u00fablica <\/strong>para que a popula\u00e7\u00e3o opine sobre a <strong>implanta\u00e7\u00e3o de escolas c\u00edvico-militares<\/strong> na rede p\u00fablica estadual.<\/p>\n<p>A vota\u00e7\u00e3o havia sido anunciada para acontecer entre esta segunda-feira (10) e o dia 24 mar\u00e7o, de forma on-line, atrav\u00e9s do site da <a href=\"https:\/\/sed.educacao.sp.gov.br\/\">SED (Secretaria Escolar Digital)<\/a>. A consulta p\u00fablica, no entanto, foi adiada.<\/p>\n<p>Conforme o <a href=\"https:\/\/www.doe.sp.gov.br\/executivo\/secretaria-da-educacao\/edital-seduc-n-1-2025-de-27-de-fevereiro-de-2025-20250228132116920385\">edital publicado em 28 de fevereiro de 2025<\/a>, a <strong>escola estadual Doutor Guimar\u00e3es J\u00fanior<\/strong>, em <strong>Ribeir\u00e3o Preto<\/strong>, que havia desistido de aderir o programa no ano passado, <mark style=\"background-color:#fcb900\" class=\"has-inline-color\">ter\u00e1 novamente consulta sobre a ades\u00e3o.<\/mark><\/p>\n<p>A reportagem procurou a <strong>Seduc-SP (Secretaria de Educa\u00e7\u00e3o do Estado de S\u00e3o Paulo)<\/strong> para entender o motivo da escola ter voltado atr\u00e1s da decis\u00e3o, mas at\u00e9 a publica\u00e7\u00e3o deste material, n\u00e3o obteve um retorno.<\/p>\n<p>Ap\u00f3s a consulta p\u00fablica, <strong>at\u00e9 100 unidades educacionais da rede estadual de S\u00e3o Paulo <\/strong>poder\u00e3o fazer parte do <strong>programa c\u00edvico-militar<\/strong> a partir do segundo semestre de 2025. A divulga\u00e7\u00e3o oficial das escolas contempladas ser\u00e1 feita at\u00e9 15 de abril. <\/p>\n<h2 class=\"wp-block-heading\"><strong>Quem pode participar da consulta p\u00fablica?<\/strong><\/h2>\n<ul class=\"wp-block-list\">\n<li>M\u00e3e, pai ou respons\u00e1vel pelos alunos menores de 16 anos de idade;<\/li>\n<\/ul>\n<ul class=\"wp-block-list\">\n<li>Estudantes a partir de 16 anos de idade, ou seus familiares, em caso de absten\u00e7\u00e3o de alunos dessa faixa et\u00e1ria;<\/li>\n<\/ul>\n<ul class=\"wp-block-list\">\n<li>Professores e outros profissionais da equipe escolar.<\/li>\n<\/ul>\n<h3 class=\"wp-block-heading\"><strong>Sindicato \u00e9 contra a ades\u00e3o<\/strong><\/h3>\n<p>Ainda nesta ter\u00e7a-feira, a subsede de Ribeir\u00e3o Preto da <strong>APEOESP (Sindicato dos Professores do Ensino Oficial do Estado de S\u00e3o Paulo) <\/strong>esteve na reuni\u00e3o de pais da escola que receber\u00e1 a consulta, para dialogar com os pais de alunos e professores contra a implementa\u00e7\u00e3o do projeto.<\/p>\n<div class=\"wp-block-image\">\n<figure class=\"aligncenter size-large is-resized\"><img data-recalc-dims=\"1\" fetchpriority=\"high\" decoding=\"async\" width=\"1024\" height=\"576\" src=\"https:\/\/i0.wp.com\/www.acidadeon.com\/ribeiraopreto\/wp-content\/uploads\/sites\/3\/2025\/03\/WhatsApp-Image-2025-03-11-at-20.20.49_2025-03-12_01-44-01_jpeg_2025-03-12_01-44-01-1024x576.webp?resize=1024%2C576&#038;ssl=1\" alt=\"\" class=\"wp-image-110308\" style=\"width:627px;height:auto\" srcset=\"https:\/\/www.acidadeon.com\/ribeiraopreto\/wp-content\/uploads\/sites\/3\/2025\/03\/WhatsApp-Image-2025-03-11-at-20.20.49_2025-03-12_01-44-01_jpeg_2025-03-12_01-44-01-1024x576.webp 1024w, https:\/\/www.acidadeon.com\/ribeiraopreto\/wp-content\/uploads\/sites\/3\/2025\/03\/WhatsApp-Image-2025-03-11-at-20.20.49_2025-03-12_01-44-01_jpeg_2025-03-12_01-44-01-300x169.webp 300w, https:\/\/www.acidadeon.com\/ribeiraopreto\/wp-content\/uploads\/sites\/3\/2025\/03\/WhatsApp-Image-2025-03-11-at-20.20.49_2025-03-12_01-44-01_jpeg_2025-03-12_01-44-01-768x432.webp 768w, https:\/\/www.acidadeon.com\/ribeiraopreto\/wp-content\/uploads\/sites\/3\/2025\/03\/WhatsApp-Image-2025-03-11-at-20.20.49_2025-03-12_01-44-01_jpeg_2025-03-12_01-44-01-1536x864.webp 1536w, https:\/\/www.acidadeon.com\/ribeiraopreto\/wp-content\/uploads\/sites\/3\/2025\/03\/WhatsApp-Image-2025-03-11-at-20.20.49_2025-03-12_01-44-01_jpeg_2025-03-12_01-44-01-696x392.webp 696w, https:\/\/www.acidadeon.com\/ribeiraopreto\/wp-content\/uploads\/sites\/3\/2025\/03\/WhatsApp-Image-2025-03-11-at-20.20.49_2025-03-12_01-44-01_jpeg_2025-03-12_01-44-01-1068x601.webp 1068w, https:\/\/www.acidadeon.com\/ribeiraopreto\/wp-content\/uploads\/sites\/3\/2025\/03\/WhatsApp-Image-2025-03-11-at-20.20.49_2025-03-12_01-44-01_jpeg_2025-03-12_01-44-01.webp 1600w\" sizes=\"(max-width: 1024px) 100vw, 1024px\"\/><figcaption class=\"wp-element-caption\">Foto: divulga\u00e7\u00e3o<\/figcaption><\/figure>\n<\/div>\n<hr class=\"wp-block-separator has-alpha-channel-opacity\"\/>\n<p>SAIBA MAIS<\/p>\n<p>C\u00e2mara barra pedido de cassa\u00e7\u00e3o contra vereador em Ribeir\u00e3o Preto; Entenda<\/p>\n<p><strong>FIQUE ON<\/strong><\/p>\n<p>Fique ligado em tudo que acontece em Ribeir\u00e3o Preto e regi\u00e3o. Siga os perfis do<strong>\u00a0acidade on<\/strong>\u00a0no\u00a0<a href=\"https:\/\/www.instagram.com\/acidadeonribeirao\">Instagram<\/a>\u00a0e no\u00a0<a href=\"https:\/\/www.facebook.com\/acidadeonribeirao\/\">Facebook<\/a>.<\/p>\n<p>Receba not\u00edcias do<strong>\u00a0acidade on\u00a0<\/strong>no WhatsApp.\u00a0<a href=\"https:\/\/chat.whatsapp.com\/BjKQZ9oJwlz8VVT50NuePq\">Para entrar no grupo, basta clicar aqui.<\/a><\/p>\n<p>Fa\u00e7a uma den\u00fancia ou sugira uma reportagem sobre Ribeir\u00e3o Preto e regi\u00e3o pelo WhatsApp: 16 99117 7802.<\/p>\n<p>VEJA TAMB\u00c9M\u200b<\/p>\n<p>Quem foi eliminado do BBB 25 nesta ter\u00e7a-feira?<\/p>\n<p><!-- CONTENT END 1 -->\n<\/div>\n<p><script async src=\"\/\/www.instagram.com\/embed.js\"><\/script><br \/>\n<br \/><br \/>\n<br \/><a href=\"https:\/\/www.acidadeon.com\/ribeiraopreto\/politica\/votacao-sobre-escola-civico-militar-acontece-na-proxima-semana-veja-as-datas\/\">Source link <\/a><\/p>\n","protected":false},"excerpt":{"rendered":"<p>Acontece na pr\u00f3xima semana, entre os dias 17 e 31 de mar\u00e7o, a consulta p\u00fablica para que a popula\u00e7\u00e3o opine sobre a implanta\u00e7\u00e3o de escolas&#8230;<\/p>\n","protected":false},"author":1,"featured_media":64738,"comment_status":"open","ping_status":"open","sticky":false,"template":"","format":"standard","meta":{"advanced_seo_description":"","jetpack_seo_html_title":"","jetpack_seo_noindex":false,"jetpack_post_was_ever_published":false,"_jetpack_newsletter_access":"","_jetpack_dont_email_post_to_subs":false,"_jetpack_newsletter_tier_id":0,"_jetpack_memberships_contains_paywalled_content":false,"_jetpack_memberships_contains_paid_content":false,"footnotes":"","jetpack_publicize_message":"","jetpack_publicize_feature_enabled":true,"jetpack_social_post_already_shared":true,"jetpack_social_options":{"image_generator_settings":{"template":"highway","default_image_id":0,"font":"","enabled":false},"version":2}},"categories":[11],"tags":[],"class_list":["post-64737","post","type-post","status-publish","format-standard","has-post-thumbnail","hentry","category-noticias-de-ribeirao-preto-sp-e-regiao-ismael-colosi"],"jetpack_publicize_connections":[],"jetpack_featured_media_url":"https:\/\/i0.wp.com\/noticiasribeiraopreto.com.br\/wp-content\/uploads\/2025\/03\/fatec-educacao-provao-paulista-provas-1024x683-1_2025-03-12_01-52-18_jpg_2025-03-12_01-52-18.webp.webp?fit=1024%2C683&ssl=1","jetpack-related-posts":[{"id":63721,"url":"https:\/\/noticiasribeiraopreto.com.br\/index.php\/2025\/02\/19\/saiba-quando-sera-implantado-o-programa-das-escolas-civico-militares-em-sp\/","url_meta":{"origin":64737,"position":0},"title":"Saiba quando ser\u00e1 implantado o programa das escolas c\u00edvico-militares em SP","author":"noticiasribeiraopreto.com.br","date":"19 de February de 2025","format":false,"excerpt":"A implanta\u00e7\u00e3o do programa de escolas c\u00edvico-militares est\u00e1 programada para come\u00e7ar no segundo semestre de 2025, segundo a Secretaria Estadual de Educa\u00e7\u00e3o de S\u00e3o Paulo. De 24 de fevereiro a 7 de mar\u00e7o, diretores das 300 escolas interessadas ir\u00e3o apresentar o programa \u00e0 comunidade escolar. Na regi\u00e3o de Ribeir\u00e3o Preto,\u2026","rel":"","context":"In &quot;Not\u00edcias de Ribeir\u00e3o Preto-SP e Regi\u00e3o&quot;","block_context":{"text":"Not\u00edcias de Ribeir\u00e3o Preto-SP e Regi\u00e3o","link":"https:\/\/noticiasribeiraopreto.com.br\/index.php\/category\/noticias-de-ribeirao-preto-sp-e-regiao-ismael-colosi\/"},"img":{"alt_text":"","src":"https:\/\/i0.wp.com\/noticiasribeiraopreto.com.br\/wp-content\/uploads\/2025\/02\/Copia-de-Copia-de-Copia-de-TAMANHO-EXATO-PARA-FOTOS-NO-SISTEMA-NOVO-2025-02-19T201221.502_2025-02-19_23-16-08_png_2025-02-19_23-16-08.webp.webp?fit=1200%2C675&ssl=1&resize=350%2C200","width":350,"height":200,"srcset":"https:\/\/i0.wp.com\/noticiasribeiraopreto.com.br\/wp-content\/uploads\/2025\/02\/Copia-de-Copia-de-Copia-de-TAMANHO-EXATO-PARA-FOTOS-NO-SISTEMA-NOVO-2025-02-19T201221.502_2025-02-19_23-16-08_png_2025-02-19_23-16-08.webp.webp?fit=1200%2C675&ssl=1&resize=350%2C200 1x, https:\/\/i0.wp.com\/noticiasribeiraopreto.com.br\/wp-content\/uploads\/2025\/02\/Copia-de-Copia-de-Copia-de-TAMANHO-EXATO-PARA-FOTOS-NO-SISTEMA-NOVO-2025-02-19T201221.502_2025-02-19_23-16-08_png_2025-02-19_23-16-08.webp.webp?fit=1200%2C675&ssl=1&resize=525%2C300 1.5x, https:\/\/i0.wp.com\/noticiasribeiraopreto.com.br\/wp-content\/uploads\/2025\/02\/Copia-de-Copia-de-Copia-de-TAMANHO-EXATO-PARA-FOTOS-NO-SISTEMA-NOVO-2025-02-19T201221.502_2025-02-19_23-16-08_png_2025-02-19_23-16-08.webp.webp?fit=1200%2C675&ssl=1&resize=700%2C400 2x, https:\/\/i0.wp.com\/noticiasribeiraopreto.com.br\/wp-content\/uploads\/2025\/02\/Copia-de-Copia-de-Copia-de-TAMANHO-EXATO-PARA-FOTOS-NO-SISTEMA-NOVO-2025-02-19T201221.502_2025-02-19_23-16-08_png_2025-02-19_23-16-08.webp.webp?fit=1200%2C675&ssl=1&resize=1050%2C600 3x"},"classes":[]},{"id":64782,"url":"https:\/\/noticiasribeiraopreto.com.br\/index.php\/2025\/03\/12\/veja-qual-e-a-escola-de-ribeirao-preto-que-pode-aderir-ao-programa-de-ensino-civico-militar\/","url_meta":{"origin":64737,"position":1},"title":"Veja qual \u00e9 a escola de Ribeir\u00e3o Preto que pode aderir ao programa de ensino c\u00edvico-militar","author":"noticiasribeiraopreto.com.br","date":"12 de March de 2025","format":false,"excerpt":"A Seduc-SP (Secretaria de Educa\u00e7\u00e3o do Estado de S\u00e3o Paulo) anunciou que uma escola de Ribeir\u00e3o Preto ter\u00e1 consulta sobre a ades\u00e3o do programa do ensino c\u00edvico-militar. A vota\u00e7\u00e3o acontece na pr\u00f3xima semana, entre os dias 17 e 31 de mar\u00e7o, de forma on-line, atrav\u00e9s do site da SED (Secretaria\u2026","rel":"","context":"In &quot;Not\u00edcias de Ribeir\u00e3o Preto-SP e Regi\u00e3o&quot;","block_context":{"text":"Not\u00edcias de Ribeir\u00e3o Preto-SP e Regi\u00e3o","link":"https:\/\/noticiasribeiraopreto.com.br\/index.php\/category\/noticias-de-ribeirao-preto-sp-e-regiao-ismael-colosi\/"},"img":{"alt_text":"","src":"https:\/\/i0.wp.com\/noticiasribeiraopreto.com.br\/wp-content\/uploads\/2024\/07\/escola-civico-militar-ribeirao-preto_2024-07-18_20-35-09_jpg_2024-07-18_20-35-10.webp.webp?fit=1020%2C766&ssl=1&resize=350%2C200","width":350,"height":200,"srcset":"https:\/\/i0.wp.com\/noticiasribeiraopreto.com.br\/wp-content\/uploads\/2024\/07\/escola-civico-militar-ribeirao-preto_2024-07-18_20-35-09_jpg_2024-07-18_20-35-10.webp.webp?fit=1020%2C766&ssl=1&resize=350%2C200 1x, https:\/\/i0.wp.com\/noticiasribeiraopreto.com.br\/wp-content\/uploads\/2024\/07\/escola-civico-militar-ribeirao-preto_2024-07-18_20-35-09_jpg_2024-07-18_20-35-10.webp.webp?fit=1020%2C766&ssl=1&resize=525%2C300 1.5x, https:\/\/i0.wp.com\/noticiasribeiraopreto.com.br\/wp-content\/uploads\/2024\/07\/escola-civico-militar-ribeirao-preto_2024-07-18_20-35-09_jpg_2024-07-18_20-35-10.webp.webp?fit=1020%2C766&ssl=1&resize=700%2C400 2x"},"classes":[]},{"id":65089,"url":"https:\/\/noticiasribeiraopreto.com.br\/index.php\/2025\/03\/15\/escola-de-ribeirao-preto-passa-por-consulta-sobre-ensino-civico-militar-a-partir-de-segunda\/","url_meta":{"origin":64737,"position":2},"title":"Escola de Ribeir\u00e3o Preto passa por consulta sobre ensino c\u00edvico-militar a partir de segunda","author":"noticiasribeiraopreto.com.br","date":"15 de March de 2025","format":false,"excerpt":"Come\u00e7a na pr\u00f3xima segunda-feira (17) uma consulta p\u00fablica sobre ado\u00e7\u00e3o do ensino c\u00edvico-militar na escola estadual Guimar\u00e3es J\u00fanior, no Centro de Ribeir\u00e3o Preto. Nessa etapa, alunos, pais e respons\u00e1veis e equipes escolares devem opinar sobre a implanta\u00e7\u00e3o a partir do segundo semestre deste ano. A consulta ser\u00e1 feita nas escolas\u2026","rel":"","context":"In &quot;Not\u00edcias de Ribeir\u00e3o Preto-SP e Regi\u00e3o&quot;","block_context":{"text":"Not\u00edcias de Ribeir\u00e3o Preto-SP e Regi\u00e3o","link":"https:\/\/noticiasribeiraopreto.com.br\/index.php\/category\/noticias-de-ribeirao-preto-sp-e-regiao-ismael-colosi\/"},"img":{"alt_text":"","src":"https:\/\/i0.wp.com\/noticiasribeiraopreto.com.br\/wp-content\/uploads\/2025\/03\/escola-civico-militar_2024-07-18_12-55-44_jpg_2024-07-18_12-55-45.webp.webp?fit=1170%2C700&ssl=1&resize=350%2C200","width":350,"height":200,"srcset":"https:\/\/i0.wp.com\/noticiasribeiraopreto.com.br\/wp-content\/uploads\/2025\/03\/escola-civico-militar_2024-07-18_12-55-44_jpg_2024-07-18_12-55-45.webp.webp?fit=1170%2C700&ssl=1&resize=350%2C200 1x, https:\/\/i0.wp.com\/noticiasribeiraopreto.com.br\/wp-content\/uploads\/2025\/03\/escola-civico-militar_2024-07-18_12-55-44_jpg_2024-07-18_12-55-45.webp.webp?fit=1170%2C700&ssl=1&resize=525%2C300 1.5x, https:\/\/i0.wp.com\/noticiasribeiraopreto.com.br\/wp-content\/uploads\/2025\/03\/escola-civico-militar_2024-07-18_12-55-44_jpg_2024-07-18_12-55-45.webp.webp?fit=1170%2C700&ssl=1&resize=700%2C400 2x, https:\/\/i0.wp.com\/noticiasribeiraopreto.com.br\/wp-content\/uploads\/2025\/03\/escola-civico-militar_2024-07-18_12-55-44_jpg_2024-07-18_12-55-45.webp.webp?fit=1170%2C700&ssl=1&resize=1050%2C600 3x"},"classes":[]},{"id":67554,"url":"https:\/\/noticiasribeiraopreto.com.br\/index.php\/2025\/04\/15\/escola-de-ribeirao-preto-fica-fora-da-lista-de-adesao-ao-ensino-civico-militar-apos-2a-consulta\/","url_meta":{"origin":64737,"position":3},"title":"Escola de Ribeir\u00e3o Preto fica fora da lista de ades\u00e3o ao ensino c\u00edvico-militar ap\u00f3s 2\u00aa consulta","author":"noticiasribeiraopreto.com.br","date":"15 de April de 2025","format":false,"excerpt":"A escola estadual Guimar\u00e3es J\u00fanior, no Centro de Ribeir\u00e3o Preto, ficou fora da lista de ades\u00e3o ao ensino c\u00edvico-militar ap\u00f3s a 2\u00aa consulta realizada pela Secretaria da Educa\u00e7\u00e3o. Nesta ter\u00e7a-feira (15), o governo paulista publicou uma lista com 35 unidades que optaram por aderir ao modelo ap\u00f3s nova vota\u00e7\u00e3o \u2013\u2026","rel":"","context":"In &quot;Not\u00edcias de Ribeir\u00e3o Preto-SP e Regi\u00e3o&quot;","block_context":{"text":"Not\u00edcias de Ribeir\u00e3o Preto-SP e Regi\u00e3o","link":"https:\/\/noticiasribeiraopreto.com.br\/index.php\/category\/noticias-de-ribeirao-preto-sp-e-regiao-ismael-colosi\/"},"img":{"alt_text":"","src":"https:\/\/i0.wp.com\/noticiasribeiraopreto.com.br\/wp-content\/uploads\/2024\/08\/WhatsApp-Image-2024-08-06-at-11.09.39_2024-08-07_11-54-13_jpeg_2024-08-07_11-54-13.webp.webp?fit=1119%2C648&ssl=1&resize=350%2C200","width":350,"height":200,"srcset":"https:\/\/i0.wp.com\/noticiasribeiraopreto.com.br\/wp-content\/uploads\/2024\/08\/WhatsApp-Image-2024-08-06-at-11.09.39_2024-08-07_11-54-13_jpeg_2024-08-07_11-54-13.webp.webp?fit=1119%2C648&ssl=1&resize=350%2C200 1x, https:\/\/i0.wp.com\/noticiasribeiraopreto.com.br\/wp-content\/uploads\/2024\/08\/WhatsApp-Image-2024-08-06-at-11.09.39_2024-08-07_11-54-13_jpeg_2024-08-07_11-54-13.webp.webp?fit=1119%2C648&ssl=1&resize=525%2C300 1.5x, https:\/\/i0.wp.com\/noticiasribeiraopreto.com.br\/wp-content\/uploads\/2024\/08\/WhatsApp-Image-2024-08-06-at-11.09.39_2024-08-07_11-54-13_jpeg_2024-08-07_11-54-13.webp.webp?fit=1119%2C648&ssl=1&resize=700%2C400 2x, https:\/\/i0.wp.com\/noticiasribeiraopreto.com.br\/wp-content\/uploads\/2024\/08\/WhatsApp-Image-2024-08-06-at-11.09.39_2024-08-07_11-54-13_jpeg_2024-08-07_11-54-13.webp.webp?fit=1119%2C648&ssl=1&resize=1050%2C600 3x"},"classes":[]},{"id":66396,"url":"https:\/\/noticiasribeiraopreto.com.br\/index.php\/2025\/03\/31\/escola-de-ribeirao-preto-passara-por-nova-consulta-sobre-ensino-civico-militar\/","url_meta":{"origin":64737,"position":4},"title":"Escola de Ribeir\u00e3o Preto passar\u00e1 por nova consulta sobre ensino c\u00edvico-militar","author":"noticiasribeiraopreto.com.br","date":"31 de March de 2025","format":false,"excerpt":"A escola estadual Doutor Guimar\u00e3es J\u00fanior, no Centro de Ribeir\u00e3o Preto, passar\u00e1 por uma nova consulta p\u00fablica sobre a ades\u00e3o ou n\u00e3o do ensino c\u00edvico-militar. De acordo com a Secretaria da Educa\u00e7\u00e3o de S\u00e3o Paulo, a nova chamada se deve ao fato da primeira consulta n\u00e3o ter atingido o qu\u00f3rum\u2026","rel":"","context":"In &quot;Not\u00edcias de Ribeir\u00e3o Preto-SP e Regi\u00e3o&quot;","block_context":{"text":"Not\u00edcias de Ribeir\u00e3o Preto-SP e Regi\u00e3o","link":"https:\/\/noticiasribeiraopreto.com.br\/index.php\/category\/noticias-de-ribeirao-preto-sp-e-regiao-ismael-colosi\/"},"img":{"alt_text":"","src":"https:\/\/i0.wp.com\/noticiasribeiraopreto.com.br\/wp-content\/uploads\/2024\/08\/WhatsApp-Image-2024-08-06-at-11.09.39_2024-08-07_11-54-13_jpeg_2024-08-07_11-54-13.webp.webp?fit=1119%2C648&ssl=1&resize=350%2C200","width":350,"height":200,"srcset":"https:\/\/i0.wp.com\/noticiasribeiraopreto.com.br\/wp-content\/uploads\/2024\/08\/WhatsApp-Image-2024-08-06-at-11.09.39_2024-08-07_11-54-13_jpeg_2024-08-07_11-54-13.webp.webp?fit=1119%2C648&ssl=1&resize=350%2C200 1x, https:\/\/i0.wp.com\/noticiasribeiraopreto.com.br\/wp-content\/uploads\/2024\/08\/WhatsApp-Image-2024-08-06-at-11.09.39_2024-08-07_11-54-13_jpeg_2024-08-07_11-54-13.webp.webp?fit=1119%2C648&ssl=1&resize=525%2C300 1.5x, https:\/\/i0.wp.com\/noticiasribeiraopreto.com.br\/wp-content\/uploads\/2024\/08\/WhatsApp-Image-2024-08-06-at-11.09.39_2024-08-07_11-54-13_jpeg_2024-08-07_11-54-13.webp.webp?fit=1119%2C648&ssl=1&resize=700%2C400 2x, https:\/\/i0.wp.com\/noticiasribeiraopreto.com.br\/wp-content\/uploads\/2024\/08\/WhatsApp-Image-2024-08-06-at-11.09.39_2024-08-07_11-54-13_jpeg_2024-08-07_11-54-13.webp.webp?fit=1119%2C648&ssl=1&resize=1050%2C600 3x"},"classes":[]},{"id":65377,"url":"https:\/\/noticiasribeiraopreto.com.br\/index.php\/2025\/03\/19\/camara-realiza-reuniao-publica-para-discutir-escolas-civico-militares-em-ribeirao-preto\/","url_meta":{"origin":64737,"position":5},"title":"C\u00e2mara realiza reuni\u00e3o p\u00fablica para discutir escolas c\u00edvico-militares em Ribeir\u00e3o Preto","author":"noticiasribeiraopreto.com.br","date":"19 de March de 2025","format":false,"excerpt":"A C\u00e2mara de Ribeir\u00e3o Preto realiza, na pr\u00f3xima segunda-feira (24), uma reuni\u00e3o p\u00fablica para discutir a implanta\u00e7\u00e3o das escolas c\u00edvico-militares. A reuni\u00e3o acontece a partir das 19h, no plen\u00e1rio do Legislativo. Na \u00faltima segunda-feira (17), teve in\u00edcio uma consulta publicada sobre a ado\u00e7\u00e3o do modelo na escola estadual Guimar\u00e3es J\u00fanior,\u2026","rel":"","context":"In &quot;Not\u00edcias de Ribeir\u00e3o Preto-SP e Regi\u00e3o&quot;","block_context":{"text":"Not\u00edcias de Ribeir\u00e3o Preto-SP e Regi\u00e3o","link":"https:\/\/noticiasribeiraopreto.com.br\/index.php\/category\/noticias-de-ribeirao-preto-sp-e-regiao-ismael-colosi\/"},"img":{"alt_text":"","src":"https:\/\/i0.wp.com\/noticiasribeiraopreto.com.br\/wp-content\/uploads\/2025\/03\/escola-civico-militar_2024-07-18_12-55-44_jpg_2024-07-18_12-55-45.webp.webp?fit=1170%2C700&ssl=1&resize=350%2C200","width":350,"height":200,"srcset":"https:\/\/i0.wp.com\/noticiasribeiraopreto.com.br\/wp-content\/uploads\/2025\/03\/escola-civico-militar_2024-07-18_12-55-44_jpg_2024-07-18_12-55-45.webp.webp?fit=1170%2C700&ssl=1&resize=350%2C200 1x, https:\/\/i0.wp.com\/noticiasribeiraopreto.com.br\/wp-content\/uploads\/2025\/03\/escola-civico-militar_2024-07-18_12-55-44_jpg_2024-07-18_12-55-45.webp.webp?fit=1170%2C700&ssl=1&resize=525%2C300 1.5x, https:\/\/i0.wp.com\/noticiasribeiraopreto.com.br\/wp-content\/uploads\/2025\/03\/escola-civico-militar_2024-07-18_12-55-44_jpg_2024-07-18_12-55-45.webp.webp?fit=1170%2C700&ssl=1&resize=700%2C400 2x, https:\/\/i0.wp.com\/noticiasribeiraopreto.com.br\/wp-content\/uploads\/2025\/03\/escola-civico-militar_2024-07-18_12-55-44_jpg_2024-07-18_12-55-45.webp.webp?fit=1170%2C700&ssl=1&resize=1050%2C600 3x"},"classes":[]}],"jetpack_sharing_enabled":true,"jetpack_shortlink":"https:\/\/wp.me\/peQAOb-gQ9","_links":{"self":[{"href":"https:\/\/noticiasribeiraopreto.com.br\/index.php\/wp-json\/wp\/v2\/posts\/64737","targetHints":{"allow":["GET"]}}],"collection":[{"href":"https:\/\/noticiasribeiraopreto.com.br\/index.php\/wp-json\/wp\/v2\/posts"}],"about":[{"href":"https:\/\/noticiasribeiraopreto.com.br\/index.php\/wp-json\/wp\/v2\/types\/post"}],"author":[{"embeddable":true,"href":"https:\/\/noticiasribeiraopreto.com.br\/index.php\/wp-json\/wp\/v2\/users\/1"}],"replies":[{"embeddable":true,"href":"https:\/\/noticiasribeiraopreto.com.br\/index.php\/wp-json\/wp\/v2\/comments?post=64737"}],"version-history":[{"count":0,"href":"https:\/\/noticiasribeiraopreto.com.br\/index.php\/wp-json\/wp\/v2\/posts\/64737\/revisions"}],"wp:featuredmedia":[{"embeddable":true,"href":"https:\/\/noticiasribeiraopreto.com.br\/index.php\/wp-json\/wp\/v2\/media\/64738"}],"wp:attachment":[{"href":"https:\/\/noticiasribeiraopreto.com.br\/index.php\/wp-json\/wp\/v2\/media?parent=64737"}],"wp:term":[{"taxonomy":"category","embeddable":true,"href":"https:\/\/noticiasribeiraopreto.com.br\/index.php\/wp-json\/wp\/v2\/categories?post=64737"},{"taxonomy":"post_tag","embeddable":true,"href":"https:\/\/noticiasribeiraopreto.com.br\/index.php\/wp-json\/wp\/v2\/tags?post=64737"}],"curies":[{"name":"wp","href":"https:\/\/api.w.org\/{rel}","templated":true}]}}