{"id":64739,"date":"2025-03-11T23:35:11","date_gmt":"2025-03-12T02:35:11","guid":{"rendered":"https:\/\/noticiasribeiraopreto.com.br\/index.php\/2025\/03\/11\/camara-barra-pedido-de-cassacao-contra-vereador-em-ribeirao-preto-entenda\/"},"modified":"2025-03-11T23:35:11","modified_gmt":"2025-03-12T02:35:11","slug":"camara-barra-pedido-de-cassacao-contra-vereador-em-ribeirao-preto-entenda","status":"publish","type":"post","link":"https:\/\/noticiasribeiraopreto.com.br\/index.php\/2025\/03\/11\/camara-barra-pedido-de-cassacao-contra-vereador-em-ribeirao-preto-entenda\/","title":{"rendered":"C\u00e2mara barra pedido de cassa\u00e7\u00e3o contra vereador em Ribeir\u00e3o Preto; Entenda"},"content":{"rendered":"<p> <br \/>\n<\/p>\n<div data-td-block-uid=\"tdi_95\">\n<div class=\"tdb-block-inner td-fix-index\">\n<p>A <strong>C\u00e2mara Municipal de Ribeir\u00e3o Preto<\/strong> negou a abertura de um processo de cassa\u00e7\u00e3o contra o vereador <strong>Andr\u00e9 Rodini (Novo)<\/strong>, durante sess\u00e3o ordin\u00e1ria realizada na noite desta ter\u00e7a-feira (11).<\/p>\n<p>O processo de cassa\u00e7\u00e3o foi vetado ap\u00f3s receber <strong>cinco votos favor\u00e1veis <\/strong>e <strong>15 contr\u00e1rios<\/strong> \u2013 veja como cada vereador votou abaixo.<\/p>\n<p>O pedido foi protocolado por diversas pessoas, representadas pelo advogado Diego Alvim Cardoso, que alegou que o parlamentar teria <strong>cometido atos que ferem os princ\u00edpios basilares do direito p\u00fablico e da probidade administrativa<\/strong>.<\/p>\n<p>O pedido de instaura\u00e7\u00e3o do processo de cassa\u00e7\u00e3o foi realizado ap\u00f3s o vereador publicar em suas redes sociais, um v\u00eddeo onde o mesmo fez den\u00fancias de conte\u00fado sexual envolvendo crian\u00e7as e adolescentes acolhidos pela <strong>SAICA (Sistema de Atendimento Institucional da Crian\u00e7a e Adolescente)<\/strong>.<\/p>\n<p>Durante sua fala, <strong>Andr\u00e9 Rodini <\/strong>disse que n\u00e3o feriu em nenhum momento, os princ\u00edpios da administra\u00e7\u00e3o p\u00fablica. \u201cFui cumprir o meu dever de representar as crian\u00e7as e as adolescentes l\u00e1 presente\u201d.<\/p>\n<h2 class=\"wp-block-heading\"><strong>Veja como cada vereador votou<\/strong><\/h2>\n<div class=\"wp-block-image\">\n<figure class=\"aligncenter size-large is-resized\"><img data-recalc-dims=\"1\" fetchpriority=\"high\" decoding=\"async\" width=\"1024\" height=\"576\" src=\"https:\/\/i0.wp.com\/www.acidadeon.com\/ribeiraopreto\/wp-content\/uploads\/sites\/3\/2025\/03\/image_2025-03-12_01-11-00_png_2025-03-12_01-11-00-1024x576.webp?resize=1024%2C576&#038;ssl=1\" alt=\"\" class=\"wp-image-110301\" style=\"width:726px;height:auto\" srcset=\"https:\/\/www.acidadeon.com\/ribeiraopreto\/wp-content\/uploads\/sites\/3\/2025\/03\/image_2025-03-12_01-11-00_png_2025-03-12_01-11-00-1024x576.webp 1024w, https:\/\/www.acidadeon.com\/ribeiraopreto\/wp-content\/uploads\/sites\/3\/2025\/03\/image_2025-03-12_01-11-00_png_2025-03-12_01-11-00-300x169.webp 300w, https:\/\/www.acidadeon.com\/ribeiraopreto\/wp-content\/uploads\/sites\/3\/2025\/03\/image_2025-03-12_01-11-00_png_2025-03-12_01-11-00-768x432.webp 768w, https:\/\/www.acidadeon.com\/ribeiraopreto\/wp-content\/uploads\/sites\/3\/2025\/03\/image_2025-03-12_01-11-00_png_2025-03-12_01-11-00-1536x864.webp 1536w, https:\/\/www.acidadeon.com\/ribeiraopreto\/wp-content\/uploads\/sites\/3\/2025\/03\/image_2025-03-12_01-11-00_png_2025-03-12_01-11-00-696x392.webp 696w, https:\/\/www.acidadeon.com\/ribeiraopreto\/wp-content\/uploads\/sites\/3\/2025\/03\/image_2025-03-12_01-11-00_png_2025-03-12_01-11-00-1068x601.webp 1068w, https:\/\/www.acidadeon.com\/ribeiraopreto\/wp-content\/uploads\/sites\/3\/2025\/03\/image_2025-03-12_01-11-00_png_2025-03-12_01-11-00.webp 1600w\" sizes=\"(max-width: 1024px) 100vw, 1024px\"\/><figcaption class=\"wp-element-caption\">Foto: Reprodu\u00e7\u00e3o\/ YouTube da C\u00e2mara Municipal de Ribeir\u00e3o Preto<\/figcaption><\/figure>\n<\/div>\n<hr class=\"wp-block-separator has-alpha-channel-opacity\"\/>\n<p>SAIBA MAIS<\/p>\n<p>\u2018Lua de Sangue\u2019: Saiba quando ver e o hor\u00e1rio do primeiro eclipse lunar de 2025<\/p>\n<p><strong>FIQUE ON<\/strong><\/p>\n<p>Fique ligado em tudo que acontece em Ribeir\u00e3o Preto e regi\u00e3o. Siga os perfis do<strong>\u00a0acidade on<\/strong>\u00a0no\u00a0<a href=\"https:\/\/www.instagram.com\/acidadeonribeirao\">Instagram<\/a>\u00a0e no\u00a0<a href=\"https:\/\/www.facebook.com\/acidadeonribeirao\/\">Facebook<\/a>.<\/p>\n<p>Receba not\u00edcias do<strong>\u00a0acidade on\u00a0<\/strong>no WhatsApp.\u00a0<a href=\"https:\/\/chat.whatsapp.com\/BjKQZ9oJwlz8VVT50NuePq\">Para entrar no grupo, basta clicar aqui.<\/a><\/p>\n<p>Fa\u00e7a uma den\u00fancia ou sugira uma reportagem sobre Ribeir\u00e3o Preto e regi\u00e3o pelo WhatsApp: 16 99117 7802.<\/p>\n<p>VEJA TAMB\u00c9M\u200b<\/p>\n<p>Quem \u00e9 Jessie Cave? Atriz de Harry Potter abre perfil em site adulto<\/p>\n<p><!-- CONTENT END 1 -->\n<\/div>\n<\/div>\n<p><script async src=\"\/\/www.instagram.com\/embed.js\"><\/script><br \/>\n<br \/><br \/>\n<br \/><a href=\"https:\/\/www.acidadeon.com\/ribeiraopreto\/politica\/camara-barra-pedido-de-cassacao-contra-vereador-em-ribeirao-preto-entenda\/\">Source link <\/a><\/p>\n","protected":false},"excerpt":{"rendered":"<p>A C\u00e2mara Municipal de Ribeir\u00e3o Preto negou a abertura de um processo de cassa\u00e7\u00e3o contra o vereador Andr\u00e9 Rodini (Novo), durante sess\u00e3o ordin\u00e1ria realizada na&#8230;<\/p>\n","protected":false},"author":1,"featured_media":64740,"comment_status":"open","ping_status":"open","sticky":false,"template":"","format":"standard","meta":{"advanced_seo_description":"","jetpack_seo_html_title":"","jetpack_seo_noindex":false,"jetpack_post_was_ever_published":false,"_jetpack_newsletter_access":"","_jetpack_dont_email_post_to_subs":false,"_jetpack_newsletter_tier_id":0,"_jetpack_memberships_contains_paywalled_content":false,"_jetpack_memberships_contains_paid_content":false,"footnotes":"","jetpack_publicize_message":"","jetpack_publicize_feature_enabled":true,"jetpack_social_post_already_shared":true,"jetpack_social_options":{"image_generator_settings":{"template":"highway","default_image_id":0,"font":"","enabled":false},"version":2}},"categories":[11],"tags":[],"class_list":["post-64739","post","type-post","status-publish","format-standard","has-post-thumbnail","hentry","category-noticias-de-ribeirao-preto-sp-e-regiao-ismael-colosi"],"jetpack_publicize_connections":[],"jetpack_featured_media_url":"https:\/\/i0.wp.com\/noticiasribeiraopreto.com.br\/wp-content\/uploads\/2025\/03\/sessao_ordinaria_27022025_foto_thaisa_coroado-24_2025-03-12_01-16-27_jpg_2025-03-12_01-16-28-scaled.webp.webp?fit=2560%2C1707&ssl=1","jetpack-related-posts":[{"id":84433,"url":"https:\/\/noticiasribeiraopreto.com.br\/index.php\/2026\/04\/09\/camara-de-ribeirao-barra-pedido-de-cassacao-movido-por-deputados-contra-vereador\/","url_meta":{"origin":64739,"position":0},"title":"C\u00e2mara de Ribeir\u00e3o barra pedido de cassa\u00e7\u00e3o movido por deputados contra vereador","author":"noticiasribeiraopreto.com.br","date":"9 de April de 2026","format":false,"excerpt":"Ler o resumo da not\u00edcia C\u00e2mara de Ribeir\u00e3o Preto rejeitou na quarta-feira (8) pedido de cassa\u00e7\u00e3o contra o vereador Isaac Antunes (PL). O pedido foi apresentado pelos deputados estaduais Guilherme Cortez e Paula Nunes dos Santos (PSOL), que alegaram quebra de decoro por v\u00eddeos do vereador em uma escola. Os\u2026","rel":"","context":"In &quot;Not\u00edcias de Ribeir\u00e3o Preto-SP e Regi\u00e3o&quot;","block_context":{"text":"Not\u00edcias de Ribeir\u00e3o Preto-SP e Regi\u00e3o","link":"https:\/\/noticiasribeiraopreto.com.br\/index.php\/category\/noticias-de-ribeirao-preto-sp-e-regiao-ismael-colosi\/"},"img":{"alt_text":"","src":"https:\/\/i0.wp.com\/noticiasribeiraopreto.com.br\/wp-content\/uploads\/2026\/04\/deputados-isaac_2026-04-09_15-25-47.webp.webp?fit=1200%2C674&ssl=1&resize=350%2C200","width":350,"height":200,"srcset":"https:\/\/i0.wp.com\/noticiasribeiraopreto.com.br\/wp-content\/uploads\/2026\/04\/deputados-isaac_2026-04-09_15-25-47.webp.webp?fit=1200%2C674&ssl=1&resize=350%2C200 1x, https:\/\/i0.wp.com\/noticiasribeiraopreto.com.br\/wp-content\/uploads\/2026\/04\/deputados-isaac_2026-04-09_15-25-47.webp.webp?fit=1200%2C674&ssl=1&resize=525%2C300 1.5x, https:\/\/i0.wp.com\/noticiasribeiraopreto.com.br\/wp-content\/uploads\/2026\/04\/deputados-isaac_2026-04-09_15-25-47.webp.webp?fit=1200%2C674&ssl=1&resize=700%2C400 2x, https:\/\/i0.wp.com\/noticiasribeiraopreto.com.br\/wp-content\/uploads\/2026\/04\/deputados-isaac_2026-04-09_15-25-47.webp.webp?fit=1200%2C674&ssl=1&resize=1050%2C600 3x"},"classes":[]},{"id":81749,"url":"https:\/\/noticiasribeiraopreto.com.br\/index.php\/2026\/01\/15\/ex-assessor-protocola-pedido-de-cassacao-de-andre-rodini\/","url_meta":{"origin":64739,"position":1},"title":"Ex-assessor protocola pedido de cassa\u00e7\u00e3o de Andr\u00e9 Rodini","author":"noticiasribeiraopreto.com.br","date":"15 de January de 2026","format":false,"excerpt":"\r \r \r 15 de janeiro de 2026 16:58 \r Compartilhar0 O ex-assessor parlamentar do vereador Andr\u00e9 Rodini (Novo), o publicit\u00e1rio Alexandre Meirelles Nogueira Ribeiro, protocolou nesta quinta-feira, 15 de janeiro, na C\u00e2mara de Vereadores de Ribeir\u00e3o Preto, um pedido de cassa\u00e7\u00e3o do vereador. Ele foi assessor de Rodini entre\u2026","rel":"","context":"In &quot;Not\u00edcias de Ribeir\u00e3o Preto-SP e Regi\u00e3o&quot;","block_context":{"text":"Not\u00edcias de Ribeir\u00e3o Preto-SP e Regi\u00e3o","link":"https:\/\/noticiasribeiraopreto.com.br\/index.php\/category\/noticias-de-ribeirao-preto-sp-e-regiao-ismael-colosi\/"},"img":{"alt_text":"","src":"https:\/\/i0.wp.com\/noticiasribeiraopreto.com.br\/wp-content\/uploads\/2026\/01\/Andre-rodini-e1614286400633-1-scaled.jpg?fit=640%2C500&ssl=1&resize=350%2C200","width":350,"height":200,"srcset":"https:\/\/i0.wp.com\/noticiasribeiraopreto.com.br\/wp-content\/uploads\/2026\/01\/Andre-rodini-e1614286400633-1-scaled.jpg?fit=640%2C500&ssl=1&resize=350%2C200 1x, https:\/\/i0.wp.com\/noticiasribeiraopreto.com.br\/wp-content\/uploads\/2026\/01\/Andre-rodini-e1614286400633-1-scaled.jpg?fit=640%2C500&ssl=1&resize=525%2C300 1.5x"},"classes":[]},{"id":73376,"url":"https:\/\/noticiasribeiraopreto.com.br\/index.php\/2025\/07\/01\/camara-barra-cassacao-de-vereador\/","url_meta":{"origin":64739,"position":2},"title":"C\u00e2mara barra cassa\u00e7\u00e3o de vereador\u00a0","author":"noticiasribeiraopreto.com.br","date":"1 de July de 2025","format":false,"excerpt":"1 de julho de 2025 09:430 Compartilhar0 A C\u00e2mara de Ribeir\u00e3o Preto rejeitou, na sess\u00e3o desta segunda-feira, 30 de junho, por 18 votos contra e tr\u00eas a favor, o pedido de cassa\u00e7\u00e3o do vereador Brando Veiga (Republicanos). A Coordenadoria Jur\u00eddica \u2013 sem entrar no m\u00e9rito do pedido \u2013 emitiu parecer\u2026","rel":"","context":"In &quot;Not\u00edcias de Ribeir\u00e3o Preto-SP e Regi\u00e3o&quot;","block_context":{"text":"Not\u00edcias de Ribeir\u00e3o Preto-SP e Regi\u00e3o","link":"https:\/\/noticiasribeiraopreto.com.br\/index.php\/category\/noticias-de-ribeirao-preto-sp-e-regiao-ismael-colosi\/"},"img":{"alt_text":"","src":"https:\/\/i0.wp.com\/noticiasribeiraopreto.com.br\/wp-content\/uploads\/2025\/07\/BrandoAlfredoRisk.jpg?fit=1200%2C800&ssl=1&resize=350%2C200","width":350,"height":200,"srcset":"https:\/\/i0.wp.com\/noticiasribeiraopreto.com.br\/wp-content\/uploads\/2025\/07\/BrandoAlfredoRisk.jpg?fit=1200%2C800&ssl=1&resize=350%2C200 1x, https:\/\/i0.wp.com\/noticiasribeiraopreto.com.br\/wp-content\/uploads\/2025\/07\/BrandoAlfredoRisk.jpg?fit=1200%2C800&ssl=1&resize=525%2C300 1.5x, https:\/\/i0.wp.com\/noticiasribeiraopreto.com.br\/wp-content\/uploads\/2025\/07\/BrandoAlfredoRisk.jpg?fit=1200%2C800&ssl=1&resize=700%2C400 2x, https:\/\/i0.wp.com\/noticiasribeiraopreto.com.br\/wp-content\/uploads\/2025\/07\/BrandoAlfredoRisk.jpg?fit=1200%2C800&ssl=1&resize=1050%2C600 3x"},"classes":[]},{"id":78082,"url":"https:\/\/noticiasribeiraopreto.com.br\/index.php\/2025\/10\/01\/camara-aprova-investigacao-para-pedido-de-cassacao-de-bigodini\/","url_meta":{"origin":64739,"position":3},"title":"C\u00e2mara aprova investiga\u00e7\u00e3o para pedido de cassa\u00e7\u00e3o de Bigodini","author":"noticiasribeiraopreto.com.br","date":"1 de October de 2025","format":false,"excerpt":"1 de outubro de 2025 19:441 Compartilhar0 Conselho de \u00c9tica ter\u00e1 180 dias para concluir investiga\u00e7\u00f5es e emitir parecer sobre o caso; vereador \u00e9 acusado de quebra de Decorro Parlamentar ap\u00f3s se envolver em acidente de tr\u00e2nsito, supostamente embriagado A C\u00e2mara de Vereadores de Ribeir\u00e3o Preto aprovou\u00a0 na noite desta\u2026","rel":"","context":"In &quot;Not\u00edcias de Ribeir\u00e3o Preto-SP e Regi\u00e3o&quot;","block_context":{"text":"Not\u00edcias de Ribeir\u00e3o Preto-SP e Regi\u00e3o","link":"https:\/\/noticiasribeiraopreto.com.br\/index.php\/category\/noticias-de-ribeirao-preto-sp-e-regiao-ismael-colosi\/"},"img":{"alt_text":"","src":"https:\/\/i0.wp.com\/noticiasribeiraopreto.com.br\/wp-content\/uploads\/2025\/10\/cassacao-bigodini-scaled.jpeg?fit=1200%2C741&ssl=1&resize=350%2C200","width":350,"height":200,"srcset":"https:\/\/i0.wp.com\/noticiasribeiraopreto.com.br\/wp-content\/uploads\/2025\/10\/cassacao-bigodini-scaled.jpeg?fit=1200%2C741&ssl=1&resize=350%2C200 1x, https:\/\/i0.wp.com\/noticiasribeiraopreto.com.br\/wp-content\/uploads\/2025\/10\/cassacao-bigodini-scaled.jpeg?fit=1200%2C741&ssl=1&resize=525%2C300 1.5x, https:\/\/i0.wp.com\/noticiasribeiraopreto.com.br\/wp-content\/uploads\/2025\/10\/cassacao-bigodini-scaled.jpeg?fit=1200%2C741&ssl=1&resize=700%2C400 2x, https:\/\/i0.wp.com\/noticiasribeiraopreto.com.br\/wp-content\/uploads\/2025\/10\/cassacao-bigodini-scaled.jpeg?fit=1200%2C741&ssl=1&resize=1050%2C600 3x"},"classes":[]},{"id":78117,"url":"https:\/\/noticiasribeiraopreto.com.br\/index.php\/2025\/10\/02\/conselho-de-etica-define-relator-do-processo-de-cassacao-contra-bigodini\/","url_meta":{"origin":64739,"position":4},"title":"Conselho de \u00c9tica define relator do processo de cassa\u00e7\u00e3o contra Bigodini","author":"noticiasribeiraopreto.com.br","date":"2 de October de 2025","format":false,"excerpt":"O Conselho de \u00c9tica da C\u00e2mara de Ribeir\u00e3o Preto se reuniu na manh\u00e3 desta quinta-feira (2) para dar in\u00edcio ao processo de cassa\u00e7\u00e3o contra o vereador Roger Ronan da Silva (MDB), o Bigodini. O conselho definiu que Jean Corauci (PSD) ser\u00e1 o relator da investiga\u00e7\u00e3o. O presidente do Conselho, Di\u00e1cono\u2026","rel":"","context":"In &quot;Not\u00edcias de Ribeir\u00e3o Preto-SP e Regi\u00e3o&quot;","block_context":{"text":"Not\u00edcias de Ribeir\u00e3o Preto-SP e Regi\u00e3o","link":"https:\/\/noticiasribeiraopreto.com.br\/index.php\/category\/noticias-de-ribeirao-preto-sp-e-regiao-ismael-colosi\/"},"img":{"alt_text":"","src":"https:\/\/i0.wp.com\/noticiasribeiraopreto.com.br\/wp-content\/uploads\/2025\/10\/corauci_2025-10-02_14-55-47.webp.webp?fit=1200%2C674&ssl=1&resize=350%2C200","width":350,"height":200,"srcset":"https:\/\/i0.wp.com\/noticiasribeiraopreto.com.br\/wp-content\/uploads\/2025\/10\/corauci_2025-10-02_14-55-47.webp.webp?fit=1200%2C674&ssl=1&resize=350%2C200 1x, https:\/\/i0.wp.com\/noticiasribeiraopreto.com.br\/wp-content\/uploads\/2025\/10\/corauci_2025-10-02_14-55-47.webp.webp?fit=1200%2C674&ssl=1&resize=525%2C300 1.5x, https:\/\/i0.wp.com\/noticiasribeiraopreto.com.br\/wp-content\/uploads\/2025\/10\/corauci_2025-10-02_14-55-47.webp.webp?fit=1200%2C674&ssl=1&resize=700%2C400 2x, https:\/\/i0.wp.com\/noticiasribeiraopreto.com.br\/wp-content\/uploads\/2025\/10\/corauci_2025-10-02_14-55-47.webp.webp?fit=1200%2C674&ssl=1&resize=1050%2C600 3x"},"classes":[]},{"id":78250,"url":"https:\/\/noticiasribeiraopreto.com.br\/index.php\/2025\/10\/07\/bigodini-apresenta-novo-atestado-e-fica-afastado-por-mais-10-dias-da-camara-de-ribeirao\/","url_meta":{"origin":64739,"position":5},"title":"Bigodini apresenta novo atestado e fica afastado por mais 10 dias da C\u00e2mara de Ribeir\u00e3o","author":"noticiasribeiraopreto.com.br","date":"7 de October de 2025","format":false,"excerpt":"Uma semana ap\u00f3s o acidente de tr\u00e2nsito envolvendo o vereador Roger Ronan da Silva (MDB), conhecido como Bigodini, o parlamentar n\u00e3o compareceu a sess\u00e3o da C\u00e2mara de Ribeir\u00e3o Preto nesta segunda-feira (6). De acordo com o presidente da C\u00e2mara, vereador Isaac Antunes (PL), Bigodini apresentou um novo atestado m\u00e9dico para\u2026","rel":"","context":"In &quot;Not\u00edcias de Ribeir\u00e3o Preto-SP e Regi\u00e3o&quot;","block_context":{"text":"Not\u00edcias de Ribeir\u00e3o Preto-SP e Regi\u00e3o","link":"https:\/\/noticiasribeiraopreto.com.br\/index.php\/category\/noticias-de-ribeirao-preto-sp-e-regiao-ismael-colosi\/"},"img":{"alt_text":"","src":"https:\/\/i0.wp.com\/noticiasribeiraopreto.com.br\/wp-content\/uploads\/2025\/09\/bigodini_2025-09-30_13-54-26.webp.webp?fit=1200%2C838&ssl=1&resize=350%2C200","width":350,"height":200,"srcset":"https:\/\/i0.wp.com\/noticiasribeiraopreto.com.br\/wp-content\/uploads\/2025\/09\/bigodini_2025-09-30_13-54-26.webp.webp?fit=1200%2C838&ssl=1&resize=350%2C200 1x, https:\/\/i0.wp.com\/noticiasribeiraopreto.com.br\/wp-content\/uploads\/2025\/09\/bigodini_2025-09-30_13-54-26.webp.webp?fit=1200%2C838&ssl=1&resize=525%2C300 1.5x, https:\/\/i0.wp.com\/noticiasribeiraopreto.com.br\/wp-content\/uploads\/2025\/09\/bigodini_2025-09-30_13-54-26.webp.webp?fit=1200%2C838&ssl=1&resize=700%2C400 2x, https:\/\/i0.wp.com\/noticiasribeiraopreto.com.br\/wp-content\/uploads\/2025\/09\/bigodini_2025-09-30_13-54-26.webp.webp?fit=1200%2C838&ssl=1&resize=1050%2C600 3x"},"classes":[]}],"jetpack_sharing_enabled":true,"jetpack_shortlink":"https:\/\/wp.me\/peQAOb-gQb","_links":{"self":[{"href":"https:\/\/noticiasribeiraopreto.com.br\/index.php\/wp-json\/wp\/v2\/posts\/64739","targetHints":{"allow":["GET"]}}],"collection":[{"href":"https:\/\/noticiasribeiraopreto.com.br\/index.php\/wp-json\/wp\/v2\/posts"}],"about":[{"href":"https:\/\/noticiasribeiraopreto.com.br\/index.php\/wp-json\/wp\/v2\/types\/post"}],"author":[{"embeddable":true,"href":"https:\/\/noticiasribeiraopreto.com.br\/index.php\/wp-json\/wp\/v2\/users\/1"}],"replies":[{"embeddable":true,"href":"https:\/\/noticiasribeiraopreto.com.br\/index.php\/wp-json\/wp\/v2\/comments?post=64739"}],"version-history":[{"count":0,"href":"https:\/\/noticiasribeiraopreto.com.br\/index.php\/wp-json\/wp\/v2\/posts\/64739\/revisions"}],"wp:featuredmedia":[{"embeddable":true,"href":"https:\/\/noticiasribeiraopreto.com.br\/index.php\/wp-json\/wp\/v2\/media\/64740"}],"wp:attachment":[{"href":"https:\/\/noticiasribeiraopreto.com.br\/index.php\/wp-json\/wp\/v2\/media?parent=64739"}],"wp:term":[{"taxonomy":"category","embeddable":true,"href":"https:\/\/noticiasribeiraopreto.com.br\/index.php\/wp-json\/wp\/v2\/categories?post=64739"},{"taxonomy":"post_tag","embeddable":true,"href":"https:\/\/noticiasribeiraopreto.com.br\/index.php\/wp-json\/wp\/v2\/tags?post=64739"}],"curies":[{"name":"wp","href":"https:\/\/api.w.org\/{rel}","templated":true}]}}