{"id":64749,"date":"2025-03-12T04:11:05","date_gmt":"2025-03-12T07:11:05","guid":{"rendered":"https:\/\/noticiasribeiraopreto.com.br\/index.php\/2025\/03\/12\/jornal-da-franca-energia-ou-risco-o-que-o-consumo-excessivo-de-energeticos-pode-causar-no-seu-corpo\/"},"modified":"2025-03-12T04:11:05","modified_gmt":"2025-03-12T07:11:05","slug":"jornal-da-franca-energia-ou-risco-o-que-o-consumo-excessivo-de-energeticos-pode-causar-no-seu-corpo","status":"publish","type":"post","link":"https:\/\/noticiasribeiraopreto.com.br\/index.php\/2025\/03\/12\/jornal-da-franca-energia-ou-risco-o-que-o-consumo-excessivo-de-energeticos-pode-causar-no-seu-corpo\/","title":{"rendered":"Jornal da Franca &#8211; Energia ou risco? O que o consumo excessivo de energ\u00e9ticos pode causar no seu corpo"},"content":{"rendered":"<p> <br \/>\n<\/p>\n<div>\n\t                            <a class=\"mb-1\" href=\"https:\/\/api.whatsapp.com\/send?text=Olha essa Not\u00edcia no Jornal da Franca.%0D%0D*Energia ou risco? O que o consumo excessivo de energ\u00e9ticos pode causar no seu corpo*%0D%0Dclique na url abaixo%0Dhttps:\/\/www.jornaldafranca.com.br\/energia-ou-risco-o-que-o-consumo-excessivo-de-energeticos-pode-causar-no-seu-corpo\/\" target=\"_blank\"><span class=\"text-12 badge badge-pill badge-success\"><i class=\"fa fa-whatsapp\"\/> compartilhar no whatsapp<\/span><\/a><\/p>\n<p>\t                            <a class=\"mb-1\" href=\"https:\/\/telegram.me\/share\/url?url=https:\/\/www.jornaldafranca.com.br\/energia-ou-risco-o-que-o-consumo-excessivo-de-energeticos-pode-causar-no-seu-corpo\/&amp;text=Olha essa Not\u00edcia no Jornal da Franca.\" target=\"_blank\"><span class=\"text-12 badge badge-pill badge-info\"><i class=\"fa fa-telegram\"\/> compartilhar no telegram<\/span><\/a><\/p>\n<p>\t                            <a class=\"mb-1\" href=\"https:\/\/www.facebook.com\/sharer\/sharer.php?u=https:\/\/www.jornaldafranca.com.br\/energia-ou-risco-o-que-o-consumo-excessivo-de-energeticos-pode-causar-no-seu-corpo\/\" target=\"_blank\"><span class=\"text-12 badge badge-pill badge-primary\"><i class=\"fa fa-facebook\"\/> compartilhar no facebook<\/span><\/a><\/p>\n<p>\t                            <a class=\"mb-1\" href=\"https:\/\/www.linkedin.com\/shareArticle?mini=true&amp;url=https:\/\/www.jornaldafranca.com.br\/energia-ou-risco-o-que-o-consumo-excessivo-de-energeticos-pode-causar-no-seu-corpo\/&amp;title=Energia ou risco? O que o consumo excessivo de energ\u00e9ticos pode causar no seu corpo&amp;source=JORNAL DA FRANCA\" target=\"_blank\"><span class=\"text-12 badge badge-pill badge-secondary\"><i class=\"fa fa-linkedin\"\/> compartilhar no linkedin<\/span><\/a><\/p>\n<div class=\"lead text-20\">\n<p>Energ\u00e9ticos viraram aliados de quem quer mais disposi\u00e7\u00e3o. Mas nutr\u00f3loga explica riscos do consumo excessivo e como isso afeta o cora\u00e7\u00e3o<\/p>\n<\/p><\/div>\n<p><img data-recalc-dims=\"1\" decoding=\"async\" src=\"https:\/\/i0.wp.com\/www.jornaldafranca.com.br\/wp-content\/uploads\/2025\/03\/freepik__adjust__11282.jpeg?ssl=1\" alt=\"\"\/><\/p>\n<p>As bebidas energ\u00e9ticas j\u00e1 fazem parte da rotina de quem precisa de um g\u00e1s extra. Muita gente toma antes do treino, outras para segurar o ritmo da festa ou enfrentar longos plant\u00f5es. Mas um caso recente trouxe um alerta.<\/p>\n<p>Recentemente, o ator e empres\u00e1rio Rafael Zulu revelou que precisou ser internado por quatro dias com fibrila\u00e7\u00e3o atrial, um tipo de arritmia card\u00edaca grave. Segundo ele, o problema foi desencadeado pelo consumo excessivo de energ\u00e9ticos.<\/p>\n<p>O que pouca gente percebe \u00e9 que essas bebidas n\u00e3o s\u00f3 estimulam, mas tamb\u00e9m sobrecarregam o organismo.<\/p>\n<p><strong>O problema n\u00e3o \u00e9 s\u00f3 a cafe\u00edna<\/strong><\/p>\n<p>Energ\u00e9ticos combinam cafe\u00edna, taurina e outros estimulantes que aceleram o metabolismo e reduzem a fadiga. Mas essa ativa\u00e7\u00e3o tem um pre\u00e7o.<\/p>\n<p>\u201cO consumo frequente pode aumentar a press\u00e3o arterial, causar arritmias e afetar o sono. Muita gente usa essas bebidas para driblar o cansa\u00e7o e acaba sobrecarregando o corpo\u201d, alerta a m\u00e9dica nutr\u00f3loga Dra. Fernanda Vasconcelos, fundadora do Instituto Qualitt\u00e9.<\/p>\n<p>Misturar energ\u00e9tico com \u00e1lcool pode ser ainda pior. Segundo a especialista, a combina\u00e7\u00e3o mascara os efeitos da embriaguez e aumenta o risco de intoxica\u00e7\u00e3o.<\/p>\n<p><strong>At\u00e9 onde \u00e9 seguro?<\/strong><\/p>\n<p>A recomenda\u00e7\u00e3o de seguran\u00e7a \u00e9 de 400 mg de cafe\u00edna por dia. Mas isso n\u00e3o significa que quatro latas de energ\u00e9tico s\u00e3o seguras. O efeito da bebida varia de pessoa para pessoa.<\/p>\n<p><strong>Quem deve evitar energ\u00e9ticos?<\/strong><\/p>\n<p>Pessoas com hipertens\u00e3o ou arritmias<\/p>\n<p>Quem tem hist\u00f3rico de problemas card\u00edacos<\/p>\n<p>Sens\u00edveis \u00e0 cafe\u00edna ou com ins\u00f4nia<\/p>\n<p>O consumo exagerado tamb\u00e9m pode aumentar sintomas de ansiedade, irritabilidade e nervosismo.<\/p>\n<p><strong>Como manter a energia sem riscos?<\/strong><\/p>\n<p>Dormir bem evita a necessidade de estimulantes<\/p>\n<p>Se alimentar direito evita picos e quedas de energia<\/p>\n<p>Hidratar-se melhora o desempenho f\u00edsico e mental<\/p>\n<p>\u201cMuitos usam energ\u00e9ticos para compensar h\u00e1bitos ruins. O melhor caminho \u00e9 cuidar da sa\u00fade para ter disposi\u00e7\u00e3o sem precisar de estimulantes\u201d, refor\u00e7a Dra. Fernanda.<\/p>\n<p><strong>Quem \u00e9 Dra. Fernanda Vasconcelos?<\/strong><\/p>\n<p>\u00c9 m\u00e9dica cl\u00ednica e nutr\u00f3loga, especialista em avalia\u00e7\u00e3o metab\u00f3lica, nutrologia esportiva e longevidade. Possui t\u00edtulo de especialista em Nutrologia pela AMIB\/ABRAN e em Cl\u00ednica M\u00e9dica pelo MEC.<\/p>\n<p><!-- CONTENT END 1 --><\/p>\n<hr\/><\/div>\n<p><br \/>\n<br \/><a href=\"https:\/\/www.jornaldafranca.com.br\/energia-ou-risco-o-que-o-consumo-excessivo-de-energeticos-pode-causar-no-seu-corpo\/\">Source link <\/a><\/p>\n","protected":false},"excerpt":{"rendered":"<p>compartilhar no whatsapp compartilhar no telegram compartilhar no facebook compartilhar no linkedin Energ\u00e9ticos viraram aliados de quem quer mais disposi\u00e7\u00e3o. Mas nutr\u00f3loga explica riscos do&#8230;<\/p>\n","protected":false},"author":1,"featured_media":64750,"comment_status":"open","ping_status":"open","sticky":false,"template":"","format":"standard","meta":{"advanced_seo_description":"","jetpack_seo_html_title":"","jetpack_seo_noindex":false,"jetpack_post_was_ever_published":false,"_jetpack_newsletter_access":"","_jetpack_dont_email_post_to_subs":false,"_jetpack_newsletter_tier_id":0,"_jetpack_memberships_contains_paywalled_content":false,"_jetpack_memberships_contains_paid_content":false,"footnotes":"","jetpack_publicize_message":"","jetpack_publicize_feature_enabled":true,"jetpack_social_post_already_shared":true,"jetpack_social_options":{"image_generator_settings":{"template":"highway","default_image_id":0,"font":"","enabled":false},"version":2}},"categories":[3597],"tags":[],"class_list":["post-64749","post","type-post","status-publish","format-standard","has-post-thumbnail","hentry","category-noticias-franca-sp"],"jetpack_publicize_connections":[],"jetpack_featured_media_url":"https:\/\/i0.wp.com\/noticiasribeiraopreto.com.br\/wp-content\/uploads\/2025\/03\/freepik__adjust__11282.jpeg?fit=2000%2C1066&ssl=1","jetpack-related-posts":[{"id":67863,"url":"https:\/\/noticiasribeiraopreto.com.br\/index.php\/2025\/04\/19\/jornal-da-franca-sesi-franca-quer-vencer-o-cordoba-e-deixar-a-champions-league-de-cabeca-erguida\/","url_meta":{"origin":64749,"position":0},"title":"Jornal da Franca &#8211; Sesi Franca quer vencer o C\u00f3rdoba e deixar a Champions League de cabe\u00e7a erguida","author":"noticiasribeiraopreto.com.br","date":"19 de April de 2025","format":false,"excerpt":"compartilhar no whatsapp compartilhar no telegram compartilhar no facebook compartilhar no linkedin Jogo de hoje servir\u00e1 para a equipe se reencontrar e encerrar campeonato honrosamente O Sesi Franca ainda procura se reencontrar ap\u00f3s a elimina\u00e7\u00e3o contra o Flamengo pelas semifinais da Champions League, por 91 a 65, na noite desta\u2026","rel":"","context":"In &quot;Not\u00edcias de Franca-SP&quot;","block_context":{"text":"Not\u00edcias de Franca-SP","link":"https:\/\/noticiasribeiraopreto.com.br\/index.php\/category\/noticias-de-ribeirao-preto-sp-e-regiao-ismael-colosi\/noticias-franca-sp\/"},"img":{"alt_text":"","src":"https:\/\/i0.wp.com\/noticiasribeiraopreto.com.br\/wp-content\/uploads\/2025\/04\/IMG_20250418_111654.jpg?fit=1080%2C710&ssl=1&resize=350%2C200","width":350,"height":200,"srcset":"https:\/\/i0.wp.com\/noticiasribeiraopreto.com.br\/wp-content\/uploads\/2025\/04\/IMG_20250418_111654.jpg?fit=1080%2C710&ssl=1&resize=350%2C200 1x, https:\/\/i0.wp.com\/noticiasribeiraopreto.com.br\/wp-content\/uploads\/2025\/04\/IMG_20250418_111654.jpg?fit=1080%2C710&ssl=1&resize=525%2C300 1.5x, https:\/\/i0.wp.com\/noticiasribeiraopreto.com.br\/wp-content\/uploads\/2025\/04\/IMG_20250418_111654.jpg?fit=1080%2C710&ssl=1&resize=700%2C400 2x, https:\/\/i0.wp.com\/noticiasribeiraopreto.com.br\/wp-content\/uploads\/2025\/04\/IMG_20250418_111654.jpg?fit=1080%2C710&ssl=1&resize=1050%2C600 3x"},"classes":[]},{"id":69340,"url":"https:\/\/noticiasribeiraopreto.com.br\/index.php\/2025\/05\/05\/jornal-da-franca-implantacao-de-escola-civico-militar-em-franca-e-tema-de-debates-na-camara-municipal\/","url_meta":{"origin":64749,"position":1},"title":"Jornal da Franca &#8211; Implanta\u00e7\u00e3o de escola c\u00edvico-militar em Franca \u00e9 tema de debates na C\u00e2mara Municipal","author":"noticiasribeiraopreto.com.br","date":"5 de May de 2025","format":false,"excerpt":"compartilhar no whatsapp compartilhar no telegram compartilhar no facebook compartilhar no linkedin Mun\u00edcipe agradece apoio de vereadores e parlamentares para que Franca fosse contemplada com o modelo educacional A implanta\u00e7\u00e3o do Programa das Escolas C\u00edvico-Militares em Franca, pauta defendida pela direita, foi tema abordado durante a sess\u00e3o ordin\u00e1ria da C\u00e2mara\u2026","rel":"","context":"In &quot;Not\u00edcias de Franca-SP&quot;","block_context":{"text":"Not\u00edcias de Franca-SP","link":"https:\/\/noticiasribeiraopreto.com.br\/index.php\/category\/noticias-de-ribeirao-preto-sp-e-regiao-ismael-colosi\/noticias-franca-sp\/"},"img":{"alt_text":"","src":"https:\/\/i0.wp.com\/noticiasribeiraopreto.com.br\/wp-content\/uploads\/2025\/05\/1746449336_plenariodiagonal_0.jpg?fit=930%2C558&ssl=1&resize=350%2C200","width":350,"height":200,"srcset":"https:\/\/i0.wp.com\/noticiasribeiraopreto.com.br\/wp-content\/uploads\/2025\/05\/1746449336_plenariodiagonal_0.jpg?fit=930%2C558&ssl=1&resize=350%2C200 1x, https:\/\/i0.wp.com\/noticiasribeiraopreto.com.br\/wp-content\/uploads\/2025\/05\/1746449336_plenariodiagonal_0.jpg?fit=930%2C558&ssl=1&resize=525%2C300 1.5x, https:\/\/i0.wp.com\/noticiasribeiraopreto.com.br\/wp-content\/uploads\/2025\/05\/1746449336_plenariodiagonal_0.jpg?fit=930%2C558&ssl=1&resize=700%2C400 2x"},"classes":[]},{"id":68730,"url":"https:\/\/noticiasribeiraopreto.com.br\/index.php\/2025\/04\/28\/jornal-da-franca-sesi-franca-busca-consolidar-vantagem-contra-o-pato-basquete-no-pedrocao\/","url_meta":{"origin":64749,"position":2},"title":"Jornal da Franca &#8211; Sesi Franca busca consolidar vantagem contra o Pato Basquete no Pedroc\u00e3o\u00a0","author":"noticiasribeiraopreto.com.br","date":"28 de April de 2025","format":false,"excerpt":"compartilhar no whatsapp compartilhar no telegram compartilhar no facebook compartilhar no linkedin Segunda partida do playoff de oitavas de final do NBB ser\u00e1 disputada na noite desta ter\u00e7a-feira O Sesi Franca, atual tricampe\u00e3o do NBB, recebe o Pato Basquete na noite desta ter\u00e7a-feira, dia 30, no gin\u00e1sio Pedroc\u00e3o, em busca\u2026","rel":"","context":"In &quot;Not\u00edcias de Franca-SP&quot;","block_context":{"text":"Not\u00edcias de Franca-SP","link":"https:\/\/noticiasribeiraopreto.com.br\/index.php\/category\/noticias-de-ribeirao-preto-sp-e-regiao-ismael-colosi\/noticias-franca-sp\/"},"img":{"alt_text":"","src":"https:\/\/i0.wp.com\/noticiasribeiraopreto.com.br\/wp-content\/uploads\/2025\/04\/1745863888_IMG-20250424-WA0042.jpg?fit=1200%2C800&ssl=1&resize=350%2C200","width":350,"height":200,"srcset":"https:\/\/i0.wp.com\/noticiasribeiraopreto.com.br\/wp-content\/uploads\/2025\/04\/1745863888_IMG-20250424-WA0042.jpg?fit=1200%2C800&ssl=1&resize=350%2C200 1x, https:\/\/i0.wp.com\/noticiasribeiraopreto.com.br\/wp-content\/uploads\/2025\/04\/1745863888_IMG-20250424-WA0042.jpg?fit=1200%2C800&ssl=1&resize=525%2C300 1.5x, https:\/\/i0.wp.com\/noticiasribeiraopreto.com.br\/wp-content\/uploads\/2025\/04\/1745863888_IMG-20250424-WA0042.jpg?fit=1200%2C800&ssl=1&resize=700%2C400 2x, https:\/\/i0.wp.com\/noticiasribeiraopreto.com.br\/wp-content\/uploads\/2025\/04\/1745863888_IMG-20250424-WA0042.jpg?fit=1200%2C800&ssl=1&resize=1050%2C600 3x"},"classes":[]},{"id":72627,"url":"https:\/\/noticiasribeiraopreto.com.br\/index.php\/2025\/06\/19\/jornal-da-franca-torcedores-do-sesi-franca-aguardam-confirmacao-de-carreata-para-comemorar-o-tetra\/","url_meta":{"origin":64749,"position":3},"title":"Jornal da Franca &#8211; Torcedores do Sesi Franca aguardam confirma\u00e7\u00e3o de carreata para comemorar o tetra","author":"noticiasribeiraopreto.com.br","date":"19 de June de 2025","format":false,"excerpt":"compartilhar no whatsapp compartilhar no telegram compartilhar no facebook compartilhar no linkedin Time tradicionalmente comemora titulos desfilando em carro aberto pela cidade Os torcedores do Sesi Franca aguardam que o clube confirme a realiza\u00e7\u00e3o de uma carreata para comemorar o t\u00edtulo do tetracampeonato do NBB \u2013 Novo Basquete Brasil, conquistado\u2026","rel":"","context":"In &quot;Not\u00edcias de Franca-SP&quot;","block_context":{"text":"Not\u00edcias de Franca-SP","link":"https:\/\/noticiasribeiraopreto.com.br\/index.php\/category\/noticias-de-ribeirao-preto-sp-e-regiao-ismael-colosi\/noticias-franca-sp\/"},"img":{"alt_text":"","src":"https:\/\/i0.wp.com\/noticiasribeiraopreto.com.br\/wp-content\/uploads\/2025\/06\/basq-scaled.jpg?fit=1200%2C800&ssl=1&resize=350%2C200","width":350,"height":200,"srcset":"https:\/\/i0.wp.com\/noticiasribeiraopreto.com.br\/wp-content\/uploads\/2025\/06\/basq-scaled.jpg?fit=1200%2C800&ssl=1&resize=350%2C200 1x, https:\/\/i0.wp.com\/noticiasribeiraopreto.com.br\/wp-content\/uploads\/2025\/06\/basq-scaled.jpg?fit=1200%2C800&ssl=1&resize=525%2C300 1.5x, https:\/\/i0.wp.com\/noticiasribeiraopreto.com.br\/wp-content\/uploads\/2025\/06\/basq-scaled.jpg?fit=1200%2C800&ssl=1&resize=700%2C400 2x, https:\/\/i0.wp.com\/noticiasribeiraopreto.com.br\/wp-content\/uploads\/2025\/06\/basq-scaled.jpg?fit=1200%2C800&ssl=1&resize=1050%2C600 3x"},"classes":[]},{"id":69085,"url":"https:\/\/noticiasribeiraopreto.com.br\/index.php\/2025\/05\/02\/jornal-da-franca-sesi-franca-basquete-varre-o-pato-por-3-a-0-e-avanca-as-quartas-de-final-do-nbb\/","url_meta":{"origin":64749,"position":4},"title":"Jornal da Franca &#8211; Sesi Franca Basquete varre o Pato por 3 a 0 e avan\u00e7a \u00e0s quartas de final do NBB","author":"noticiasribeiraopreto.com.br","date":"2 de May de 2025","format":false,"excerpt":"compartilhar no whatsapp compartilhar no telegram compartilhar no facebook compartilhar no linkedin Time venceu o Pato Basquete por 3 a 0 na s\u00e9rie melhor de cinco e setembro classificou O Sesi Franca Basquete avan\u00e7ou \u00e0s quartas de final do NBB 2024\/2025 ap\u00f3s vencer o Pato Basquete de forma incontest\u00e1vel por\u2026","rel":"","context":"In &quot;Not\u00edcias de Franca-SP&quot;","block_context":{"text":"Not\u00edcias de Franca-SP","link":"https:\/\/noticiasribeiraopreto.com.br\/index.php\/category\/noticias-de-ribeirao-preto-sp-e-regiao-ismael-colosi\/noticias-franca-sp\/"},"img":{"alt_text":"","src":"https:\/\/i0.wp.com\/noticiasribeiraopreto.com.br\/wp-content\/uploads\/2025\/05\/IMG_20250502_043552.jpg?fit=1080%2C712&ssl=1&resize=350%2C200","width":350,"height":200,"srcset":"https:\/\/i0.wp.com\/noticiasribeiraopreto.com.br\/wp-content\/uploads\/2025\/05\/IMG_20250502_043552.jpg?fit=1080%2C712&ssl=1&resize=350%2C200 1x, https:\/\/i0.wp.com\/noticiasribeiraopreto.com.br\/wp-content\/uploads\/2025\/05\/IMG_20250502_043552.jpg?fit=1080%2C712&ssl=1&resize=525%2C300 1.5x, https:\/\/i0.wp.com\/noticiasribeiraopreto.com.br\/wp-content\/uploads\/2025\/05\/IMG_20250502_043552.jpg?fit=1080%2C712&ssl=1&resize=700%2C400 2x, https:\/\/i0.wp.com\/noticiasribeiraopreto.com.br\/wp-content\/uploads\/2025\/05\/IMG_20250502_043552.jpg?fit=1080%2C712&ssl=1&resize=1050%2C600 3x"},"classes":[]},{"id":66379,"url":"https:\/\/noticiasribeiraopreto.com.br\/index.php\/2025\/03\/31\/jornal-da-franca-sesi-franca-quer-nona-vitoria-consecutiva-pelo-nbb-nesta-noite-contra-o-caxias\/","url_meta":{"origin":64749,"position":5},"title":"Jornal da Franca &#8211; Sesi Franca quer nona vit\u00f3ria consecutiva pelo NBB nesta noite, contra o Caxias","author":"noticiasribeiraopreto.com.br","date":"31 de March de 2025","format":false,"excerpt":"compartilhar no whatsapp compartilhar no telegram compartilhar no facebook compartilhar no linkedin Time francano, terceiro colocado na tabela de classifica\u00e7\u00e3o, enfrenta o Caxias, que est\u00e1 em 15\u00ba\u00a0 O Sesi Franca Basquete recebe o Caxias \u00e0s 19h30 desta segunda-feira, 31 de mar\u00e7o, no gin\u00e1sio Pedroc\u00e3o, pelo segundo turno do NBB \u2013\u2026","rel":"","context":"In &quot;Not\u00edcias de Franca-SP&quot;","block_context":{"text":"Not\u00edcias de Franca-SP","link":"https:\/\/noticiasribeiraopreto.com.br\/index.php\/category\/noticias-de-ribeirao-preto-sp-e-regiao-ismael-colosi\/noticias-franca-sp\/"},"img":{"alt_text":"","src":"https:\/\/i0.wp.com\/noticiasribeiraopreto.com.br\/wp-content\/uploads\/2025\/03\/IMG-20250329-WA0001.jpg?fit=1040%2C694&ssl=1&resize=350%2C200","width":350,"height":200,"srcset":"https:\/\/i0.wp.com\/noticiasribeiraopreto.com.br\/wp-content\/uploads\/2025\/03\/IMG-20250329-WA0001.jpg?fit=1040%2C694&ssl=1&resize=350%2C200 1x, https:\/\/i0.wp.com\/noticiasribeiraopreto.com.br\/wp-content\/uploads\/2025\/03\/IMG-20250329-WA0001.jpg?fit=1040%2C694&ssl=1&resize=525%2C300 1.5x, https:\/\/i0.wp.com\/noticiasribeiraopreto.com.br\/wp-content\/uploads\/2025\/03\/IMG-20250329-WA0001.jpg?fit=1040%2C694&ssl=1&resize=700%2C400 2x"},"classes":[]}],"jetpack_sharing_enabled":true,"jetpack_shortlink":"https:\/\/wp.me\/peQAOb-gQl","_links":{"self":[{"href":"https:\/\/noticiasribeiraopreto.com.br\/index.php\/wp-json\/wp\/v2\/posts\/64749","targetHints":{"allow":["GET"]}}],"collection":[{"href":"https:\/\/noticiasribeiraopreto.com.br\/index.php\/wp-json\/wp\/v2\/posts"}],"about":[{"href":"https:\/\/noticiasribeiraopreto.com.br\/index.php\/wp-json\/wp\/v2\/types\/post"}],"author":[{"embeddable":true,"href":"https:\/\/noticiasribeiraopreto.com.br\/index.php\/wp-json\/wp\/v2\/users\/1"}],"replies":[{"embeddable":true,"href":"https:\/\/noticiasribeiraopreto.com.br\/index.php\/wp-json\/wp\/v2\/comments?post=64749"}],"version-history":[{"count":0,"href":"https:\/\/noticiasribeiraopreto.com.br\/index.php\/wp-json\/wp\/v2\/posts\/64749\/revisions"}],"wp:featuredmedia":[{"embeddable":true,"href":"https:\/\/noticiasribeiraopreto.com.br\/index.php\/wp-json\/wp\/v2\/media\/64750"}],"wp:attachment":[{"href":"https:\/\/noticiasribeiraopreto.com.br\/index.php\/wp-json\/wp\/v2\/media?parent=64749"}],"wp:term":[{"taxonomy":"category","embeddable":true,"href":"https:\/\/noticiasribeiraopreto.com.br\/index.php\/wp-json\/wp\/v2\/categories?post=64749"},{"taxonomy":"post_tag","embeddable":true,"href":"https:\/\/noticiasribeiraopreto.com.br\/index.php\/wp-json\/wp\/v2\/tags?post=64749"}],"curies":[{"name":"wp","href":"https:\/\/api.w.org\/{rel}","templated":true}]}}