{"id":64761,"date":"2025-03-12T08:23:38","date_gmt":"2025-03-12T11:23:38","guid":{"rendered":"https:\/\/noticiasribeiraopreto.com.br\/index.php\/2025\/03\/12\/nova-frente-fria-traz-chuva-e-queda-de-temperatura-para-o-estado-de-sp-veja-quando\/"},"modified":"2025-03-12T08:23:38","modified_gmt":"2025-03-12T11:23:38","slug":"nova-frente-fria-traz-chuva-e-queda-de-temperatura-para-o-estado-de-sp-veja-quando","status":"publish","type":"post","link":"https:\/\/noticiasribeiraopreto.com.br\/index.php\/2025\/03\/12\/nova-frente-fria-traz-chuva-e-queda-de-temperatura-para-o-estado-de-sp-veja-quando\/","title":{"rendered":"Nova frente fria traz chuva e queda de temperatura para o estado de SP; Veja quando"},"content":{"rendered":"<p> <br \/>\n<\/p>\n<div data-td-block-uid=\"tdi_95\">\n<div class=\"tdb-block-inner td-fix-index\">\n<p><strong>Uma nova frente fria dever\u00e1 trazer pancadas de chuva e provocar a queda da temperatura em grande parte do estado de S\u00e3o Paulo nos pr\u00f3ximos dias.<\/strong><\/p>\n<p>Segundo a <a href=\"https:\/\/www.tempo.com\/\">Meteored<\/a>, entre o s\u00e1bado (15) e o domingo (16), a <strong>frente fria <\/strong>ser\u00e1 impulsionada por um <strong>ciclone <\/strong>e ir\u00e1 reorganizar o tempo sobre a <strong>regi\u00e3o Sudeste<\/strong>.<\/p>\n<p>O estado de S\u00e3o Paulo ser\u00e1 um dos mais afetados e tem previs\u00e3o de pancadas de chuva em praticamente todos os munic\u00edpios durante o fim de semana, conforme a meteorologia.<\/p>\n<p>\u201cNa quinta-feira (13), uma regi\u00e3o de baixa press\u00e3o vai come\u00e7ar a se aprofundar na altura do Rio Grande do Sul e do Uruguai, se transformando em um ciclone extratropical j\u00e1 entre a noite de quinta e a madrugada de sexta-feira [dia 14]. O sistema vai impulsionar uma frente fria em dire\u00e7\u00e3o Norte, avan\u00e7ando mais que a anterior\u201d, explica a Meteored.<\/p>\n<h2 class=\"wp-block-heading\"><strong>Temperaturas<\/strong><\/h2>\n<p>Uma massa de ar frio tamb\u00e9m dever\u00e1 avan\u00e7ar e provocar queda amena das temperaturas em parte do estado de S\u00e3o Paulo.<\/p>\n<p>Na Capital, por exemplo, a m\u00e1xima deve cair de 30\u00b0C nesta quinta-feira (11) para 22\u00b0C no domingo.<\/p>\n<p>J\u00e1 o Norte do estado paulista deve seguir sem o al\u00edvio para o calor intenso, com as m\u00e1ximas ainda elevadas. <\/p>\n<p>Em Ribeir\u00e3o Preto, a temperatura pode atingir entre 33\u00b0C e 35\u00b0C nos pr\u00f3ximos dias. H\u00e1 previs\u00e3o de queda somente na quinta-feira (20), com m\u00e1xima prevista de apenas 24\u00b0C na cidade. <\/p>\n<p>SAIBA MAIS<\/p>\n<p>Inmet publica alerta para chuva de 50 mm e ventos fortes no estado de SP<\/p>\n<h3 class=\"wp-block-heading\"><strong>FIQUE ON<\/strong><\/h3>\n<p>Fique ligado em tudo que acontece em Ribeir\u00e3o Preto e regi\u00e3o. Siga os perfis do<strong>\u00a0acidade on<\/strong>\u00a0no\u00a0<a href=\"https:\/\/www.instagram.com\/acidadeonribeirao\">Instagram<\/a>\u00a0e no\u00a0<a href=\"https:\/\/www.facebook.com\/acidadeonribeirao\/\">Facebook<\/a>.<\/p>\n<p>Receba not\u00edcias do<strong>\u00a0acidade on\u00a0<\/strong>no WhatsApp.\u00a0<a href=\"https:\/\/chat.whatsapp.com\/BjKQZ9oJwlz8VVT50NuePq\">Para entrar no grupo, basta clicar aqui.<\/a><\/p>\n<p>Fa\u00e7a uma den\u00fancia ou sugira uma reportagem sobre Ribeir\u00e3o Preto e regi\u00e3o pelo WhatsApp: 16 99117 7802.<\/p>\n<p>VEJA TAMB\u00c9M\u200b<\/p>\n<p>Como fazer reembolso da Voepass?<\/p>\n<p><!-- CONTENT END 2 -->\n<\/div>\n<\/div>\n<p><script async src=\"\/\/www.instagram.com\/embed.js\"><\/script><br \/>\n<br \/><br \/>\n<br \/><a href=\"https:\/\/www.acidadeon.com\/ribeiraopreto\/cotidiano\/nova-frente-fria-traz-chuva-e-queda-de-temperatura-para-o-estado-de-sp-veja-quando\/\">Source link <\/a><\/p>\n","protected":false},"excerpt":{"rendered":"<p>Uma nova frente fria dever\u00e1 trazer pancadas de chuva e provocar a queda da temperatura em grande parte do estado de S\u00e3o Paulo nos pr\u00f3ximos&#8230;<\/p>\n","protected":false},"author":1,"featured_media":57056,"comment_status":"open","ping_status":"open","sticky":false,"template":"","format":"standard","meta":{"advanced_seo_description":"","jetpack_seo_html_title":"","jetpack_seo_noindex":false,"jetpack_post_was_ever_published":false,"_jetpack_newsletter_access":"","_jetpack_dont_email_post_to_subs":false,"_jetpack_newsletter_tier_id":0,"_jetpack_memberships_contains_paywalled_content":false,"_jetpack_memberships_contains_paid_content":false,"footnotes":"","jetpack_publicize_message":"","jetpack_publicize_feature_enabled":true,"jetpack_social_post_already_shared":true,"jetpack_social_options":{"image_generator_settings":{"template":"highway","default_image_id":0,"font":"","enabled":false},"version":2}},"categories":[11],"tags":[],"class_list":["post-64761","post","type-post","status-publish","format-standard","has-post-thumbnail","hentry","category-noticias-de-ribeirao-preto-sp-e-regiao-ismael-colosi"],"jetpack_publicize_connections":[],"jetpack_featured_media_url":"https:\/\/i0.wp.com\/noticiasribeiraopreto.com.br\/wp-content\/uploads\/2024\/08\/WhatsApp-Image-2024-07-13-at-19.42.17_2024-07-13_22-42-51_jpeg_2024-07-13_22-42-51.webp.webp?fit=1600%2C737&ssl=1","jetpack-related-posts":[{"id":84213,"url":"https:\/\/noticiasribeiraopreto.com.br\/index.php\/2026\/04\/04\/ciclone-extratropical-e-frente-fria-trazem-chuva-forte-a-sp-nos-proximos-dias\/","url_meta":{"origin":64761,"position":0},"title":"Ciclone extratropical e frente fria trazem chuva forte a SP nos pr\u00f3ximos dias","author":"noticiasribeiraopreto.com.br","date":"4 de April de 2026","format":false,"excerpt":"Ler o resumo da not\u00edcia Ciclone extratropical e frente fria trazem chuva forte a SP nos pr\u00f3ximos dias A partir da pr\u00f3xima segunda-feira (6), um novo ciclone extratropical e uma frente fria v\u00e3o se organizar entre o Brasil, o Uruguai, a Argentina e o Paraguai, segundo a Climatempo. Com isso,\u2026","rel":"","context":"In &quot;Not\u00edcias de Ribeir\u00e3o Preto-SP e Regi\u00e3o&quot;","block_context":{"text":"Not\u00edcias de Ribeir\u00e3o Preto-SP e Regi\u00e3o","link":"https:\/\/noticiasribeiraopreto.com.br\/index.php\/category\/noticias-de-ribeirao-preto-sp-e-regiao-ismael-colosi\/"},"img":{"alt_text":"","src":"https:\/\/i0.wp.com\/noticiasribeiraopreto.com.br\/wp-content\/uploads\/2026\/04\/nuvens-chuva-ribeirao-preto_2026-02-12_12-20-30.webp.webp?fit=1200%2C540&ssl=1&resize=350%2C200","width":350,"height":200,"srcset":"https:\/\/i0.wp.com\/noticiasribeiraopreto.com.br\/wp-content\/uploads\/2026\/04\/nuvens-chuva-ribeirao-preto_2026-02-12_12-20-30.webp.webp?fit=1200%2C540&ssl=1&resize=350%2C200 1x, https:\/\/i0.wp.com\/noticiasribeiraopreto.com.br\/wp-content\/uploads\/2026\/04\/nuvens-chuva-ribeirao-preto_2026-02-12_12-20-30.webp.webp?fit=1200%2C540&ssl=1&resize=525%2C300 1.5x, https:\/\/i0.wp.com\/noticiasribeiraopreto.com.br\/wp-content\/uploads\/2026\/04\/nuvens-chuva-ribeirao-preto_2026-02-12_12-20-30.webp.webp?fit=1200%2C540&ssl=1&resize=700%2C400 2x, https:\/\/i0.wp.com\/noticiasribeiraopreto.com.br\/wp-content\/uploads\/2026\/04\/nuvens-chuva-ribeirao-preto_2026-02-12_12-20-30.webp.webp?fit=1200%2C540&ssl=1&resize=1050%2C600 3x"},"classes":[]},{"id":49858,"url":"https:\/\/noticiasribeiraopreto.com.br\/index.php\/2024\/05\/13\/ciclone-extratropical-e-nova-frente-fria-veja-onde-pode-chover-no-interior-de-sp\/","url_meta":{"origin":64761,"position":1},"title":"Ciclone extratropical e nova frente fria: Veja onde pode chover no interior de SP","author":"noticiasribeiraopreto.com.br","date":"13 de May de 2024","format":false,"excerpt":"Uma nova frente fria come\u00e7ou se formar no Sul do Brasil, nesta segunda-feira (13), e deve aliviar o calor\u00e3o que atinge o estado de S\u00e3o Paulo desde o m\u00eas de abril, segundo a meteorologia. A chegada dessa frente fria tem influ\u00eancia de um ciclone extratropical em alto mar que provoca\u2026","rel":"","context":"In &quot;Not\u00edcias de Ribeir\u00e3o Preto-SP e Regi\u00e3o&quot;","block_context":{"text":"Not\u00edcias de Ribeir\u00e3o Preto-SP e Regi\u00e3o","link":"https:\/\/noticiasribeiraopreto.com.br\/index.php\/category\/noticias-de-ribeirao-preto-sp-e-regiao-ismael-colosi\/"},"img":{"alt_text":"","src":"https:\/\/i0.wp.com\/noticiasribeiraopreto.com.br\/wp-content\/uploads\/2024\/05\/chuva_forte_1024x576_06122019161537.jpg?fit=1024%2C575&ssl=1&resize=350%2C200","width":350,"height":200,"srcset":"https:\/\/i0.wp.com\/noticiasribeiraopreto.com.br\/wp-content\/uploads\/2024\/05\/chuva_forte_1024x576_06122019161537.jpg?fit=1024%2C575&ssl=1&resize=350%2C200 1x, https:\/\/i0.wp.com\/noticiasribeiraopreto.com.br\/wp-content\/uploads\/2024\/05\/chuva_forte_1024x576_06122019161537.jpg?fit=1024%2C575&ssl=1&resize=525%2C300 1.5x, https:\/\/i0.wp.com\/noticiasribeiraopreto.com.br\/wp-content\/uploads\/2024\/05\/chuva_forte_1024x576_06122019161537.jpg?fit=1024%2C575&ssl=1&resize=700%2C400 2x"},"classes":[]},{"id":63471,"url":"https:\/\/noticiasribeiraopreto.com.br\/index.php\/2025\/02\/14\/frente-fria-deixa-interior-sp-em-alerta-para-chuva-forte-veja-cidades\/","url_meta":{"origin":64761,"position":2},"title":"Frente fria deixa interior SP em alerta para chuva forte; Veja cidades","author":"noticiasribeiraopreto.com.br","date":"14 de February de 2025","format":false,"excerpt":"A sexta-feira (14) ser\u00e1 mais um dia de aten\u00e7\u00e3o para o risco de chuva forte em regi\u00f5es do interior de S\u00e3o Paulo. Al\u00e9m do calor, uma frente fria que vem do Sul estar\u00e1 passando em alto-mar, na costa paulista. A passagem desta frente fria deve provocar uma mudan\u00e7a na circula\u00e7\u00e3o\u2026","rel":"","context":"In &quot;Not\u00edcias de Ribeir\u00e3o Preto-SP e Regi\u00e3o&quot;","block_context":{"text":"Not\u00edcias de Ribeir\u00e3o Preto-SP e Regi\u00e3o","link":"https:\/\/noticiasribeiraopreto.com.br\/index.php\/category\/noticias-de-ribeirao-preto-sp-e-regiao-ismael-colosi\/"},"img":{"alt_text":"","src":"https:\/\/i0.wp.com\/noticiasribeiraopreto.com.br\/wp-content\/uploads\/2024\/08\/WhatsApp-Image-2024-07-13-at-19.42.17_2024-07-13_22-42-51_jpeg_2024-07-13_22-42-51.webp.webp?fit=1200%2C553&ssl=1&resize=350%2C200","width":350,"height":200,"srcset":"https:\/\/i0.wp.com\/noticiasribeiraopreto.com.br\/wp-content\/uploads\/2024\/08\/WhatsApp-Image-2024-07-13-at-19.42.17_2024-07-13_22-42-51_jpeg_2024-07-13_22-42-51.webp.webp?fit=1200%2C553&ssl=1&resize=350%2C200 1x, https:\/\/i0.wp.com\/noticiasribeiraopreto.com.br\/wp-content\/uploads\/2024\/08\/WhatsApp-Image-2024-07-13-at-19.42.17_2024-07-13_22-42-51_jpeg_2024-07-13_22-42-51.webp.webp?fit=1200%2C553&ssl=1&resize=525%2C300 1.5x, https:\/\/i0.wp.com\/noticiasribeiraopreto.com.br\/wp-content\/uploads\/2024\/08\/WhatsApp-Image-2024-07-13-at-19.42.17_2024-07-13_22-42-51_jpeg_2024-07-13_22-42-51.webp.webp?fit=1200%2C553&ssl=1&resize=700%2C400 2x, https:\/\/i0.wp.com\/noticiasribeiraopreto.com.br\/wp-content\/uploads\/2024\/08\/WhatsApp-Image-2024-07-13-at-19.42.17_2024-07-13_22-42-51_jpeg_2024-07-13_22-42-51.webp.webp?fit=1200%2C553&ssl=1&resize=1050%2C600 3x"},"classes":[]},{"id":59394,"url":"https:\/\/noticiasribeiraopreto.com.br\/index.php\/2024\/10\/23\/frente-fria-aumenta-risco-de-temporais-no-estado-de-sp-veja-previsao\/","url_meta":{"origin":64761,"position":3},"title":"Frente fria aumenta risco de temporais no estado de SP; Veja previs\u00e3o","author":"noticiasribeiraopreto.com.br","date":"23 de October de 2024","format":false,"excerpt":"O risco de temporais aumenta nesta quarta-feira (23), no estado de S\u00e3o Paulo. Segundo a Climatempo, h\u00e1 alerta para as regi\u00f5es Centro-Sul e Leste do estado. J\u00e1 nas regi\u00f5es do Centro-Norte, Noroeste e Oeste podem ocorrer pancadas fortes com raios e ventos entre 51 km\/h a 70 km\/h. \u201cA passagem\u2026","rel":"","context":"In &quot;Not\u00edcias de Ribeir\u00e3o Preto-SP e Regi\u00e3o&quot;","block_context":{"text":"Not\u00edcias de Ribeir\u00e3o Preto-SP e Regi\u00e3o","link":"https:\/\/noticiasribeiraopreto.com.br\/index.php\/category\/noticias-de-ribeirao-preto-sp-e-regiao-ismael-colosi\/"},"img":{"alt_text":"","src":"https:\/\/i0.wp.com\/noticiasribeiraopreto.com.br\/wp-content\/uploads\/2024\/10\/RIBEIRAO-PRETO_2024-07-29_16-25-16_jpg_2024-07-29_16-25-17.webp.webp?fit=1200%2C679&ssl=1&resize=350%2C200","width":350,"height":200,"srcset":"https:\/\/i0.wp.com\/noticiasribeiraopreto.com.br\/wp-content\/uploads\/2024\/10\/RIBEIRAO-PRETO_2024-07-29_16-25-16_jpg_2024-07-29_16-25-17.webp.webp?fit=1200%2C679&ssl=1&resize=350%2C200 1x, https:\/\/i0.wp.com\/noticiasribeiraopreto.com.br\/wp-content\/uploads\/2024\/10\/RIBEIRAO-PRETO_2024-07-29_16-25-16_jpg_2024-07-29_16-25-17.webp.webp?fit=1200%2C679&ssl=1&resize=525%2C300 1.5x, https:\/\/i0.wp.com\/noticiasribeiraopreto.com.br\/wp-content\/uploads\/2024\/10\/RIBEIRAO-PRETO_2024-07-29_16-25-16_jpg_2024-07-29_16-25-17.webp.webp?fit=1200%2C679&ssl=1&resize=700%2C400 2x, https:\/\/i0.wp.com\/noticiasribeiraopreto.com.br\/wp-content\/uploads\/2024\/10\/RIBEIRAO-PRETO_2024-07-29_16-25-16_jpg_2024-07-29_16-25-17.webp.webp?fit=1200%2C679&ssl=1&resize=1050%2C600 3x"},"classes":[]},{"id":81541,"url":"https:\/\/noticiasribeiraopreto.com.br\/index.php\/2026\/01\/09\/ciclone-extratropical-se-forma-e-frente-fria-muda-o-tempo-em-sp-saiba-quando\/","url_meta":{"origin":64761,"position":4},"title":"Ciclone extratropical se forma e frente fria muda o tempo em SP; Saiba quando","author":"noticiasribeiraopreto.com.br","date":"9 de January de 2026","format":false,"excerpt":"Um ciclone extratropical se organiza entre o Uruguai e o Sul do Brasil neste fim de semana, e uma nova frente fria, associada a esse sistema, vai aumentar as condi\u00e7\u00f5es para chuva no estado de S\u00e3o Paulo \u2013 saiba mais abaixo. Conforme a Climatempo, a \u00e1rea de baixa press\u00e3o que\u2026","rel":"","context":"In &quot;Not\u00edcias de Ribeir\u00e3o Preto-SP e Regi\u00e3o&quot;","block_context":{"text":"Not\u00edcias de Ribeir\u00e3o Preto-SP e Regi\u00e3o","link":"https:\/\/noticiasribeiraopreto.com.br\/index.php\/category\/noticias-de-ribeirao-preto-sp-e-regiao-ismael-colosi\/"},"img":{"alt_text":"","src":"https:\/\/i0.wp.com\/noticiasribeiraopreto.com.br\/wp-content\/uploads\/2026\/01\/Copia-de-Copia-de-Copia-de-TAMANHO-EXATO-PARA-FOTOS-NO-SISTEMA-NOVO-40_2024-10-24_18-16-41_png_2024-10-24_18-16-41.webp.webp?fit=1200%2C675&ssl=1&resize=350%2C200","width":350,"height":200,"srcset":"https:\/\/i0.wp.com\/noticiasribeiraopreto.com.br\/wp-content\/uploads\/2026\/01\/Copia-de-Copia-de-Copia-de-TAMANHO-EXATO-PARA-FOTOS-NO-SISTEMA-NOVO-40_2024-10-24_18-16-41_png_2024-10-24_18-16-41.webp.webp?fit=1200%2C675&ssl=1&resize=350%2C200 1x, https:\/\/i0.wp.com\/noticiasribeiraopreto.com.br\/wp-content\/uploads\/2026\/01\/Copia-de-Copia-de-Copia-de-TAMANHO-EXATO-PARA-FOTOS-NO-SISTEMA-NOVO-40_2024-10-24_18-16-41_png_2024-10-24_18-16-41.webp.webp?fit=1200%2C675&ssl=1&resize=525%2C300 1.5x, https:\/\/i0.wp.com\/noticiasribeiraopreto.com.br\/wp-content\/uploads\/2026\/01\/Copia-de-Copia-de-Copia-de-TAMANHO-EXATO-PARA-FOTOS-NO-SISTEMA-NOVO-40_2024-10-24_18-16-41_png_2024-10-24_18-16-41.webp.webp?fit=1200%2C675&ssl=1&resize=700%2C400 2x, https:\/\/i0.wp.com\/noticiasribeiraopreto.com.br\/wp-content\/uploads\/2026\/01\/Copia-de-Copia-de-Copia-de-TAMANHO-EXATO-PARA-FOTOS-NO-SISTEMA-NOVO-40_2024-10-24_18-16-41_png_2024-10-24_18-16-41.webp.webp?fit=1200%2C675&ssl=1&resize=1050%2C600 3x"},"classes":[]},{"id":60978,"url":"https:\/\/noticiasribeiraopreto.com.br\/index.php\/2024\/11\/30\/veja-quando-chega-ao-estado-de-sp-a-primeira-frente-fria-de-dezembro\/","url_meta":{"origin":64761,"position":5},"title":"Veja quando chega ao estado de SP a primeira frente fria de dezembro","author":"noticiasribeiraopreto.com.br","date":"30 de November de 2024","format":false,"excerpt":"A primeira frente fria de dezembro deve chegar ao Estado de S\u00e3o Paulo at\u00e9 o final da pr\u00f3xima semana, que come\u00e7a neste domingo (1\u00b0). Segundo a Climatempo, a expectativa \u00e9 de que dezembro tenha 4 ou 5 frentes frias. \u201cA primeira frente fria de dezembro de 2024 surge a partir\u2026","rel":"","context":"In &quot;Not\u00edcias de Ribeir\u00e3o Preto-SP e Regi\u00e3o&quot;","block_context":{"text":"Not\u00edcias de Ribeir\u00e3o Preto-SP e Regi\u00e3o","link":"https:\/\/noticiasribeiraopreto.com.br\/index.php\/category\/noticias-de-ribeirao-preto-sp-e-regiao-ismael-colosi\/"},"img":{"alt_text":"","src":"https:\/\/i0.wp.com\/noticiasribeiraopreto.com.br\/wp-content\/uploads\/2024\/11\/Tempo-ribeirao-preto-4_2024-11-30_18-54-05_jpeg_2024-11-30_18-54-05.webp.webp?fit=1200%2C900&ssl=1&resize=350%2C200","width":350,"height":200,"srcset":"https:\/\/i0.wp.com\/noticiasribeiraopreto.com.br\/wp-content\/uploads\/2024\/11\/Tempo-ribeirao-preto-4_2024-11-30_18-54-05_jpeg_2024-11-30_18-54-05.webp.webp?fit=1200%2C900&ssl=1&resize=350%2C200 1x, https:\/\/i0.wp.com\/noticiasribeiraopreto.com.br\/wp-content\/uploads\/2024\/11\/Tempo-ribeirao-preto-4_2024-11-30_18-54-05_jpeg_2024-11-30_18-54-05.webp.webp?fit=1200%2C900&ssl=1&resize=525%2C300 1.5x, https:\/\/i0.wp.com\/noticiasribeiraopreto.com.br\/wp-content\/uploads\/2024\/11\/Tempo-ribeirao-preto-4_2024-11-30_18-54-05_jpeg_2024-11-30_18-54-05.webp.webp?fit=1200%2C900&ssl=1&resize=700%2C400 2x, https:\/\/i0.wp.com\/noticiasribeiraopreto.com.br\/wp-content\/uploads\/2024\/11\/Tempo-ribeirao-preto-4_2024-11-30_18-54-05_jpeg_2024-11-30_18-54-05.webp.webp?fit=1200%2C900&ssl=1&resize=1050%2C600 3x"},"classes":[]}],"jetpack_sharing_enabled":true,"jetpack_shortlink":"https:\/\/wp.me\/peQAOb-gQx","_links":{"self":[{"href":"https:\/\/noticiasribeiraopreto.com.br\/index.php\/wp-json\/wp\/v2\/posts\/64761","targetHints":{"allow":["GET"]}}],"collection":[{"href":"https:\/\/noticiasribeiraopreto.com.br\/index.php\/wp-json\/wp\/v2\/posts"}],"about":[{"href":"https:\/\/noticiasribeiraopreto.com.br\/index.php\/wp-json\/wp\/v2\/types\/post"}],"author":[{"embeddable":true,"href":"https:\/\/noticiasribeiraopreto.com.br\/index.php\/wp-json\/wp\/v2\/users\/1"}],"replies":[{"embeddable":true,"href":"https:\/\/noticiasribeiraopreto.com.br\/index.php\/wp-json\/wp\/v2\/comments?post=64761"}],"version-history":[{"count":0,"href":"https:\/\/noticiasribeiraopreto.com.br\/index.php\/wp-json\/wp\/v2\/posts\/64761\/revisions"}],"wp:featuredmedia":[{"embeddable":true,"href":"https:\/\/noticiasribeiraopreto.com.br\/index.php\/wp-json\/wp\/v2\/media\/57056"}],"wp:attachment":[{"href":"https:\/\/noticiasribeiraopreto.com.br\/index.php\/wp-json\/wp\/v2\/media?parent=64761"}],"wp:term":[{"taxonomy":"category","embeddable":true,"href":"https:\/\/noticiasribeiraopreto.com.br\/index.php\/wp-json\/wp\/v2\/categories?post=64761"},{"taxonomy":"post_tag","embeddable":true,"href":"https:\/\/noticiasribeiraopreto.com.br\/index.php\/wp-json\/wp\/v2\/tags?post=64761"}],"curies":[{"name":"wp","href":"https:\/\/api.w.org\/{rel}","templated":true}]}}